{"id":338,"date":"2011-12-07T16:48:48","date_gmt":"2011-12-07T15:48:48","guid":{"rendered":"http:\/\/lafilledecorinthe.com\/wordpress\/?p=338"},"modified":"2011-12-09T12:45:13","modified_gmt":"2011-12-09T11:45:13","slug":"salon-du-livre-et-de-la-presse-jeunesse","status":"publish","type":"post","link":"https:\/\/lafilledecorinthe.com\/wordpress\/2011\/12\/salon-du-livre-et-de-la-presse-jeunesse\/","title":{"rendered":"Salon du livre et de la presse jeunesse"},"content":{"rendered":"<figure id=\"attachment_339\" aria-describedby=\"caption-attachment-339\" style=\"width: 4000px\" class=\"wp-caption alignleft\"><a href=\"https:\/\/lafilledecorinthe.com\/wordpress\/wp-content\/uploads\/2011\/12\/P1040105.jpg\"><img loading=\"lazy\" decoding=\"async\" class=\"size-full wp-image-339  \" title=\"Montreuil\" src=\"https:\/\/lafilledecorinthe.com\/wordpress\/wp-content\/uploads\/2011\/12\/P1040105.jpg\" alt=\"\" width=\"4000\" height=\"3000\" srcset=\"https:\/\/lafilledecorinthe.com\/wordpress\/wp-content\/uploads\/2011\/12\/P1040105.jpg 4000w, https:\/\/lafilledecorinthe.com\/wordpress\/wp-content\/uploads\/2011\/12\/P1040105-680x510.jpg 680w, https:\/\/lafilledecorinthe.com\/wordpress\/wp-content\/uploads\/2011\/12\/P1040105-1280x960.jpg 1280w, https:\/\/lafilledecorinthe.com\/wordpress\/wp-content\/uploads\/2011\/12\/P1040105-400x300.jpg 400w\" sizes=\"auto, (max-width: 4000px) 100vw, 4000px\" \/><\/a><figcaption id=\"caption-attachment-339\" class=\"wp-caption-text\">Graffiti sur le mur en face du salon du livre et de la presse jeunesse Montreuil<\/figcaption><\/figure>\n<p style=\"text-align: left;\">Journ\u00e9e professionnelle au salon de Montreuil, rendez-vous incontournable pour l&rsquo;amoureuse de l&rsquo;image que je suis ! Comme d&rsquo;habitude, le plus dur est de choisir ! \u00a0 L&rsquo;offre est, une fois de plus, tr\u00e8s riche ; \u00e9diteurs, conf\u00e9rences, expositions, rencontres, signatures&#8230; \u00a0Il est facile d&rsquo;avoir la t\u00eate qui tourne, d&rsquo;autant que je ne suis pas la seule \u00e0 aimer la litt\u00e9rature jeunesse et que la temp\u00e9rature monte, monte au fil de la journ\u00e9e !<\/p>\n<p style=\"text-align: left;\">Voil\u00e0 ma petite s\u00e9lection, le plaisir comme unique crit\u00e8re de choix !<\/p>\n<p style=\"text-align: left;\"><strong>Stand G29<\/strong> : Soleil Productions\u00a0 \u00a0 \u00a0 \u00a0 \u00a0 \u00a0 \u00a0 \u00a0 \u00a0 \u00a0 \u00a0 \u00a0 \u00a0 \u00a0 \u00a0 \u00a0 \u00a0 \u00a0 \u00a0 \u00a0 \u00a0 \u00a0 \u00a0 \u00a0 \u00a0 \u00a0 \u00a0 \u00a0 \u00a0 \u00a0 \u00a0 \u00a0 \u00a0 \u00a0 \u00a0 \u00a0 \u00a0 \u00a0 \u00a0 \u00a0 \u00a0 \u00a0 \u00a0 \u00a0 \u00a0 \u00a0 \u00a0 \u00a0 Mes yeux s&rsquo;attardent sur la couverture d&rsquo;une Bande Dessin\u00e9e \u00a0\u00bb La marche des crabes\u00a0\u00bb. \u00a0 \u00a0 Y a-t -il un lien avec le court m\u00e9trage \u00a0\u00bb La r\u00e9volution des crabes\u00a0\u00bb d\u00e9couvert en 2005 au festival du court m\u00e9trage d&rsquo;humour de Meudon ? La charmante h\u00f4tesse me le confirme et me conte avec un plaisir partag\u00e9 l&rsquo;histoire d&rsquo;Arthur et de ses 300 grosses pages qu&rsquo;aucun \u00e9diteur ne voulait prendre. Lass\u00e9, il d\u00e9cide d&rsquo;en faire un court m\u00e9trage qui a connu un succ\u00e8s ph\u00e9nom\u00e9nal sur YouTube et dans de nombreux festivals. Son retour vers les \u00e9diteurs a \u00e9t\u00e9 quelque peu facilit\u00e9, trois tomes sont sortis aux \u00e9ditions Soleil. Il ne reste sur le stand que le tome 2 que je feuillette avec plaisir&#8230;<\/p>\n<figure id=\"attachment_341\" aria-describedby=\"caption-attachment-341\" style=\"width: 680px\" class=\"wp-caption aligncenter\"><a href=\"https:\/\/lafilledecorinthe.com\/wordpress\/wp-content\/uploads\/2011\/12\/lamarcheducrabe_bd_preview04.jpg\"><img loading=\"lazy\" decoding=\"async\" class=\"size-medium wp-image-341\" title=\"lamarcheducrabe_bd_preview04\" src=\"https:\/\/lafilledecorinthe.com\/wordpress\/wp-content\/uploads\/2011\/12\/lamarcheducrabe_bd_preview04-680x479.jpg\" alt=\"\" width=\"680\" height=\"479\" srcset=\"https:\/\/lafilledecorinthe.com\/wordpress\/wp-content\/uploads\/2011\/12\/lamarcheducrabe_bd_preview04-680x479.jpg 680w, https:\/\/lafilledecorinthe.com\/wordpress\/wp-content\/uploads\/2011\/12\/lamarcheducrabe_bd_preview04-1280x902.jpg 1280w, https:\/\/lafilledecorinthe.com\/wordpress\/wp-content\/uploads\/2011\/12\/lamarcheducrabe_bd_preview04-425x300.jpg 425w, https:\/\/lafilledecorinthe.com\/wordpress\/wp-content\/uploads\/2011\/12\/lamarcheducrabe_bd_preview04.jpg 1400w\" sizes=\"auto, (max-width: 680px) 100vw, 680px\" \/><\/a><figcaption id=\"caption-attachment-341\" class=\"wp-caption-text\">BD &quot;La marche du Crabe&quot; Arthur de Pins<\/figcaption><\/figure>\n<p style=\"text-align: left;\">J&rsquo;apprends sur le net que l&rsquo;aventure ne s&rsquo;arr\u00eate pas l\u00e0 ! Arthur de Pins est en train de r\u00e9aliser un long m\u00e9trage adapt\u00e9 de sa BD, le film a d\u00e9j\u00e0 son site sur lequel vous pourrez visionner son court m\u00e9trage. La boucle est-elle boucl\u00e9e ? \u00a0 \u00a0 \u00a0 \u00a0 <a href=\"http:\/\/www.lamarcheducrabe-lefilm.com\/\">http:\/\/www.lamarcheducrabe-lefilm.com\/<\/a><\/p>\n<p style=\"text-align: left;\"><strong>P\u00f4le cin\u00e9ma d&rsquo;animation : <\/strong>\u00ab\u00a0L\u00e9o Lionni : des livres aux films\u00a0\u00bb \u00a0 \u00a0 \u00a0 \u00a0 \u00a0 \u00a0 \u00a0 \u00a0 \u00a0 \u00a0 \u00a0 \u00a0 \u00a0 \u00a0 \u00a0 \u00a0 \u00a0 \u00a0 \u00a0 \u00a0 \u00a0 \u00a0 Le salon de Montreuil ne se contente pas d&rsquo;accompagner les derni\u00e8res parutions des \u00e9diteurs, il soutient aussi l&rsquo;offre patrimoniale. \u00a0 \u00a0 \u00a0 \u00a0 \u00a0 \u00a0 \u00a0 \u00a0 \u00a0 \u00a0 \u00a0 \u00a0 \u00a0 \u00a0 \u00a0 \u00a0 \u00a0 \u00a0 \u00a0 \u00a0 \u00a0 \u00a0 \u00a0 \u00a0 \u00a0 \u00a0 \u00a0 \u00a0 \u00a0 \u00a0 \u00a0 \u00a0 \u00a0 \u00a0 \u00a0L\u00e9o Lionni est un grand auteur de la litt\u00e9rature jeunesse, il jongle avec les mots et les images pour nous raconter des histoires tr\u00e8s simples mais \u00e0 l&rsquo;impact \u00e9motionnel percutant. C&rsquo;est \u00ab\u00a0Fr\u00e9d\u00e9ric\u00a0\u00bb mon pr\u00e9f\u00e9r\u00e9, h\u00e9ros qui regarde le temps pass\u00e9, qui privil\u00e9gie \u00ab\u00a0l&rsquo;\u00eatre\u00a0\u00bb \u00e0 \u00ab\u00a0l&rsquo;avoir\u00a0\u00bb, qui fait chanter les mots et provoque l&rsquo;imagination. Je craque toujours \u00e0 la fin de l&rsquo;album quand Fr\u00e9d\u00e9ric rougit \u00a0d&rsquo;\u00e9motion aux compliments des autres petits mulots.<\/p>\n<figure id=\"attachment_345\" aria-describedby=\"caption-attachment-345\" style=\"width: 211px\" class=\"wp-caption aligncenter\"><a href=\"https:\/\/lafilledecorinthe.com\/wordpress\/wp-content\/uploads\/2011\/12\/9782211065894FS.gif\"><img loading=\"lazy\" decoding=\"async\" class=\"size-full wp-image-345 \" title=\"9782211065894FS\" src=\"https:\/\/lafilledecorinthe.com\/wordpress\/wp-content\/uploads\/2011\/12\/9782211065894FS.gif\" alt=\"\" width=\"211\" height=\"285\" srcset=\"https:\/\/lafilledecorinthe.com\/wordpress\/wp-content\/uploads\/2011\/12\/9782211065894FS.gif 352w, https:\/\/lafilledecorinthe.com\/wordpress\/wp-content\/uploads\/2011\/12\/9782211065894FS-222x300.gif 222w\" sizes=\"auto, (max-width: 211px) 100vw, 211px\" \/><\/a><figcaption id=\"caption-attachment-345\" class=\"wp-caption-text\">Fr\u00e9d\u00e9ric Leo Lionni L&#39;\u00e9cole des loisirs<\/figcaption><\/figure>\n<p style=\"text-align: left;\">Et bien voici que Fr\u00e9d\u00e9ric s&rsquo;anime ! Gr\u00e2ce \u00e0 l&rsquo;association Cin\u00e9mas 93 et \u00e0 \u00ab\u00a0l&rsquo;\u00e9cole des loisirs\u00a0\u00bb, cinq courts m\u00e9trages r\u00e9alis\u00e9s dans les ann\u00e9es 80 par L\u00e9o Lionni nous sont pr\u00e9sent\u00e9s. Malgr\u00e9 des conditions de projection qui ne sont pas id\u00e9ales, le charme op\u00e8re !<\/p>\n<p style=\"text-align: left;\"><span class=\"Apple-style-span\" style=\"font-family: Georgia, 'Bitstream Charter', serif;\">L\u00e9o Lionni sera \u00e0 l&rsquo;honneur dans la prochaine \u00e9dition du festival \u00ab\u00a0Cin\u00e9 Junior\u00a0\u00bb dans le Val-de-Marne du 1er au 14 f\u00e9vrier 2012. Un cin\u00e9-concert et \u00a038 planches originales ayant servi \u00e0 la r\u00e9alisation des films d&rsquo;animation seront pr\u00e9sent\u00e9s, \u00e0 vos agendas !<\/span><\/p>\n<figure id=\"attachment_355\" aria-describedby=\"caption-attachment-355\" style=\"width: 272px\" class=\"wp-caption aligncenter\"><a href=\"https:\/\/lafilledecorinthe.com\/wordpress\/wp-content\/uploads\/2011\/12\/Cinejunior2012_visuelOK.png\"><img loading=\"lazy\" decoding=\"async\" class=\"size-medium wp-image-355 \" title=\"Cinejunior2012_visuelOK\" src=\"https:\/\/lafilledecorinthe.com\/wordpress\/wp-content\/uploads\/2011\/12\/Cinejunior2012_visuelOK-453x680.png\" alt=\"\" width=\"272\" height=\"408\" srcset=\"https:\/\/lafilledecorinthe.com\/wordpress\/wp-content\/uploads\/2011\/12\/Cinejunior2012_visuelOK-453x680.png 453w, https:\/\/lafilledecorinthe.com\/wordpress\/wp-content\/uploads\/2011\/12\/Cinejunior2012_visuelOK-853x1280.png 853w, https:\/\/lafilledecorinthe.com\/wordpress\/wp-content\/uploads\/2011\/12\/Cinejunior2012_visuelOK-199x300.png 199w, https:\/\/lafilledecorinthe.com\/wordpress\/wp-content\/uploads\/2011\/12\/Cinejunior2012_visuelOK.png 1181w\" sizes=\"auto, (max-width: 272px) 100vw, 272px\" \/><\/a><figcaption id=\"caption-attachment-355\" class=\"wp-caption-text\">Cin\u00e9 Junior 2012 Affiche de Giampaolo Pagni<\/figcaption><\/figure>\n<figure id=\"attachment_356\" aria-describedby=\"caption-attachment-356\" style=\"width: 408px\" class=\"wp-caption aligncenter\"><a href=\"https:\/\/lafilledecorinthe.com\/wordpress\/wp-content\/uploads\/2011\/12\/Lionni.-Federico-5.jpg\"><img loading=\"lazy\" decoding=\"async\" class=\"size-medium wp-image-356 \" title=\"Lionni. Federico 5\" src=\"https:\/\/lafilledecorinthe.com\/wordpress\/wp-content\/uploads\/2011\/12\/Lionni.-Federico-5-680x475.jpg\" alt=\"\" width=\"408\" height=\"285\" srcset=\"https:\/\/lafilledecorinthe.com\/wordpress\/wp-content\/uploads\/2011\/12\/Lionni.-Federico-5-680x475.jpg 680w, https:\/\/lafilledecorinthe.com\/wordpress\/wp-content\/uploads\/2011\/12\/Lionni.-Federico-5-429x300.jpg 429w, https:\/\/lafilledecorinthe.com\/wordpress\/wp-content\/uploads\/2011\/12\/Lionni.-Federico-5.jpg 886w\" sizes=\"auto, (max-width: 408px) 100vw, 408px\" \/><\/a><figcaption id=\"caption-attachment-356\" class=\"wp-caption-text\">Fr\u00e9d\u00e9ric de L\u00e9o Lionni ( film d&#39;animation)<\/figcaption><\/figure>\n<figure id=\"attachment_358\" aria-describedby=\"caption-attachment-358\" style=\"width: 408px\" class=\"wp-caption aligncenter\"><a href=\"https:\/\/lafilledecorinthe.com\/wordpress\/wp-content\/uploads\/2011\/12\/Federico-3.jpg\"><img loading=\"lazy\" decoding=\"async\" class=\"size-medium wp-image-358 \" title=\"Federico 3\" src=\"https:\/\/lafilledecorinthe.com\/wordpress\/wp-content\/uploads\/2011\/12\/Federico-3-680x398.jpg\" alt=\"\" width=\"408\" height=\"239\" srcset=\"https:\/\/lafilledecorinthe.com\/wordpress\/wp-content\/uploads\/2011\/12\/Federico-3-680x398.jpg 680w, https:\/\/lafilledecorinthe.com\/wordpress\/wp-content\/uploads\/2011\/12\/Federico-3-500x293.jpg 500w, https:\/\/lafilledecorinthe.com\/wordpress\/wp-content\/uploads\/2011\/12\/Federico-3.jpg 709w\" sizes=\"auto, (max-width: 408px) 100vw, 408px\" \/><\/a><figcaption id=\"caption-attachment-358\" class=\"wp-caption-text\">Fr\u00e9d\u00e9ric de L\u00e9o Lionni ( film d&#39;animation)<\/figcaption><\/figure>\n<p style=\"text-align: left;\"><strong>Niveau -1<\/strong><strong> :<\/strong> Exposition CIRCUS \u00a0 \u00a0 \u00a0 \u00a0 \u00a0 \u00a0 \u00a0 \u00a0 \u00a0 \u00a0 \u00a0 \u00a0 \u00a0 \u00a0 \u00a0 \u00a0 \u00a0 \u00a0 \u00a0 \u00a0 \u00a0 \u00a0 \u00a0 \u00a0 \u00a0 \u00a0 \u00a0 \u00a0 \u00a0 \u00a0 \u00a0 \u00a0 \u00a0 \u00a0 \u00a0 \u00a0 \u00a0 \u00a0 \u00a0 \u00a0 \u00a0 \u00a0 \u00a0 \u00a0 \u00a0Face \u00e0 la foule qui envahit l&rsquo;espace, mon premier r\u00e9flexe est de fuir mais pourtant je veux voir l&rsquo;installation propos\u00e9e par Beno\u00eet Jacques. Je me faufile non sans mal jusqu&rsquo;\u00e0 Funambulibili. \u00a0 \u00a0 \u00a0 \u00a0 \u00a0 \u00a0 \u00a0 \u00a0 \u00a0 \u00a0 \u00a0 \u00a0 \u00a0 \u00a0 \u00a0 \u00a0 \u00a0 \u00a0 \u00a0 \u00a0 \u00a0 \u00a0 \u00a0 \u00a0 \u00a0 \u00a0 \u00a0 \u00a0 \u00a0 \u00a0 \u00a0 \u00a0 \u00a0 \u00a0 \u00a0 \u00a0 \u00a0 \u00a0 \u00a0 \u00a0 \u00a0 \u00a0 \u00a0 \u00a0 \u00a0 \u00a0 \u00a0 \u00a0 \u00a0 \u00a0 \u00a0 \u00a0 \u00a0 \u00a0 \u00a0 \u00a0 \u00a0 \u00a0 \u00a0 \u00a0 \u00a0 L&rsquo;effort est r\u00e9compens\u00e9, je suis touch\u00e9e par ces six \u00e9quilibristes perdues dans une ronde infinie qui passe de la lumi\u00e8re \u00e0 l&rsquo;ombre. Que se passe-t-il derri\u00e8re l&rsquo;\u00e9cran blanc ? Reviennent-ils \u00e0 l&rsquo;identique ? La chute est-elle possible ?<\/p>\n<figure id=\"attachment_349\" aria-describedby=\"caption-attachment-349\" style=\"width: 408px\" class=\"wp-caption aligncenter\"><a href=\"https:\/\/lafilledecorinthe.com\/wordpress\/wp-content\/uploads\/2011\/12\/P1040097.jpg\"><img loading=\"lazy\" decoding=\"async\" class=\"size-medium wp-image-349 \" title=\"P1040097\" src=\"https:\/\/lafilledecorinthe.com\/wordpress\/wp-content\/uploads\/2011\/12\/P1040097-680x510.jpg\" alt=\"\" width=\"408\" height=\"306\" srcset=\"https:\/\/lafilledecorinthe.com\/wordpress\/wp-content\/uploads\/2011\/12\/P1040097-680x510.jpg 680w, https:\/\/lafilledecorinthe.com\/wordpress\/wp-content\/uploads\/2011\/12\/P1040097-1280x960.jpg 1280w, https:\/\/lafilledecorinthe.com\/wordpress\/wp-content\/uploads\/2011\/12\/P1040097-400x300.jpg 400w\" sizes=\"auto, (max-width: 408px) 100vw, 408px\" \/><\/a><figcaption id=\"caption-attachment-349\" class=\"wp-caption-text\">Funambulibili de Beno\u00eet Jacques<\/figcaption><\/figure>\n<figure id=\"attachment_350\" aria-describedby=\"caption-attachment-350\" style=\"width: 306px\" class=\"wp-caption aligncenter\"><a href=\"https:\/\/lafilledecorinthe.com\/wordpress\/wp-content\/uploads\/2011\/12\/P1040099.jpg\"><img loading=\"lazy\" decoding=\"async\" class=\"size-medium wp-image-350 \" title=\"P1040099\" src=\"https:\/\/lafilledecorinthe.com\/wordpress\/wp-content\/uploads\/2011\/12\/P1040099-510x680.jpg\" alt=\"\" width=\"306\" height=\"408\" srcset=\"https:\/\/lafilledecorinthe.com\/wordpress\/wp-content\/uploads\/2011\/12\/P1040099-510x680.jpg 510w, https:\/\/lafilledecorinthe.com\/wordpress\/wp-content\/uploads\/2011\/12\/P1040099-960x1280.jpg 960w, https:\/\/lafilledecorinthe.com\/wordpress\/wp-content\/uploads\/2011\/12\/P1040099-225x300.jpg 225w\" sizes=\"auto, (max-width: 306px) 100vw, 306px\" \/><\/a><figcaption id=\"caption-attachment-350\" class=\"wp-caption-text\">Funambulibili de Beno\u00eet Jacques<\/figcaption><\/figure>\n<p style=\"text-align: left;\">Artiste inclassable ; \u00e9crivain, illustrateur, \u00e9diteur, plasticien&#8230;. \u00a0 \u00a0 \u00a0 \u00a0 \u00a0 \u00a0 \u00a0 \u00a0 \u00a0 \u00a0 Personnellement, je suis entr\u00e9e dans son univers par ses flip-books, petites histoires d\u00e9cal\u00e9es, cont\u00e9es en images anim\u00e9es,\u00a0allez les d\u00e9couvrir sur son site : <a href=\"http:\/\/www.benoitjacques.com\/\">http:\/\/www.benoitjacques.com\/<\/a><\/p>\n<p style=\"text-align: left;\">Mes autres d\u00e9couvertes resteront secr\u00e8tes, d\u00e9j\u00e0 emball\u00e9es d&rsquo;un joli papier cadeau, et oui, la lecture c&rsquo;est un plaisir qui se partage.<\/p>\n","protected":false},"excerpt":{"rendered":"<p>Journ\u00e9e professionnelle au salon de Montreuil, rendez-vous incontournable pour l&rsquo;amoureuse de l&rsquo;image que je suis ! Comme d&rsquo;habitude, le plus dur est de choisir ! \u00a0 L&rsquo;offre est, une fois de plus, tr\u00e8s riche ; \u00e9diteurs, conf\u00e9rences, expositions, rencontres, signatures&#8230; \u00a0Il est facile d&rsquo;avoir la t\u00eate qui tourne, d&rsquo;autant que je ne suis pas la&#8230;<\/p>\n","protected":false},"author":2,"featured_media":339,"comment_status":"open","ping_status":"open","sticky":false,"template":"","format":"standard","meta":{"_kad_post_transparent":"","_kad_post_title":"","_kad_post_layout":"","_kad_post_sidebar_id":"","_kad_post_content_style":"","_kad_post_vertical_padding":"","_kad_post_feature":"","_kad_post_feature_position":"","_kad_post_header":false,"_kad_post_footer":false,"_kad_post_classname":"","footnotes":""},"categories":[13],"tags":[12,35,39,38,34,36,37],"class_list":["post-338","post","type-post","status-publish","format-standard","has-post-thumbnail","hentry","category-sorties-culturelles","tag-adaptation","tag-athur-de-pins","tag-benoit-jacques","tag-film-danimation","tag-la-revolution-des-crabes","tag-leo-lionni","tag-litterature-jeunesse"],"_links":{"self":[{"href":"https:\/\/lafilledecorinthe.com\/wordpress\/wp-json\/wp\/v2\/posts\/338","targetHints":{"allow":["GET"]}}],"collection":[{"href":"https:\/\/lafilledecorinthe.com\/wordpress\/wp-json\/wp\/v2\/posts"}],"about":[{"href":"https:\/\/lafilledecorinthe.com\/wordpress\/wp-json\/wp\/v2\/types\/post"}],"author":[{"embeddable":true,"href":"https:\/\/lafilledecorinthe.com\/wordpress\/wp-json\/wp\/v2\/users\/2"}],"replies":[{"embeddable":true,"href":"https:\/\/lafilledecorinthe.com\/wordpress\/wp-json\/wp\/v2\/comments?post=338"}],"version-history":[{"count":11,"href":"https:\/\/lafilledecorinthe.com\/wordpress\/wp-json\/wp\/v2\/posts\/338\/revisions"}],"predecessor-version":[{"id":352,"href":"https:\/\/lafilledecorinthe.com\/wordpress\/wp-json\/wp\/v2\/posts\/338\/revisions\/352"}],"wp:featuredmedia":[{"embeddable":true,"href":"https:\/\/lafilledecorinthe.com\/wordpress\/wp-json\/wp\/v2\/media\/339"}],"wp:attachment":[{"href":"https:\/\/lafilledecorinthe.com\/wordpress\/wp-json\/wp\/v2\/media?parent=338"}],"wp:term":[{"taxonomy":"category","embeddable":true,"href":"https:\/\/lafilledecorinthe.com\/wordpress\/wp-json\/wp\/v2\/categories?post=338"},{"taxonomy":"post_tag","embeddable":true,"href":"https:\/\/lafilledecorinthe.com\/wordpress\/wp-json\/wp\/v2\/tags?post=338"}],"curies":[{"name":"wp","href":"https:\/\/api.w.org\/{rel}","templated":true}]}}