{"id":3298,"date":"2013-11-27T15:22:33","date_gmt":"2013-11-27T14:22:33","guid":{"rendered":"http:\/\/lafilledecorinthe.com\/wordpress\/?p=3298"},"modified":"2025-12-08T14:06:44","modified_gmt":"2025-12-08T13:06:44","slug":"la-petite-fabrique-du-monde-a-lecole-jean-de-la-fontaine","status":"publish","type":"post","link":"https:\/\/lafilledecorinthe.com\/wordpress\/2013\/11\/la-petite-fabrique-du-monde-a-lecole-jean-de-la-fontaine\/","title":{"rendered":"\u00ab\u00a0La petite fabrique du monde\u00a0\u00bb \u00e0 l&rsquo;\u00e9cole Jean de la Fontaine"},"content":{"rendered":"\n<p>Tout commence par une s\u00e9ance de cin\u00e9ma au Centre d&rsquo;Art et de Culture de Meudon. Les \u00e9l\u00e8ves des moyennes sections et des grandes sections de l&rsquo;\u00e9cole maternelle Jean de la Fontaine go\u00fbtent les films programm\u00e9s pour eux dans le cadre du <a href=\"http:\/\/www.festivalmeudon.org\/\">festival<\/a> du Court M\u00e9trage d&rsquo;Humour &#8230;<\/p>\n\n\n<div class=\"wp-block-image\">\n<figure class=\"aligncenter\"><a href=\"https:\/\/lafilledecorinthe.com\/wordpress\/wp-content\/uploads\/2013\/11\/IMG_09251.jpg\"><img loading=\"lazy\" decoding=\"async\" width=\"800\" height=\"597\" src=\"https:\/\/lafilledecorinthe.com\/wordpress\/wp-content\/uploads\/2013\/11\/IMG_09251.jpg\" alt=\"L'attente f\u00e9brile devant l'\u00e9cran blanc ...\" class=\"wp-image-3307\" srcset=\"https:\/\/lafilledecorinthe.com\/wordpress\/wp-content\/uploads\/2013\/11\/IMG_09251.jpg 800w, https:\/\/lafilledecorinthe.com\/wordpress\/wp-content\/uploads\/2013\/11\/IMG_09251-680x507.jpg 680w, https:\/\/lafilledecorinthe.com\/wordpress\/wp-content\/uploads\/2013\/11\/IMG_09251-402x300.jpg 402w\" sizes=\"auto, (max-width: 800px) 100vw, 800px\" \/><\/a><figcaption class=\"wp-element-caption\">L&rsquo;attente f\u00e9brile devant l&rsquo;\u00e9cran blanc &#8230;<\/figcaption><\/figure>\n<\/div>\n\n\n<p>Les six petits films d&rsquo;animation qui composent <a href=\"http:\/\/www.kmbofilms.com\/#!la-petite-fabrique-du-monde\/crae\">\u00ab\u00a0La petite fabrique du monde\u00a0\u00bb<\/a> viennent des quatre coins de la plan\u00e8te. Avec trois fois rien (des bouts de cartons, des morceaux de tissus, des feuilles de th\u00e9, du sable&#8230;) des mondes imaginaires et des personnages attachants s&rsquo;animent devant les enfants.<\/p>\n\n\n\n<p><br><iframe loading=\"lazy\" title=\"YouTube video player\" src=\"https:\/\/www.youtube.com\/embed\/ewquwxB7SxE?si=FkS9Rjj07quEFiUJ\" width=\"560\" height=\"315\" frameborder=\"0\" allowfullscreen=\"allowfullscreen\"><\/iframe><\/p>\n\n\n\n<p class=\"has-text-align-left\">L&rsquo;aventure continue \u00e0 l&rsquo;\u00e9cole avec des ateliers qui allient la connaissance et l&rsquo;\u00e9merveillement. Manipuler et fabriquer des jouets optiques, animer une petite s\u00e9quence en hommage \u00e0 <em>Dodu, l&rsquo;enfant en carton <\/em>puis&nbsp;d\u00e9couvrir qu&rsquo;une m\u00eame histoire peut se raconter dans un album, un film et une chanson !<\/p>\n\n\n<div class=\"wp-block-image\">\n<figure class=\"aligncenter\"><a href=\"https:\/\/lafilledecorinthe.com\/wordpress\/wp-content\/uploads\/2013\/11\/flip.jpg\"><img loading=\"lazy\" decoding=\"async\" width=\"800\" height=\"600\" src=\"https:\/\/lafilledecorinthe.com\/wordpress\/wp-content\/uploads\/2013\/11\/flip.jpg\" alt=\"&quot;\u00c7a se tient comment ce truc-l\u00e0 ?&quot; \" class=\"wp-image-3319\" srcset=\"https:\/\/lafilledecorinthe.com\/wordpress\/wp-content\/uploads\/2013\/11\/flip.jpg 800w, https:\/\/lafilledecorinthe.com\/wordpress\/wp-content\/uploads\/2013\/11\/flip-680x510.jpg 680w, https:\/\/lafilledecorinthe.com\/wordpress\/wp-content\/uploads\/2013\/11\/flip-400x300.jpg 400w\" sizes=\"auto, (max-width: 800px) 100vw, 800px\" \/><\/a><figcaption class=\"wp-element-caption\">\u00ab\u00a0\u00c7a se tient comment ce truc-l\u00e0 ?\u00a0\u00bb classe de Marie, 19\/11\/13<\/figcaption><\/figure>\n<\/div>\n\n<div class=\"wp-block-image\">\n<figure class=\"aligncenter\"><a href=\"https:\/\/lafilledecorinthe.com\/wordpress\/wp-content\/uploads\/2013\/11\/thaumatrope.jpg\"><img loading=\"lazy\" decoding=\"async\" width=\"800\" height=\"600\" src=\"https:\/\/lafilledecorinthe.com\/wordpress\/wp-content\/uploads\/2013\/11\/thaumatrope.jpg\" alt=\"Atelier thaumatrope\" class=\"wp-image-3320\" srcset=\"https:\/\/lafilledecorinthe.com\/wordpress\/wp-content\/uploads\/2013\/11\/thaumatrope.jpg 800w, https:\/\/lafilledecorinthe.com\/wordpress\/wp-content\/uploads\/2013\/11\/thaumatrope-680x510.jpg 680w, https:\/\/lafilledecorinthe.com\/wordpress\/wp-content\/uploads\/2013\/11\/thaumatrope-400x300.jpg 400w\" sizes=\"auto, (max-width: 800px) 100vw, 800px\" \/><\/a><figcaption class=\"wp-element-caption\">Atelier thaumatrope, classe d&rsquo;Elodie, 19\/11\/13<\/figcaption><\/figure>\n<\/div>\n\n<div class=\"wp-block-image\">\n<figure class=\"aligncenter\"><a href=\"https:\/\/lafilledecorinthe.com\/wordpress\/wp-content\/uploads\/2013\/11\/s\u00e9quence-anim\u00e9e.jpg\"><img loading=\"lazy\" decoding=\"async\" width=\"800\" height=\"600\" src=\"https:\/\/lafilledecorinthe.com\/wordpress\/wp-content\/uploads\/2013\/11\/s\u00e9quence-anim\u00e9e.jpg\" alt=\"Animer nos insectes bouchons, classe de Sabrina\" class=\"wp-image-3364\" srcset=\"https:\/\/lafilledecorinthe.com\/wordpress\/wp-content\/uploads\/2013\/11\/s\u00e9quence-anim\u00e9e.jpg 800w, https:\/\/lafilledecorinthe.com\/wordpress\/wp-content\/uploads\/2013\/11\/s\u00e9quence-anim\u00e9e-680x510.jpg 680w, https:\/\/lafilledecorinthe.com\/wordpress\/wp-content\/uploads\/2013\/11\/s\u00e9quence-anim\u00e9e-400x300.jpg 400w\" sizes=\"auto, (max-width: 800px) 100vw, 800px\" \/><\/a><figcaption class=\"wp-element-caption\">Animer nos insectes bouchons, classe de Sabrina, \u00a022\/11\/13<\/figcaption><\/figure>\n<\/div>\n\n\n<p><iframe loading=\"lazy\" title=\"YouTube video player\" src=\"https:\/\/www.youtube.com\/embed\/kha7ELdaUhI?si=z5dhQMwoAol5aKYn\" width=\"560\" height=\"315\" frameborder=\"0\" allowfullscreen=\"allowfullscreen\"><\/iframe><\/p>\n\n\n<div class=\"wp-block-image\">\n<figure class=\"aligncenter\"><a href=\"https:\/\/lafilledecorinthe.com\/wordpress\/wp-content\/uploads\/2013\/11\/feuilletoscope.jpg\"><img loading=\"lazy\" decoding=\"async\" width=\"4000\" height=\"3000\" src=\"https:\/\/lafilledecorinthe.com\/wordpress\/wp-content\/uploads\/2013\/11\/feuilletoscope.jpg\" alt=\"Atelier feuilletoscope\" class=\"wp-image-3459\" srcset=\"https:\/\/lafilledecorinthe.com\/wordpress\/wp-content\/uploads\/2013\/11\/feuilletoscope.jpg 4000w, https:\/\/lafilledecorinthe.com\/wordpress\/wp-content\/uploads\/2013\/11\/feuilletoscope-680x510.jpg 680w, https:\/\/lafilledecorinthe.com\/wordpress\/wp-content\/uploads\/2013\/11\/feuilletoscope-1280x960.jpg 1280w, https:\/\/lafilledecorinthe.com\/wordpress\/wp-content\/uploads\/2013\/11\/feuilletoscope-400x300.jpg 400w\" sizes=\"auto, (max-width: 4000px) 100vw, 4000px\" \/><\/a><figcaption class=\"wp-element-caption\">Atelier feuilletoscope<\/figcaption><\/figure>\n<\/div>\n\n\n<p><br><iframe loading=\"lazy\" title=\"YouTube video player\" src=\"https:\/\/www.youtube.com\/embed\/A_pzw0EbTPg?si=mtwlo_DXaa5ytNov\" width=\"560\" height=\"315\" frameborder=\"0\" allowfullscreen=\"allowfullscreen\"><\/iframe><br><\/p>\n\n\n\n<p>Album photos : <a title=\"Mes albums\" href=\"https:\/\/lafilledecorinthe.com\/wordpress\/mes-albums\/\" target=\"_blank\" rel=\"noopener\">\u00a0ici<\/a><\/p>\n","protected":false},"excerpt":{"rendered":"<p>Tout commence par une s\u00e9ance de cin\u00e9ma au Centre d&rsquo;Art et de Culture de Meudon. Les \u00e9l\u00e8ves des moyennes sections et des grandes sections de l&rsquo;\u00e9cole maternelle Jean de la Fontaine go\u00fbtent les films programm\u00e9s pour eux dans le cadre du festival du Court M\u00e9trage d&rsquo;Humour &#8230; Les six petits films d&rsquo;animation qui composent \u00ab\u00a0La&#8230;<\/p>\n","protected":false},"author":2,"featured_media":3301,"comment_status":"open","ping_status":"open","sticky":false,"template":"","format":"standard","meta":{"_kad_post_transparent":"","_kad_post_title":"","_kad_post_layout":"","_kad_post_sidebar_id":"","_kad_post_content_style":"","_kad_post_vertical_padding":"","_kad_post_feature":"","_kad_post_feature_position":"","_kad_post_header":false,"_kad_post_footer":false,"_kad_post_classname":"","footnotes":""},"categories":[7],"tags":[195,628,627,630,629,626,625],"class_list":["post-3298","post","type-post","status-publish","format-standard","has-post-thumbnail","hentry","category-ateliers-enfants","tag-atelier-cinema-danimation","tag-centre-dart-et-de-culture-de-meudon","tag-dodu-lenfant-en-carton","tag-ecole-maternelle-jean-de-la-fontaine","tag-festival-du-court-metrage-dhumour","tag-kmbo","tag-la-petite-fabrique-du-monde"],"_links":{"self":[{"href":"https:\/\/lafilledecorinthe.com\/wordpress\/wp-json\/wp\/v2\/posts\/3298","targetHints":{"allow":["GET"]}}],"collection":[{"href":"https:\/\/lafilledecorinthe.com\/wordpress\/wp-json\/wp\/v2\/posts"}],"about":[{"href":"https:\/\/lafilledecorinthe.com\/wordpress\/wp-json\/wp\/v2\/types\/post"}],"author":[{"embeddable":true,"href":"https:\/\/lafilledecorinthe.com\/wordpress\/wp-json\/wp\/v2\/users\/2"}],"replies":[{"embeddable":true,"href":"https:\/\/lafilledecorinthe.com\/wordpress\/wp-json\/wp\/v2\/comments?post=3298"}],"version-history":[{"count":66,"href":"https:\/\/lafilledecorinthe.com\/wordpress\/wp-json\/wp\/v2\/posts\/3298\/revisions"}],"predecessor-version":[{"id":15170,"href":"https:\/\/lafilledecorinthe.com\/wordpress\/wp-json\/wp\/v2\/posts\/3298\/revisions\/15170"}],"wp:featuredmedia":[{"embeddable":true,"href":"https:\/\/lafilledecorinthe.com\/wordpress\/wp-json\/wp\/v2\/media\/3301"}],"wp:attachment":[{"href":"https:\/\/lafilledecorinthe.com\/wordpress\/wp-json\/wp\/v2\/media?parent=3298"}],"wp:term":[{"taxonomy":"category","embeddable":true,"href":"https:\/\/lafilledecorinthe.com\/wordpress\/wp-json\/wp\/v2\/categories?post=3298"},{"taxonomy":"post_tag","embeddable":true,"href":"https:\/\/lafilledecorinthe.com\/wordpress\/wp-json\/wp\/v2\/tags?post=3298"}],"curies":[{"name":"wp","href":"https:\/\/api.w.org\/{rel}","templated":true}]}}