{"id":3290,"date":"2013-12-16T08:58:39","date_gmt":"2013-12-16T07:58:39","guid":{"rendered":"http:\/\/lafilledecorinthe.com\/wordpress\/?p=3290"},"modified":"2025-12-06T19:34:57","modified_gmt":"2025-12-06T18:34:57","slug":"ecole-et-cinema-92-goshu-le-violoncelliste","status":"publish","type":"post","link":"https:\/\/lafilledecorinthe.com\/wordpress\/2013\/12\/ecole-et-cinema-92-goshu-le-violoncelliste\/","title":{"rendered":"\u00ab\u00a0Ecole et cin\u00e9ma 92\u00a0\u00bb : G\u00f4shu le violoncelliste"},"content":{"rendered":"\n<p><em>\u00ab\u00a0Gauche \u00e9tait le pr\u00e9pos\u00e9 au violoncelle dans le cin\u00e9ma muet de la ville. Mais on racontait qu&rsquo;il ne se d\u00e9brouillait pas tr\u00e8s bien. C&rsquo;est peu de dire qu&rsquo;il ne jouait pas tr\u00e8s bien : il \u00e9tait franchement le plus mauvais de tous ses camarades, et, pour cela, sans cesse tourment\u00e9 par le chef d&rsquo;orchestre.<\/em>\u00a0\u00bb &nbsp; &nbsp; &nbsp; &nbsp; &nbsp; &nbsp; &nbsp; &nbsp; &nbsp; &nbsp; &nbsp; &nbsp; &nbsp; &nbsp; &nbsp; &nbsp; &nbsp; &nbsp; &nbsp; &nbsp; &nbsp; &nbsp; &nbsp; &nbsp; &nbsp; &nbsp; &nbsp; &nbsp; &nbsp; &nbsp; &nbsp; &nbsp; &nbsp; &nbsp; &nbsp; &nbsp; &nbsp; &nbsp; &nbsp; &nbsp; &nbsp; &nbsp; &nbsp; &nbsp; &nbsp; &nbsp; &nbsp; &nbsp; &nbsp; &nbsp; &nbsp; &nbsp; &nbsp; &nbsp; &nbsp; &nbsp; &nbsp; &nbsp; &nbsp; &nbsp; &nbsp; &nbsp; &nbsp; &nbsp;<strong>Train de nuit dans la voie lact\u00e9e<\/strong> de Kenji Miyazawa, Le serpent \u00e0 plumes<\/p>\n\n\n\n<p>Projection-conf\u00e9rence :<br><strong>Goshu le violoncelliste<\/strong><br>d&rsquo;Isao Takahata<br>Co-anim\u00e9e avec Marc Laugenie<br>Cin\u00e9ma Jean Vigo de Gennevilliers<br>Mercredi 18 d\u00e9cembre 2013<br>Cin\u00e9ma le Rex de Ch\u00e2tenay-Malabry<br>Mercredi 8 janvier 2014<\/p>\n\n\n\n<p>Document accompagnant la conf\u00e9rence :&nbsp;<a href=\"https:\/\/lafilledecorinthe.com\/wordpress\/wp-content\/uploads\/2013\/12\/Goshu-le-violoncelliste.pdf\">Goshu le violoncelliste<\/a><a href=\"https:\/\/lafilledecorinthe.com\/wordpress\/wp-content\/uploads\/2013\/12\/Goshu-le-violoncelliste.pdf\"><br><\/a><\/p>\n\n\n\n<p>Le studio Ghibli est sous les feux de l&rsquo;actualit\u00e9, les deux prochains films de ses r\u00e9alisateurs fondateurs sont tr\u00e8s attendus ! <strong>Le vent se l\u00e8ve <\/strong>d&rsquo;Hayao Miyazaki sera sur nos \u00e9crans le 22 janvier 2014. Inspir\u00e9 de la vie de l&rsquo;ing\u00e9nieur&nbsp;Jiro Horikoshi, le nouveau Miyasaki s&rsquo;encre dans la r\u00e9alit\u00e9 japonaise, du s\u00e9isme de Kanton \u00e0 la deuxi\u00e8me guerre mondiale.&nbsp;Pour celui d&rsquo;Isao Takahata, il nous faudra \u00eatre encore plus patient, une sortie pour le mois de mai 2014 est annonc\u00e9e. Takahata s&rsquo;est tourn\u00e9 quant \u00e0 lui vers l&rsquo;adaptation&nbsp;d&rsquo;un conte populaire japonais du Xe si\u00e8cle :&nbsp;<strong>L&rsquo;histoire de la princesse Kaguya. <\/strong>Un vieil homme coupeur de bambou d\u00e9couvre, \u00e0 l&rsquo;int\u00e9rieur d&rsquo;une tige, une minuscule petite fille&#8230;<br>Les deux complices du studio Ghibli se rendent-ils mutuellement un hommage entre r\u00e9alit\u00e9 et f\u00e9erie ?<\/p>\n\n\n<div class=\"wp-block-image\">\n<figure class=\"aligncenter size-full\"><a href=\"https:\/\/lafilledecorinthe.com\/wordpress\/wp-content\/uploads\/2013\/12\/affiche-ghibli.jpg\"><img loading=\"lazy\" decoding=\"async\" width=\"500\" height=\"348\" src=\"https:\/\/lafilledecorinthe.com\/wordpress\/wp-content\/uploads\/2013\/12\/affiche-ghibli.jpg\" alt=\"Affiches japonaises des deux prochains films du studio Ghibli\" class=\"wp-image-3667\" srcset=\"https:\/\/lafilledecorinthe.com\/wordpress\/wp-content\/uploads\/2013\/12\/affiche-ghibli.jpg 500w, https:\/\/lafilledecorinthe.com\/wordpress\/wp-content\/uploads\/2013\/12\/affiche-ghibli-431x300.jpg 431w\" sizes=\"auto, (max-width: 500px) 100vw, 500px\" \/><\/a><figcaption class=\"wp-element-caption\">Affiches japonaises des deux prochains films du studio Ghibli<\/figcaption><\/figure>\n<\/div>\n\n\n<p>Laissez-vous subjuguer par la bande annonce de  <em>L&rsquo;histoire de la princesse Kaguya&#8230;<\/em><\/p>\n\n\n\n<figure class=\"wp-block-embed is-type-video is-provider-youtube wp-block-embed-youtube wp-embed-aspect-16-9 wp-has-aspect-ratio\"><div class=\"wp-block-embed__wrapper\">\n<iframe loading=\"lazy\" title=\"Le Conte de la princesse Kaguya - Bande-annonce\" width=\"720\" height=\"405\" src=\"https:\/\/www.youtube.com\/embed\/f0p98qIdulo?start=7&#038;feature=oembed\" frameborder=\"0\" allow=\"accelerometer; autoplay; clipboard-write; encrypted-media; gyroscope; picture-in-picture; web-share\" referrerpolicy=\"strict-origin-when-cross-origin\" allowfullscreen><\/iframe>\n<\/div><\/figure>\n\n\n\n<p><\/p>\n\n\n\n<p>Une autre petite merveille d\u00e9couverte depuis la conf\u00e9rence. Bravo \u00e0 <a href=\"http:\/\/louisthomasbook.blogspot.fr\/\" target=\"_blank\" rel=\"noopener\">Louis Thomas<\/a> !<\/p>\n\n\n\n<figure class=\"wp-block-embed is-type-video is-provider-vimeo wp-block-embed-vimeo wp-embed-aspect-16-9 wp-has-aspect-ratio\"><div class=\"wp-block-embed__wrapper\">\n<iframe loading=\"lazy\" title=\"le ballet vimeo\" src=\"https:\/\/player.vimeo.com\/video\/48547146?dnt=1&amp;app_id=122963\" width=\"720\" height=\"405\" frameborder=\"0\" allow=\"autoplay; fullscreen; picture-in-picture; clipboard-write; encrypted-media; web-share\" referrerpolicy=\"strict-origin-when-cross-origin\"><\/iframe>\n<\/div><\/figure>\n\n\n\n<p><\/p>\n","protected":false},"excerpt":{"rendered":"<p>\u00ab\u00a0Gauche \u00e9tait le pr\u00e9pos\u00e9 au violoncelle dans le cin\u00e9ma muet de la ville. Mais on racontait qu&rsquo;il ne se d\u00e9brouillait pas tr\u00e8s bien. C&rsquo;est peu de dire qu&rsquo;il ne jouait pas tr\u00e8s bien : il \u00e9tait franchement le plus mauvais de tous ses camarades, et, pour cela, sans cesse tourment\u00e9 par le chef d&rsquo;orchestre.\u00a0\u00bb &nbsp;&#8230;<\/p>\n","protected":false},"author":2,"featured_media":3652,"comment_status":"open","ping_status":"open","sticky":false,"template":"","format":"standard","meta":{"_kad_post_transparent":"","_kad_post_title":"","_kad_post_layout":"","_kad_post_sidebar_id":"","_kad_post_content_style":"","_kad_post_vertical_padding":"","_kad_post_feature":"","_kad_post_feature_position":"","_kad_post_header":false,"_kad_post_footer":false,"_kad_post_classname":"","footnotes":""},"categories":[8],"tags":[374,659,373,656,662,657,660,663,661,677,658],"class_list":["post-3290","post","type-post","status-publish","format-standard","has-post-thumbnail","hentry","category-formations-adultes","tag-cinema-jean-vigo","tag-cinema-le-rex","tag-ecole-et-cinema-92","tag-goshu-le-violoncelliste","tag-hayao-miyazaki","tag-isao-takahata","tag-kenji-miyazawa","tag-lhistoire-de-la-princesse-kaguya","tag-le-vent-se-leve","tag-louis-thomas","tag-marc-laugenie"],"_links":{"self":[{"href":"https:\/\/lafilledecorinthe.com\/wordpress\/wp-json\/wp\/v2\/posts\/3290","targetHints":{"allow":["GET"]}}],"collection":[{"href":"https:\/\/lafilledecorinthe.com\/wordpress\/wp-json\/wp\/v2\/posts"}],"about":[{"href":"https:\/\/lafilledecorinthe.com\/wordpress\/wp-json\/wp\/v2\/types\/post"}],"author":[{"embeddable":true,"href":"https:\/\/lafilledecorinthe.com\/wordpress\/wp-json\/wp\/v2\/users\/2"}],"replies":[{"embeddable":true,"href":"https:\/\/lafilledecorinthe.com\/wordpress\/wp-json\/wp\/v2\/comments?post=3290"}],"version-history":[{"count":67,"href":"https:\/\/lafilledecorinthe.com\/wordpress\/wp-json\/wp\/v2\/posts\/3290\/revisions"}],"predecessor-version":[{"id":14756,"href":"https:\/\/lafilledecorinthe.com\/wordpress\/wp-json\/wp\/v2\/posts\/3290\/revisions\/14756"}],"wp:featuredmedia":[{"embeddable":true,"href":"https:\/\/lafilledecorinthe.com\/wordpress\/wp-json\/wp\/v2\/media\/3652"}],"wp:attachment":[{"href":"https:\/\/lafilledecorinthe.com\/wordpress\/wp-json\/wp\/v2\/media?parent=3290"}],"wp:term":[{"taxonomy":"category","embeddable":true,"href":"https:\/\/lafilledecorinthe.com\/wordpress\/wp-json\/wp\/v2\/categories?post=3290"},{"taxonomy":"post_tag","embeddable":true,"href":"https:\/\/lafilledecorinthe.com\/wordpress\/wp-json\/wp\/v2\/tags?post=3290"}],"curies":[{"name":"wp","href":"https:\/\/api.w.org\/{rel}","templated":true}]}}