{"id":3240,"date":"2013-11-06T16:23:42","date_gmt":"2013-11-06T15:23:42","guid":{"rendered":"http:\/\/lafilledecorinthe.com\/wordpress\/?p=3240"},"modified":"2025-12-04T21:03:05","modified_gmt":"2025-12-04T20:03:05","slug":"ma-premiere-seance-cinema-letoile-de-la-courneuve","status":"publish","type":"post","link":"https:\/\/lafilledecorinthe.com\/wordpress\/2013\/11\/ma-premiere-seance-cinema-letoile-de-la-courneuve\/","title":{"rendered":"\u00ab\u00a0Ma premi\u00e8re s\u00e9ance\u00a0\u00bb Cin\u00e9ma l&rsquo;Etoile de La Courneuve"},"content":{"rendered":"\n<p class=\"has-text-align-left\">Depuis trois ans, le cin\u00e9ma l&rsquo;Etoile de la Courneuve propose aux classes de maternelle une programmation sp\u00e9cialement con\u00e7ue pour les jeunes spectateurs. Cette action, men\u00e9e en collaboration avec l&rsquo;association Cin\u00e9mas 93, s&rsquo;accompagne d&rsquo;une formation pour les enseignants inscrits dans ce projet.<\/p>\n\n\n\n<p class=\"has-text-align-left\">Nous nous sommes r\u00e9unis autour du film&nbsp;<a href=\"http:\/\/www.lesfilmsdupreau.com\/prog.php?code=per\" target=\"_blank\" rel=\"noopener\">\u00ab\u00a0Perdu, retrouv\u00e9\u00a0\u00bb<\/a>&nbsp;de Phillip Hunt et du&nbsp;programme de courts-m\u00e9trages&nbsp;<a href=\"http:\/\/www.cinemas93.org\/page\/tout-petits-parade-animes\" target=\"_blank\" rel=\"noopener\">\u00ab\u00a0La parade des anim\u00e9s\u00a0\u00bb<\/a>. Apr\u00e8s leur projection, nous avons&nbsp;\u00e9chang\u00e9 sur les liens qu&rsquo;entretient le cin\u00e9ma d&rsquo;animation avec le monde de l&rsquo;illustration.&nbsp;D\u00e9couvertes et questionnements ont ponctu\u00e9 cette matin\u00e9e trop courte !<\/p>\n\n\n\n<p class=\"has-text-align-left\">Je n&rsquo;ai pu notamment entonner ma petite <a href=\"https:\/\/lafilledecorinthe.com\/wordpress\/wp-content\/uploads\/2013\/11\/chanson.pdf\">chanson<\/a>&nbsp;pour confirmer qu&rsquo;une histoire peut se raconter de multiples fa\u00e7ons (livre, \u00e9cran, chanson, spectacle vivant).<\/p>\n\n\n\n<p class=\"has-text-align-left\">Et pour le plaisir, voici&nbsp;un court-m\u00e9trage qui lui, ne raconte pas d&rsquo;histoires &#8230;<\/p>\n\n\n\n<p>\u00ab\u00a0<em>Pieces<\/em>, Koji Yamamura, 2003<br><iframe loading=\"lazy\" title=\"YouTube video player\" src=\"https:\/\/www.youtube.com\/embed\/gn1gtMrp3QE?si=JvNUQ4UywCqHjyQD\" width=\"560\" height=\"315\" frameborder=\"0\" allowfullscreen=\"allowfullscreen\"><\/iframe><\/p>\n\n\n\n<p>&#8230;et la&nbsp;<a href=\"https:\/\/lafilledecorinthe.com\/wordpress\/wp-content\/uploads\/2013\/11\/biblio-sitographie.pdf\">biblio-sitographie<\/a><\/p>\n\n\n\n<p>Je vous invite aussi \u00e0 participer aux <a href=\"http:\/\/www.cinemas93.org\/page\/festival-2013\" target=\"_blank\" rel=\"noopener\">Rencontres cin\u00e9matographiques<\/a> de la Seine Saint Denis pour continuer \u00e0 d\u00e9couvrir sur grand \u00e9cran d&rsquo;autres petites merveilles graphiques !<\/p>\n","protected":false},"excerpt":{"rendered":"<p>Depuis trois ans, le cin\u00e9ma l&rsquo;Etoile de la Courneuve propose aux classes de maternelle une programmation sp\u00e9cialement con\u00e7ue pour les jeunes spectateurs. Cette action, men\u00e9e en collaboration avec l&rsquo;association Cin\u00e9mas 93, s&rsquo;accompagne d&rsquo;une formation pour les enseignants inscrits dans ce projet. Nous nous sommes r\u00e9unis autour du film&nbsp;\u00ab\u00a0Perdu, retrouv\u00e9\u00a0\u00bb&nbsp;de Phillip Hunt et du&nbsp;programme de courts-m\u00e9trages&nbsp;\u00ab\u00a0La&#8230;<\/p>\n","protected":false},"author":2,"featured_media":3243,"comment_status":"open","ping_status":"open","sticky":false,"template":"","format":"standard","meta":{"_kad_post_transparent":"","_kad_post_title":"","_kad_post_layout":"","_kad_post_sidebar_id":"","_kad_post_content_style":"","_kad_post_vertical_padding":"","_kad_post_feature":"","_kad_post_feature_position":"","_kad_post_header":false,"_kad_post_footer":false,"_kad_post_classname":"","footnotes":""},"categories":[8],"tags":[604,601,603,607,304,602,606,600,2341,605],"class_list":["post-3240","post","type-post","status-publish","format-standard","has-post-thumbnail","hentry","category-formations-adultes","tag-perdu","tag-cinema-letoile","tag-cinemas-93","tag-illustration-et-cinema-danimation","tag-koji-yamamura","tag-la-courneuve","tag-la-parade-des-animes","tag-ma-premiere-seance","tag-pieces","tag-retrouve-de-phillip-hunt"],"_links":{"self":[{"href":"https:\/\/lafilledecorinthe.com\/wordpress\/wp-json\/wp\/v2\/posts\/3240","targetHints":{"allow":["GET"]}}],"collection":[{"href":"https:\/\/lafilledecorinthe.com\/wordpress\/wp-json\/wp\/v2\/posts"}],"about":[{"href":"https:\/\/lafilledecorinthe.com\/wordpress\/wp-json\/wp\/v2\/types\/post"}],"author":[{"embeddable":true,"href":"https:\/\/lafilledecorinthe.com\/wordpress\/wp-json\/wp\/v2\/users\/2"}],"replies":[{"embeddable":true,"href":"https:\/\/lafilledecorinthe.com\/wordpress\/wp-json\/wp\/v2\/comments?post=3240"}],"version-history":[{"count":48,"href":"https:\/\/lafilledecorinthe.com\/wordpress\/wp-json\/wp\/v2\/posts\/3240\/revisions"}],"predecessor-version":[{"id":14648,"href":"https:\/\/lafilledecorinthe.com\/wordpress\/wp-json\/wp\/v2\/posts\/3240\/revisions\/14648"}],"wp:featuredmedia":[{"embeddable":true,"href":"https:\/\/lafilledecorinthe.com\/wordpress\/wp-json\/wp\/v2\/media\/3243"}],"wp:attachment":[{"href":"https:\/\/lafilledecorinthe.com\/wordpress\/wp-json\/wp\/v2\/media?parent=3240"}],"wp:term":[{"taxonomy":"category","embeddable":true,"href":"https:\/\/lafilledecorinthe.com\/wordpress\/wp-json\/wp\/v2\/categories?post=3240"},{"taxonomy":"post_tag","embeddable":true,"href":"https:\/\/lafilledecorinthe.com\/wordpress\/wp-json\/wp\/v2\/tags?post=3240"}],"curies":[{"name":"wp","href":"https:\/\/api.w.org\/{rel}","templated":true}]}}