{"id":3194,"date":"2013-10-26T18:59:37","date_gmt":"2013-10-26T17:59:37","guid":{"rendered":"http:\/\/lafilledecorinthe.com\/wordpress\/?p=3194"},"modified":"2025-12-08T09:04:30","modified_gmt":"2025-12-08T08:04:30","slug":"les-enfants-dabord-au-jeu-de-paume-6","status":"publish","type":"post","link":"https:\/\/lafilledecorinthe.com\/wordpress\/2013\/10\/les-enfants-dabord-au-jeu-de-paume-6\/","title":{"rendered":"\u00ab\u00a0Les enfants d&rsquo;abord !\u00a0\u00bb au Jeu de Paume 6"},"content":{"rendered":"\n<p class=\"has-text-align-left\">&nbsp;Le photographe&nbsp;allemand&nbsp;Erwin Blumenfeld et l&rsquo;artiste contemporaine Natacha Nisic ouvrent la nouvelle saison<a href=\"http:\/\/www.jeudepaume.org\/index.php?page=article&amp;sousmenu=151&amp;idArt=1644&amp;lieu=1\" target=\"_blank\" rel=\"noopener\"> <em>Des Enfants d&rsquo;abord<\/em> !<\/a>&nbsp;D\u00e9couvrir que la photographie, au del\u00e0 de la captation de la r\u00e9alit\u00e9, peut \u00eatre un outil extraordinaire pour r\u00e9inventer le r\u00e9el. Tel sera le fil conducteur de cette nouvelle visite-atelier.<\/p>\n\n\n\n<p class=\"has-text-align-left\">Lors de la visite, les exp\u00e9rimentations photographiques (superposition, collage, montage&#8230;) seront mises en valeur. Les enfants inventeront ensuite leurs propres images en jouant avec deux actions : \u00ab\u00a0S&rsquo;approprier et assembler\u00a0\u00bb.<\/p>\n\n\n<div class=\"wp-block-image\">\n<figure class=\"aligncenter\"><a href=\"https:\/\/lafilledecorinthe.com\/wordpress\/wp-content\/uploads\/2013\/10\/P1100150.jpg\"><img loading=\"lazy\" decoding=\"async\" width=\"800\" height=\"578\" src=\"https:\/\/lafilledecorinthe.com\/wordpress\/wp-content\/uploads\/2013\/10\/P1100150.jpg\" alt=\"Vue de l'exposition Natacha Nisic, Jeu de Paume, 26\/10\/13\" class=\"wp-image-3519\" srcset=\"https:\/\/lafilledecorinthe.com\/wordpress\/wp-content\/uploads\/2013\/10\/P1100150.jpg 800w, https:\/\/lafilledecorinthe.com\/wordpress\/wp-content\/uploads\/2013\/10\/P1100150-680x491.jpg 680w, https:\/\/lafilledecorinthe.com\/wordpress\/wp-content\/uploads\/2013\/10\/P1100150-415x300.jpg 415w\" sizes=\"auto, (max-width: 800px) 100vw, 800px\" \/><\/a><figcaption class=\"wp-element-caption\">Vue de l&rsquo;exposition Natacha Nisic, Jeu de Paume, 26\/10\/13<\/figcaption><\/figure>\n<\/div>\n\n<div class=\"wp-block-image\">\n<figure class=\"aligncenter\"><a href=\"https:\/\/lafilledecorinthe.com\/wordpress\/wp-content\/uploads\/2013\/10\/P1100155.jpg\"><img loading=\"lazy\" decoding=\"async\" width=\"800\" height=\"578\" src=\"https:\/\/lafilledecorinthe.com\/wordpress\/wp-content\/uploads\/2013\/10\/P1100155.jpg\" alt=\"P1100155\" class=\"wp-image-3226\" srcset=\"https:\/\/lafilledecorinthe.com\/wordpress\/wp-content\/uploads\/2013\/10\/P1100155.jpg 800w, https:\/\/lafilledecorinthe.com\/wordpress\/wp-content\/uploads\/2013\/10\/P1100155-680x491.jpg 680w, https:\/\/lafilledecorinthe.com\/wordpress\/wp-content\/uploads\/2013\/10\/P1100155-415x300.jpg 415w\" sizes=\"auto, (max-width: 800px) 100vw, 800px\" \/><\/a><figcaption class=\"wp-element-caption\">Vue de l&rsquo;exposition Erwin Blumenfeld, Jeu de Paume, 26\/10\/13<\/figcaption><\/figure>\n<\/div>\n\n<div class=\"wp-block-image\">\n<figure class=\"aligncenter\"><a href=\"https:\/\/lafilledecorinthe.com\/wordpress\/wp-content\/uploads\/2013\/10\/IMG_0110.jpg\"><img loading=\"lazy\" decoding=\"async\" width=\"800\" height=\"564\" src=\"https:\/\/lafilledecorinthe.com\/wordpress\/wp-content\/uploads\/2013\/10\/IMG_0110.jpg\" alt=\"Pr\u00e9sentation des ateliers, 26\/01\/14\" class=\"wp-image-3890\" srcset=\"https:\/\/lafilledecorinthe.com\/wordpress\/wp-content\/uploads\/2013\/10\/IMG_0110.jpg 800w, https:\/\/lafilledecorinthe.com\/wordpress\/wp-content\/uploads\/2013\/10\/IMG_0110-680x479.jpg 680w, https:\/\/lafilledecorinthe.com\/wordpress\/wp-content\/uploads\/2013\/10\/IMG_0110-425x300.jpg 425w\" sizes=\"auto, (max-width: 800px) 100vw, 800px\" \/><\/a><figcaption class=\"wp-element-caption\">Pr\u00e9sentation des ateliers, 26\/01\/14<\/figcaption><\/figure>\n<\/div>\n\n<div class=\"wp-block-image\">\n<figure class=\"aligncenter\"><a href=\"https:\/\/lafilledecorinthe.com\/wordpress\/wp-content\/uploads\/2013\/10\/P1100314.jpg\"><img loading=\"lazy\" decoding=\"async\" width=\"800\" height=\"578\" src=\"https:\/\/lafilledecorinthe.com\/wordpress\/wp-content\/uploads\/2013\/10\/P1100314.jpg\" alt=\"Atelier 1 : cr\u00e9er un animal fantastique\" class=\"wp-image-3515\" srcset=\"https:\/\/lafilledecorinthe.com\/wordpress\/wp-content\/uploads\/2013\/10\/P1100314.jpg 800w, https:\/\/lafilledecorinthe.com\/wordpress\/wp-content\/uploads\/2013\/10\/P1100314-680x491.jpg 680w, https:\/\/lafilledecorinthe.com\/wordpress\/wp-content\/uploads\/2013\/10\/P1100314-415x300.jpg 415w\" sizes=\"auto, (max-width: 800px) 100vw, 800px\" \/><\/a><figcaption class=\"wp-element-caption\">Atelier 1 : cr\u00e9er un animal fantastique<\/figcaption><\/figure>\n<\/div>\n\n<div class=\"wp-block-image\">\n<figure class=\"aligncenter\"><a href=\"https:\/\/lafilledecorinthe.com\/wordpress\/wp-content\/uploads\/2013\/10\/IMG_0140.jpg\"><img loading=\"lazy\" decoding=\"async\" width=\"800\" height=\"600\" src=\"https:\/\/lafilledecorinthe.com\/wordpress\/wp-content\/uploads\/2013\/10\/IMG_0140.jpg\" alt=\"Atelier 2 : r\u00e9aliser un cadavre exquis num\u00e9rique\" class=\"wp-image-3891\" srcset=\"https:\/\/lafilledecorinthe.com\/wordpress\/wp-content\/uploads\/2013\/10\/IMG_0140.jpg 800w, https:\/\/lafilledecorinthe.com\/wordpress\/wp-content\/uploads\/2013\/10\/IMG_0140-680x510.jpg 680w, https:\/\/lafilledecorinthe.com\/wordpress\/wp-content\/uploads\/2013\/10\/IMG_0140-400x300.jpg 400w\" sizes=\"auto, (max-width: 800px) 100vw, 800px\" \/><\/a><figcaption class=\"wp-element-caption\">Atelier 2 : r\u00e9aliser un cadavre exquis num\u00e9rique<\/figcaption><\/figure>\n<\/div>\n\n<div class=\"wp-block-image\">\n<figure class=\"aligncenter\"><a href=\"https:\/\/lafilledecorinthe.com\/wordpress\/wp-content\/uploads\/2013\/10\/Cadavre-exquis.jpg\"><img loading=\"lazy\" decoding=\"async\" width=\"389\" height=\"800\" src=\"https:\/\/lafilledecorinthe.com\/wordpress\/wp-content\/uploads\/2013\/10\/Cadavre-exquis.jpg\" alt=\"R\u00e9alisation du 30\/12\/13\" class=\"wp-image-3523\" srcset=\"https:\/\/lafilledecorinthe.com\/wordpress\/wp-content\/uploads\/2013\/10\/Cadavre-exquis.jpg 389w, https:\/\/lafilledecorinthe.com\/wordpress\/wp-content\/uploads\/2013\/10\/Cadavre-exquis-330x680.jpg 330w\" sizes=\"auto, (max-width: 389px) 100vw, 389px\" \/><\/a><figcaption class=\"wp-element-caption\">Atelier du 30\/11\/13<\/figcaption><\/figure>\n<\/div>","protected":false},"excerpt":{"rendered":"<p>&nbsp;Le photographe&nbsp;allemand&nbsp;Erwin Blumenfeld et l&rsquo;artiste contemporaine Natacha Nisic ouvrent la nouvelle saison Des Enfants d&rsquo;abord !&nbsp;D\u00e9couvrir que la photographie, au del\u00e0 de la captation de la r\u00e9alit\u00e9, peut \u00eatre un outil extraordinaire pour r\u00e9inventer le r\u00e9el. Tel sera le fil conducteur de cette nouvelle visite-atelier. Lors de la visite, les exp\u00e9rimentations photographiques (superposition, collage, montage&#8230;)&#8230;<\/p>\n","protected":false},"author":2,"featured_media":3195,"comment_status":"open","ping_status":"open","sticky":false,"template":"","format":"standard","meta":{"_kad_post_transparent":"","_kad_post_title":"","_kad_post_layout":"","_kad_post_sidebar_id":"","_kad_post_content_style":"","_kad_post_vertical_padding":"","_kad_post_feature":"","_kad_post_feature_position":"","_kad_post_header":false,"_kad_post_footer":false,"_kad_post_classname":"","footnotes":""},"categories":[7],"tags":[194,597,48,190,598,599],"class_list":["post-3194","post","type-post","status-publish","format-standard","has-post-thumbnail","hentry","category-ateliers-enfants","tag-atelier-enfant","tag-erwin-blumenfeld","tag-jeu-de-paume","tag-les-enfants-dabord","tag-natacha-nisic","tag-sapproprier-et-assembler"],"_links":{"self":[{"href":"https:\/\/lafilledecorinthe.com\/wordpress\/wp-json\/wp\/v2\/posts\/3194","targetHints":{"allow":["GET"]}}],"collection":[{"href":"https:\/\/lafilledecorinthe.com\/wordpress\/wp-json\/wp\/v2\/posts"}],"about":[{"href":"https:\/\/lafilledecorinthe.com\/wordpress\/wp-json\/wp\/v2\/types\/post"}],"author":[{"embeddable":true,"href":"https:\/\/lafilledecorinthe.com\/wordpress\/wp-json\/wp\/v2\/users\/2"}],"replies":[{"embeddable":true,"href":"https:\/\/lafilledecorinthe.com\/wordpress\/wp-json\/wp\/v2\/comments?post=3194"}],"version-history":[{"count":39,"href":"https:\/\/lafilledecorinthe.com\/wordpress\/wp-json\/wp\/v2\/posts\/3194\/revisions"}],"predecessor-version":[{"id":15121,"href":"https:\/\/lafilledecorinthe.com\/wordpress\/wp-json\/wp\/v2\/posts\/3194\/revisions\/15121"}],"wp:featuredmedia":[{"embeddable":true,"href":"https:\/\/lafilledecorinthe.com\/wordpress\/wp-json\/wp\/v2\/media\/3195"}],"wp:attachment":[{"href":"https:\/\/lafilledecorinthe.com\/wordpress\/wp-json\/wp\/v2\/media?parent=3194"}],"wp:term":[{"taxonomy":"category","embeddable":true,"href":"https:\/\/lafilledecorinthe.com\/wordpress\/wp-json\/wp\/v2\/categories?post=3194"},{"taxonomy":"post_tag","embeddable":true,"href":"https:\/\/lafilledecorinthe.com\/wordpress\/wp-json\/wp\/v2\/tags?post=3194"}],"curies":[{"name":"wp","href":"https:\/\/api.w.org\/{rel}","templated":true}]}}