{"id":318,"date":"2011-12-03T14:03:24","date_gmt":"2011-12-03T13:03:24","guid":{"rendered":"http:\/\/lafilledecorinthe.com\/wordpress\/?p=318"},"modified":"2025-12-10T17:33:20","modified_gmt":"2025-12-10T16:33:20","slug":"americano","status":"publish","type":"post","link":"https:\/\/lafilledecorinthe.com\/wordpress\/2011\/12\/americano\/","title":{"rendered":"Am\u00e9ricano"},"content":{"rendered":"<div class=\"wp-block-image\">\n<figure class=\"aligncenter\"><a href=\"https:\/\/lafilledecorinthe.com\/wordpress\/wp-content\/uploads\/2011\/12\/americano-2011-22852-1484404671.jpg\"><img loading=\"lazy\" decoding=\"async\" width=\"695\" height=\"350\" src=\"https:\/\/lafilledecorinthe.com\/wordpress\/wp-content\/uploads\/2011\/12\/americano-2011-22852-1484404671.jpg\" alt=\"\" class=\"wp-image-324\" srcset=\"https:\/\/lafilledecorinthe.com\/wordpress\/wp-content\/uploads\/2011\/12\/americano-2011-22852-1484404671.jpg 695w, https:\/\/lafilledecorinthe.com\/wordpress\/wp-content\/uploads\/2011\/12\/americano-2011-22852-1484404671-680x342.jpg 680w, https:\/\/lafilledecorinthe.com\/wordpress\/wp-content\/uploads\/2011\/12\/americano-2011-22852-1484404671-500x251.jpg 500w\" sizes=\"auto, (max-width: 695px) 100vw, 695px\" \/><\/a><figcaption class=\"wp-element-caption\">\u00a9 Bac Films<\/figcaption><\/figure>\n<\/div>\n\n\n<p>Quitte \u00e0 \u00eatre \u00ab\u00a0fils de&#8230;\u00a0\u00bb, autant l&rsquo;assumer pleinement. C&rsquo;est ce que fait Mathieu Demy dans son premier long m\u00e9trage \u00a0\u00bb Am\u00e9ricano\u00a0\u00bb. Il prolonge en effet l&rsquo;histoire de Martin, enfant qu&rsquo;il interpr\u00e9tait dans le film Documenteur tourn\u00e9 par sa m\u00e8re \u00e0 Los Angeles, il y a une trentaine d&rsquo;ann\u00e9es. Des extraits du film de Varda ponctuent le film de son fils, \u00e9tonnant de retrouver sur l&rsquo;enfant et l&rsquo;adulte le m\u00eame air boudeur ! Hommage aussi \u00e0 son p\u00e8re par la troublante Lola, Anouk Aim\u00e9 quittait Nantes pour Los Angeles, Salma Hayek quitte Los Angeles pour Tijuana. On est toujours \u00e0 la recherche d&rsquo;un ailleurs. Le film de Mathieu Demy nous invite donc \u00e0 un voyage dans le temps mais aussi dans l&rsquo;espace.<\/p>\n\n\n\n<p>Le cin\u00e9ma \u00e9tant une grande famille, on pense aussi \u00e0 Wim Wenders ; le voyage, la photographie comme support de l&rsquo;errance.<\/p>\n\n\n<div class=\"wp-block-image\">\n<figure class=\"aligncenter\"><img loading=\"lazy\" decoding=\"async\" width=\"200\" height=\"200\" src=\"https:\/\/lafilledecorinthe.com\/wordpress\/wp-content\/uploads\/2011\/12\/Capture-d\u2019\u00e9cran-2011-12-03-\u00e0-12.47.58-200x200.png\" alt=\"\" class=\"wp-image-325\" title=\"Capture d\u2019\u00e9cran 2011-12-03 \u00e0 12.47.58\"\/><\/figure>\n<\/div>\n\n\n<p><\/p>\n\n\n\n<p>Cependant, je suis rest\u00e9e au bord du chemin, je ne me suis pas attach\u00e9e \u00e0 Martin, pas envie de le suivre ! La s\u00e9paration d&rsquo;avec sa m\u00e8re dans son enfance peut-elle expliquer le rejet qu&rsquo;il fait subir \u00e0 ses proches, le mal-\u00eatre qu&rsquo;il trimballe tout au long du film ? On a envie de lui dire avec Jean-Pierre Mocky \u00ab\u00a0Arr\u00eate de faire l&rsquo;enfant !\u00a0\u00bb et pas seulement pour prendre l&rsquo;avion !<\/p>\n\n\n\n<p>Mathieu Demy a \u00e9t\u00e9 plus g\u00e9n\u00e9reux avec ses autres interpr\u00e8tes, Mocky en deux sc\u00e8nes incarne un p\u00e8re bourru mais pleinement dans la vie, Chaplin en vieille amie envahissante est aussi tr\u00e8s pr\u00e9sente \u00e0 l&rsquo;\u00e9cran. Pas forc\u00e9ment sympathiques mais vivants avec une r\u00e9elle \u00e9paisseur, ces personnages existent en petites touches et sont le sel du film !<\/p>\n\n\n\n<p>Des petits moments magiques aussi ! La reprise de la musique de Rio Bravo qui annonce l&rsquo;issue violente de l&rsquo;entrevue avec Luis &nbsp;et bien s\u00fbr les sc\u00e8nes dans &nbsp;la bo\u00eete \u00a0\u00bb Am\u00e9ricano\u00a0\u00bb qui sont satur\u00e9es de couleurs chaudes jusqu&rsquo;\u00e0 l&#8217;embrasement.<\/p>\n\n\n\n<p>D\u00e9ception \u00e0 la sortie, j&rsquo;attendais trop de ce film ! Mais promis, j&rsquo;irai voir son prochain, un essai \u00e0 transformer !<\/p>\n","protected":false},"excerpt":{"rendered":"<p>Quitte \u00e0 \u00eatre \u00ab\u00a0fils de&#8230;\u00a0\u00bb, autant l&rsquo;assumer pleinement. C&rsquo;est ce que fait Mathieu Demy dans son premier long m\u00e9trage \u00a0\u00bb Am\u00e9ricano\u00a0\u00bb. Il prolonge en effet l&rsquo;histoire de Martin, enfant qu&rsquo;il interpr\u00e9tait dans le film Documenteur tourn\u00e9 par sa m\u00e8re \u00e0 Los Angeles, il y a une trentaine d&rsquo;ann\u00e9es. Des extraits du film de Varda ponctuent&#8230;<\/p>\n","protected":false},"author":2,"featured_media":15477,"comment_status":"open","ping_status":"open","sticky":false,"template":"","format":"standard","meta":{"_kad_post_transparent":"","_kad_post_title":"","_kad_post_layout":"","_kad_post_sidebar_id":"","_kad_post_content_style":"","_kad_post_vertical_padding":"","_kad_post_feature":"","_kad_post_feature_position":"","_kad_post_header":false,"_kad_post_footer":false,"_kad_post_classname":"","footnotes":""},"categories":[6,13],"tags":[32,33],"class_list":["post-318","post","type-post","status-publish","format-standard","has-post-thumbnail","hentry","category-blog","category-sorties-culturelles","tag-varda-demy","tag-wenders"],"_links":{"self":[{"href":"https:\/\/lafilledecorinthe.com\/wordpress\/wp-json\/wp\/v2\/posts\/318","targetHints":{"allow":["GET"]}}],"collection":[{"href":"https:\/\/lafilledecorinthe.com\/wordpress\/wp-json\/wp\/v2\/posts"}],"about":[{"href":"https:\/\/lafilledecorinthe.com\/wordpress\/wp-json\/wp\/v2\/types\/post"}],"author":[{"embeddable":true,"href":"https:\/\/lafilledecorinthe.com\/wordpress\/wp-json\/wp\/v2\/users\/2"}],"replies":[{"embeddable":true,"href":"https:\/\/lafilledecorinthe.com\/wordpress\/wp-json\/wp\/v2\/comments?post=318"}],"version-history":[{"count":19,"href":"https:\/\/lafilledecorinthe.com\/wordpress\/wp-json\/wp\/v2\/posts\/318\/revisions"}],"predecessor-version":[{"id":15475,"href":"https:\/\/lafilledecorinthe.com\/wordpress\/wp-json\/wp\/v2\/posts\/318\/revisions\/15475"}],"wp:featuredmedia":[{"embeddable":true,"href":"https:\/\/lafilledecorinthe.com\/wordpress\/wp-json\/wp\/v2\/media\/15477"}],"wp:attachment":[{"href":"https:\/\/lafilledecorinthe.com\/wordpress\/wp-json\/wp\/v2\/media?parent=318"}],"wp:term":[{"taxonomy":"category","embeddable":true,"href":"https:\/\/lafilledecorinthe.com\/wordpress\/wp-json\/wp\/v2\/categories?post=318"},{"taxonomy":"post_tag","embeddable":true,"href":"https:\/\/lafilledecorinthe.com\/wordpress\/wp-json\/wp\/v2\/tags?post=318"}],"curies":[{"name":"wp","href":"https:\/\/api.w.org\/{rel}","templated":true}]}}