{"id":3137,"date":"2013-10-25T08:55:41","date_gmt":"2013-10-25T07:55:41","guid":{"rendered":"http:\/\/lafilledecorinthe.com\/wordpress\/?p=3137"},"modified":"2025-12-08T09:07:09","modified_gmt":"2025-12-08T08:07:09","slug":"atelier-cinema-danimation-maison-populaire-de-montreuil-6","status":"publish","type":"post","link":"https:\/\/lafilledecorinthe.com\/wordpress\/2013\/10\/atelier-cinema-danimation-maison-populaire-de-montreuil-6\/","title":{"rendered":"Atelier \u00ab\u00a0cin\u00e9ma d&rsquo;animation\u00a0\u00bb Maison Populaire de Montreuil"},"content":{"rendered":"\n<p class=\"has-text-align-left\">L&rsquo;atelier cin\u00e9ma d&rsquo;animation c&rsquo;est &#8230;<\/p>\n\n\n<div class=\"wp-block-image\">\n<figure class=\"aligncenter\"><a href=\"https:\/\/lafilledecorinthe.com\/wordpress\/wp-content\/uploads\/2013\/10\/Montreuil-1.jpg\"><img loading=\"lazy\" decoding=\"async\" width=\"800\" height=\"645\" src=\"https:\/\/lafilledecorinthe.com\/wordpress\/wp-content\/uploads\/2013\/10\/Montreuil-1.jpg\" alt=\"Montreuil 1\" class=\"wp-image-3139\" srcset=\"https:\/\/lafilledecorinthe.com\/wordpress\/wp-content\/uploads\/2013\/10\/Montreuil-1.jpg 800w, https:\/\/lafilledecorinthe.com\/wordpress\/wp-content\/uploads\/2013\/10\/Montreuil-1-680x548.jpg 680w, https:\/\/lafilledecorinthe.com\/wordpress\/wp-content\/uploads\/2013\/10\/Montreuil-1-372x300.jpg 372w\" sizes=\"auto, (max-width: 800px) 100vw, 800px\" \/><\/a><\/figure>\n<\/div>\n\n\n<p class=\"has-text-align-left\">&#8230; jouer avec des ombres, cr\u00e9er de nouvelles plaques de lanterne magique, devenir bonimenteur pour partager le plaisir des images projet\u00e9es &#8230;<\/p>\n\n\n<div class=\"wp-block-image\">\n<figure class=\"aligncenter\"><a href=\"https:\/\/lafilledecorinthe.com\/wordpress\/wp-content\/uploads\/2013\/10\/Montreuil-2.jpg\"><img loading=\"lazy\" decoding=\"async\" width=\"800\" height=\"600\" src=\"https:\/\/lafilledecorinthe.com\/wordpress\/wp-content\/uploads\/2013\/10\/Montreuil-2.jpg\" alt=\"Montreuil 2\" class=\"wp-image-3140\" srcset=\"https:\/\/lafilledecorinthe.com\/wordpress\/wp-content\/uploads\/2013\/10\/Montreuil-2.jpg 800w, https:\/\/lafilledecorinthe.com\/wordpress\/wp-content\/uploads\/2013\/10\/Montreuil-2-680x510.jpg 680w, https:\/\/lafilledecorinthe.com\/wordpress\/wp-content\/uploads\/2013\/10\/Montreuil-2-400x300.jpg 400w\" sizes=\"auto, (max-width: 800px) 100vw, 800px\" \/><\/a><\/figure>\n<\/div>\n\n\n<p class=\"has-text-align-center\"><\/p>\n\n\n\n<p class=\"has-text-align-left\">&#8230; manipuler des jouets optiques, inventer des thaumatropes et des feuilletoscopes pour comprendre le myst\u00e8re des images qui bougent &#8230;<\/p>\n\n\n<div class=\"wp-block-image\">\n<figure class=\"aligncenter\"><a href=\"https:\/\/lafilledecorinthe.com\/wordpress\/wp-content\/uploads\/2013\/10\/Montreuil6.jpg\"><img loading=\"lazy\" decoding=\"async\" width=\"800\" height=\"600\" src=\"https:\/\/lafilledecorinthe.com\/wordpress\/wp-content\/uploads\/2013\/10\/Montreuil6.jpg\" alt=\"Montreuil6\" class=\"wp-image-3144\" srcset=\"https:\/\/lafilledecorinthe.com\/wordpress\/wp-content\/uploads\/2013\/10\/Montreuil6.jpg 800w, https:\/\/lafilledecorinthe.com\/wordpress\/wp-content\/uploads\/2013\/10\/Montreuil6-680x510.jpg 680w, https:\/\/lafilledecorinthe.com\/wordpress\/wp-content\/uploads\/2013\/10\/Montreuil6-400x300.jpg 400w\" sizes=\"auto, (max-width: 800px) 100vw, 800px\" \/><\/a><\/figure>\n<\/div>\n\n\n<p class=\"has-text-align-center\"><\/p>\n\n\n<div class=\"wp-block-image\">\n<figure class=\"aligncenter\"><a href=\"https:\/\/lafilledecorinthe.com\/wordpress\/wp-content\/uploads\/2013\/10\/Montreuil-5.jpg\"><img loading=\"lazy\" decoding=\"async\" width=\"800\" height=\"597\" src=\"https:\/\/lafilledecorinthe.com\/wordpress\/wp-content\/uploads\/2013\/10\/Montreuil-5.jpg\" alt=\"Montreuil 5\" class=\"wp-image-3145\" srcset=\"https:\/\/lafilledecorinthe.com\/wordpress\/wp-content\/uploads\/2013\/10\/Montreuil-5.jpg 800w, https:\/\/lafilledecorinthe.com\/wordpress\/wp-content\/uploads\/2013\/10\/Montreuil-5-680x507.jpg 680w, https:\/\/lafilledecorinthe.com\/wordpress\/wp-content\/uploads\/2013\/10\/Montreuil-5-402x300.jpg 402w\" sizes=\"auto, (max-width: 800px) 100vw, 800px\" \/><\/a><\/figure>\n<\/div>\n\n\n<p class=\"has-text-align-center\"><\/p>\n\n\n\n<p><\/p>\n\n\n\n<figure class=\"wp-block-embed is-type-video is-provider-youtube wp-block-embed-youtube wp-embed-aspect-16-9 wp-has-aspect-ratio\"><div class=\"wp-block-embed__wrapper\">\n<iframe loading=\"lazy\" title=\"Cine\u0301ma d&#039;animation a\u0300 la maison populaire 1\" width=\"720\" height=\"405\" src=\"https:\/\/www.youtube.com\/embed\/moLOkra4Ed4?feature=oembed\" frameborder=\"0\" allow=\"accelerometer; autoplay; clipboard-write; encrypted-media; gyroscope; picture-in-picture; web-share\" referrerpolicy=\"strict-origin-when-cross-origin\" allowfullscreen><\/iframe>\n<\/div><\/figure>\n\n\n\n<p><\/p>\n\n\n\n<p class=\"has-text-align-left\">&#8230; mettre ses pas dans ceux d&rsquo;illustres habitants de Montreuil ; Emile Reynaud, Georges M\u00e9li\u00e8s et les fr\u00e8res Path\u00e9&#8230;<\/p>\n\n\n<div class=\"wp-block-image\">\n<figure class=\"aligncenter\"><a href=\"https:\/\/lafilledecorinthe.com\/wordpress\/wp-content\/uploads\/2013\/10\/m\u00e9tamorphose.jpg\"><img loading=\"lazy\" decoding=\"async\" width=\"800\" height=\"566\" src=\"https:\/\/lafilledecorinthe.com\/wordpress\/wp-content\/uploads\/2013\/10\/m\u00e9tamorphose.jpg\" alt=\"M\u00e9tamorphose du papillon de Gaston Velle, Path\u00e9 Fr\u00e8res, 1905\" class=\"wp-image-3151\" srcset=\"https:\/\/lafilledecorinthe.com\/wordpress\/wp-content\/uploads\/2013\/10\/m\u00e9tamorphose.jpg 800w, https:\/\/lafilledecorinthe.com\/wordpress\/wp-content\/uploads\/2013\/10\/m\u00e9tamorphose-680x481.jpg 680w, https:\/\/lafilledecorinthe.com\/wordpress\/wp-content\/uploads\/2013\/10\/m\u00e9tamorphose-424x300.jpg 424w\" sizes=\"auto, (max-width: 800px) 100vw, 800px\" \/><\/a><figcaption class=\"wp-element-caption\">M\u00e9tamorphose du papillon de Gaston Velle, Path\u00e9 Fr\u00e8res, 1905<\/figcaption><\/figure>\n<\/div>\n\n\n<p>&#8230; et enrichir sa connaissance des films d&rsquo;animation du patrimoine !<\/p>\n\n\n<div class=\"wp-block-image\">\n<figure class=\"aligncenter\"><a href=\"https:\/\/lafilledecorinthe.com\/wordpress\/wp-content\/uploads\/2013\/10\/Montreuil-3.jpg\"><img loading=\"lazy\" decoding=\"async\" width=\"800\" height=\"600\" src=\"https:\/\/lafilledecorinthe.com\/wordpress\/wp-content\/uploads\/2013\/10\/Montreuil-3.jpg\" alt=\"Popeye- Laveurs de carreaux\" class=\"wp-image-3155\" srcset=\"https:\/\/lafilledecorinthe.com\/wordpress\/wp-content\/uploads\/2013\/10\/Montreuil-3.jpg 800w, https:\/\/lafilledecorinthe.com\/wordpress\/wp-content\/uploads\/2013\/10\/Montreuil-3-680x510.jpg 680w, https:\/\/lafilledecorinthe.com\/wordpress\/wp-content\/uploads\/2013\/10\/Montreuil-3-400x300.jpg 400w\" sizes=\"auto, (max-width: 800px) 100vw, 800px\" \/><\/a><figcaption class=\"wp-element-caption\">Projection de Popeye- Laveurs de carreaux des fr\u00e8res Fleischer, 1937<\/figcaption><\/figure>\n<\/div>\n\n\n<figure class=\"wp-block-embed is-type-video is-provider-youtube wp-block-embed-youtube wp-embed-aspect-4-3 wp-has-aspect-ratio\"><div class=\"wp-block-embed__wrapper\">\n<iframe loading=\"lazy\" title=\"Popeye   Fleischer cartoon   The Paneless Window Washer 1937 (old free cartoons public domain)\" width=\"720\" height=\"540\" src=\"https:\/\/www.youtube.com\/embed\/LRihNVGPT2Y?feature=oembed\" frameborder=\"0\" allow=\"accelerometer; autoplay; clipboard-write; encrypted-media; gyroscope; picture-in-picture; web-share\" referrerpolicy=\"strict-origin-when-cross-origin\" allowfullscreen><\/iframe>\n<\/div><\/figure>\n","protected":false},"excerpt":{"rendered":"<p>L&rsquo;atelier cin\u00e9ma d&rsquo;animation c&rsquo;est &#8230; &#8230; jouer avec des ombres, cr\u00e9er de nouvelles plaques de lanterne magique, devenir bonimenteur pour partager le plaisir des images projet\u00e9es &#8230; &#8230; manipuler des jouets optiques, inventer des thaumatropes et des feuilletoscopes pour comprendre le myst\u00e8re des images qui bougent &#8230; &#8230; mettre ses pas dans ceux d&rsquo;illustres habitants&#8230;<\/p>\n","protected":false},"author":2,"featured_media":3138,"comment_status":"open","ping_status":"open","sticky":false,"template":"","format":"standard","meta":{"_kad_post_transparent":"","_kad_post_title":"","_kad_post_layout":"","_kad_post_sidebar_id":"","_kad_post_content_style":"","_kad_post_vertical_padding":"","_kad_post_feature":"","_kad_post_feature_position":"","_kad_post_header":false,"_kad_post_footer":false,"_kad_post_classname":"","footnotes":""},"categories":[7],"tags":[195,199,197,591,589,588,106,587,586,196,596,590,198],"class_list":["post-3137","post","type-post","status-publish","format-standard","has-post-thumbnail","hentry","category-ateliers-enfants","tag-atelier-cinema-danimation","tag-emile-reynaud","tag-feuilletoscope","tag-fleischer","tag-freres-pathe","tag-georges-melies","tag-jouets-optiques","tag-lanterne-magique","tag-lanternem","tag-maison-populaire-de-montreuil","tag-music-screen","tag-popeye","tag-thaumatrope"],"_links":{"self":[{"href":"https:\/\/lafilledecorinthe.com\/wordpress\/wp-json\/wp\/v2\/posts\/3137","targetHints":{"allow":["GET"]}}],"collection":[{"href":"https:\/\/lafilledecorinthe.com\/wordpress\/wp-json\/wp\/v2\/posts"}],"about":[{"href":"https:\/\/lafilledecorinthe.com\/wordpress\/wp-json\/wp\/v2\/types\/post"}],"author":[{"embeddable":true,"href":"https:\/\/lafilledecorinthe.com\/wordpress\/wp-json\/wp\/v2\/users\/2"}],"replies":[{"embeddable":true,"href":"https:\/\/lafilledecorinthe.com\/wordpress\/wp-json\/wp\/v2\/comments?post=3137"}],"version-history":[{"count":39,"href":"https:\/\/lafilledecorinthe.com\/wordpress\/wp-json\/wp\/v2\/posts\/3137\/revisions"}],"predecessor-version":[{"id":15124,"href":"https:\/\/lafilledecorinthe.com\/wordpress\/wp-json\/wp\/v2\/posts\/3137\/revisions\/15124"}],"wp:featuredmedia":[{"embeddable":true,"href":"https:\/\/lafilledecorinthe.com\/wordpress\/wp-json\/wp\/v2\/media\/3138"}],"wp:attachment":[{"href":"https:\/\/lafilledecorinthe.com\/wordpress\/wp-json\/wp\/v2\/media?parent=3137"}],"wp:term":[{"taxonomy":"category","embeddable":true,"href":"https:\/\/lafilledecorinthe.com\/wordpress\/wp-json\/wp\/v2\/categories?post=3137"},{"taxonomy":"post_tag","embeddable":true,"href":"https:\/\/lafilledecorinthe.com\/wordpress\/wp-json\/wp\/v2\/tags?post=3137"}],"curies":[{"name":"wp","href":"https:\/\/api.w.org\/{rel}","templated":true}]}}