{"id":3128,"date":"2013-10-23T17:13:52","date_gmt":"2013-10-23T16:13:52","guid":{"rendered":"http:\/\/lafilledecorinthe.com\/wordpress\/?p=3128"},"modified":"2025-12-09T12:55:54","modified_gmt":"2025-12-09T11:55:54","slug":"barbara-degos-sculpteur","status":"publish","type":"post","link":"https:\/\/lafilledecorinthe.com\/wordpress\/2013\/10\/barbara-degos-sculpteur\/","title":{"rendered":"Barbara Degos, sculptrice"},"content":{"rendered":"\n<p><em>Minuscules ou imposantes, les sculptures de Barbara ne tiennent pas en place, elles d\u00e9fient les lois de la pesanteur et nous entra\u00eenent \u00e0 leur suite &#8230; Isol\u00e9e ou en groupe, chaque sculpture poss\u00e8de une \u00e2me et une histoire, elle nous interpelle en silence. <\/em><em>Telles des esquisses sculpt\u00e9es, elles se donnent \u00e0 voir, mais surtout elles nous donnent \u00e0 penser, \u00e0 r\u00eaver, \u00e0 imaginer&#8230;&nbsp;<\/em><\/p>\n\n\n<div class=\"wp-block-image\">\n<figure class=\"aligncenter\"><a href=\"https:\/\/lafilledecorinthe.com\/wordpress\/wp-content\/uploads\/2013\/10\/IMG_0392.jpg\"><img loading=\"lazy\" decoding=\"async\" width=\"800\" height=\"533\" src=\"https:\/\/lafilledecorinthe.com\/wordpress\/wp-content\/uploads\/2013\/10\/IMG_0392.jpg\" alt=\"L'homme volant de Barbara Degos, 2013\" class=\"wp-image-3181\" srcset=\"https:\/\/lafilledecorinthe.com\/wordpress\/wp-content\/uploads\/2013\/10\/IMG_0392.jpg 800w, https:\/\/lafilledecorinthe.com\/wordpress\/wp-content\/uploads\/2013\/10\/IMG_0392-680x453.jpg 680w, https:\/\/lafilledecorinthe.com\/wordpress\/wp-content\/uploads\/2013\/10\/IMG_0392-450x300.jpg 450w\" sizes=\"auto, (max-width: 800px) 100vw, 800px\" \/><\/a><figcaption class=\"wp-element-caption\">L&rsquo;homme volant de Barbara Degos, 2013<\/figcaption><\/figure>\n<\/div>\n\n<div class=\"wp-block-image\">\n<figure class=\"aligncenter\"><a href=\"https:\/\/lafilledecorinthe.com\/wordpress\/wp-content\/uploads\/2013\/10\/7.jpg\"><img loading=\"lazy\" decoding=\"async\" width=\"533\" height=\"800\" src=\"https:\/\/lafilledecorinthe.com\/wordpress\/wp-content\/uploads\/2013\/10\/7.jpg\" alt=\"les pingouins de Barbara Degos, 2013\" class=\"wp-image-3182\" srcset=\"https:\/\/lafilledecorinthe.com\/wordpress\/wp-content\/uploads\/2013\/10\/7.jpg 533w, https:\/\/lafilledecorinthe.com\/wordpress\/wp-content\/uploads\/2013\/10\/7-453x680.jpg 453w, https:\/\/lafilledecorinthe.com\/wordpress\/wp-content\/uploads\/2013\/10\/7-199x300.jpg 199w\" sizes=\"auto, (max-width: 533px) 100vw, 533px\" \/><\/a><figcaption class=\"wp-element-caption\">les pingouins de Barbara Degos, 2013<\/figcaption><\/figure>\n<\/div>\n\n\n<p><em>Nulle envie de plaquer des mots sur elles mais d\u00e9sir de mieux conna\u00eetre celle qui leur donne forme.&nbsp;<\/em><\/p>\n\n\n\n<p><strong>Se pr\u00e9senter en quelques mots&#8230;<\/strong><\/p>\n\n\n\n<p>Contemplative, timide et prenant les choses comme elles viennent.<\/p>\n\n\n\n<p><strong>Qu\u2019est-ce qui a \u00e9t\u00e9 le plus formateur pour toi dans ton enfance ?<\/strong><\/p>\n\n\n\n<p>De passer mes journ\u00e9es dans l&rsquo;atelier de ma m\u00e8re peintre. Il y avait deux tables d&rsquo;architecte, je me mettais \u00e0 c\u00f4t\u00e9 d&rsquo;elle. Je lui piquais son mat\u00e9riel pour faire des exp\u00e9riences, je recopiais des tableaux sur des toiles, j&rsquo;utilisais sa presse \u00e0 gravure pour faire des gaufrages&#8230;<\/p>\n\n\n\n<p><strong>Une image qui t\u2019accompagne&#8230;<\/strong><\/p>\n\n\n\n<p>C&rsquo;est une image li\u00e9e \u00e0 une sensation. Quand j&rsquo;\u00e9tais ado, je faisais beaucoup de planche \u00e0 voile \u00e0 Noirmoutier. Un soir, il y avait une lumi\u00e8re g\u00e9niale, le vent rabattait les vagues sur la plage, j&rsquo;ai eu le sentiment de voler avec ma planche.<\/p>\n\n\n\n<p><strong>Devenir une artiste, c\u2019est pour toi une vocation, une \u00e9vidence, une lutte ou tout autre chose &#8230;<\/strong><\/p>\n\n\n\n<p>Une \u00e9vidence ! J&rsquo;ai besoin de me servir de mes mains pour cr\u00e9er quelque chose. C&rsquo;est la sculpture mais aussi le bricolage !<\/p>\n\n\n\n<p><strong>Quels ont \u00e9t\u00e9 ta formation et ton parcours ?<\/strong><\/p>\n\n\n\n<p>Apr\u00e8s un bac scientifique, j&rsquo;ai fait une ann\u00e9e de pr\u00e9pa \u00ab\u00a0arts graphiques\u00a0\u00bb au lyc\u00e9e de S\u00e8vres. J&rsquo;ai compl\u00e8tement rat\u00e9 le concours des Arts d\u00e9co mais j&rsquo;ai eu celui de l&rsquo;<a href=\"http:\/\/www.penninghen.fr\/\" target=\"_blank\" rel=\"noopener\">ESAG Penninghen<\/a>. C&rsquo;est une formation en 5 ans. \u00c7a m&rsquo;a surtout appris \u00e0 travailler, je passais des nuits sur des projets. La formation est tr\u00e8s vari\u00e9e : illustration, croquis, logo, photo, storyboard&#8230; Je n&rsquo;ai rien fait par contre en volume, \u00e0 part des maquettes d&rsquo;architecture d&rsquo;int\u00e9rieure. Je suis une autodidacte en sculpture.<\/p>\n\n\n\n<p><strong>Quels sont&nbsp; tes d\u00e9clencheurs d\u2019id\u00e9es ?<\/strong><\/p>\n\n\n\n<p>Observer les gens, leur d\u00e9marche, leurs attitudes ! Je passe beaucoup de temps \u00e0 ma fen\u00eatre \u00e0 regarder les passants. Il m&rsquo;est arriv\u00e9 de d\u00e9visager des gens dans le m\u00e9tro, involontairement j&rsquo;ai pu provoquer de la g\u00eane tellement j&rsquo;\u00e9tais fascin\u00e9e par une expression, un visage.<\/p>\n\n\n\n<p><strong>Comment passes-tu de l\u2019id\u00e9e \u00e0 la forme ?&nbsp;<\/strong><\/p>\n\n\n\n<p>Sans me poser de question. L&rsquo;id\u00e9e de d\u00e9part est souvent transform\u00e9e. C&rsquo;est plut\u00f4t la forme qui prend le dessus. Par exemple le type \u00e0 la fleur que je suis en train de patiner. J&rsquo;avais envie de faire un homme accroupi. Je me suis demand\u00e9e ce qu&rsquo;il pouvait regarder. J&rsquo;avais devant moi, les cosmos du jardin. J&rsquo;ai eu envie de mettre une fleur. C&rsquo;est aussi simple que cela. C&rsquo;est vraiment l&rsquo;attitude qui est premi\u00e8re. Il m&rsquo;arrive de chercher des photos sur internet comme lorsque j&rsquo;ai commenc\u00e9 \u00e0 travailler sur les \u00e9quilibristes.<\/p>\n\n\n\n<p><strong>Quelle est la part du hasard, de l&rsquo;accidentel ?<\/strong><\/p>\n\n\n\n<p>C&rsquo;est ce qui m&rsquo;int\u00e9resse le plus, l&rsquo;accidentel. J&rsquo;essaie de m&rsquo;en servir au maximum. Par exemple, le fumeur qui est en haut de l&rsquo;escalier est en terre. En s\u00e9chant , la terre s&rsquo;est d\u00e9form\u00e9e, Il s&rsquo;est compl\u00e8tement affaiss\u00e9. \u00c7a m&rsquo;a plu, je n&rsquo;ai pas essay\u00e9 de le redresser !<\/p>\n\n\n<div class=\"wp-block-image\">\n<figure class=\"aligncenter\"><a href=\"https:\/\/lafilledecorinthe.com\/wordpress\/wp-content\/uploads\/2013\/10\/IMG_5469_DxO_raw-copie.jpg\"><img loading=\"lazy\" decoding=\"async\" width=\"533\" height=\"800\" src=\"https:\/\/lafilledecorinthe.com\/wordpress\/wp-content\/uploads\/2013\/10\/IMG_5469_DxO_raw-copie.jpg\" alt=\"Le fumeur de Barbara Degos, 2009\" class=\"wp-image-3183\" srcset=\"https:\/\/lafilledecorinthe.com\/wordpress\/wp-content\/uploads\/2013\/10\/IMG_5469_DxO_raw-copie.jpg 533w, https:\/\/lafilledecorinthe.com\/wordpress\/wp-content\/uploads\/2013\/10\/IMG_5469_DxO_raw-copie-453x680.jpg 453w, https:\/\/lafilledecorinthe.com\/wordpress\/wp-content\/uploads\/2013\/10\/IMG_5469_DxO_raw-copie-199x300.jpg 199w\" sizes=\"auto, (max-width: 533px) 100vw, 533px\" \/><\/a><figcaption class=\"wp-element-caption\">Le fumeur de Barbara Degos, 2009<\/figcaption><\/figure>\n<\/div>\n\n\n<p><strong>Apr\u00e8s avoir travaill\u00e9 la terre et le pl\u00e2tre, tu utilises maintenant un mat\u00e9riau que tu composes toi m\u00eame, peux-tu nous dire de quoi il est fait et ce qu\u2019il t\u2019apporte ?<\/strong><\/p>\n\n\n\n<p><em>C&rsquo;est un m\u00e9lange de fa\u00efence et de cellulose. Je prends de la poudre de terre \u00e0 laquelle j&rsquo;ajoute de l&rsquo;eau pour avoir une texture proche de la cr\u00e8me Nutella. Je trempe du PQ dans de l&rsquo;eau pendant une journ\u00e9e, je le mixe ensuite et je l&rsquo;\u00e9goutte dans une passoire. Je m\u00e9lange le tout. Je d\u00e9pose cette p\u00e2te homog\u00e8ne sur une plaque de pl\u00e2tre qui absorbe l&rsquo;exc\u00e9dent d&rsquo;eau. J&rsquo;ai ensuite comme un pain de terre. La terre seule me bloquait dans ce que j&rsquo;avais envie de faire. J&rsquo;avais besoin d&rsquo;utiliser des armatures pour faire des formes plus a\u00e9riennes, plus fines, plus grandes. Par contre, c&rsquo;est moins agr\u00e9able \u00e0 travailler que la terre seule.<\/em><\/p>\n\n\n\n<p><strong>Quand d\u00e9cides-tu qu\u2019une sculpture est termin\u00e9e ?<\/strong><\/p>\n\n\n\n<p><em>Je la mets dans un endroit o\u00f9 je passe plusieurs fois par jour. Je la tourne. D\u00e8s qu&rsquo;il y a un petit truc qui me g\u00eane, je la retravaille. \u00c7a peut durer longtemps. Je demande aux enfants et \u00e0 Jean leurs avis. C&rsquo;est souvent eux qui trouvent la solution \u00e0 un truc qui ne va pas, qui me g\u00eane sans que je n&rsquo;arrive forc\u00e9ment \u00e0 le formuler. J&rsquo;en ai d\u00e9truit tr\u00e8s peu, j&rsquo;en ai mis quelques unes aux encombrants, des gens les ont r\u00e9cup\u00e9r\u00e9es&#8230; Je peux aussi les casser, garder des petits bouts et recommencer. En g\u00e9n\u00e9ral, je me d\u00e9brouille pour les transformer. J&rsquo;abandonne rarement. C&rsquo;est comme un bouquin, je vais jusqu&rsquo;au bout.<\/em><\/p>\n\n\n\n<p><strong>Ton approche est figurative, l\u2019essentiel de tes sculptures repr\u00e9sente des corps humains. Y a-t-il des oeuvres, des artistes qui ont particuli\u00e8rement compt\u00e9s pour toi ?<\/strong><\/p>\n\n\n\n<p>Giacometti, les bustes de Camille Claudel et le travail de Calder. Il y a aussi une sculpture de Rodin qui me touche beaucoup, on peut la voir au mus\u00e9e d&rsquo;Orsay<em>.<\/em><\/p>\n\n\n<div class=\"wp-block-image\">\n<figure class=\"aligncenter\"><a href=\"https:\/\/lafilledecorinthe.com\/wordpress\/wp-content\/uploads\/2013\/10\/Auguste_Rodin_Pensee_Gsell_203.jpg\"><img loading=\"lazy\" decoding=\"async\" width=\"596\" height=\"800\" src=\"https:\/\/lafilledecorinthe.com\/wordpress\/wp-content\/uploads\/2013\/10\/Auguste_Rodin_Pensee_Gsell_203.jpg\" alt=\"La pens\u00e9ed'Auguste Rodin, vers 1895\" class=\"wp-image-3180\" srcset=\"https:\/\/lafilledecorinthe.com\/wordpress\/wp-content\/uploads\/2013\/10\/Auguste_Rodin_Pensee_Gsell_203.jpg 596w, https:\/\/lafilledecorinthe.com\/wordpress\/wp-content\/uploads\/2013\/10\/Auguste_Rodin_Pensee_Gsell_203-506x680.jpg 506w, https:\/\/lafilledecorinthe.com\/wordpress\/wp-content\/uploads\/2013\/10\/Auguste_Rodin_Pensee_Gsell_203-223x300.jpg 223w\" sizes=\"auto, (max-width: 596px) 100vw, 596px\" \/><\/a><figcaption class=\"wp-element-caption\">La pens\u00e9e d&rsquo;Auguste Rodin, vers 1895<\/figcaption><\/figure>\n<\/div>\n\n\n<p><strong>As-tu envie de t\u2019essayer \u00e0 l\u2019abstraction ?<\/strong><\/p>\n\n\n\n<p>Pas du tout !<\/p>\n\n\n\n<p><strong>Cette ann\u00e9e, tu as ouvert pour la premi\u00e8re fois ton atelier au public. Qu\u2019est-ce qui t\u2019a pouss\u00e9 \u00e0 montrer ton travail en dehors du cercle familial ou amical ?<\/strong><\/p>\n\n\n\n<p>Je me suis forc\u00e9e ! Je me suis dit que j&rsquo;avais toutes les conditions r\u00e9unies pour le faire : le lieu, l&rsquo;\u00e9v\u00e8nement des portes ouvertes des <a href=\"http:\/\/www.artistes-meudon.fr\/\" target=\"_blank\" rel=\"noopener\">artistes \u00e0 Meudon<\/a>. J&rsquo;ai \u00e9t\u00e9 ravie de cette exp\u00e9rience. C&rsquo;\u00e9tait convivial. Je n&rsquo;avais surtout pas envie d&rsquo;expliquer mes sculptures, je n&rsquo;en suis pas capable. Les gens ne me l&rsquo;ont pas demand\u00e9 mais par contre ils m&rsquo;ont racont\u00e9 ce qu&rsquo;ils y voyaient.<\/p>\n\n\n\n<p>Un superbe film !<\/p>\n\n\n\n<figure class=\"wp-block-embed is-type-video is-provider-youtube wp-block-embed-youtube wp-embed-aspect-16-9 wp-has-aspect-ratio\"><div class=\"wp-block-embed__wrapper\">\n<iframe loading=\"lazy\" title=\"Barbara Degos. Sculptures.\" width=\"720\" height=\"405\" src=\"https:\/\/www.youtube.com\/embed\/JfZWmOijaug?feature=oembed\" frameborder=\"0\" allow=\"accelerometer; autoplay; clipboard-write; encrypted-media; gyroscope; picture-in-picture; web-share\" referrerpolicy=\"strict-origin-when-cross-origin\" allowfullscreen><\/iframe>\n<\/div><\/figure>\n\n\n\n<p><\/p>\n","protected":false},"excerpt":{"rendered":"<p>Minuscules ou imposantes, les sculptures de Barbara ne tiennent pas en place, elles d\u00e9fient les lois de la pesanteur et nous entra\u00eenent \u00e0 leur suite &#8230; Isol\u00e9e ou en groupe, chaque sculpture poss\u00e8de une \u00e2me et une histoire, elle nous interpelle en silence. Telles des esquisses sculpt\u00e9es, elles se donnent \u00e0 voir, mais surtout elles&#8230;<\/p>\n","protected":false},"author":2,"featured_media":3171,"comment_status":"open","ping_status":"open","sticky":false,"template":"","format":"standard","meta":{"_kad_post_transparent":"","_kad_post_title":"","_kad_post_layout":"","_kad_post_sidebar_id":"","_kad_post_content_style":"","_kad_post_vertical_padding":"","_kad_post_feature":"","_kad_post_feature_position":"","_kad_post_header":false,"_kad_post_footer":false,"_kad_post_classname":"","footnotes":""},"categories":[259],"tags":[595,592,594,593],"class_list":["post-3128","post","type-post","status-publish","format-standard","has-post-thumbnail","hentry","category-rencontres","tag-artistes-a-meudon","tag-barbara-degos","tag-esag-penninghen","tag-sculpteur"],"_links":{"self":[{"href":"https:\/\/lafilledecorinthe.com\/wordpress\/wp-json\/wp\/v2\/posts\/3128","targetHints":{"allow":["GET"]}}],"collection":[{"href":"https:\/\/lafilledecorinthe.com\/wordpress\/wp-json\/wp\/v2\/posts"}],"about":[{"href":"https:\/\/lafilledecorinthe.com\/wordpress\/wp-json\/wp\/v2\/types\/post"}],"author":[{"embeddable":true,"href":"https:\/\/lafilledecorinthe.com\/wordpress\/wp-json\/wp\/v2\/users\/2"}],"replies":[{"embeddable":true,"href":"https:\/\/lafilledecorinthe.com\/wordpress\/wp-json\/wp\/v2\/comments?post=3128"}],"version-history":[{"count":29,"href":"https:\/\/lafilledecorinthe.com\/wordpress\/wp-json\/wp\/v2\/posts\/3128\/revisions"}],"predecessor-version":[{"id":15240,"href":"https:\/\/lafilledecorinthe.com\/wordpress\/wp-json\/wp\/v2\/posts\/3128\/revisions\/15240"}],"wp:featuredmedia":[{"embeddable":true,"href":"https:\/\/lafilledecorinthe.com\/wordpress\/wp-json\/wp\/v2\/media\/3171"}],"wp:attachment":[{"href":"https:\/\/lafilledecorinthe.com\/wordpress\/wp-json\/wp\/v2\/media?parent=3128"}],"wp:term":[{"taxonomy":"category","embeddable":true,"href":"https:\/\/lafilledecorinthe.com\/wordpress\/wp-json\/wp\/v2\/categories?post=3128"},{"taxonomy":"post_tag","embeddable":true,"href":"https:\/\/lafilledecorinthe.com\/wordpress\/wp-json\/wp\/v2\/tags?post=3128"}],"curies":[{"name":"wp","href":"https:\/\/api.w.org\/{rel}","templated":true}]}}