{"id":3070,"date":"2013-10-12T13:08:53","date_gmt":"2013-10-12T12:08:53","guid":{"rendered":"http:\/\/lafilledecorinthe.com\/wordpress\/?p=3070"},"modified":"2025-12-10T13:55:47","modified_gmt":"2025-12-10T12:55:47","slug":"winshluss-au-musee-des-arts-decoratifs","status":"publish","type":"post","link":"https:\/\/lafilledecorinthe.com\/wordpress\/2013\/10\/winshluss-au-musee-des-arts-decoratifs\/","title":{"rendered":"Winshluss au Mus\u00e9e des Arts D\u00e9coratifs"},"content":{"rendered":"\n<p>S&rsquo;il utilise un pseudonyme pour signer son travail graphique, Vincent Paronnaud n&rsquo;h\u00e9site pas \u00e0 exposer sa t\u00eate. Oui, le barbu chevelu aux grosses lunettes c&rsquo;est lui ! Un masque \u00e0 son effigie s&rsquo;inscrit dans une frise de masques issus de la collection du <a href=\"http:\/\/www.lesartsdecoratifs.fr\/francais\/arts-decoratifs\/expositions-23\/actuellement\/dans-la-galerie-des-jouets\/winshluss-un-monde-merveilleux\/\" target=\"_blank\" rel=\"noopener\">mus\u00e9e des arts d\u00e9co<\/a>. Entour\u00e9 d&rsquo;un clown gai et d&rsquo;un clown triste, il annonce ainsi le ton de l&rsquo;exposition, nous allons naviguer entre rire et grimace.<\/p>\n\n\n<div class=\"wp-block-image\">\n<figure class=\"aligncenter\"><a href=\"https:\/\/lafilledecorinthe.com\/wordpress\/wp-content\/uploads\/2013\/10\/Vue-de-lexposition-\u00a9-Luc-Boegly.jpg\"><img loading=\"lazy\" decoding=\"async\" width=\"669\" height=\"800\" src=\"https:\/\/lafilledecorinthe.com\/wordpress\/wp-content\/uploads\/2013\/10\/Vue-de-lexposition-\u00a9-Luc-Boegly.jpg\" alt=\"Vue de l'exposition \u00a9 Luc Boegly\" class=\"wp-image-3081\" srcset=\"https:\/\/lafilledecorinthe.com\/wordpress\/wp-content\/uploads\/2013\/10\/Vue-de-lexposition-\u00a9-Luc-Boegly.jpg 669w, https:\/\/lafilledecorinthe.com\/wordpress\/wp-content\/uploads\/2013\/10\/Vue-de-lexposition-\u00a9-Luc-Boegly-568x680.jpg 568w, https:\/\/lafilledecorinthe.com\/wordpress\/wp-content\/uploads\/2013\/10\/Vue-de-lexposition-\u00a9-Luc-Boegly-250x300.jpg 250w\" sizes=\"auto, (max-width: 669px) 100vw, 669px\" \/><\/a><figcaption class=\"wp-element-caption\">Vue de l&rsquo;exposition \u00a9 Luc Boegly<\/figcaption><\/figure>\n<\/div>\n\n\n<p>Si le monde de l&rsquo;enfance inspire Winshluss, son innocence suppos\u00e9e en prend un coup. Il r\u00e9actualise notamment des contes archi-connus dans des vitrines aux allures de th\u00e9\u00e2tre en carton dans une s\u00e9rie d\u00e9tonnante \u00ab\u00a0Il \u00e9tait une fois\u00a0\u00bb. J&rsquo;ai particuli\u00e8rement appr\u00e9ci\u00e9 le sort des h\u00e9ro\u00efnes, elles ne sont plus des victimes passives mais prennent les choses en main !<em> La petite sir\u00e8ne<\/em> a retrouv\u00e9 son int\u00e9grit\u00e9 physique et elle coule des jours tranquilles au fond des mers. Fascin\u00e9e par sa t\u00e9l\u00e9vision grenouille, elle n&rsquo;aura pas un regard pour le prince venu la relancer en sous-marin !<em> Le petit Chaperon rouge<\/em> a droit quant \u00e0 lui \u00e0 deux vitrines, sans se d\u00e9partir de son large sourire, il r\u00e8gle son compte au loup \u00e0 coup de tron\u00e7onneuse. Mais ma pr\u00e9f\u00e9r\u00e9e reste sans conteste <em>la petite fille aux allumettes<\/em> qui se transforme en incendiaire des temps modernes &#8230;<\/p>\n\n\n<div class=\"wp-block-image\">\n<figure class=\"aligncenter\"><a href=\"https:\/\/lafilledecorinthe.com\/wordpress\/wp-content\/uploads\/2013\/10\/Vue-de-l\u2019exposition-\u00a9-Luc-Boegly.jpg\"><img loading=\"lazy\" decoding=\"async\" width=\"596\" height=\"800\" src=\"https:\/\/lafilledecorinthe.com\/wordpress\/wp-content\/uploads\/2013\/10\/Vue-de-l\u2019exposition-\u00a9-Luc-Boegly.jpg\" alt=\"Vue de l\u2019exposition \u00a9 Luc Boegly\" class=\"wp-image-3093\" srcset=\"https:\/\/lafilledecorinthe.com\/wordpress\/wp-content\/uploads\/2013\/10\/Vue-de-l\u2019exposition-\u00a9-Luc-Boegly.jpg 596w, https:\/\/lafilledecorinthe.com\/wordpress\/wp-content\/uploads\/2013\/10\/Vue-de-l\u2019exposition-\u00a9-Luc-Boegly-506x680.jpg 506w, https:\/\/lafilledecorinthe.com\/wordpress\/wp-content\/uploads\/2013\/10\/Vue-de-l\u2019exposition-\u00a9-Luc-Boegly-223x300.jpg 223w\" sizes=\"auto, (max-width: 596px) 100vw, 596px\" \/><\/a><figcaption class=\"wp-element-caption\">Vue de l\u2019exposition<br>\u00a9 Luc Boegly<\/figcaption><\/figure>\n<\/div>\n\n\n<p>J&rsquo;ai aussi beaucoup aim\u00e9 les deux grands dioramas. Le premier <em>Barbapatomique<\/em> nous pr\u00e9sente un bon vieux Barbapapa mutant, ses trois yeux et ses nombreuses tentacules lui permettent de se battre vaillamment contre une attaque de petits soldats bien \u00e9quip\u00e9s. Dommage que les jouets ne soient pas accessibles, on a envie de continuer la sc\u00e8ne &#8230;<\/p>\n\n\n<div class=\"wp-block-image\">\n<figure class=\"aligncenter\"><a href=\"https:\/\/lafilledecorinthe.com\/wordpress\/wp-content\/uploads\/2013\/10\/barbatomic.jpg\"><img loading=\"lazy\" decoding=\"async\" width=\"800\" height=\"548\" src=\"https:\/\/lafilledecorinthe.com\/wordpress\/wp-content\/uploads\/2013\/10\/barbatomic.jpg\" alt=\"Dessin pr\u00e9paratoire pour le diorama \u00ab Barbapatomique \u00bb, 2012. Encre et feutre \u00a9 Winshluss \/ Les Arts D\u00e9coratifs, Paris.\" class=\"wp-image-3103\" srcset=\"https:\/\/lafilledecorinthe.com\/wordpress\/wp-content\/uploads\/2013\/10\/barbatomic.jpg 800w, https:\/\/lafilledecorinthe.com\/wordpress\/wp-content\/uploads\/2013\/10\/barbatomic-680x465.jpg 680w, https:\/\/lafilledecorinthe.com\/wordpress\/wp-content\/uploads\/2013\/10\/barbatomic-437x300.jpg 437w\" sizes=\"auto, (max-width: 800px) 100vw, 800px\" \/><\/a><figcaption class=\"wp-element-caption\">Dessin pr\u00e9paratoire pour le diorama \u00ab Barbapatomique \u00bb, 2012. Encre et feutre \u00a9 Winshluss \/ Les Arts D\u00e9coratifs, Paris.<\/figcaption><\/figure>\n<\/div>\n\n\n<p>Dans le deuxi\u00e8me diorama,&nbsp;Winshluss&nbsp;donne une origine biblique \u00e0 la disparition des dinosaures, hilarant ! Cette id\u00e9e est une reprise d&rsquo;une planche de sa <a href=\"http:\/\/www.lesrequinsmarteaux.org\/\" target=\"_blank\" rel=\"noopener\">prochaine BD<\/a> consacr\u00e9e \u00e0 &#8230; Dieu&#8230; qui sortira en novembre &#8230;<\/p>\n\n\n<div class=\"wp-block-image\">\n<figure class=\"aligncenter\"><a href=\"https:\/\/lafilledecorinthe.com\/wordpress\/wp-content\/uploads\/2013\/10\/Winshluss_In-God-we-trust_arche-de-noe.jpg\"><img loading=\"lazy\" decoding=\"async\" width=\"558\" height=\"800\" src=\"https:\/\/lafilledecorinthe.com\/wordpress\/wp-content\/uploads\/2013\/10\/Winshluss_In-God-we-trust_arche-de-noe.jpg\" alt=\"Winshluss, extrait de la BD &quot;In God we trust&quot;\" class=\"wp-image-3104\" srcset=\"https:\/\/lafilledecorinthe.com\/wordpress\/wp-content\/uploads\/2013\/10\/Winshluss_In-God-we-trust_arche-de-noe.jpg 558w, https:\/\/lafilledecorinthe.com\/wordpress\/wp-content\/uploads\/2013\/10\/Winshluss_In-God-we-trust_arche-de-noe-474x680.jpg 474w, https:\/\/lafilledecorinthe.com\/wordpress\/wp-content\/uploads\/2013\/10\/Winshluss_In-God-we-trust_arche-de-noe-209x300.jpg 209w\" sizes=\"auto, (max-width: 558px) 100vw, 558px\" \/><\/a><figcaption class=\"wp-element-caption\">Winshluss, extrait de la BD \u00ab\u00a0In God we trust\u00a0\u00bb<\/figcaption><\/figure>\n<\/div>\n\n\n<p>Au milieu de l&rsquo;expo, une salle est d\u00e9di\u00e9e \u00e0 quatre de ses courts m\u00e9trages d&rsquo;animation. Petit rappel pour ceux qui comme moi ont une m\u00e9moire volatile,&nbsp;Winshluss alias Vincent Paronnaud est&nbsp;l&rsquo;auteur de la c\u00e9l\u00e8bre BD <em>Pinocchio<\/em> mais aussi &nbsp;co-r\u00e9alisateur avec Marjane Satrapi du non moins c\u00e9l\u00e8bre film<em> Persepolis<\/em>.<\/p>\n\n\n\n<p>Le premier court m\u00e9trage, <em>Raging blues<\/em>, r\u00e9alis\u00e9 avec Ciso en 2004, est une grosse claque. Une descente aux enfers, terriblement noire, racont\u00e9e avec un talent \u00e0 couper le souffle. Attention, on ne sort pas indemne de ces six minutes.<\/p>\n\n\n\n<figure class=\"wp-block-embed is-type-video is-provider-youtube wp-block-embed-youtube wp-embed-aspect-4-3 wp-has-aspect-ratio\"><div class=\"wp-block-embed__wrapper\">\n<iframe loading=\"lazy\" title=\"RAGING BLUES\" width=\"720\" height=\"540\" src=\"https:\/\/www.youtube.com\/embed\/AsJGnBALUzc?start=3&#038;feature=oembed\" frameborder=\"0\" allow=\"accelerometer; autoplay; clipboard-write; encrypted-media; gyroscope; picture-in-picture; web-share\" referrerpolicy=\"strict-origin-when-cross-origin\" allowfullscreen><\/iframe>\n<\/div><\/figure>\n\n\n\n<p><\/p>\n\n\n\n<p>La veine parodique traverse ses autres courts \u00e0 l&rsquo;instar de ses BD, <em>Monsieur Ferraille<\/em> est un Popeye alcoolis\u00e9 \u00a0en prise avec une paire de jambes. Son dernier film, r\u00e9alis\u00e9 en solo en 2010,<em>Il \u00e9tait une fois l&rsquo;huile,<\/em> s&rsquo;inspire\u00a0de la s\u00e9rie mythique d&rsquo;Alain Barill\u00e9 <em>Il \u00e9tait une fois l&rsquo;homme. <\/em>Si les dessins sont ronds et color\u00e9s, l&rsquo;humour reste caustique !<\/p>\n","protected":false},"excerpt":{"rendered":"<p>S&rsquo;il utilise un pseudonyme pour signer son travail graphique, Vincent Paronnaud n&rsquo;h\u00e9site pas \u00e0 exposer sa t\u00eate. Oui, le barbu chevelu aux grosses lunettes c&rsquo;est lui ! Un masque \u00e0 son effigie s&rsquo;inscrit dans une frise de masques issus de la collection du mus\u00e9e des arts d\u00e9co. Entour\u00e9 d&rsquo;un clown gai et d&rsquo;un clown triste,&#8230;<\/p>\n","protected":false},"author":2,"featured_media":3071,"comment_status":"open","ping_status":"open","sticky":false,"template":"","format":"standard","meta":{"_kad_post_transparent":"","_kad_post_title":"","_kad_post_layout":"","_kad_post_sidebar_id":"","_kad_post_content_style":"","_kad_post_vertical_padding":"","_kad_post_feature":"","_kad_post_feature_position":"","_kad_post_header":false,"_kad_post_footer":false,"_kad_post_classname":"","footnotes":""},"categories":[6,13],"tags":[577,579,578,581,584,583,585,582,575,580,576,574,573],"class_list":["post-3070","post","type-post","status-publish","format-standard","has-post-thumbnail","hentry","category-blog","category-sorties-culturelles","tag-il-etait-une-fois","tag-in-god-we-trust","tag-barbapatomique","tag-ciso","tag-il-etait-une-fois-lhomme","tag-il-etait-une-fois-lhuile","tag-merolla","tag-monsieur-ferraille","tag-musee-des-arts-decoratifs","tag-raging-blues","tag-vincent-paronnaud","tag-winshluss","tag-winshluss-un-monde-merveilleux"],"_links":{"self":[{"href":"https:\/\/lafilledecorinthe.com\/wordpress\/wp-json\/wp\/v2\/posts\/3070","targetHints":{"allow":["GET"]}}],"collection":[{"href":"https:\/\/lafilledecorinthe.com\/wordpress\/wp-json\/wp\/v2\/posts"}],"about":[{"href":"https:\/\/lafilledecorinthe.com\/wordpress\/wp-json\/wp\/v2\/types\/post"}],"author":[{"embeddable":true,"href":"https:\/\/lafilledecorinthe.com\/wordpress\/wp-json\/wp\/v2\/users\/2"}],"replies":[{"embeddable":true,"href":"https:\/\/lafilledecorinthe.com\/wordpress\/wp-json\/wp\/v2\/comments?post=3070"}],"version-history":[{"count":52,"href":"https:\/\/lafilledecorinthe.com\/wordpress\/wp-json\/wp\/v2\/posts\/3070\/revisions"}],"predecessor-version":[{"id":15456,"href":"https:\/\/lafilledecorinthe.com\/wordpress\/wp-json\/wp\/v2\/posts\/3070\/revisions\/15456"}],"wp:featuredmedia":[{"embeddable":true,"href":"https:\/\/lafilledecorinthe.com\/wordpress\/wp-json\/wp\/v2\/media\/3071"}],"wp:attachment":[{"href":"https:\/\/lafilledecorinthe.com\/wordpress\/wp-json\/wp\/v2\/media?parent=3070"}],"wp:term":[{"taxonomy":"category","embeddable":true,"href":"https:\/\/lafilledecorinthe.com\/wordpress\/wp-json\/wp\/v2\/categories?post=3070"},{"taxonomy":"post_tag","embeddable":true,"href":"https:\/\/lafilledecorinthe.com\/wordpress\/wp-json\/wp\/v2\/tags?post=3070"}],"curies":[{"name":"wp","href":"https:\/\/api.w.org\/{rel}","templated":true}]}}