{"id":296,"date":"2011-11-27T20:45:54","date_gmt":"2011-11-27T19:45:54","guid":{"rendered":"http:\/\/lafilledecorinthe.com\/wordpress\/?p=296"},"modified":"2011-11-30T21:07:41","modified_gmt":"2011-11-30T20:07:41","slug":"gisele-freund","status":"publish","type":"post","link":"https:\/\/lafilledecorinthe.com\/wordpress\/2011\/11\/gisele-freund\/","title":{"rendered":"Gis\u00e8le Freund"},"content":{"rendered":"<figure id=\"attachment_300\" aria-describedby=\"caption-attachment-300\" style=\"width: 600px\" class=\"wp-caption aligncenter\"><a href=\"https:\/\/lafilledecorinthe.com\/wordpress\/wp-content\/uploads\/2011\/11\/4F70972.jpg\"><img loading=\"lazy\" decoding=\"async\" class=\"size-full wp-image-300\" title=\"Les goudronneurs, Paris, 1931\" src=\"https:\/\/lafilledecorinthe.com\/wordpress\/wp-content\/uploads\/2011\/11\/4F70972.jpg\" alt=\"\" width=\"600\" height=\"408\" srcset=\"https:\/\/lafilledecorinthe.com\/wordpress\/wp-content\/uploads\/2011\/11\/4F70972.jpg 600w, https:\/\/lafilledecorinthe.com\/wordpress\/wp-content\/uploads\/2011\/11\/4F70972-441x300.jpg 441w\" sizes=\"auto, (max-width: 600px) 100vw, 600px\" \/><\/a><figcaption id=\"caption-attachment-300\" class=\"wp-caption-text\">Les goudronneurs, Paris, 1931<\/figcaption><\/figure>\n<p>Connue pour ses photographies d&rsquo;\u00e9crivains, Gis\u00e8le Freund est avant tout une femme engag\u00e9e. Etudiante en sociologie et militante socialiste, elle fuit l&rsquo;Allemagne Nazie d\u00e8s 1933. Ce sont ses premiers pas de photographe (1933-1940) qui nous sont pr\u00e9sent\u00e9s dans l&rsquo;exposition\u00a0qui lui est consacr\u00e9e \u00e0 la Fondation Pierre Berg\u00e9 \/ Yves saint Laurent.<\/p>\n<p>Ses photographies sociales, notamment celles issues d&rsquo;une s\u00e9rie r\u00e9alis\u00e9e en Angleterre en 1935, sont expos\u00e9es dans la premi\u00e8re salle. Elles r\u00e9v\u00e8lent son empathie profonde avec des anonymes souffrant de la pr\u00e9carit\u00e9, elles me touchent bien plus que son panth\u00e9on de c\u00e9l\u00e9brit\u00e9s. Je suis rest\u00e9e sur ma faim, j&rsquo;aurais souhait\u00e9 en voir plus !<\/p>\n<p>Regardons maintenant les portraits d&rsquo;\u00e9crivains qui ont fait sa c\u00e9l\u00e9brit\u00e9. Cadre serr\u00e9, en noir et blanc puis en couleurs, Gis\u00e8le Freund offre, aux \u00e9crivains qu&rsquo;elle admirait, une image de leur personnalit\u00e9 .<\/p>\n<p>Femme d&rsquo;images mais aussi de mots, l&rsquo;analyse de son propre travail est passionnant : \u00a0 \u00a0 \u00a0 \u00a0 <em>Tr\u00e8s vite, je m&rsquo;\u00e9tais aper\u00e7ue que pour faire un portrait naturel il fallait tout faire pour que la personne photographi\u00e9e ne se rende pas compte de mon petit appareil. C&rsquo;\u00e9tait un Leica, qui m&rsquo;a accompagn\u00e9e durant toute ma vie, un cadeau de mon p\u00e8re quand j&rsquo;ai eu mon bachot.\u00a0L&rsquo;homme, et surtout l&rsquo;\u00e9crivain, s&rsquo;int\u00e9resse avant tout \u00e0 son oeuvre. J&rsquo;avais lu les ouvrages des personnes que j&rsquo;ai photographi\u00e9es et je pouvais donc commencer un entretien au sujet de leurs \u00e9crits. Tr\u00e8s vite, ils oubliaient mon appareil et, c&rsquo;est gr\u00e2ce \u00e0 cette astuce, que je suis arriv\u00e9e \u00e0 faire des photos non pos\u00e9es. Et puis l&rsquo;\u00e9criture me passionnait. \u00a0 \u00a0 \u00a0 \u00a0 \u00a0\u00a0<\/em>Pr\u00e9face du livre \u00ab\u00a0Portrait d&rsquo;\u00e9crivains et d&rsquo;artistes\u00a0\u00bb<\/p>\n<p>Parmi ces visages sombres, s\u00e9v\u00e8res, majoritairement masculins, celui de Virginia Wolf se singularise. Gis\u00e8le Freund a capt\u00e9 la dualit\u00e9 de l&rsquo;\u00e9crivaine : m\u00e9lancolie mais aussi assurance, volont\u00e9, d\u00e9termination.<\/p>\n<figure id=\"attachment_303\" aria-describedby=\"caption-attachment-303\" style=\"width: 242px\" class=\"wp-caption aligncenter\"><a href=\"https:\/\/lafilledecorinthe.com\/wordpress\/wp-content\/uploads\/2011\/11\/4R001551.jpg\"><img loading=\"lazy\" decoding=\"async\" class=\"size-full wp-image-303 \" title=\"4R00155\" src=\"https:\/\/lafilledecorinthe.com\/wordpress\/wp-content\/uploads\/2011\/11\/4R001551.jpg\" alt=\"\" width=\"242\" height=\"360\" srcset=\"https:\/\/lafilledecorinthe.com\/wordpress\/wp-content\/uploads\/2011\/11\/4R001551.jpg 404w, https:\/\/lafilledecorinthe.com\/wordpress\/wp-content\/uploads\/2011\/11\/4R001551-202x300.jpg 202w\" sizes=\"auto, (max-width: 242px) 100vw, 242px\" \/><\/a><figcaption id=\"caption-attachment-303\" class=\"wp-caption-text\">Virginia Woolf 1939<\/figcaption><\/figure>\n<figure id=\"attachment_304\" aria-describedby=\"caption-attachment-304\" style=\"width: 268px\" class=\"wp-caption aligncenter\"><a href=\"https:\/\/lafilledecorinthe.com\/wordpress\/wp-content\/uploads\/2011\/11\/virginia-woolf-by-gisele-freund-1939.jpeg\"><img loading=\"lazy\" decoding=\"async\" class=\"size-medium wp-image-304 \" title=\"Cat20\" src=\"https:\/\/lafilledecorinthe.com\/wordpress\/wp-content\/uploads\/2011\/11\/virginia-woolf-by-gisele-freund-1939-447x680.jpg\" alt=\"\" width=\"268\" height=\"408\" srcset=\"https:\/\/lafilledecorinthe.com\/wordpress\/wp-content\/uploads\/2011\/11\/virginia-woolf-by-gisele-freund-1939-447x680.jpg 447w, https:\/\/lafilledecorinthe.com\/wordpress\/wp-content\/uploads\/2011\/11\/virginia-woolf-by-gisele-freund-1939-197x300.jpg 197w, https:\/\/lafilledecorinthe.com\/wordpress\/wp-content\/uploads\/2011\/11\/virginia-woolf-by-gisele-freund-1939.jpeg 500w\" sizes=\"auto, (max-width: 268px) 100vw, 268px\" \/><\/a><figcaption id=\"caption-attachment-304\" class=\"wp-caption-text\">Virginia Woolf 1939<\/figcaption><\/figure>\n<p>Ecoutons encore Gis\u00e8le Freund parler de son travail : \u00a0 \u00a0 \u00a0 \u00a0 \u00a0 \u00a0 \u00a0 \u00a0 \u00a0 \u00a0 \u00a0 \u00a0 \u00a0 \u00a0 \u00a0 \u00a0 \u00a0 \u00a0 \u00a0 \u00a0 \u00a0 \u00a0 \u00a0 \u00a0 \u00a0 \u00a0 \u00a0 \u00a0 \u00a0 \u00a0<em>Le visage humain, les gestes familiers de chacun m&rsquo;ont toujours fascin\u00e9e. Le bon portrait est celui o\u00f9 l&rsquo;on retrouve la personnalit\u00e9 du sujet et non celle du photographe. Ce qui compte \u00e0 mon sens, c&rsquo;est qu&rsquo;on dise, devant une photographie: \u00a0\u00bb C&rsquo;est Andr\u00e9 Malraux ou Virginia Woolf\u00a0\u00bb et non \u00a0\u00bb C&rsquo;est une photo de Gis\u00e8le Freund\u00a0\u00bb. \u00a0 \u00a0\u00ab\u00a0<\/em>M\u00e9moire de l&rsquo;oeil\u00a0\u00bb<\/p>\n<p>En sortant de l&rsquo;exposition, j&rsquo;entre dans une librairie, mes yeux sont attir\u00e9s par une couverture, c&rsquo;est un roman graphique qui raconte la vie de Virginia Woolf. Le dessin de couverture semble faire la synth\u00e8se des photographies que je viens de voir. Les premi\u00e8res pages, aquarelles muettes, sont attirantes. La suite tient ses promesses !<\/p>\n<figure id=\"attachment_306\" aria-describedby=\"caption-attachment-306\" style=\"width: 233px\" class=\"wp-caption aligncenter\"><a href=\"https:\/\/lafilledecorinthe.com\/wordpress\/wp-content\/uploads\/2011\/11\/9782350212555FS.gif\"><img loading=\"lazy\" decoding=\"async\" class=\"size-full wp-image-306 \" title=\"BD\" src=\"https:\/\/lafilledecorinthe.com\/wordpress\/wp-content\/uploads\/2011\/11\/9782350212555FS.gif\" alt=\"\" width=\"233\" height=\"285\" srcset=\"https:\/\/lafilledecorinthe.com\/wordpress\/wp-content\/uploads\/2011\/11\/9782350212555FS.gif 389w, https:\/\/lafilledecorinthe.com\/wordpress\/wp-content\/uploads\/2011\/11\/9782350212555FS-245x300.gif 245w\" sizes=\"auto, (max-width: 233px) 100vw, 233px\" \/><\/a><figcaption id=\"caption-attachment-306\" class=\"wp-caption-text\">Virginia Woolf de Mich\u00e8le Gazier et Bernard Ciccolini<\/figcaption><\/figure>\n<p>L&rsquo;envie est l\u00e0, des photographies aux livres, des livres aux photographies&#8230;<\/p>\n<p>Gis\u00e8le Freund a l\u00e9gu\u00e9 plus de 200 photos \u00e0 l&rsquo;\u00e9tat fran\u00e7ais, elles ont int\u00e9gr\u00e9 la collection en ligne du Centre Pompidou, une belle occasion de compl\u00e9ter la d\u00e9couverte de cette oeuvre singuli\u00e8re.<\/p>\n","protected":false},"excerpt":{"rendered":"<p>Connue pour ses photographies d&rsquo;\u00e9crivains, Gis\u00e8le Freund est avant tout une femme engag\u00e9e. Etudiante en sociologie et militante socialiste, elle fuit l&rsquo;Allemagne Nazie d\u00e8s 1933. Ce sont ses premiers pas de photographe (1933-1940) qui nous sont pr\u00e9sent\u00e9s dans l&rsquo;exposition\u00a0qui lui est consacr\u00e9e \u00e0 la Fondation Pierre Berg\u00e9 \/ Yves saint Laurent. Ses photographies sociales, notamment&#8230;<\/p>\n","protected":false},"author":2,"featured_media":300,"comment_status":"open","ping_status":"open","sticky":false,"template":"","format":"standard","meta":{"_kad_post_transparent":"","_kad_post_title":"","_kad_post_layout":"","_kad_post_sidebar_id":"","_kad_post_content_style":"","_kad_post_vertical_padding":"","_kad_post_feature":"","_kad_post_feature_position":"","_kad_post_header":false,"_kad_post_footer":false,"_kad_post_classname":"","footnotes":""},"categories":[13],"tags":[30,17,31],"class_list":["post-296","post","type-post","status-publish","format-standard","has-post-thumbnail","hentry","category-sorties-culturelles","tag-freund","tag-photographe","tag-portrait"],"_links":{"self":[{"href":"https:\/\/lafilledecorinthe.com\/wordpress\/wp-json\/wp\/v2\/posts\/296","targetHints":{"allow":["GET"]}}],"collection":[{"href":"https:\/\/lafilledecorinthe.com\/wordpress\/wp-json\/wp\/v2\/posts"}],"about":[{"href":"https:\/\/lafilledecorinthe.com\/wordpress\/wp-json\/wp\/v2\/types\/post"}],"author":[{"embeddable":true,"href":"https:\/\/lafilledecorinthe.com\/wordpress\/wp-json\/wp\/v2\/users\/2"}],"replies":[{"embeddable":true,"href":"https:\/\/lafilledecorinthe.com\/wordpress\/wp-json\/wp\/v2\/comments?post=296"}],"version-history":[{"count":14,"href":"https:\/\/lafilledecorinthe.com\/wordpress\/wp-json\/wp\/v2\/posts\/296\/revisions"}],"predecessor-version":[{"id":309,"href":"https:\/\/lafilledecorinthe.com\/wordpress\/wp-json\/wp\/v2\/posts\/296\/revisions\/309"}],"wp:featuredmedia":[{"embeddable":true,"href":"https:\/\/lafilledecorinthe.com\/wordpress\/wp-json\/wp\/v2\/media\/300"}],"wp:attachment":[{"href":"https:\/\/lafilledecorinthe.com\/wordpress\/wp-json\/wp\/v2\/media?parent=296"}],"wp:term":[{"taxonomy":"category","embeddable":true,"href":"https:\/\/lafilledecorinthe.com\/wordpress\/wp-json\/wp\/v2\/categories?post=296"},{"taxonomy":"post_tag","embeddable":true,"href":"https:\/\/lafilledecorinthe.com\/wordpress\/wp-json\/wp\/v2\/tags?post=296"}],"curies":[{"name":"wp","href":"https:\/\/api.w.org\/{rel}","templated":true}]}}