{"id":2902,"date":"2013-09-15T18:21:13","date_gmt":"2013-09-15T17:21:13","guid":{"rendered":"http:\/\/lafilledecorinthe.com\/wordpress\/?p=2902"},"modified":"2025-12-09T16:17:30","modified_gmt":"2025-12-09T15:17:30","slug":"les-aventures-fantastiques-de-karel-zeman","status":"publish","type":"post","link":"https:\/\/lafilledecorinthe.com\/wordpress\/2013\/09\/les-aventures-fantastiques-de-karel-zeman\/","title":{"rendered":"\u00ab\u00a0Les aventures fantastiques\u00a0\u00bb de Karel Zeman"},"content":{"rendered":"\n<p>A l&rsquo;ouverture du film, la voix de Simon Hart nous accueille. Ce jeune ing\u00e9nieur vient de vivre une aventure extraordinaire qu&rsquo;il souhaite partager avec nous, spectateurs. Sur son bureau, son journal intime c\u00f4toie une pile de livres de Jules Verne. Il en saisit un, le feuillette et nous montre de magnifiques illustrations. La cam\u00e9ra s&rsquo;arr\u00eate sur une gravure repr\u00e9sentant un bateau en pleine mer, subitement le bateau se met en mouvement &#8230;<\/p>\n\n\n\n<p>Karel Zeman a adapt\u00e9 un roman peu connu de Jules Verne, <a href=\"http:\/\/gallica.bnf.fr\/ark:\/12148\/bpt6k58048213\" target=\"_blank\" rel=\"noopener\">Face au drapeau<\/a>, paru en 1896 aux \u00e9ditions Hetzel. L&rsquo;originalit\u00e9 de cette adaptation cin\u00e9matographique est l&rsquo;int\u00e9r\u00eat port\u00e9 aux illustrations de la premi\u00e8re \u00e9dition. En effet, Zeman fait vivre \u00e0 l&rsquo;\u00e9cran les gravures de L\u00e9on Benett en combinant prise de vue r\u00e9elle et technique d&rsquo;animation \u00ab\u00a0image par image\u00a0\u00bb. Les personnages jou\u00e9s par des acteurs \u00e9voluent dans des d\u00e9cors inspir\u00e9s des gravures. Le choix du noir et blanc, l&rsquo;omnipr\u00e9sence des rayures et l&rsquo;importance des surfaces plates nous indiquent que nous ne sommes pas dans la r\u00e9alit\u00e9 mais dans un monde invent\u00e9 dans lequel nous allons vivre le temps d&rsquo;une projection.<\/p>\n\n\n<div class=\"wp-block-image\">\n<figure class=\"aligncenter\"><a href=\"https:\/\/lafilledecorinthe.com\/wordpress\/wp-content\/uploads\/2013\/09\/sous-marin.jpg\"><img loading=\"lazy\" decoding=\"async\" width=\"560\" height=\"800\" src=\"https:\/\/lafilledecorinthe.com\/wordpress\/wp-content\/uploads\/2013\/09\/sous-marin.jpg\" alt=\"Face au drapeau, Illustration de L\u00e9on Benett, 1896\" class=\"wp-image-2918\" srcset=\"https:\/\/lafilledecorinthe.com\/wordpress\/wp-content\/uploads\/2013\/09\/sous-marin.jpg 560w, https:\/\/lafilledecorinthe.com\/wordpress\/wp-content\/uploads\/2013\/09\/sous-marin-476x680.jpg 476w, https:\/\/lafilledecorinthe.com\/wordpress\/wp-content\/uploads\/2013\/09\/sous-marin-210x300.jpg 210w\" sizes=\"auto, (max-width: 560px) 100vw, 560px\" \/><\/a><figcaption class=\"wp-element-caption\">Face au drapeau, Illustration de L\u00e9on Benett, 1896<\/figcaption><\/figure>\n<\/div>\n\n<div class=\"wp-block-image\">\n<figure class=\"aligncenter\"><a href=\"https:\/\/lafilledecorinthe.com\/wordpress\/wp-content\/uploads\/2013\/09\/aventures-fantastiques-invention-diabolique-57-02-g1.jpg\"><img loading=\"lazy\" decoding=\"async\" width=\"800\" height=\"532\" src=\"https:\/\/lafilledecorinthe.com\/wordpress\/wp-content\/uploads\/2013\/09\/aventures-fantastiques-invention-diabolique-57-02-g1.jpg\" alt=\"Les aventures fantastiques de Karel Zeman, 1958\" class=\"wp-image-2920\" srcset=\"https:\/\/lafilledecorinthe.com\/wordpress\/wp-content\/uploads\/2013\/09\/aventures-fantastiques-invention-diabolique-57-02-g1.jpg 800w, https:\/\/lafilledecorinthe.com\/wordpress\/wp-content\/uploads\/2013\/09\/aventures-fantastiques-invention-diabolique-57-02-g1-680x452.jpg 680w, https:\/\/lafilledecorinthe.com\/wordpress\/wp-content\/uploads\/2013\/09\/aventures-fantastiques-invention-diabolique-57-02-g1-451x300.jpg 451w\" sizes=\"auto, (max-width: 800px) 100vw, 800px\" \/><\/a><figcaption class=\"wp-element-caption\">Les aventures fantastiques de Karel Zeman, 1958<\/figcaption><\/figure>\n<\/div>\n\n\n<p>La r\u00e9ussite de Zeman est qu&rsquo;on oublie sa virtuosit\u00e9 technique pour rentrer pleinement dans le r\u00e9cit des Aventures fantastiques. Son adaptation est tr\u00e8s libre, son r\u00e9cit est moins sombre que le roman d&rsquo;origine. Le professeur Roch notamment n&rsquo;est plus un inventeur m\u00e9galomane mais un savant na\u00eff, d\u00e9connect\u00e9 de la r\u00e9alit\u00e9. Simon Hart est le h\u00e9ros positif par excellence, ing\u00e9nieux, droit, courageux &#8230; Zeman n&rsquo;h\u00e9site pas \u00e0 introduire des sc\u00e8nes visuellement tr\u00e8s po\u00e9tiques comme la fusion de deux poissons se transformant en papillon. Ils ponctuent aussi son r\u00e9cit avec des sc\u00e8nes humoristiques qui, si j&rsquo;en crois les rires qui ont fus\u00e9 dans la salle du <a href=\"http:\/\/www.studiodesursulines.com\/\" target=\"_blank\" rel=\"noopener\">Studio des Ursulines<\/a>, fonctionnent toujours ! Il cr\u00e9e aussi de multiples objets aussi fabuleux les uns que les autres, un fer \u00e0 repasser tr\u00e8s original, une pince \u00e0 crayon d\u00e9mesur\u00e9e et une vari\u00e9t\u00e9 incroyable de moyens de transport. J&rsquo;ai un petit faible pour le v\u00e9lo sous-marin !<\/p>\n\n\n<div class=\"wp-block-image\">\n<figure class=\"aligncenter\"><a href=\"https:\/\/lafilledecorinthe.com\/wordpress\/wp-content\/uploads\/2013\/09\/29.jpg\"><img loading=\"lazy\" decoding=\"async\" width=\"800\" height=\"620\" src=\"https:\/\/lafilledecorinthe.com\/wordpress\/wp-content\/uploads\/2013\/09\/29.jpg\" alt=\"Le fer \u00e0 repasser -canon\" class=\"wp-image-2933\" srcset=\"https:\/\/lafilledecorinthe.com\/wordpress\/wp-content\/uploads\/2013\/09\/29.jpg 800w, https:\/\/lafilledecorinthe.com\/wordpress\/wp-content\/uploads\/2013\/09\/29-680x527.jpg 680w, https:\/\/lafilledecorinthe.com\/wordpress\/wp-content\/uploads\/2013\/09\/29-387x300.jpg 387w\" sizes=\"auto, (max-width: 800px) 100vw, 800px\" \/><\/a><figcaption class=\"wp-element-caption\">Le fer \u00e0 repasser -canon<\/figcaption><\/figure>\n<\/div>\n\n<div class=\"wp-block-image\">\n<figure class=\"aligncenter\"><a href=\"https:\/\/lafilledecorinthe.com\/wordpress\/wp-content\/uploads\/2013\/09\/v\u00e9lo-.jpg\"><img loading=\"lazy\" decoding=\"async\" width=\"800\" height=\"620\" src=\"https:\/\/lafilledecorinthe.com\/wordpress\/wp-content\/uploads\/2013\/09\/v\u00e9lo-.jpg\" alt=\"le v\u00e9lo sous-marin\" class=\"wp-image-2934\" srcset=\"https:\/\/lafilledecorinthe.com\/wordpress\/wp-content\/uploads\/2013\/09\/v\u00e9lo-.jpg 800w, https:\/\/lafilledecorinthe.com\/wordpress\/wp-content\/uploads\/2013\/09\/v\u00e9lo--680x527.jpg 680w, https:\/\/lafilledecorinthe.com\/wordpress\/wp-content\/uploads\/2013\/09\/v\u00e9lo--387x300.jpg 387w\" sizes=\"auto, (max-width: 800px) 100vw, 800px\" \/><\/a><figcaption class=\"wp-element-caption\">le v\u00e9lo sous-marin<\/figcaption><\/figure>\n<\/div>\n\n\n<p>Cette reprise est un tr\u00e8s beau cadeau de rentr\u00e9e, merci aux Films <a href=\"http:\/\/www.malavidafilms.com\/\" target=\"_blank\" rel=\"noopener\">Malavida<\/a> qui ont travaill\u00e9 avec le <a href=\"http:\/\/www.muzeumkarlazemana.cz\/en\" target=\"_blank\" rel=\"noopener\">mus\u00e9e<\/a> Karel Zeman de Prague pour nous l&rsquo;offrir !<\/p>\n","protected":false},"excerpt":{"rendered":"<p>A l&rsquo;ouverture du film, la voix de Simon Hart nous accueille. Ce jeune ing\u00e9nieur vient de vivre une aventure extraordinaire qu&rsquo;il souhaite partager avec nous, spectateurs. Sur son bureau, son journal intime c\u00f4toie une pile de livres de Jules Verne. Il en saisit un, le feuillette et nous montre de magnifiques illustrations. La cam\u00e9ra s&rsquo;arr\u00eate&#8230;<\/p>\n","protected":false},"author":2,"featured_media":2930,"comment_status":"open","ping_status":"open","sticky":false,"template":"","format":"standard","meta":{"_kad_post_transparent":"","_kad_post_title":"","_kad_post_layout":"","_kad_post_sidebar_id":"","_kad_post_content_style":"","_kad_post_vertical_padding":"","_kad_post_feature":"","_kad_post_feature_position":"","_kad_post_header":false,"_kad_post_footer":false,"_kad_post_classname":"","footnotes":""},"categories":[6,13],"tags":[12,26,533,537,534,531,530,535,532,538,536],"class_list":["post-2902","post","type-post","status-publish","format-standard","has-post-thumbnail","hentry","category-blog","category-sorties-culturelles","tag-adaptation","tag-animation","tag-face-au-drapeau","tag-films-malavida","tag-illustration","tag-jules-verne","tag-karel-zeman","tag-leon-benett","tag-les-aventures-fantastiques","tag-musee-karel-zeman","tag-studio-des-ursulines"],"_links":{"self":[{"href":"https:\/\/lafilledecorinthe.com\/wordpress\/wp-json\/wp\/v2\/posts\/2902","targetHints":{"allow":["GET"]}}],"collection":[{"href":"https:\/\/lafilledecorinthe.com\/wordpress\/wp-json\/wp\/v2\/posts"}],"about":[{"href":"https:\/\/lafilledecorinthe.com\/wordpress\/wp-json\/wp\/v2\/types\/post"}],"author":[{"embeddable":true,"href":"https:\/\/lafilledecorinthe.com\/wordpress\/wp-json\/wp\/v2\/users\/2"}],"replies":[{"embeddable":true,"href":"https:\/\/lafilledecorinthe.com\/wordpress\/wp-json\/wp\/v2\/comments?post=2902"}],"version-history":[{"count":36,"href":"https:\/\/lafilledecorinthe.com\/wordpress\/wp-json\/wp\/v2\/posts\/2902\/revisions"}],"predecessor-version":[{"id":15308,"href":"https:\/\/lafilledecorinthe.com\/wordpress\/wp-json\/wp\/v2\/posts\/2902\/revisions\/15308"}],"wp:featuredmedia":[{"embeddable":true,"href":"https:\/\/lafilledecorinthe.com\/wordpress\/wp-json\/wp\/v2\/media\/2930"}],"wp:attachment":[{"href":"https:\/\/lafilledecorinthe.com\/wordpress\/wp-json\/wp\/v2\/media?parent=2902"}],"wp:term":[{"taxonomy":"category","embeddable":true,"href":"https:\/\/lafilledecorinthe.com\/wordpress\/wp-json\/wp\/v2\/categories?post=2902"},{"taxonomy":"post_tag","embeddable":true,"href":"https:\/\/lafilledecorinthe.com\/wordpress\/wp-json\/wp\/v2\/tags?post=2902"}],"curies":[{"name":"wp","href":"https:\/\/api.w.org\/{rel}","templated":true}]}}