{"id":2858,"date":"2013-09-12T11:00:14","date_gmt":"2013-09-12T10:00:14","guid":{"rendered":"http:\/\/lafilledecorinthe.com\/wordpress\/?p=2858"},"modified":"2025-12-10T13:40:37","modified_gmt":"2025-12-10T12:40:37","slug":"une-histoire-dhommes-de-zep","status":"publish","type":"post","link":"https:\/\/lafilledecorinthe.com\/wordpress\/2013\/09\/une-histoire-dhommes-de-zep\/","title":{"rendered":"\u00ab\u00a0Une histoire d&rsquo;hommes\u00a0\u00bb de Zep"},"content":{"rendered":"<div class=\"wp-block-image\">\n<figure class=\"aligncenter\"><a href=\"https:\/\/lafilledecorinthe.com\/wordpress\/wp-content\/uploads\/2013\/09\/P1090915.jpg\"><img loading=\"lazy\" decoding=\"async\" width=\"800\" height=\"600\" src=\"https:\/\/lafilledecorinthe.com\/wordpress\/wp-content\/uploads\/2013\/09\/P1090915.jpg\" alt=\"Campagne d'affichage dans le m\u00e9tro, 10\/09\/13\" class=\"wp-image-2859\" srcset=\"https:\/\/lafilledecorinthe.com\/wordpress\/wp-content\/uploads\/2013\/09\/P1090915.jpg 800w, https:\/\/lafilledecorinthe.com\/wordpress\/wp-content\/uploads\/2013\/09\/P1090915-680x510.jpg 680w, https:\/\/lafilledecorinthe.com\/wordpress\/wp-content\/uploads\/2013\/09\/P1090915-400x300.jpg 400w\" sizes=\"auto, (max-width: 800px) 100vw, 800px\" \/><\/a><figcaption class=\"wp-element-caption\">Campagne d&rsquo;affichage dans le m\u00e9tro, 10\/09\/13<\/figcaption><\/figure>\n<\/div>\n\n\n<p>Ok, la sortie du dernier album de Zep est hyper m\u00e9diatis\u00e9e alors pourquoi en rajouter une couche ? Et bien, parce que, plan marketing ou pas, la lecture des premi\u00e8res <a href=\"http:\/\/www.telerama.fr\/livre\/les-premieres-pages-d-une-histoire-d-hommes-la-bd-evenement-de-zep,101870.php#xtor=EPR-126-newsletter_tra-20130910\" target=\"_blank\" rel=\"noopener\">planches<\/a> d&rsquo; \u00ab\u00a0Une histoire d&rsquo;hommes\u00a0\u00bb sur le site web de T\u00e9l\u00e9rama m&rsquo;a tellement accroch\u00e9e que je n&rsquo;avais qu&rsquo;une seule envie, courir vite dans ma <a href=\"http:\/\/www.librairie-petitsmots.fr\/\">librairie<\/a> pr\u00e9f\u00e9r\u00e9e pour en conna\u00eetre la suite.<\/p>\n\n\n\n<p>Je viens de lire \u00ab\u00a0Une histoire d&rsquo;hommes\u00a0\u00bb trois fois. J&rsquo;ai d&rsquo;abord \u00e9t\u00e9 happ\u00e9e par l&rsquo;histoire de ces quatre copains qui formaient un groupe de rock au d\u00e9but des ann\u00e9es 90, les Tricky Fingers. Une \u00e9mission TV foireuse a fait exploser le groupe, il se retrouve 18 ans plus tard &#8230; L&rsquo;histoire se d\u00e9roule le temps d&rsquo;un week-end dans un manoir anglais appartenant \u00e0 l&rsquo;ex-chanteur du groupe, seul \u00e0 avoir r\u00e9ussi une carri\u00e8re de rock star. &nbsp; &nbsp; &nbsp; De nombreux flashbacks ouvrent le huis-clos un peu \u00e9touffant de ces retrouvailles. Les personnages ne sont pas des caricatures, ils ont une vraie enveloppe, on est tr\u00e8s vite en empathie avec eux. L&rsquo;un des h\u00e9ros, Yvan, se per\u00e7oit comme un \u00ab\u00a0authentique loser\u00a0\u00bb. Autour de lui, gravitent trois hommes et deux femmes. \u00ab\u00a0Histoire d&rsquo;hommes\u00a0\u00bb, oui, mais surtout histoire de coeur, la prescription existe-t-elle dans le domaine des sentiments ?<\/p>\n\n\n\n<p>Apr\u00e8s une premi\u00e8re lecture un peu fr\u00e9n\u00e9tique, je reprends tout depuis le d\u00e9but pour appr\u00e9cier les dessins r\u00e9alistes, le jeu avec les couleurs, les cases ouvertes &#8230; Il y a effectivement un changement dans le style de Zep par rapport \u00e0 ces pr\u00e9c\u00e9dents albums mais aussi de la continuit\u00e9 &#8230; &nbsp;Son go\u00fbt pour le bleu et le mauve, sa volont\u00e9 de sortir des cases, son plaisir de dessiner des rockeurs, son sens des dialogues &#8230;<\/p>\n\n\n<div class=\"wp-block-image\">\n<figure class=\"aligncenter\"><a href=\"https:\/\/lafilledecorinthe.com\/wordpress\/wp-content\/uploads\/2013\/09\/Zep1.jpeg\"><img loading=\"lazy\" decoding=\"async\" width=\"800\" height=\"677\" src=\"https:\/\/lafilledecorinthe.com\/wordpress\/wp-content\/uploads\/2013\/09\/Zep1.jpeg\" alt=\"Titeuf 9, la loi du pr\u00e9au, Gl\u00e9nat, 2002\" class=\"wp-image-2878\" srcset=\"https:\/\/lafilledecorinthe.com\/wordpress\/wp-content\/uploads\/2013\/09\/Zep1.jpeg 800w, https:\/\/lafilledecorinthe.com\/wordpress\/wp-content\/uploads\/2013\/09\/Zep1-680x575.jpeg 680w, https:\/\/lafilledecorinthe.com\/wordpress\/wp-content\/uploads\/2013\/09\/Zep1-354x300.jpeg 354w\" sizes=\"auto, (max-width: 800px) 100vw, 800px\" \/><\/a><figcaption class=\"wp-element-caption\">Titeuf 9, \u00ab\u00a0la loi du pr\u00e9au\u00a0\u00bb de Zep, Gl\u00e9nat, 2002<\/figcaption><\/figure>\n<\/div>\n\n<div class=\"wp-block-image\">\n<figure class=\"aligncenter\"><a href=\"https:\/\/lafilledecorinthe.com\/wordpress\/wp-content\/uploads\/2013\/09\/P1090916.jpg\"><img loading=\"lazy\" decoding=\"async\" width=\"800\" height=\"600\" src=\"https:\/\/lafilledecorinthe.com\/wordpress\/wp-content\/uploads\/2013\/09\/P1090916.jpg\" alt=\"&quot;L'enfer des concerts&quot; et &quot;Une histoire d'hommes&quot; de Zep, Dupuis-1999 et Rue de S\u00e8vres-2013\" class=\"wp-image-2879\" srcset=\"https:\/\/lafilledecorinthe.com\/wordpress\/wp-content\/uploads\/2013\/09\/P1090916.jpg 800w, https:\/\/lafilledecorinthe.com\/wordpress\/wp-content\/uploads\/2013\/09\/P1090916-680x510.jpg 680w, https:\/\/lafilledecorinthe.com\/wordpress\/wp-content\/uploads\/2013\/09\/P1090916-400x300.jpg 400w\" sizes=\"auto, (max-width: 800px) 100vw, 800px\" \/><\/a><figcaption class=\"wp-element-caption\">\u00ab\u00a0L&rsquo;enfer des concerts\u00a0\u00bb et \u00ab\u00a0Une histoire d&rsquo;hommes\u00a0\u00bb de Zep, Dupuis-1999 et Rue de S\u00e8vres-2013<\/figcaption><\/figure>\n<\/div>\n\n\n<p>Pour accompagner la sortie de l&rsquo;album, la galerie <a href=\"http:\/\/barbiermathon.com\/dotclear\/index.php?category\/LA-GALERIE-EXPOSE\" target=\"_blank\" rel=\"noopener\">Barbier &amp; Mathon<\/a> organise une exposition des planches originales ainsi que certains essais t\u00e9moignant de la recherche graphique de Zep, son storyboard et les trois versions cons\u00e9cutives de l&rsquo;histoire. Passionnant de voir les changements de style, les choix de cadrage successifs &#8230; Surprise aussi de voir que la couleur n&rsquo;est pas pr\u00e9sente sur les planches originales. Le m\u00e9tier de coloriste s&rsquo;est aussi informatis\u00e9, son travail n&rsquo;appara\u00eet plus sur les cimaises des galeries mais fort heureusement il reste fondamental dans l&rsquo;\u00e9dition du livre.<\/p>\n\n\n\n<p>A <a href=\"http:\/\/www.telerama.fr\/livre\/bd-zep-raconte-la-fabrication-d-une-histoire-d-hommes,102844.php#xtor=EPR-126-newsletter_tra-20130927\" target=\"_blank\" rel=\"noopener\">lire<\/a> ! Zep commente 3 de ses planches, passionnant ! Il r\u00e9v\u00e8le notamment l&rsquo;importance de la photographie et du cin\u00e9ma dans la construction des images et du r\u00e9cit &#8230;<\/p>\n","protected":false},"excerpt":{"rendered":"<p>Ok, la sortie du dernier album de Zep est hyper m\u00e9diatis\u00e9e alors pourquoi en rajouter une couche ? Et bien, parce que, plan marketing ou pas, la lecture des premi\u00e8res planches d&rsquo; \u00ab\u00a0Une histoire d&rsquo;hommes\u00a0\u00bb sur le site web de T\u00e9l\u00e9rama m&rsquo;a tellement accroch\u00e9e que je n&rsquo;avais qu&rsquo;une seule envie, courir vite dans ma librairie&#8230;<\/p>\n","protected":false},"author":2,"featured_media":2859,"comment_status":"open","ping_status":"open","sticky":false,"template":"","format":"standard","meta":{"_kad_post_transparent":"","_kad_post_title":"","_kad_post_layout":"","_kad_post_sidebar_id":"","_kad_post_content_style":"","_kad_post_vertical_padding":"","_kad_post_feature":"","_kad_post_feature_position":"","_kad_post_header":false,"_kad_post_footer":false,"_kad_post_classname":"","footnotes":""},"categories":[6,13],"tags":[529,528,527,526],"class_list":["post-2858","post","type-post","status-publish","format-standard","has-post-thumbnail","hentry","category-blog","category-sorties-culturelles","tag-galerie-barbier-mathon","tag-titeuf","tag-une-histoire-dhommes","tag-zep"],"_links":{"self":[{"href":"https:\/\/lafilledecorinthe.com\/wordpress\/wp-json\/wp\/v2\/posts\/2858","targetHints":{"allow":["GET"]}}],"collection":[{"href":"https:\/\/lafilledecorinthe.com\/wordpress\/wp-json\/wp\/v2\/posts"}],"about":[{"href":"https:\/\/lafilledecorinthe.com\/wordpress\/wp-json\/wp\/v2\/types\/post"}],"author":[{"embeddable":true,"href":"https:\/\/lafilledecorinthe.com\/wordpress\/wp-json\/wp\/v2\/users\/2"}],"replies":[{"embeddable":true,"href":"https:\/\/lafilledecorinthe.com\/wordpress\/wp-json\/wp\/v2\/comments?post=2858"}],"version-history":[{"count":44,"href":"https:\/\/lafilledecorinthe.com\/wordpress\/wp-json\/wp\/v2\/posts\/2858\/revisions"}],"predecessor-version":[{"id":15432,"href":"https:\/\/lafilledecorinthe.com\/wordpress\/wp-json\/wp\/v2\/posts\/2858\/revisions\/15432"}],"wp:featuredmedia":[{"embeddable":true,"href":"https:\/\/lafilledecorinthe.com\/wordpress\/wp-json\/wp\/v2\/media\/2859"}],"wp:attachment":[{"href":"https:\/\/lafilledecorinthe.com\/wordpress\/wp-json\/wp\/v2\/media?parent=2858"}],"wp:term":[{"taxonomy":"category","embeddable":true,"href":"https:\/\/lafilledecorinthe.com\/wordpress\/wp-json\/wp\/v2\/categories?post=2858"},{"taxonomy":"post_tag","embeddable":true,"href":"https:\/\/lafilledecorinthe.com\/wordpress\/wp-json\/wp\/v2\/tags?post=2858"}],"curies":[{"name":"wp","href":"https:\/\/api.w.org\/{rel}","templated":true}]}}