{"id":2838,"date":"2013-09-07T15:55:12","date_gmt":"2013-09-07T14:55:12","guid":{"rendered":"http:\/\/lafilledecorinthe.com\/wordpress\/?p=2838"},"modified":"2025-12-09T16:06:19","modified_gmt":"2025-12-09T15:06:19","slug":"aya-de-yopougon-le-film","status":"publish","type":"post","link":"https:\/\/lafilledecorinthe.com\/wordpress\/2013\/09\/aya-de-yopougon-le-film\/","title":{"rendered":"AYA de Yopougon, le film !"},"content":{"rendered":"\n<p>L&rsquo;adaptation cin\u00e9matographique de la BD \u00ab\u00a0Aya de Yopougon\u00a0\u00bb est sortie pendant la tr\u00eave estivale. Fort heureusement, les organisateurs du festival <a href=\"http:\/\/croqanime.wix.com\/site#!lefestivalfr\/cee5\" target=\"_blank\" rel=\"noopener\">Croq&rsquo;anime<\/a> ont eu l&rsquo;excellente id\u00e9e de proposer \u00e0 Marguerite Abouet d&rsquo;\u00eatre la marraine de leur sixi\u00e8me \u00e9dition. Coup de projecteur salutaire pour ceux qui comme moi auraient loup\u00e9 la sortie du film !<\/p>\n\n\n\n<p>Pendant la pr\u00e9paration du film, j&rsquo;avais eu l&rsquo;occasion, au Salon du livre, d&rsquo;entendre Cl\u00e9ment Oubrerie parler de son travail ( pour lire le billet, c&rsquo;est <a title=\"Aya de Yopougon\" href=\"https:\/\/lafilledecorinthe.com\/wordpress\/2012\/03\/aya-de-yopougon\/\">ici<\/a> !). Je suis d&rsquo;autant plus curieuse de d\u00e9couvrir son coauteur, Marguerite Abouet. On devine, \u00e0 voir la dame, que son implication, sa vitalit\u00e9 et son charisme sont pour beaucoup dans la r\u00e9ussite du film. Elle a \u00e9crit le sc\u00e9nario du film \u00e0 partir des deux premiers tomes de la BD, son adaptation est tr\u00e8s fid\u00e8le, elle a \u00e9lagu\u00e9 quelques sc\u00e8nes et supprim\u00e9 des intrigues qui se poursuivent dans le tome 3 (l&rsquo;amour entre Albert et Inno, l&rsquo;\u00e9lection de Miss Yopougon). Elle s&rsquo;est beaucoup impliqu\u00e9e dans la mise en mouvement et dans le \u00ab\u00a0jeu\u00a0\u00bb des personnages, elle pr\u00eate aussi sa voix \u00e0 Fanta, la m\u00e8re d&rsquo;Aya &#8230; Les quelques extraits et s\u00e9quences du tournage projet\u00e9s lors de la soir\u00e9e d&rsquo;ouverture de Croq&rsquo;anime me donnent envie de me pr\u00e9cipiter au cin\u00e9ma d\u00e8s le lendemain !<\/p>\n\n\n<div class=\"wp-block-image\">\n<figure class=\"aligncenter\"><a href=\"https:\/\/lafilledecorinthe.com\/wordpress\/wp-content\/uploads\/2013\/09\/aya-de-yopougon-film.jpg\"><img loading=\"lazy\" decoding=\"async\" width=\"589\" height=\"800\" src=\"https:\/\/lafilledecorinthe.com\/wordpress\/wp-content\/uploads\/2013\/09\/aya-de-yopougon-film.jpg\" alt=\"aya-de-yopougon-film\" class=\"wp-image-2848\" srcset=\"https:\/\/lafilledecorinthe.com\/wordpress\/wp-content\/uploads\/2013\/09\/aya-de-yopougon-film.jpg 589w, https:\/\/lafilledecorinthe.com\/wordpress\/wp-content\/uploads\/2013\/09\/aya-de-yopougon-film-500x680.jpg 500w, https:\/\/lafilledecorinthe.com\/wordpress\/wp-content\/uploads\/2013\/09\/aya-de-yopougon-film-220x300.jpg 220w\" sizes=\"auto, (max-width: 589px) 100vw, 589px\" \/><\/a><\/figure>\n<\/div>\n\n\n<p class=\"has-text-align-center\"><\/p>\n\n\n\n<p>Aya est \u00e0 l&rsquo;affiche dans deux cin\u00e9mas parisiens. Amis lecteurs, ne laissez pas passer votre chance de d\u00e9couvrir ce petit bijou sur grand \u00e9cran !<\/p>\n","protected":false},"excerpt":{"rendered":"<p>L&rsquo;adaptation cin\u00e9matographique de la BD \u00ab\u00a0Aya de Yopougon\u00a0\u00bb est sortie pendant la tr\u00eave estivale. Fort heureusement, les organisateurs du festival Croq&rsquo;anime ont eu l&rsquo;excellente id\u00e9e de proposer \u00e0 Marguerite Abouet d&rsquo;\u00eatre la marraine de leur sixi\u00e8me \u00e9dition. Coup de projecteur salutaire pour ceux qui comme moi auraient loup\u00e9 la sortie du film ! Pendant la&#8230;<\/p>\n","protected":false},"author":2,"featured_media":2839,"comment_status":"open","ping_status":"open","sticky":false,"template":"","format":"standard","meta":{"_kad_post_transparent":"","_kad_post_title":"","_kad_post_layout":"","_kad_post_sidebar_id":"","_kad_post_content_style":"","_kad_post_vertical_padding":"","_kad_post_feature":"","_kad_post_feature_position":"","_kad_post_header":false,"_kad_post_footer":false,"_kad_post_classname":"","footnotes":""},"categories":[6,13],"tags":[12,61,522,525,523,11,524],"class_list":["post-2838","post","type-post","status-publish","format-standard","has-post-thumbnail","hentry","category-blog","category-sorties-culturelles","tag-adaptation","tag-aya-de-yopougon","tag-bd","tag-clement-oubrerie","tag-festival-croqanime","tag-film","tag-marguerite-abouet"],"_links":{"self":[{"href":"https:\/\/lafilledecorinthe.com\/wordpress\/wp-json\/wp\/v2\/posts\/2838","targetHints":{"allow":["GET"]}}],"collection":[{"href":"https:\/\/lafilledecorinthe.com\/wordpress\/wp-json\/wp\/v2\/posts"}],"about":[{"href":"https:\/\/lafilledecorinthe.com\/wordpress\/wp-json\/wp\/v2\/types\/post"}],"author":[{"embeddable":true,"href":"https:\/\/lafilledecorinthe.com\/wordpress\/wp-json\/wp\/v2\/users\/2"}],"replies":[{"embeddable":true,"href":"https:\/\/lafilledecorinthe.com\/wordpress\/wp-json\/wp\/v2\/comments?post=2838"}],"version-history":[{"count":14,"href":"https:\/\/lafilledecorinthe.com\/wordpress\/wp-json\/wp\/v2\/posts\/2838\/revisions"}],"predecessor-version":[{"id":15292,"href":"https:\/\/lafilledecorinthe.com\/wordpress\/wp-json\/wp\/v2\/posts\/2838\/revisions\/15292"}],"wp:featuredmedia":[{"embeddable":true,"href":"https:\/\/lafilledecorinthe.com\/wordpress\/wp-json\/wp\/v2\/media\/2839"}],"wp:attachment":[{"href":"https:\/\/lafilledecorinthe.com\/wordpress\/wp-json\/wp\/v2\/media?parent=2838"}],"wp:term":[{"taxonomy":"category","embeddable":true,"href":"https:\/\/lafilledecorinthe.com\/wordpress\/wp-json\/wp\/v2\/categories?post=2838"},{"taxonomy":"post_tag","embeddable":true,"href":"https:\/\/lafilledecorinthe.com\/wordpress\/wp-json\/wp\/v2\/tags?post=2838"}],"curies":[{"name":"wp","href":"https:\/\/api.w.org\/{rel}","templated":true}]}}