{"id":2780,"date":"2013-08-24T18:01:58","date_gmt":"2013-08-24T17:01:58","guid":{"rendered":"http:\/\/lafilledecorinthe.com\/wordpress\/?p=2780"},"modified":"2025-12-09T16:27:43","modified_gmt":"2025-12-09T15:27:43","slug":"nari-ward-a-blandy-les-tours","status":"publish","type":"post","link":"https:\/\/lafilledecorinthe.com\/wordpress\/2013\/08\/nari-ward-a-blandy-les-tours\/","title":{"rendered":"Nari Ward \u00e0 Blandy-les-Tours"},"content":{"rendered":"\n<p>Petite escapade pour pr\u00e9server, encore un peu, le rythme des vacances ! Le village de Blandy-les-Tours semble hors du temps, le pass\u00e9 invite le pr\u00e9sent dans ses murs. Le ch\u00e2teau&nbsp;moyen\u00e2geux&nbsp;tr\u00e8s joliment r\u00e9nov\u00e9 accueille comme un \u00e9crin l&rsquo;oeuvre d&rsquo;un artiste contemporain, Nari Ward. Cette exposition fruit d&rsquo;une collaboration active avec la <a href=\"http:\/\/www.galleriacontinua.com\/francais\/progetti-esterni.html?luogo=Blandy\">Galleria Continua<\/a>&nbsp;est une belle r\u00e9ussite d&rsquo;un projet artistique hors des sentiers battus. Conceptuel, ludique, participatif, engag\u00e9, le travail de Nari Ward est \u00e0 m\u00eame de toucher un public tr\u00e8s vari\u00e9, notamment celui qui n&rsquo;a pas pour habitude de franchir la porte d&rsquo;une galerie d&rsquo;art contemporain.<\/p>\n\n\n<div class=\"wp-block-image\">\n<figure class=\"aligncenter\"><a href=\"https:\/\/lafilledecorinthe.com\/wordpress\/wp-content\/uploads\/2013\/08\/P1090851.jpg\"><img loading=\"lazy\" decoding=\"async\" width=\"800\" height=\"600\" src=\"https:\/\/lafilledecorinthe.com\/wordpress\/wp-content\/uploads\/2013\/08\/P1090851.jpg\" alt=\"&quot;Stallers&quot; de Nari Ward, Blandy-les tours, 2013\" class=\"wp-image-2784\" srcset=\"https:\/\/lafilledecorinthe.com\/wordpress\/wp-content\/uploads\/2013\/08\/P1090851.jpg 800w, https:\/\/lafilledecorinthe.com\/wordpress\/wp-content\/uploads\/2013\/08\/P1090851-680x510.jpg 680w, https:\/\/lafilledecorinthe.com\/wordpress\/wp-content\/uploads\/2013\/08\/P1090851-400x300.jpg 400w\" sizes=\"auto, (max-width: 800px) 100vw, 800px\" \/><\/a><figcaption class=\"wp-element-caption\">\u00ab\u00a0Stallers\u00a0\u00bb de Nari Ward, Blandy-les tours, 2013<\/figcaption><\/figure>\n<\/div>\n\n<div class=\"wp-block-image\">\n<figure class=\"aligncenter\"><a href=\"https:\/\/lafilledecorinthe.com\/wordpress\/wp-content\/uploads\/2013\/08\/P1090881.jpg\"><img loading=\"lazy\" decoding=\"async\" width=\"800\" height=\"600\" src=\"https:\/\/lafilledecorinthe.com\/wordpress\/wp-content\/uploads\/2013\/08\/P1090881.jpg\" alt=\"Qu'il est bon de r\u00e9gresser ....\" class=\"wp-image-2785\" srcset=\"https:\/\/lafilledecorinthe.com\/wordpress\/wp-content\/uploads\/2013\/08\/P1090881.jpg 800w, https:\/\/lafilledecorinthe.com\/wordpress\/wp-content\/uploads\/2013\/08\/P1090881-680x510.jpg 680w, https:\/\/lafilledecorinthe.com\/wordpress\/wp-content\/uploads\/2013\/08\/P1090881-400x300.jpg 400w\" sizes=\"auto, (max-width: 800px) 100vw, 800px\" \/><\/a><figcaption class=\"wp-element-caption\">Qu&rsquo;il est bon de r\u00e9gresser &#8230;.<\/figcaption><\/figure>\n<\/div>\n\n<div class=\"wp-block-image\">\n<figure class=\"aligncenter\"><a href=\"https:\/\/lafilledecorinthe.com\/wordpress\/wp-content\/uploads\/2013\/08\/P1090847.jpg\"><img loading=\"lazy\" decoding=\"async\" width=\"600\" height=\"800\" src=\"https:\/\/lafilledecorinthe.com\/wordpress\/wp-content\/uploads\/2013\/08\/P1090847.jpg\" alt=\"&quot;Carry on&quot; de Nari Ward, 2013\" class=\"wp-image-2786\" srcset=\"https:\/\/lafilledecorinthe.com\/wordpress\/wp-content\/uploads\/2013\/08\/P1090847.jpg 600w, https:\/\/lafilledecorinthe.com\/wordpress\/wp-content\/uploads\/2013\/08\/P1090847-510x680.jpg 510w, https:\/\/lafilledecorinthe.com\/wordpress\/wp-content\/uploads\/2013\/08\/P1090847-225x300.jpg 225w\" sizes=\"auto, (max-width: 600px) 100vw, 600px\" \/><\/a><figcaption class=\"wp-element-caption\">\u00ab\u00a0Carry on\u00a0\u00bb de Nari Ward, 2013<\/figcaption><\/figure>\n<\/div>\n\n<div class=\"wp-block-image\">\n<figure class=\"aligncenter\"><a href=\"https:\/\/lafilledecorinthe.com\/wordpress\/wp-content\/uploads\/2013\/08\/P1090849.jpg\"><img loading=\"lazy\" decoding=\"async\" width=\"800\" height=\"672\" src=\"https:\/\/lafilledecorinthe.com\/wordpress\/wp-content\/uploads\/2013\/08\/P1090849.jpg\" alt=\"&quot;Radiant Scans 4&quot; de Nari Ward, 2013\" class=\"wp-image-2787\" srcset=\"https:\/\/lafilledecorinthe.com\/wordpress\/wp-content\/uploads\/2013\/08\/P1090849.jpg 800w, https:\/\/lafilledecorinthe.com\/wordpress\/wp-content\/uploads\/2013\/08\/P1090849-680x571.jpg 680w, https:\/\/lafilledecorinthe.com\/wordpress\/wp-content\/uploads\/2013\/08\/P1090849-357x300.jpg 357w\" sizes=\"auto, (max-width: 800px) 100vw, 800px\" \/><\/a><figcaption class=\"wp-element-caption\">\u00ab\u00a0Radiant Scans 4\u00a0\u00bb de Nari Ward, 2013<\/figcaption><\/figure>\n<\/div>\n\n<div class=\"wp-block-image\">\n<figure class=\"aligncenter\"><a href=\"https:\/\/lafilledecorinthe.com\/wordpress\/wp-content\/uploads\/2013\/08\/P1090857.jpg\"><img loading=\"lazy\" decoding=\"async\" width=\"600\" height=\"800\" src=\"https:\/\/lafilledecorinthe.com\/wordpress\/wp-content\/uploads\/2013\/08\/P1090857.jpg\" alt=\"&quot;CarouSoul&quot; de Nari Ward, 2011\" class=\"wp-image-2788\" srcset=\"https:\/\/lafilledecorinthe.com\/wordpress\/wp-content\/uploads\/2013\/08\/P1090857.jpg 600w, https:\/\/lafilledecorinthe.com\/wordpress\/wp-content\/uploads\/2013\/08\/P1090857-510x680.jpg 510w, https:\/\/lafilledecorinthe.com\/wordpress\/wp-content\/uploads\/2013\/08\/P1090857-225x300.jpg 225w\" sizes=\"auto, (max-width: 600px) 100vw, 600px\" \/><\/a><figcaption class=\"wp-element-caption\">\u00ab\u00a0CarouSoul\u00a0\u00bb de Nari Ward, 2011<\/figcaption><\/figure>\n<\/div>\n\n<div class=\"wp-block-image\">\n<figure class=\"aligncenter\"><a href=\"https:\/\/lafilledecorinthe.com\/wordpress\/wp-content\/uploads\/2013\/08\/P1090859.jpg\"><img loading=\"lazy\" decoding=\"async\" width=\"800\" height=\"584\" src=\"https:\/\/lafilledecorinthe.com\/wordpress\/wp-content\/uploads\/2013\/08\/P1090859.jpg\" alt=\"&quot;Canned smiles&quot; de Nari Ward, 2013\" class=\"wp-image-2789\" srcset=\"https:\/\/lafilledecorinthe.com\/wordpress\/wp-content\/uploads\/2013\/08\/P1090859.jpg 800w, https:\/\/lafilledecorinthe.com\/wordpress\/wp-content\/uploads\/2013\/08\/P1090859-680x496.jpg 680w, https:\/\/lafilledecorinthe.com\/wordpress\/wp-content\/uploads\/2013\/08\/P1090859-410x300.jpg 410w\" sizes=\"auto, (max-width: 800px) 100vw, 800px\" \/><\/a><figcaption class=\"wp-element-caption\">\u00ab\u00a0Canned smiles\u00a0\u00bb de Nari Ward, 2013<\/figcaption><\/figure>\n<\/div>\n\n<div class=\"wp-block-image\">\n<figure class=\"aligncenter\"><a href=\"https:\/\/lafilledecorinthe.com\/wordpress\/wp-content\/uploads\/2013\/08\/P1090864.jpg\"><img loading=\"lazy\" decoding=\"async\" width=\"600\" height=\"800\" src=\"https:\/\/lafilledecorinthe.com\/wordpress\/wp-content\/uploads\/2013\/08\/P1090864.jpg\" alt=\"&quot;Mission Accomplished&quot; de Nari Ward 1 et 2, 2013\" class=\"wp-image-2790\" srcset=\"https:\/\/lafilledecorinthe.com\/wordpress\/wp-content\/uploads\/2013\/08\/P1090864.jpg 600w, https:\/\/lafilledecorinthe.com\/wordpress\/wp-content\/uploads\/2013\/08\/P1090864-510x680.jpg 510w, https:\/\/lafilledecorinthe.com\/wordpress\/wp-content\/uploads\/2013\/08\/P1090864-225x300.jpg 225w\" sizes=\"auto, (max-width: 600px) 100vw, 600px\" \/><\/a><figcaption class=\"wp-element-caption\">\u00ab\u00a0Mission Accomplished\u00a0\u00bb de Nari Ward 1 et 2, 2013<\/figcaption><\/figure>\n<\/div>\n\n<div class=\"wp-block-image\">\n<figure class=\"aligncenter\"><a href=\"https:\/\/lafilledecorinthe.com\/wordpress\/wp-content\/uploads\/2013\/08\/P1090873.jpg\"><img loading=\"lazy\" decoding=\"async\" width=\"600\" height=\"800\" src=\"https:\/\/lafilledecorinthe.com\/wordpress\/wp-content\/uploads\/2013\/08\/P1090873.jpg\" alt=\"&quot;Untold&quot; de Nari Ward, 2013\" class=\"wp-image-2791\" srcset=\"https:\/\/lafilledecorinthe.com\/wordpress\/wp-content\/uploads\/2013\/08\/P1090873.jpg 600w, https:\/\/lafilledecorinthe.com\/wordpress\/wp-content\/uploads\/2013\/08\/P1090873-510x680.jpg 510w, https:\/\/lafilledecorinthe.com\/wordpress\/wp-content\/uploads\/2013\/08\/P1090873-225x300.jpg 225w\" sizes=\"auto, (max-width: 600px) 100vw, 600px\" \/><\/a><figcaption class=\"wp-element-caption\">\u00ab\u00a0Untold\u00a0\u00bb de Nari Ward, 2013<\/figcaption><\/figure>\n<\/div>\n\n<div class=\"wp-block-image\">\n<figure class=\"aligncenter\"><a href=\"https:\/\/lafilledecorinthe.com\/wordpress\/wp-content\/uploads\/2013\/08\/P1090872.jpg\"><img loading=\"lazy\" decoding=\"async\" width=\"600\" height=\"800\" src=\"https:\/\/lafilledecorinthe.com\/wordpress\/wp-content\/uploads\/2013\/08\/P1090872.jpg\" alt=\"&quot;Untold&quot; de Nari Ward, 2013\" class=\"wp-image-2792\" srcset=\"https:\/\/lafilledecorinthe.com\/wordpress\/wp-content\/uploads\/2013\/08\/P1090872.jpg 600w, https:\/\/lafilledecorinthe.com\/wordpress\/wp-content\/uploads\/2013\/08\/P1090872-510x680.jpg 510w, https:\/\/lafilledecorinthe.com\/wordpress\/wp-content\/uploads\/2013\/08\/P1090872-225x300.jpg 225w\" sizes=\"auto, (max-width: 600px) 100vw, 600px\" \/><\/a><figcaption class=\"wp-element-caption\">\u00ab\u00a0Untold\u00a0\u00bb de Nari Ward, 2013<\/figcaption><\/figure>\n<\/div>\n\n<div class=\"wp-block-image\">\n<figure class=\"aligncenter\"><a href=\"https:\/\/lafilledecorinthe.com\/wordpress\/wp-content\/uploads\/2013\/08\/P1090883.jpg\"><img loading=\"lazy\" decoding=\"async\" width=\"600\" height=\"800\" src=\"https:\/\/lafilledecorinthe.com\/wordpress\/wp-content\/uploads\/2013\/08\/P1090883.jpg\" alt=\"&quot;Stroller Sprouts&quot; de Nari Ward, 2013\" class=\"wp-image-2793\" srcset=\"https:\/\/lafilledecorinthe.com\/wordpress\/wp-content\/uploads\/2013\/08\/P1090883.jpg 600w, https:\/\/lafilledecorinthe.com\/wordpress\/wp-content\/uploads\/2013\/08\/P1090883-510x680.jpg 510w, https:\/\/lafilledecorinthe.com\/wordpress\/wp-content\/uploads\/2013\/08\/P1090883-225x300.jpg 225w\" sizes=\"auto, (max-width: 600px) 100vw, 600px\" \/><\/a><figcaption class=\"wp-element-caption\">\u00ab\u00a0Stroller Sprouts\u00a0\u00bb de Nari Ward, 2013<\/figcaption><\/figure>\n<\/div>\n\n\n<p>Le ch\u00e2teau de Vaux le Vicomte se situe \u00e0 quelques kilom\u00e8tres de Blandy. L&rsquo;ann\u00e9e Le N\u00f4tre me donne envie de revoir le domaine de Fouquet. L&rsquo;exposition consacr\u00e9e au jardinier le plus c\u00e9l\u00e8bre de France et une belle promenade dans le parc r\u00e9v\u00e8lent des jeux de perspective et des illusions optiques incroyables. Andr\u00e9 Le N\u00f4tre n&rsquo;a pas usurp\u00e9 l&rsquo;appellation de \u00ab\u00a0<a href=\"http:\/\/www.conservatoire-jardins-paysages.com\/livres.php?id=23\" target=\"_blank\" rel=\"noopener\">magicien de l&rsquo;espace<\/a>\u00ab\u00a0.<\/p>\n\n\n<div class=\"wp-block-image\">\n<figure class=\"aligncenter\"><a href=\"https:\/\/lafilledecorinthe.com\/wordpress\/wp-content\/uploads\/2013\/08\/P1090842.jpg\"><img loading=\"lazy\" decoding=\"async\" width=\"800\" height=\"600\" src=\"https:\/\/lafilledecorinthe.com\/wordpress\/wp-content\/uploads\/2013\/08\/P1090842.jpg\" alt=\"Miroir d'eau du ch\u00e2teau de Vaux Le Vicomte, 24\/08\/13\" class=\"wp-image-2796\" srcset=\"https:\/\/lafilledecorinthe.com\/wordpress\/wp-content\/uploads\/2013\/08\/P1090842.jpg 800w, https:\/\/lafilledecorinthe.com\/wordpress\/wp-content\/uploads\/2013\/08\/P1090842-680x510.jpg 680w, https:\/\/lafilledecorinthe.com\/wordpress\/wp-content\/uploads\/2013\/08\/P1090842-400x300.jpg 400w\" sizes=\"auto, (max-width: 800px) 100vw, 800px\" \/><\/a><figcaption class=\"wp-element-caption\">Miroir d&rsquo;eau carr\u00e9 du ch\u00e2teau de Vaux le Vicomte, 24\/08\/13<\/figcaption><\/figure>\n<\/div>\n\n\n<p>Plus de 400 m\u00e8tres s\u00e9parent le ch\u00e2teau de son reflet, fantastique !<\/p>\n\n\n<div class=\"wp-block-image\">\n<figure class=\"aligncenter\"><a href=\"https:\/\/lafilledecorinthe.com\/wordpress\/wp-content\/uploads\/2013\/08\/P1090835.jpg\"><img loading=\"lazy\" decoding=\"async\" width=\"800\" height=\"405\" src=\"https:\/\/lafilledecorinthe.com\/wordpress\/wp-content\/uploads\/2013\/08\/P1090835.jpg\" alt=\"Extrait d'un panneau explicatif du parc de Vaux le Vicomte\" class=\"wp-image-2802\" srcset=\"https:\/\/lafilledecorinthe.com\/wordpress\/wp-content\/uploads\/2013\/08\/P1090835.jpg 800w, https:\/\/lafilledecorinthe.com\/wordpress\/wp-content\/uploads\/2013\/08\/P1090835-680x344.jpg 680w, https:\/\/lafilledecorinthe.com\/wordpress\/wp-content\/uploads\/2013\/08\/P1090835-500x253.jpg 500w\" sizes=\"auto, (max-width: 800px) 100vw, 800px\" \/><\/a><figcaption class=\"wp-element-caption\">Extrait d&rsquo;un panneau explicatif du parc de Vaux le Vicomte<\/figcaption><\/figure>\n<\/div>","protected":false},"excerpt":{"rendered":"<p>Petite escapade pour pr\u00e9server, encore un peu, le rythme des vacances ! Le village de Blandy-les-Tours semble hors du temps, le pass\u00e9 invite le pr\u00e9sent dans ses murs. Le ch\u00e2teau&nbsp;moyen\u00e2geux&nbsp;tr\u00e8s joliment r\u00e9nov\u00e9 accueille comme un \u00e9crin l&rsquo;oeuvre d&rsquo;un artiste contemporain, Nari Ward. Cette exposition fruit d&rsquo;une collaboration active avec la Galleria Continua&nbsp;est une belle r\u00e9ussite&#8230;<\/p>\n","protected":false},"author":2,"featured_media":2781,"comment_status":"open","ping_status":"open","sticky":false,"template":"","format":"standard","meta":{"_kad_post_transparent":"","_kad_post_title":"","_kad_post_layout":"","_kad_post_sidebar_id":"","_kad_post_content_style":"","_kad_post_vertical_padding":"","_kad_post_feature":"","_kad_post_feature_position":"","_kad_post_header":false,"_kad_post_footer":false,"_kad_post_classname":"","footnotes":""},"categories":[6,13],"tags":[514,511,512,516,510,515,513],"class_list":["post-2780","post","type-post","status-publish","format-standard","has-post-thumbnail","hentry","category-blog","category-sorties-culturelles","tag-andre-le-notre","tag-blandy-les-tours","tag-galleria-continua","tag-illusion-optique","tag-nari-ward","tag-perspective","tag-vaux-le-vicomte"],"_links":{"self":[{"href":"https:\/\/lafilledecorinthe.com\/wordpress\/wp-json\/wp\/v2\/posts\/2780","targetHints":{"allow":["GET"]}}],"collection":[{"href":"https:\/\/lafilledecorinthe.com\/wordpress\/wp-json\/wp\/v2\/posts"}],"about":[{"href":"https:\/\/lafilledecorinthe.com\/wordpress\/wp-json\/wp\/v2\/types\/post"}],"author":[{"embeddable":true,"href":"https:\/\/lafilledecorinthe.com\/wordpress\/wp-json\/wp\/v2\/users\/2"}],"replies":[{"embeddable":true,"href":"https:\/\/lafilledecorinthe.com\/wordpress\/wp-json\/wp\/v2\/comments?post=2780"}],"version-history":[{"count":15,"href":"https:\/\/lafilledecorinthe.com\/wordpress\/wp-json\/wp\/v2\/posts\/2780\/revisions"}],"predecessor-version":[{"id":15325,"href":"https:\/\/lafilledecorinthe.com\/wordpress\/wp-json\/wp\/v2\/posts\/2780\/revisions\/15325"}],"wp:featuredmedia":[{"embeddable":true,"href":"https:\/\/lafilledecorinthe.com\/wordpress\/wp-json\/wp\/v2\/media\/2781"}],"wp:attachment":[{"href":"https:\/\/lafilledecorinthe.com\/wordpress\/wp-json\/wp\/v2\/media?parent=2780"}],"wp:term":[{"taxonomy":"category","embeddable":true,"href":"https:\/\/lafilledecorinthe.com\/wordpress\/wp-json\/wp\/v2\/categories?post=2780"},{"taxonomy":"post_tag","embeddable":true,"href":"https:\/\/lafilledecorinthe.com\/wordpress\/wp-json\/wp\/v2\/tags?post=2780"}],"curies":[{"name":"wp","href":"https:\/\/api.w.org\/{rel}","templated":true}]}}