{"id":2716,"date":"2013-08-13T13:42:52","date_gmt":"2013-08-13T12:42:52","guid":{"rendered":"http:\/\/lafilledecorinthe.com\/wordpress\/?p=2716"},"modified":"2025-12-10T17:37:09","modified_gmt":"2025-12-10T16:37:09","slug":"ete-2013-dune-image-a-lautre","status":"publish","type":"post","link":"https:\/\/lafilledecorinthe.com\/wordpress\/2013\/08\/ete-2013-dune-image-a-lautre\/","title":{"rendered":"Et\u00e9 2013 : d&rsquo;une image \u00e0 l&rsquo;autre &#8230;"},"content":{"rendered":"\n<p>S\u00e9lection d&rsquo;images fixes et anim\u00e9es qui m&rsquo;ont fait vibrer cet \u00e9t\u00e9 !<\/p>\n\n\n\n<p>ANNECY<\/p>\n\n\n\n<p>Pour une inconditionnelle du cin\u00e9ma d&rsquo;animation, commencer ses vacances par une \u00e9tape \u00e0 Annecy est hautement symbolique. Le festival est termin\u00e9 depuis plusieurs semaines mais reste l&rsquo;exposition permanente, un petit tour au mus\u00e9e-ch\u00e2teau et au conservatoire d&rsquo;art et d&rsquo;histoire s&rsquo;impose avant d&rsquo;aller se rafraichir dans le lac !<\/p>\n\n\n<div class=\"wp-block-image\">\n<figure class=\"aligncenter\"><a href=\"https:\/\/lafilledecorinthe.com\/wordpress\/wp-content\/uploads\/2013\/08\/IMG_0006.jpg\"><img loading=\"lazy\" decoding=\"async\" width=\"800\" height=\"597\" src=\"https:\/\/lafilledecorinthe.com\/wordpress\/wp-content\/uploads\/2013\/08\/IMG_0006.jpg\" alt=\"IMG_0006\" class=\"wp-image-2720\" srcset=\"https:\/\/lafilledecorinthe.com\/wordpress\/wp-content\/uploads\/2013\/08\/IMG_0006.jpg 800w, https:\/\/lafilledecorinthe.com\/wordpress\/wp-content\/uploads\/2013\/08\/IMG_0006-680x507.jpg 680w, https:\/\/lafilledecorinthe.com\/wordpress\/wp-content\/uploads\/2013\/08\/IMG_0006-402x300.jpg 402w\" sizes=\"auto, (max-width: 800px) 100vw, 800px\" \/><\/a><\/figure>\n<\/div>\n\n\n<p class=\"has-text-align-left\">C&rsquo;est l&rsquo;oeuvre d&rsquo;un couple, <a href=\"http:\/\/www.loriotmelia.com\/\">Fran\u00e7ois et Chantal Loriot-M\u00e9lia<\/a>, qui ouvre cette s\u00e9lection estival. Elle est pr\u00e9sent\u00e9e dans la derni\u00e8re salle du parcours art contemporain du mus\u00e9e-ch\u00e2teau, je suis fascin\u00e9e par sa beaut\u00e9 et sa po\u00e9sie. Des morceaux de verre sont coll\u00e9s sur une roue de bicyclette qui tourne doucement devant un faisceau lumineux, les ombres projet\u00e9es de cette installation cr\u00e9ent un paysage de montagne qui se d\u00e9ploie sous nos yeux comme un long rouleau de peinture chinoise.<\/p>\n\n\n<div class=\"wp-block-image\">\n<figure class=\"aligncenter\"><a href=\"https:\/\/lafilledecorinthe.com\/wordpress\/wp-content\/uploads\/2013\/08\/IMG_0025.jpg\"><img loading=\"lazy\" decoding=\"async\" width=\"800\" height=\"597\" src=\"https:\/\/lafilledecorinthe.com\/wordpress\/wp-content\/uploads\/2013\/08\/IMG_0025.jpg\" alt=\"Ready made in China, Fran\u00e7ois et Chantal Loriot M\u00e9lia, 2000\" class=\"wp-image-2721\" srcset=\"https:\/\/lafilledecorinthe.com\/wordpress\/wp-content\/uploads\/2013\/08\/IMG_0025.jpg 800w, https:\/\/lafilledecorinthe.com\/wordpress\/wp-content\/uploads\/2013\/08\/IMG_0025-680x507.jpg 680w, https:\/\/lafilledecorinthe.com\/wordpress\/wp-content\/uploads\/2013\/08\/IMG_0025-402x300.jpg 402w\" sizes=\"auto, (max-width: 800px) 100vw, 800px\" \/><\/a><figcaption class=\"wp-element-caption\">Ready made in China, Fran\u00e7ois et Chantal Loriot M\u00e9lia, 2000<\/figcaption><\/figure>\n<\/div>\n\n\n<p>La vue et la compr\u00e9hension du dispositif tr\u00e8s prosa\u00efque amplifient l&rsquo;\u00e9motion ressentie face aux images flottantes.<\/p>\n\n\n\n<p><strong>Et aussi &#8230;<\/strong><\/p>\n\n\n\n<p>Philippe Ramette et Bernard Moninot au mus\u00e9e-ch\u00e2teau, l&rsquo;exposition permanente et l&rsquo;exposition temporaire&nbsp;<a href=\"http:\/\/jplfilms.com\/\">JPL Films<\/a>&nbsp;au CITIA.<\/p>\n\n\n<div class=\"wp-block-image\">\n<figure class=\"aligncenter\"><a href=\"https:\/\/lafilledecorinthe.com\/wordpress\/wp-content\/uploads\/2013\/08\/IMG_0097.jpg\"><img loading=\"lazy\" decoding=\"async\" width=\"800\" height=\"597\" src=\"https:\/\/lafilledecorinthe.com\/wordpress\/wp-content\/uploads\/2013\/08\/IMG_0097.jpg\" alt=\"espace d'exposition CITIA\" class=\"wp-image-2753\" srcset=\"https:\/\/lafilledecorinthe.com\/wordpress\/wp-content\/uploads\/2013\/08\/IMG_0097.jpg 800w, https:\/\/lafilledecorinthe.com\/wordpress\/wp-content\/uploads\/2013\/08\/IMG_0097-680x507.jpg 680w, https:\/\/lafilledecorinthe.com\/wordpress\/wp-content\/uploads\/2013\/08\/IMG_0097-402x300.jpg 402w\" sizes=\"auto, (max-width: 800px) 100vw, 800px\" \/><\/a><figcaption class=\"wp-element-caption\">espace d&rsquo;exposition CITIA<\/figcaption><\/figure>\n<\/div>\n\n\n<p>MILAN<\/p>\n\n\n\n<p>Toutes les salles du Pavillon d&rsquo;Art Contemporain (PAC) de Milan sont consacr\u00e9es \u00e0 l&rsquo;<a href=\"http:\/\/www.icp.org\/museum\/exhibitions\/traveling\/rise-fall-apartheid\">exposition<\/a> \u00ab\u00a0Rise and Fall of Apartheid: Photography and the Bureaucracy of Everyday Life\u00a0\u00bb. Cette impressionnante exposition explore 50 ans de guerre civile (1948-1994) \u00e0 travers la vision de 70 photographes sud-africains.<\/p>\n\n\n\n<figure class=\"wp-block-image\"><a href=\"https:\/\/lafilledecorinthe.com\/wordpress\/wp-content\/uploads\/2013\/08\/IMG_0157.jpg\"><img loading=\"lazy\" decoding=\"async\" width=\"597\" height=\"800\" src=\"https:\/\/lafilledecorinthe.com\/wordpress\/wp-content\/uploads\/2013\/08\/IMG_0157.jpg\" alt=\"IMG_0157\" class=\"wp-image-2736\" srcset=\"https:\/\/lafilledecorinthe.com\/wordpress\/wp-content\/uploads\/2013\/08\/IMG_0157.jpg 597w, https:\/\/lafilledecorinthe.com\/wordpress\/wp-content\/uploads\/2013\/08\/IMG_0157-507x680.jpg 507w, https:\/\/lafilledecorinthe.com\/wordpress\/wp-content\/uploads\/2013\/08\/IMG_0157-223x300.jpg 223w\" sizes=\"auto, (max-width: 597px) 100vw, 597px\" \/><\/a><\/figure>\n\n\n\n<p class=\"has-text-align-center\"><\/p>\n\n\n\n<p class=\"has-text-align-left\">Je suis touch\u00e9e par cette approche foisonnante, les photos de lutte contre le r\u00e9gime inique de l&rsquo;apartheid c\u00f4toient les photos de la vie quotidienne marqu\u00e9e elle aussi par la s\u00e9gr\u00e9gation raciale.<\/p>\n\n\n\n<p class=\"has-text-align-left\">Une salle est consacr\u00e9e au cycle de films d&rsquo;animation \u00ab\u00a0Drawings for projection\u00a0\u00bb de William Kentridge. J&rsquo;avais d\u00e9couvert cet artiste lors de sa r\u00e9trospective au <a href=\"http:\/\/www.jeudepaume.org\/index.php?page=article&amp;idArt=1179&amp;lieu=1&amp;idImg=1248\">Jeu de Paume<\/a> en 2010, j&rsquo;avais \u00e9t\u00e9 alors fascin\u00e9e par sa technique d&rsquo;animation au fusain, cr\u00e9ant le mouvement par une succession de gommages et d&rsquo;ajouts. La vision des films dans ce nouveau contexte d&rsquo;exposition me fait percevoir pleinement leur dimension politique. Rien n&rsquo;est fig\u00e9, l&rsquo;oeuvre et le regard port\u00e9 sur elle sont en perp\u00e9tuel mouvement.<\/p>\n\n\n<div class=\"wp-block-image\">\n<figure class=\"aligncenter\"><a href=\"https:\/\/lafilledecorinthe.com\/wordpress\/wp-content\/uploads\/2013\/08\/IMG_0153.jpg\"><img loading=\"lazy\" decoding=\"async\" width=\"800\" height=\"599\" src=\"https:\/\/lafilledecorinthe.com\/wordpress\/wp-content\/uploads\/2013\/08\/IMG_0153.jpg\" alt=\"Felix in Exile, William Kentridge, 1994\" class=\"wp-image-2741\" srcset=\"https:\/\/lafilledecorinthe.com\/wordpress\/wp-content\/uploads\/2013\/08\/IMG_0153.jpg 800w, https:\/\/lafilledecorinthe.com\/wordpress\/wp-content\/uploads\/2013\/08\/IMG_0153-680x509.jpg 680w, https:\/\/lafilledecorinthe.com\/wordpress\/wp-content\/uploads\/2013\/08\/IMG_0153-400x300.jpg 400w\" sizes=\"auto, (max-width: 800px) 100vw, 800px\" \/><\/a><figcaption class=\"wp-element-caption\">Felix in Exile, William Kentridge, 1994<\/figcaption><\/figure>\n<\/div>\n\n\n<p><strong>Et aussi &#8230;<\/strong><\/p>\n\n\n\n<p>Deux superbes expositions : la collection de \u00ab\u00a0mini-portraits\u00a0\u00bb de Cesare Zavattini \u00e0 la Pinacoth\u00e8que de Brera et \u00ab\u00a0Gianni Berengo Gardin, histoire d&rsquo;un photographe\u00a0\u00bb au Palais Reale.<\/p>\n\n\n<div class=\"wp-block-image\">\n<figure class=\"aligncenter\"><a href=\"https:\/\/lafilledecorinthe.com\/wordpress\/wp-content\/uploads\/2013\/08\/zavattini.jpeg\"><img loading=\"lazy\" decoding=\"async\" width=\"800\" height=\"519\" src=\"https:\/\/lafilledecorinthe.com\/wordpress\/wp-content\/uploads\/2013\/08\/zavattini.jpeg\" alt=\"&quot;Cesare Zavattini, Luzzara&quot; de Gianni Berengo Gardin, 1973 \" class=\"wp-image-2744\" srcset=\"https:\/\/lafilledecorinthe.com\/wordpress\/wp-content\/uploads\/2013\/08\/zavattini.jpeg 800w, https:\/\/lafilledecorinthe.com\/wordpress\/wp-content\/uploads\/2013\/08\/zavattini-680x441.jpeg 680w, https:\/\/lafilledecorinthe.com\/wordpress\/wp-content\/uploads\/2013\/08\/zavattini-462x300.jpeg 462w\" sizes=\"auto, (max-width: 800px) 100vw, 800px\" \/><\/a><figcaption class=\"wp-element-caption\">\u00ab\u00a0Cesare Zavattini, Luzzara\u00a0\u00bb de Gianni Berengo Gardin, 1973<\/figcaption><\/figure>\n<\/div>\n\n\n<p>VENISE<\/p>\n\n\n\n<p>Aimer Venise est un clich\u00e9 pour certains, mais moi j&rsquo;aime passionn\u00e9ment cette ville, j&rsquo;aime me perdre dans ses ruelles, j&rsquo;aime la rencontre de l&rsquo;eau et des vieilles pierres, j&rsquo;aime partager ce plaisir avec pleins de touristes aux yeux qui brillent. Et puis, cette ann\u00e9e, c&rsquo;est la Biennale d&rsquo;Art contemporain, je ne boude pas mon plaisir, j&rsquo;arpente en long et en large les Guardini et l&rsquo;Arsenal. Le pavillon flottant du Portugal m&rsquo;offre m\u00eame un petit tour en bateau, que du bonheur !<\/p>\n\n\n<div class=\"wp-block-image\">\n<figure class=\"aligncenter\"><a href=\"https:\/\/lafilledecorinthe.com\/wordpress\/wp-content\/uploads\/2013\/08\/IMG_0386.jpg\"><img loading=\"lazy\" decoding=\"async\" width=\"800\" height=\"597\" src=\"https:\/\/lafilledecorinthe.com\/wordpress\/wp-content\/uploads\/2013\/08\/IMG_0386.jpg\" alt=\"Trafaria Praia de Joana Vasconcelos, Pavillon du Portugal, Biennale de Venise, 2013\" class=\"wp-image-2747\" srcset=\"https:\/\/lafilledecorinthe.com\/wordpress\/wp-content\/uploads\/2013\/08\/IMG_0386.jpg 800w, https:\/\/lafilledecorinthe.com\/wordpress\/wp-content\/uploads\/2013\/08\/IMG_0386-680x507.jpg 680w, https:\/\/lafilledecorinthe.com\/wordpress\/wp-content\/uploads\/2013\/08\/IMG_0386-402x300.jpg 402w\" sizes=\"auto, (max-width: 800px) 100vw, 800px\" \/><\/a><figcaption class=\"wp-element-caption\">Trafaria Praia de Joana Vasconcelos, Pavillon du Portugal, Biennale de Venise, 2013<\/figcaption><\/figure>\n<\/div>\n\n\n<p><strong>\u00ab\u00a0Le palais encyclop\u00e9dique\u00a0\u00bb exposition internationale<\/strong><\/p>\n\n\n\n<p>Les images qui bougent m&rsquo;attirent particuli\u00e8rement, j&rsquo;ai trouv\u00e9 dans l&rsquo;exposition \u00a0\u00bb Le palais encyclop\u00e9dique\u00a0\u00bb trois artistes qui explorent le collage et l&rsquo;image en mouvement avec dext\u00e9rit\u00e9 : l&rsquo;hallucinant \u00ab\u00a0Heaven and Earth Magic\u00a0\u00bb d&rsquo;Harry Smith, le vertigineux \u00ab\u00a0Movie mural\u00a0\u00bb de Stan Vanderbeek et l&rsquo;inclassable \u00ab\u00a0Grosse fatigue\u00a0\u00bb de Camille Henrot.<\/p>\n\n\n<div class=\"wp-block-image\">\n<figure class=\"aligncenter\"><a href=\"https:\/\/lafilledecorinthe.com\/wordpress\/wp-content\/uploads\/2013\/08\/Harry-Smith.jpg\"><img loading=\"lazy\" decoding=\"async\" width=\"800\" height=\"597\" src=\"https:\/\/lafilledecorinthe.com\/wordpress\/wp-content\/uploads\/2013\/08\/Harry-Smith.jpg\" alt=\"Film n\u00b012, Heaven and Earth Magic, Harry Smith, 1959-61\" class=\"wp-image-2754\" srcset=\"https:\/\/lafilledecorinthe.com\/wordpress\/wp-content\/uploads\/2013\/08\/Harry-Smith.jpg 800w, https:\/\/lafilledecorinthe.com\/wordpress\/wp-content\/uploads\/2013\/08\/Harry-Smith-680x507.jpg 680w, https:\/\/lafilledecorinthe.com\/wordpress\/wp-content\/uploads\/2013\/08\/Harry-Smith-402x300.jpg 402w\" sizes=\"auto, (max-width: 800px) 100vw, 800px\" \/><\/a><figcaption class=\"wp-element-caption\">Photogramme du Film n\u00b012, Heaven and Earth Magic, Harry Smith, 1959-61<\/figcaption><\/figure>\n<\/div>\n\n<div class=\"wp-block-image\">\n<figure class=\"aligncenter\"><a href=\"https:\/\/lafilledecorinthe.com\/wordpress\/wp-content\/uploads\/2013\/08\/Stan-Vanderbeek.jpg\"><img loading=\"lazy\" decoding=\"async\" width=\"800\" height=\"597\" src=\"https:\/\/lafilledecorinthe.com\/wordpress\/wp-content\/uploads\/2013\/08\/Stan-Vanderbeek.jpg\" alt=\"Extrait de Movie Mural de Stan Vanderbeek, 1986-2013\" class=\"wp-image-2755\" srcset=\"https:\/\/lafilledecorinthe.com\/wordpress\/wp-content\/uploads\/2013\/08\/Stan-Vanderbeek.jpg 800w, https:\/\/lafilledecorinthe.com\/wordpress\/wp-content\/uploads\/2013\/08\/Stan-Vanderbeek-680x507.jpg 680w, https:\/\/lafilledecorinthe.com\/wordpress\/wp-content\/uploads\/2013\/08\/Stan-Vanderbeek-402x300.jpg 402w\" sizes=\"auto, (max-width: 800px) 100vw, 800px\" \/><\/a><figcaption class=\"wp-element-caption\">Extrait de Movie Mural de Stan Vanderbeek, 1986-2013<\/figcaption><\/figure>\n<\/div>\n\n<div class=\"wp-block-image\">\n<figure class=\"aligncenter\"><a href=\"https:\/\/lafilledecorinthe.com\/wordpress\/wp-content\/uploads\/2013\/08\/Camille-Henrot.jpg\"><img loading=\"lazy\" decoding=\"async\" width=\"800\" height=\"501\" src=\"https:\/\/lafilledecorinthe.com\/wordpress\/wp-content\/uploads\/2013\/08\/Camille-Henrot.jpg\" alt=\"Photogramme de Grosse fatigue, Camille Henrot, 2013\" class=\"wp-image-2756\" srcset=\"https:\/\/lafilledecorinthe.com\/wordpress\/wp-content\/uploads\/2013\/08\/Camille-Henrot.jpg 800w, https:\/\/lafilledecorinthe.com\/wordpress\/wp-content\/uploads\/2013\/08\/Camille-Henrot-680x425.jpg 680w, https:\/\/lafilledecorinthe.com\/wordpress\/wp-content\/uploads\/2013\/08\/Camille-Henrot-479x300.jpg 479w\" sizes=\"auto, (max-width: 800px) 100vw, 800px\" \/><\/a><figcaption class=\"wp-element-caption\">Photogramme de Grosse fatigue, Camille Henrot, 2013<\/figcaption><\/figure>\n<\/div>\n\n\n<p>C&rsquo;est par leur vid\u00e9o \u00ab\u00a0Le cours des choses\u00a0\u00bb que j&rsquo;avais d\u00e9couvert les deux artistes suisses, Peter Fischli et David Weiss. Ils sont pr\u00e9sents \u00e0 la Biennale avec un tout autre support, des sculptures en argile cru. Leur sens de l&rsquo;humour et leur go\u00fbt de&nbsp;l&rsquo;accumulation me&nbsp;ravissent.<\/p>\n\n\n<div class=\"wp-block-image\">\n<figure class=\"aligncenter\"><a href=\"https:\/\/lafilledecorinthe.com\/wordpress\/wp-content\/uploads\/2013\/08\/IMG_0190.jpg\"><img loading=\"lazy\" decoding=\"async\" width=\"800\" height=\"597\" src=\"https:\/\/lafilledecorinthe.com\/wordpress\/wp-content\/uploads\/2013\/08\/IMG_0190.jpg\" alt=\"Suddenly, this overview, Peter Fischli et David Weiss,  1981-\" class=\"wp-image-2757\" srcset=\"https:\/\/lafilledecorinthe.com\/wordpress\/wp-content\/uploads\/2013\/08\/IMG_0190.jpg 800w, https:\/\/lafilledecorinthe.com\/wordpress\/wp-content\/uploads\/2013\/08\/IMG_0190-680x507.jpg 680w, https:\/\/lafilledecorinthe.com\/wordpress\/wp-content\/uploads\/2013\/08\/IMG_0190-402x300.jpg 402w\" sizes=\"auto, (max-width: 800px) 100vw, 800px\" \/><\/a><figcaption class=\"wp-element-caption\">Suddenly this overview, Peter Fischli et David Weiss, 1981-<\/figcaption><\/figure>\n<\/div>\n\n<div class=\"wp-block-image\">\n<figure class=\"aligncenter\"><a href=\"https:\/\/lafilledecorinthe.com\/wordpress\/wp-content\/uploads\/2013\/08\/IMG_0197.jpg\"><img loading=\"lazy\" decoding=\"async\" width=\"800\" height=\"625\" src=\"https:\/\/lafilledecorinthe.com\/wordpress\/wp-content\/uploads\/2013\/08\/IMG_0197.jpg\" alt=\"Brunelleschiinvente la perspective, Fischli et Weiss, 1981- \" class=\"wp-image-2758\" srcset=\"https:\/\/lafilledecorinthe.com\/wordpress\/wp-content\/uploads\/2013\/08\/IMG_0197.jpg 800w, https:\/\/lafilledecorinthe.com\/wordpress\/wp-content\/uploads\/2013\/08\/IMG_0197-680x531.jpg 680w, https:\/\/lafilledecorinthe.com\/wordpress\/wp-content\/uploads\/2013\/08\/IMG_0197-384x300.jpg 384w\" sizes=\"auto, (max-width: 800px) 100vw, 800px\" \/><\/a><figcaption class=\"wp-element-caption\">Brunelleschi invente la perspective, Fischli et Weiss, 1981-<\/figcaption><\/figure>\n<\/div>\n\n<div class=\"wp-block-image\">\n<figure class=\"aligncenter\"><a href=\"https:\/\/lafilledecorinthe.com\/wordpress\/wp-content\/uploads\/2013\/08\/IMG_0199.jpg\"><img loading=\"lazy\" decoding=\"async\" width=\"800\" height=\"571\" src=\"https:\/\/lafilledecorinthe.com\/wordpress\/wp-content\/uploads\/2013\/08\/IMG_0199.jpg\" alt=\"Opposition populaire : construction et d\u00e9construction, Fischli et Weiss, 1981- \" class=\"wp-image-2759\" srcset=\"https:\/\/lafilledecorinthe.com\/wordpress\/wp-content\/uploads\/2013\/08\/IMG_0199.jpg 800w, https:\/\/lafilledecorinthe.com\/wordpress\/wp-content\/uploads\/2013\/08\/IMG_0199-680x485.jpg 680w, https:\/\/lafilledecorinthe.com\/wordpress\/wp-content\/uploads\/2013\/08\/IMG_0199-420x300.jpg 420w\" sizes=\"auto, (max-width: 800px) 100vw, 800px\" \/><\/a><figcaption class=\"wp-element-caption\">Opposition populaire : construction et d\u00e9construction, Fischli et Weiss, 1981-<\/figcaption><\/figure>\n<\/div>\n\n\n<p><strong>Les pavillons nationaux<\/strong><\/p>\n\n\n\n<p>Le <strong>pavillon libanais<\/strong> est consacr\u00e9 \u00e0 la lumineuse vid\u00e9o \u00ab\u00a0Letter To A Refusing Pilot\u00a0\u00bb d&rsquo;Akram Zaatari.<\/p>\n\n\n<div class=\"wp-block-image\">\n<figure class=\"aligncenter\"><a href=\"https:\/\/lafilledecorinthe.com\/wordpress\/wp-content\/uploads\/2013\/08\/liban1.jpg\"><img loading=\"lazy\" decoding=\"async\" width=\"800\" height=\"556\" src=\"https:\/\/lafilledecorinthe.com\/wordpress\/wp-content\/uploads\/2013\/08\/liban1.jpg\" alt=\"Photogramme &quot;Letter to a refusing pilot&quot;, Akram zaatari, 2013\" class=\"wp-image-2760\" srcset=\"https:\/\/lafilledecorinthe.com\/wordpress\/wp-content\/uploads\/2013\/08\/liban1.jpg 800w, https:\/\/lafilledecorinthe.com\/wordpress\/wp-content\/uploads\/2013\/08\/liban1-680x472.jpg 680w, https:\/\/lafilledecorinthe.com\/wordpress\/wp-content\/uploads\/2013\/08\/liban1-431x300.jpg 431w\" sizes=\"auto, (max-width: 800px) 100vw, 800px\" \/><\/a><figcaption class=\"wp-element-caption\">Photogramme \u00ab\u00a0Letter to a refusing pilot\u00a0\u00bb, Akram zaatari, 2013<\/figcaption><\/figure>\n<\/div>\n\n\n<p>Dans les ann\u00e9es 80, une rumeur commence \u00e0 circuler au Liban, un pilote de l&rsquo;arm\u00e9e\u00a0isra\u00e9lienne\u00a0aurait refus\u00e9 de lacher une bombe sur son objectif sachant que le\u00a0b\u00e2timent\u00a0vis\u00e9 accueillait une \u00e9cole. Akram Zaatari est d&rsquo;autant plus sensible \u00e0 cette histoire que cette \u00e9cole se trouve dans sa ville natale, Sa\u00efda, et que son p\u00e8re en a \u00e9t\u00e9 le directeur pendant une vingtaine d&rsquo;ann\u00e9es. Des ann\u00e9es plus tard, lors d&rsquo;un \u00e9change avec le r\u00e9alisateur isra\u00e9lien Avi Mograbi, Zaatari d\u00e9couvre que le pilote fantasm\u00e9 existe, il s&rsquo;appelle Hagai Tamir. \u00a0 \u00a0 \u00a0 <br>Fiction et r\u00e9alit\u00e9, m\u00e9moire collective et individuelle s&rsquo;entrelacent \u00e9troitement dans la vid\u00e9o qui utilise tout aussi bien des documents d&rsquo;archive que des prises de vue actuelles.<\/p>\n\n\n<div class=\"wp-block-image\">\n<figure class=\"aligncenter\"><a href=\"https:\/\/lafilledecorinthe.com\/wordpress\/wp-content\/uploads\/2013\/08\/liban2.jpg\"><img loading=\"lazy\" decoding=\"async\" width=\"800\" height=\"530\" src=\"https:\/\/lafilledecorinthe.com\/wordpress\/wp-content\/uploads\/2013\/08\/liban2.jpg\" alt=\"Photogramme &quot;Letter to a refusing pilot&quot;, Akram Zaatari, 2013\" class=\"wp-image-2761\" srcset=\"https:\/\/lafilledecorinthe.com\/wordpress\/wp-content\/uploads\/2013\/08\/liban2.jpg 800w, https:\/\/lafilledecorinthe.com\/wordpress\/wp-content\/uploads\/2013\/08\/liban2-680x450.jpg 680w, https:\/\/lafilledecorinthe.com\/wordpress\/wp-content\/uploads\/2013\/08\/liban2-452x300.jpg 452w\" sizes=\"auto, (max-width: 800px) 100vw, 800px\" \/><\/a><figcaption class=\"wp-element-caption\">Photogramme \u00ab\u00a0Letter to a refusing pilot\u00a0\u00bb, Akram Zaatari, 2013<\/figcaption><\/figure>\n<\/div>\n\n<div class=\"wp-block-image\">\n<figure class=\"aligncenter\"><a href=\"https:\/\/lafilledecorinthe.com\/wordpress\/wp-content\/uploads\/2013\/08\/liban3.jpg\"><img loading=\"lazy\" decoding=\"async\" width=\"800\" height=\"550\" src=\"https:\/\/lafilledecorinthe.com\/wordpress\/wp-content\/uploads\/2013\/08\/liban3.jpg\" alt=\"Photogramme &quot;Letter to a refusing pilot&quot;, Akram Zaatari, 2013\" class=\"wp-image-2762\" srcset=\"https:\/\/lafilledecorinthe.com\/wordpress\/wp-content\/uploads\/2013\/08\/liban3.jpg 800w, https:\/\/lafilledecorinthe.com\/wordpress\/wp-content\/uploads\/2013\/08\/liban3-680x467.jpg 680w, https:\/\/lafilledecorinthe.com\/wordpress\/wp-content\/uploads\/2013\/08\/liban3-436x300.jpg 436w\" sizes=\"auto, (max-width: 800px) 100vw, 800px\" \/><\/a><figcaption class=\"wp-element-caption\">Photogramme \u00ab\u00a0Letter to a refusing pilot\u00a0\u00bb, Akram Zaatari, 2013<\/figcaption><\/figure>\n<\/div>\n\n\n<p>Grosse surprise en p\u00e9n\u00e9trant dans la salle centrale du&nbsp;<strong>pavillon autrichien,&nbsp;<\/strong>un court dessin anim\u00e9 passe en boucle. C&rsquo;est l\u00e9ger, reposant m\u00eame, apr\u00e8s certains pavillons herm\u00e9tiques. On suit en chantonnant les aventures sylvestres d&rsquo;un \u00e2ne en costume de marin mais tr\u00e8s vite on se demande pourquoi une Silly Symphony des studios Disney repr\u00e9sente l&rsquo;Autriche en 2013 &#8230; Erreur, j&rsquo;ai \u00e9t\u00e9 dup\u00e9e, la lecture du cartel nous apprend que cette oeuvre est contemporaine et qu&rsquo;elle n&rsquo;est pas un Disney in\u00e9dit mais la cr\u00e9ation d&rsquo;un jeune artiste Mathias Poledna.<\/p>\n\n\n<div class=\"wp-block-image\">\n<figure class=\"aligncenter\"><a href=\"https:\/\/lafilledecorinthe.com\/wordpress\/wp-content\/uploads\/2013\/08\/IMG_0361.jpg\"><img loading=\"lazy\" decoding=\"async\" width=\"800\" height=\"575\" src=\"https:\/\/lafilledecorinthe.com\/wordpress\/wp-content\/uploads\/2013\/08\/IMG_0361.jpg\" alt=\"Imitation of life de Mathias Poledna, 2013\" class=\"wp-image-2763\" srcset=\"https:\/\/lafilledecorinthe.com\/wordpress\/wp-content\/uploads\/2013\/08\/IMG_0361.jpg 800w, https:\/\/lafilledecorinthe.com\/wordpress\/wp-content\/uploads\/2013\/08\/IMG_0361-680x488.jpg 680w, https:\/\/lafilledecorinthe.com\/wordpress\/wp-content\/uploads\/2013\/08\/IMG_0361-417x300.jpg 417w\" sizes=\"auto, (max-width: 800px) 100vw, 800px\" \/><\/a><figcaption class=\"wp-element-caption\">Imitation of life de Mathias Poledna, 2013<\/figcaption><\/figure>\n<\/div>\n\n\n<p>Mathias Poledna a travaill\u00e9 \u00e0 l&rsquo;ancienne,&nbsp;r\u00e9alisant plus de 5000 dessins avec des&nbsp;v\u00e9t\u00e9rans&nbsp;des studios californiens. Il a aussi r\u00e9orchestr\u00e9 une chanson populaire des ann\u00e9es 30 \u00ab\u00a0<a href=\"http:\/\/www.youtube.com\/watch?v=QL4psyfzGsY\" target=\"_blank\" rel=\"noopener\">I got a feeling, you&rsquo;re foolin&rsquo;with me<\/a>&nbsp;\u00ab\u00a0. Coup de projecteur sur une p\u00e9riode sensible ? Hommage au cin\u00e9ma d&rsquo;animation traditionnel ? Mystification ?<\/p>\n\n\n\n<p><strong>Et aussi &#8230;<\/strong><\/p>\n\n\n\n<p>Les tags anim\u00e9s du pavillon v\u00e9n\u00e9zu\u00e9lien, les exp\u00e9riences sensitives au pavillon cor\u00e9en, Josef Koudelka au pavillon du Vatican, Zanele Muholi au pavillon sud-africain, les planches originales de \u00ab\u00a0La Gen\u00e8se\u00a0\u00bb de Crumb &#8230;<\/p>\n\n\n<div class=\"wp-block-image\">\n<figure class=\"aligncenter\"><a href=\"https:\/\/lafilledecorinthe.com\/wordpress\/wp-content\/uploads\/2013\/08\/IMG_0332.jpg\"><img loading=\"lazy\" decoding=\"async\" width=\"800\" height=\"597\" src=\"https:\/\/lafilledecorinthe.com\/wordpress\/wp-content\/uploads\/2013\/08\/IMG_0332.jpg\" alt=\"Josef Koudelka au Pavillon du Vatican, Biennale de Venise, 2013\" class=\"wp-image-2764\" srcset=\"https:\/\/lafilledecorinthe.com\/wordpress\/wp-content\/uploads\/2013\/08\/IMG_0332.jpg 800w, https:\/\/lafilledecorinthe.com\/wordpress\/wp-content\/uploads\/2013\/08\/IMG_0332-680x507.jpg 680w, https:\/\/lafilledecorinthe.com\/wordpress\/wp-content\/uploads\/2013\/08\/IMG_0332-402x300.jpg 402w\" sizes=\"auto, (max-width: 800px) 100vw, 800px\" \/><\/a><figcaption class=\"wp-element-caption\">Josef Koudelka au Pavillon du Vatican, Biennale de Venise, 2013<\/figcaption><\/figure>\n<\/div>\n\n\n<p>MOULINS<\/p>\n\n\n<div class=\"wp-block-image\">\n<figure class=\"aligncenter\"><a href=\"https:\/\/lafilledecorinthe.com\/wordpress\/wp-content\/uploads\/2013\/08\/IMG_0775.jpg\"><img loading=\"lazy\" decoding=\"async\" width=\"800\" height=\"597\" src=\"https:\/\/lafilledecorinthe.com\/wordpress\/wp-content\/uploads\/2013\/08\/IMG_0775.jpg\" alt=\"IMG_0775\" class=\"wp-image-2765\" srcset=\"https:\/\/lafilledecorinthe.com\/wordpress\/wp-content\/uploads\/2013\/08\/IMG_0775.jpg 800w, https:\/\/lafilledecorinthe.com\/wordpress\/wp-content\/uploads\/2013\/08\/IMG_0775-680x507.jpg 680w, https:\/\/lafilledecorinthe.com\/wordpress\/wp-content\/uploads\/2013\/08\/IMG_0775-402x300.jpg 402w\" sizes=\"auto, (max-width: 800px) 100vw, 800px\" \/><\/a><\/figure>\n<\/div>\n\n\n<p class=\"has-text-align-center\"><\/p>\n\n\n\n<p>Depuis son ouverture je r\u00eavais de visiter le Mus\u00e9e de l&rsquo;Illustration Jeunesse. Ravie de le d\u00e9couvrir avec l&rsquo;exposition temporaire consacr\u00e9e \u00e0 Georges Lemoine. Les dessins originaux expos\u00e9s r\u00e9v\u00e8lent&nbsp;toute la finesse et la richesse de ce grand artiste. J&rsquo;aime sa conception de l&rsquo;illustration vue comme une interpr\u00e9tation musicale. De belles heures de lecture en perspective &#8230;<\/p>\n\n\n\n<figure class=\"wp-block-embed is-type-video is-provider-youtube wp-block-embed-youtube wp-embed-aspect-16-9 wp-has-aspect-ratio\"><div class=\"wp-block-embed__wrapper\">\n<iframe loading=\"lazy\" title=\"Georges Lemoine, illustrateur - film de Lo\u00efc Seron\" width=\"720\" height=\"405\" src=\"https:\/\/www.youtube.com\/embed\/HJqYHi6OMRc?feature=oembed\" frameborder=\"0\" allow=\"accelerometer; autoplay; clipboard-write; encrypted-media; gyroscope; picture-in-picture; web-share\" referrerpolicy=\"strict-origin-when-cross-origin\" allowfullscreen><\/iframe>\n<\/div><\/figure>\n","protected":false},"excerpt":{"rendered":"<p>S\u00e9lection d&rsquo;images fixes et anim\u00e9es qui m&rsquo;ont fait vibrer cet \u00e9t\u00e9 ! ANNECY Pour une inconditionnelle du cin\u00e9ma d&rsquo;animation, commencer ses vacances par une \u00e9tape \u00e0 Annecy est hautement symbolique. Le festival est termin\u00e9 depuis plusieurs semaines mais reste l&rsquo;exposition permanente, un petit tour au mus\u00e9e-ch\u00e2teau et au conservatoire d&rsquo;art et d&rsquo;histoire s&rsquo;impose avant d&rsquo;aller&#8230;<\/p>\n","protected":false},"author":2,"featured_media":2717,"comment_status":"open","ping_status":"open","sticky":false,"template":"","format":"standard","meta":{"_kad_post_transparent":"","_kad_post_title":"","_kad_post_layout":"","_kad_post_sidebar_id":"","_kad_post_content_style":"","_kad_post_vertical_padding":"","_kad_post_feature":"","_kad_post_feature_position":"","_kad_post_header":false,"_kad_post_footer":false,"_kad_post_classname":"","footnotes":""},"categories":[6,13],"tags":[503,496,499,494,489,492,487,508,495,497,504,488,502,509,505,507,506,486,490,500,491,498,501,493],"class_list":["post-2716","post","type-post","status-publish","format-standard","has-post-thumbnail","hentry","category-blog","category-sorties-culturelles","tag-akram-zaatari","tag-biennale-dart-contemporain-de-venise","tag-camille-henrot","tag-cesare-zavattini","tag-citia","tag-drawings-for-projection","tag-francois-et-chantal-loriot-melia","tag-georges-lemoine","tag-gianni-berengo-gardin","tag-harry-smith","tag-imitation-of-life","tag-jpl-films","tag-letter-to-a-refusing-pilot","tag-loic-seron","tag-mathias-poledna","tag-moulins","tag-musee-de-lillustration-jeunesse","tag-musee-chateau-dannecy","tag-pavillon-dart-contemporain-de-milan","tag-peter-fischli-et-david-weiss","tag-rise-and-fall-of-apartheid-photography-and-the-bureaucracy-of-everyday-life","tag-stan-vanderbeek","tag-suddenly-this-overview","tag-william-kentridge"],"_links":{"self":[{"href":"https:\/\/lafilledecorinthe.com\/wordpress\/wp-json\/wp\/v2\/posts\/2716","targetHints":{"allow":["GET"]}}],"collection":[{"href":"https:\/\/lafilledecorinthe.com\/wordpress\/wp-json\/wp\/v2\/posts"}],"about":[{"href":"https:\/\/lafilledecorinthe.com\/wordpress\/wp-json\/wp\/v2\/types\/post"}],"author":[{"embeddable":true,"href":"https:\/\/lafilledecorinthe.com\/wordpress\/wp-json\/wp\/v2\/users\/2"}],"replies":[{"embeddable":true,"href":"https:\/\/lafilledecorinthe.com\/wordpress\/wp-json\/wp\/v2\/comments?post=2716"}],"version-history":[{"count":42,"href":"https:\/\/lafilledecorinthe.com\/wordpress\/wp-json\/wp\/v2\/posts\/2716\/revisions"}],"predecessor-version":[{"id":15482,"href":"https:\/\/lafilledecorinthe.com\/wordpress\/wp-json\/wp\/v2\/posts\/2716\/revisions\/15482"}],"wp:featuredmedia":[{"embeddable":true,"href":"https:\/\/lafilledecorinthe.com\/wordpress\/wp-json\/wp\/v2\/media\/2717"}],"wp:attachment":[{"href":"https:\/\/lafilledecorinthe.com\/wordpress\/wp-json\/wp\/v2\/media?parent=2716"}],"wp:term":[{"taxonomy":"category","embeddable":true,"href":"https:\/\/lafilledecorinthe.com\/wordpress\/wp-json\/wp\/v2\/categories?post=2716"},{"taxonomy":"post_tag","embeddable":true,"href":"https:\/\/lafilledecorinthe.com\/wordpress\/wp-json\/wp\/v2\/tags?post=2716"}],"curies":[{"name":"wp","href":"https:\/\/api.w.org\/{rel}","templated":true}]}}