{"id":2642,"date":"2013-08-28T18:02:35","date_gmt":"2013-08-28T17:02:35","guid":{"rendered":"http:\/\/lafilledecorinthe.com\/wordpress\/?p=2642"},"modified":"2025-12-08T21:58:32","modified_gmt":"2025-12-08T20:58:32","slug":"pierre-francois-maquaire-createur-du-site-heeza","status":"publish","type":"post","link":"https:\/\/lafilledecorinthe.com\/wordpress\/2013\/08\/pierre-francois-maquaire-createur-du-site-heeza\/","title":{"rendered":"Pierre-Fran\u00e7ois Maquaire, cr\u00e9ateur du site Heeza"},"content":{"rendered":"\n<p><em>A quelques pas de la place de la R\u00e9publique r\u00e9nov\u00e9e, se trouve un lieu insolite. Pour le d\u00e9couvrir, il faut pousser une lourde porte qui ne s&rsquo;ouvre que pour les initi\u00e9s (code), franchir un long couloir et sortir dans une arri\u00e8re-cour d\u00e9cor\u00e9e avec de tr\u00e8s belles plantes vertes et des poubelles, vertes elles aussi ! Sur la gauche se trouve l&rsquo;antre de Doc Heeza, une v\u00e9ritable caverne d&rsquo;Ali Baba pour les fous d&rsquo;images, chaque m2 est utilis\u00e9.<\/em><br><em>Mi-entrep\u00f4t, mi-magasin, ce local accueille tout ce qui touche de pr\u00e8s ou de loin \u00e0 l&rsquo;image anim\u00e9e : livres, DVD, jouets optiques&#8230; Mais qui se cache derri\u00e8re ce\u00a0<\/em><i>pseudonyme de Doc Heeza ? Pierre-Fran\u00e7ois a accept\u00e9, non sans quelques r\u00e9ticences, de se d\u00e9voiler, un peu !<\/i><\/p>\n\n\n\n<p><strong>Se pr\u00e9senter en quelques mots&#8230;<\/strong><\/p>\n\n\n\n<p>Passionn\u00e9 de cin\u00e9ma, d\u2019illusions optiques, de BD, j\u2019ai essay\u00e9 d\u2019en faire mon m\u00e9tier en devenant projectionniste. Apr\u00e8s une p\u00e9riode de ch\u00f4mage, j\u2019ai d\u00e9cid\u00e9 de cr\u00e9er Heeza.<\/p>\n\n\n\n<p><strong>Qu\u2019est-ce qui a \u00e9t\u00e9 le plus formateur pour toi dans ton enfance ?<\/strong><\/p>\n\n\n\n<p>J\u2019ai beaucoup jou\u00e9 avec des projecteurs. J&rsquo;ai r\u00e9cup\u00e9r\u00e9 un vieux projecteur 9,5 mm qui \u00e9tait chez ma grand-m\u00e8re, il fonctionnait \u00e0 l&rsquo;origine sur du 110 volts. Je&nbsp;passais des Charlot et je m&rsquo;amusais \u00e0 faire le bruitage, les voix&#8230;&nbsp;&nbsp;J\u2019ai aussi film\u00e9 mes copains en super 8. J\u2019aimais \u00e7a ! J&rsquo;\u00e9tais aussi un gros lecteur de BD.&nbsp;J\u2019\u00e9tais tr\u00e8s content quand mes parents m\u2019emmenaient voir le Walt Disney qui sortait tous les ans. Je me le passais et repassais dans ma t\u00eate, il n\u2019y avait pas de magn\u00e9toscope pour les enfants&#8230;<\/p>\n\n\n<div class=\"wp-block-image\">\n<figure class=\"aligncenter\"><a href=\"https:\/\/lafilledecorinthe.com\/wordpress\/wp-content\/uploads\/2013\/08\/bambi.jpg\"><img loading=\"lazy\" decoding=\"async\" width=\"800\" height=\"600\" src=\"https:\/\/lafilledecorinthe.com\/wordpress\/wp-content\/uploads\/2013\/08\/bambi.jpg\" alt=\"Bambi des studios Disney, 1942, ressortie France d\u00e9cembre 1969\" class=\"wp-image-2821\" srcset=\"https:\/\/lafilledecorinthe.com\/wordpress\/wp-content\/uploads\/2013\/08\/bambi.jpg 800w, https:\/\/lafilledecorinthe.com\/wordpress\/wp-content\/uploads\/2013\/08\/bambi-680x510.jpg 680w, https:\/\/lafilledecorinthe.com\/wordpress\/wp-content\/uploads\/2013\/08\/bambi-400x300.jpg 400w\" sizes=\"auto, (max-width: 800px) 100vw, 800px\" \/><\/a><figcaption class=\"wp-element-caption\">Bambi des studios Disney, 1942, ressortie France d\u00e9cembre 1969<\/figcaption><\/figure>\n<\/div>\n\n\n<p><strong>Une image qui t\u2019accompagne \u2026<\/strong><\/p>\n\n\n\n<p>La belle et la b\u00eate de Cocteau. Ce film m\u2019a beaucoup impressionn\u00e9 quand je l\u2019ai vu \u00e0 la TV tout petit. Je ne comprenais pas la fin, que ce soit le m\u00eame com\u00e9dien qui joue Avenant, la b\u00eate et le prince !<\/p>\n\n\n<div class=\"wp-block-image\">\n<figure class=\"aligncenter\"><a href=\"https:\/\/lafilledecorinthe.com\/wordpress\/wp-content\/uploads\/2013\/08\/Avenant.jpg\"><img loading=\"lazy\" decoding=\"async\" width=\"800\" height=\"500\" src=\"https:\/\/lafilledecorinthe.com\/wordpress\/wp-content\/uploads\/2013\/08\/Avenant.jpg\" alt=\"Jean Marais dans &quot;La belle et la b\u00eate&quot; de Jean Cocteau,  1946\" class=\"wp-image-2807\" srcset=\"https:\/\/lafilledecorinthe.com\/wordpress\/wp-content\/uploads\/2013\/08\/Avenant.jpg 800w, https:\/\/lafilledecorinthe.com\/wordpress\/wp-content\/uploads\/2013\/08\/Avenant-680x425.jpg 680w, https:\/\/lafilledecorinthe.com\/wordpress\/wp-content\/uploads\/2013\/08\/Avenant-480x300.jpg 480w\" sizes=\"auto, (max-width: 800px) 100vw, 800px\" \/><\/a><figcaption class=\"wp-element-caption\">Jean Marais dans \u00ab\u00a0La belle et la b\u00eate\u00a0\u00bb de Jean Cocteau, 1946<\/figcaption><\/figure>\n<\/div>\n\n\n<p>Quand ma fille ain\u00e9e a eu 6\/7ans, je l\u2019ai emmen\u00e9e voir le film au cin\u00e9ma. Elle s\u2019est pos\u00e9e les m\u00eames questions que moi \u00e0 son \u00e2ge. On en a parl\u00e9 pendant plus d\u2019une semaine. C\u2019est sympa un film qui traverse des g\u00e9n\u00e9rations de spectateurs. J\u2019aime beaucoup les trucs cin\u00e9matographiques utilis\u00e9s par Cocteau : les ralentis, la projection en marche arri\u00e8re, les m\u00e9tamorphoses &#8230;<\/p>\n\n\n\n<p><strong>Quel dipl\u00f4me as-tu pass\u00e9 pour te pr\u00e9valoir du titre de \u00ab Doc Heeza \u00bb, sp\u00e9cialiste certifi\u00e9 dans l\u2019image anim\u00e9e ? Plus s\u00e9rieusement quel a \u00e9t\u00e9 ton parcours avant la cr\u00e9ation du site ?<\/strong><\/p>\n\n\n\n<p>A 16 ans, j\u2019ai \u00e9t\u00e9 apprenti chez un photographe de Nancy. Je me suis pr\u00e9sent\u00e9 \u00e0 lui avec plein d\u2019envies, je faisais d\u00e9j\u00e0 beaucoup de photos. J\u2019ai vite d\u00e9chant\u00e9, je ne faisais que balayer et pr\u00e9parer les produits, je m\u2019ennuyais ferme. Un jour, le patron a fait un reportage dans une usine pendant trois jours et il m\u2019a demand\u00e9, pour une fois, de d\u00e9velopper les n\u00e9gatifs. Au moment de rincer le premier jeu de n\u00e9gatif, j\u2019ai utilis\u00e9 involontairement une eau trop chaude et j\u2019ai d\u00e9truit son travail. L\u2019attaque \u00e9tant la meilleure d\u00e9fense, je suis parti en claquant la porte.&nbsp;J\u2019ai rejoint mes parents \u00e0 Nantes, j\u2019ai trouv\u00e9 un boulot d\u2019ouvreur dans un cin\u00e9ma de la ville et de fil en aiguille, je suis devenu projectionniste. J\u2019\u00e9tais heureux de travailler dans un cin\u00e9ma, je pouvais aller dans les cabines de projection, je pouvais voir autant de films que je voulais. J\u2019ai ador\u00e9 cet univers &#8230; Mon patron a ouvert un cin\u00e9ma art et essai class\u00e9 recherche. J\u2019ai quitt\u00e9 le Katorza pour le Cin\u00e9matographe.<\/p>\n\n\n<div class=\"wp-block-image\">\n<figure class=\"aligncenter\"><a href=\"https:\/\/lafilledecorinthe.com\/wordpress\/wp-content\/uploads\/2013\/08\/katorza.jpg\"><img loading=\"lazy\" decoding=\"async\" width=\"800\" height=\"297\" src=\"https:\/\/lafilledecorinthe.com\/wordpress\/wp-content\/uploads\/2013\/08\/katorza.jpg\" alt=\"katorza\" class=\"wp-image-2808\" srcset=\"https:\/\/lafilledecorinthe.com\/wordpress\/wp-content\/uploads\/2013\/08\/katorza.jpg 800w, https:\/\/lafilledecorinthe.com\/wordpress\/wp-content\/uploads\/2013\/08\/katorza-680x252.jpg 680w, https:\/\/lafilledecorinthe.com\/wordpress\/wp-content\/uploads\/2013\/08\/katorza-500x185.jpg 500w\" sizes=\"auto, (max-width: 800px) 100vw, 800px\" \/><\/a><\/figure>\n<\/div>\n\n\n<p class=\"has-text-align-center\"><\/p>\n\n\n\n<p>J\u2019ai beaucoup observ\u00e9 le travail des <a href=\"http:\/\/www.youtube.com\/watch?v=hCzI8EGq4UQ&amp;list=UUBlOuQsDb31C_Wpoi5n1oag&amp;index=25)\">projectionnistes<\/a>,&nbsp;j\u2019ai appris sur le tas. J\u2019ai pass\u00e9 deux fois mon CAP. La premi\u00e8re fois, j\u2019ai eu la th\u00e9orie mais pas la pratique. Ayant toujours \u00e9t\u00e9 un fain\u00e9ant et n\u2019aimant pas les examens, je n\u2019ai pas voulu le repasser tout de suite. Finalement, pour \u00eatre mieux pay\u00e9 et avoir une reconnaissance de ma pratique, je l\u2019ai repass\u00e9 et cette fois-ci, je l\u2019ai eu !&nbsp;Le Cin\u00e9matographe est un tr\u00e8s beau cin\u00e9, il est dans une ancienne chapelle.<\/p>\n\n\n<div class=\"wp-block-image\">\n<figure class=\"aligncenter\"><a href=\"https:\/\/lafilledecorinthe.com\/wordpress\/wp-content\/uploads\/2013\/08\/cin\u00e9matographe.jpg\"><img loading=\"lazy\" decoding=\"async\" width=\"626\" height=\"286\" src=\"https:\/\/lafilledecorinthe.com\/wordpress\/wp-content\/uploads\/2013\/08\/cin\u00e9matographe.jpg\" alt=\"cin\u00e9matographe\" class=\"wp-image-2809\" srcset=\"https:\/\/lafilledecorinthe.com\/wordpress\/wp-content\/uploads\/2013\/08\/cin\u00e9matographe.jpg 626w, https:\/\/lafilledecorinthe.com\/wordpress\/wp-content\/uploads\/2013\/08\/cin\u00e9matographe-500x228.jpg 500w\" sizes=\"auto, (max-width: 626px) 100vw, 626px\" \/><\/a><\/figure>\n<\/div>\n\n\n<p class=\"has-text-align-left\"><\/p>\n\n\n\n<p>J\u2019ai arr\u00eat\u00e9 d\u2019\u00eatre projectionniste en arrivant dans la r\u00e9gion parisienne, j\u2019ai boss\u00e9 pendant un an chez un distributeur de BD \u00e0 Paris. J\u2019ai appris pas mal de choses sur la distribution et j\u2019ai voulu me lancer \u00e0 mon tour dans cette aventure.<\/p>\n\n\n\n<p><strong>L\u2019ann\u00e9e prochaine tu f\u00eateras les 20 ans d\u2019Heeza, quelles ont \u00e9t\u00e9 les principales \u00e9volutions du site depuis son origine ?<\/strong><\/p>\n\n\n\n<p>Au d\u00e9part, <a href=\"http:\/\/www.heeza.fr\/\">Heeza<\/a> n\u2019\u00e9tait pas un site, Internet n\u2019existait pas pour le grand public. Je travaillais \u00e0 la maison, je r\u00e9alisais tous les trois mois un document qui \u00e9tait moiti\u00e9 catalogue, moiti\u00e9 fanzine. Photocopi\u00e9 au d\u00e9part puis imprim\u00e9, je faisais tout ! Le r\u00e9dactionnel, la maquette, le mailing, la mise sous plis, le suivi des commandes&#8230;&nbsp;Dans chaque num\u00e9ro, il y avait mon portrait caricatur\u00e9, un acrostiche, des news, des r\u00e9ponses humoristiques aux remarques de mes lecteurs et bien s\u00fbr la pr\u00e9sentation des nouveaux produits. J\u2019envoyais \u00e0 peu pr\u00e8s 2000 documents papiers. En 98, Internet est arriv\u00e9. Pendant quelques temps, les deux moyens ont coexist\u00e9 mais pour des raisons de co\u00fbt, j\u2019ai d\u00fb abandonner le catalogue papier.<\/p>\n\n\n<div class=\"wp-block-image\">\n<figure class=\"aligncenter\"><a href=\"https:\/\/lafilledecorinthe.com\/wordpress\/wp-content\/uploads\/2013\/08\/P1090887.jpg\"><img loading=\"lazy\" decoding=\"async\" width=\"800\" height=\"600\" src=\"https:\/\/lafilledecorinthe.com\/wordpress\/wp-content\/uploads\/2013\/08\/P1090887.jpg\" alt=\"P1090887\" class=\"wp-image-2824\" srcset=\"https:\/\/lafilledecorinthe.com\/wordpress\/wp-content\/uploads\/2013\/08\/P1090887.jpg 800w, https:\/\/lafilledecorinthe.com\/wordpress\/wp-content\/uploads\/2013\/08\/P1090887-680x510.jpg 680w, https:\/\/lafilledecorinthe.com\/wordpress\/wp-content\/uploads\/2013\/08\/P1090887-400x300.jpg 400w\" sizes=\"auto, (max-width: 800px) 100vw, 800px\" \/><\/a><\/figure>\n<\/div>\n\n\n<p class=\"has-text-align-center\"><\/p>\n\n\n\n<p>Pour me faire conna\u00eetre, je faisais des salons comme les Cingl\u00e9s du cin\u00e9ma \u00e0 Argenteuil et j\u2019essayais d\u2019avoir des articles dans la presse. J\u2019ai eu des coups de pouce sympathiques. Par exemple, J\u00e9rome Bonaldi a parl\u00e9 deux fois d\u2019Heeza dans l\u2019\u00e9mission Nulle Part Ailleurs. J\u2019ai pu voir concr\u00e8tement l\u2019impact des m\u00e9dias, mes ventes ont explos\u00e9 \u00e0 la suite de ces diffusions ! Lorsque Internet s\u2019est d\u00e9velopp\u00e9, j\u2019ai appris tout seul le langage Html, j\u2019ai r\u00e9alis\u00e9 la premi\u00e8re version de mon site. Mes comp\u00e9tences ont \u00e9t\u00e9 vite d\u00e9pass\u00e9es, je ne savais pas par exemple g\u00e9rer une base de donn\u00e9es, je me suis donc fait aider pour la deuxi\u00e8me version. Si je n\u2019ai pas fait la structure technique de mon site, par contre je sais le faire vivre, c\u2019est moi qui le remplis, je m\u2019occupe du contenu.&nbsp;Puis, j\u2019ai eu beaucoup de demandes de clients qui souhaitaient voir les objets, les tenir en main. J\u2019avais aussi envie de rencontres. J\u2019ai ouvert le local pr\u00e8s de R\u00e9publique en 2005.<\/p>\n\n\n<div class=\"wp-block-image\">\n<figure class=\"aligncenter\"><a href=\"https:\/\/lafilledecorinthe.com\/wordpress\/wp-content\/uploads\/2013\/08\/Local3.jpg\"><img loading=\"lazy\" decoding=\"async\" width=\"800\" height=\"600\" src=\"https:\/\/lafilledecorinthe.com\/wordpress\/wp-content\/uploads\/2013\/08\/Local3.jpg\" alt=\"Local3\" class=\"wp-image-2810\" srcset=\"https:\/\/lafilledecorinthe.com\/wordpress\/wp-content\/uploads\/2013\/08\/Local3.jpg 800w, https:\/\/lafilledecorinthe.com\/wordpress\/wp-content\/uploads\/2013\/08\/Local3-680x510.jpg 680w, https:\/\/lafilledecorinthe.com\/wordpress\/wp-content\/uploads\/2013\/08\/Local3-400x300.jpg 400w\" sizes=\"auto, (max-width: 800px) 100vw, 800px\" \/><\/a><\/figure>\n<\/div>\n\n\n<p class=\"has-text-align-center\"><\/p>\n\n\n\n<p><strong>Nous sommes nombreux \u00e0 d\u00e9sirer percer le myst\u00e8re du nom du site, peux-tu nous dire ce qui se cache derri\u00e8re ce nom \u00e9nigmatique ?<\/strong><\/p>\n\n\n\n<p>Lorsque j\u2019ai cr\u00e9\u00e9 la SARL, j\u2019ai pens\u00e9 l\u2019appeler en r\u00e9f\u00e9rence directe avec les produits propos\u00e9s, quelque chose comme \u00abMondo Cartoon\u00bb. Mon p\u00e8re, fin businessman, m\u2019a sugg\u00e9r\u00e9 de choisir un nom plus g\u00e9n\u00e9rique, qui ne refl\u00e9tait pas l\u2019activit\u00e9. Si dans 6 mois mon projet capotait et que je voulais vendre du fromage, tout ne serait pas \u00e0 refaire !&nbsp;Je ne me souviens plus comment je suis tomb\u00e9 sur le personnage du <a href=\"http:\/\/www.youtube.com\/watch?v=I_NNIwpWf9g\">Colonel Heeza Liar<\/a>&nbsp; (jeu de mot he\u2019s a liar) mais il m\u2019a plu. C\u2019est le h\u00e9ros de la premi\u00e8re s\u00e9rie anim\u00e9e am\u00e9ricaine, il est fortement inspir\u00e9 de Th\u00e9odore Roosevelt.<\/p>\n\n\n<div class=\"wp-block-image\">\n<figure class=\"aligncenter\"><a href=\"https:\/\/lafilledecorinthe.com\/wordpress\/wp-content\/uploads\/2013\/08\/heeza_liar.jpg\"><img loading=\"lazy\" decoding=\"async\" width=\"569\" height=\"800\" src=\"https:\/\/lafilledecorinthe.com\/wordpress\/wp-content\/uploads\/2013\/08\/heeza_liar.jpg\" alt=\"Colonel Heeza Liar's Ancestor, 1924\" class=\"wp-image-2812\" srcset=\"https:\/\/lafilledecorinthe.com\/wordpress\/wp-content\/uploads\/2013\/08\/heeza_liar.jpg 569w, https:\/\/lafilledecorinthe.com\/wordpress\/wp-content\/uploads\/2013\/08\/heeza_liar-483x680.jpg 483w, https:\/\/lafilledecorinthe.com\/wordpress\/wp-content\/uploads\/2013\/08\/heeza_liar-213x300.jpg 213w\" sizes=\"auto, (max-width: 569px) 100vw, 569px\" \/><\/a><figcaption class=\"wp-element-caption\">Colonel Heeza Liar&rsquo;s Ancestor, 1924<\/figcaption><\/figure>\n<\/div>\n\n\n<p>Et puis, comme la m\u00e8re de mes enfants s\u2019appelle Isabelle, j\u2019avais une raison tr\u00e8s personnelle d\u2019aimer ce nom. En plus, il sonne bien, plein de noms sur Internet avaient deux voyelles \u00e0 cette \u00e9poque, pour une fois, j\u2019\u00e9tais \u00e0 la mode !<\/p>\n\n\n\n<p><strong>Je ne vais pas te demander ton chiffre d\u2019affaire mais arrives-tu \u00e0 vivre d\u2019Heeza ?<\/strong><\/p>\n\n\n\n<p>Non, je suis oblig\u00e9 de travailler \u00e0 c\u00f4t\u00e9 ! D\u2019ailleurs, je lance un appel aux lecteurs de cet article, si vous avez un boulot pour moi, je suis preneur ! Je suis un fain\u00e9ant contrari\u00e9, je ne rechigne pas devant l\u2019effort &#8230;<\/p>\n\n\n\n<p><strong>Peux-tu nous d\u00e9crire une de tes journ\u00e9es types ?<\/strong><\/p>\n\n\n\n<p>En arrivant au local, je vais voir sur Internet si j\u2019ai des commandes, je les pr\u00e9pare, je suis l\u2019as de l\u2019empaquetage ! J\u2019attends le client ! Je fais des pages pour mon site, par exemple, en ce moment je pr\u00e9pare la pr\u00e9sentation d\u2019une vingtaine de flipbooks r\u00e9alis\u00e9e par des \u00e9tudiants de l&rsquo;<a href=\"http:\/\/www.beauxarts-bretagne.asso.fr\/index.php?type=page&amp;id=56\">EESAB<\/a> ( \u00e9cole europ\u00e9enne sup\u00e9rieure d&rsquo;art de Bretagne). Je surfe \u00e0 la recherche d\u2019id\u00e9es de nouveaux produits. En fin de journ\u00e9e, je vais \u00e0 la poste envoyer mes colis.<\/p>\n\n\n<div class=\"wp-block-image\">\n<figure class=\"aligncenter\"><a href=\"https:\/\/lafilledecorinthe.com\/wordpress\/wp-content\/uploads\/2013\/08\/PF11.jpg\"><img loading=\"lazy\" decoding=\"async\" width=\"800\" height=\"573\" src=\"https:\/\/lafilledecorinthe.com\/wordpress\/wp-content\/uploads\/2013\/08\/PF11.jpg\" alt=\"PF1\" class=\"wp-image-2813\" srcset=\"https:\/\/lafilledecorinthe.com\/wordpress\/wp-content\/uploads\/2013\/08\/PF11.jpg 800w, https:\/\/lafilledecorinthe.com\/wordpress\/wp-content\/uploads\/2013\/08\/PF11-680x487.jpg 680w, https:\/\/lafilledecorinthe.com\/wordpress\/wp-content\/uploads\/2013\/08\/PF11-418x300.jpg 418w\" sizes=\"auto, (max-width: 800px) 100vw, 800px\" \/><\/a><\/figure>\n<\/div>\n\n\n<p class=\"has-text-align-center\"><\/p>\n\n\n\n<p><strong>Cette \u00abroutine\u00bb est parfois rompue par des visites inattendues. Peux-tu nous partager quelques rencontres qui t\u2019ont marqu\u00e9es ?<\/strong><\/p>\n\n\n\n<p>J\u2019ai \u00e9t\u00e9 tr\u00e8s impressionn\u00e9 par la visite d\u2019un grand magicien, Philippe Socrate. Il m\u2019a fait d\u00e9couvrir les bo\u00eetes \u00e0 secret.&nbsp;J\u2019ai d\u2019ailleurs beaucoup de magiciens qui viennent m\u2019acheter des flipbooks. J\u2019ai aussi des artistes, le r\u00e9alisateur Koji Yamamura est venu deux fois. Je re\u00e7ois aussi des gens du cirque, des collectionneurs, des profs&#8230;&nbsp;Beaucoup de gens qui font des ateliers avec des enfants ! Je trouve \u00e7a sympa !<\/p>\n\n\n\n<p><strong>Que penses-tu de l\u2019anagramme entre \u00abmagie\u00bb et \u00abimage\u00bb ?<\/strong><\/p>\n\n\n\n<p>J\u2019en pense rien, il fallait la trouver ! C\u2019est M\u00e9li\u00e8s qui a fait du cin\u00e9ma un spectacle car il \u00e9tait un magicien. J\u2019ai beaucoup aim\u00e9 un tr\u00e8s court interview de M\u00e9li\u00e8s qui parle de la premi\u00e8re projection des Fr\u00e8res Lumi\u00e8re. Lorsqu\u2019il est arriv\u00e9, la projection \u00e9tait bloqu\u00e9e sur une image fixe, il ne comprenait pas ce qui \u00e9tait extraordinaire, il connaissait depuis longtemps les lanternes magiques puis subitement l\u2019image s\u2019est mise \u00e0 bouger, waouh !&nbsp;On peut \u00e9couter sa voix nous raconter cette anecdote sur le site de l\u2019<a href=\" http:\/\/www.ina.fr\/video\/P12018151\">Ina<\/a>.&nbsp;Quand j\u2019\u00e9tais petit je voulais \u00eatre magicien ou clown&#8230;<\/p>\n\n\n\n<figure class=\"wp-block-image size-full\"><img loading=\"lazy\" decoding=\"async\" width=\"725\" height=\"408\" src=\"https:\/\/lafilledecorinthe.com\/wordpress\/wp-content\/uploads\/2013\/08\/Les-cartes-vivantes-de-Georges-Melies-1904.jpg\" alt=\"\" class=\"wp-image-15230\" srcset=\"https:\/\/lafilledecorinthe.com\/wordpress\/wp-content\/uploads\/2013\/08\/Les-cartes-vivantes-de-Georges-Melies-1904.jpg 725w, https:\/\/lafilledecorinthe.com\/wordpress\/wp-content\/uploads\/2013\/08\/Les-cartes-vivantes-de-Georges-Melies-1904-680x383.jpg 680w\" sizes=\"auto, (max-width: 725px) 100vw, 725px\" \/><\/figure>\n\n\n\n<p><strong>Commer\u00e7ant et passionn\u00e9 ; \u00e9quilibre fragile, d\u00e9fi quotidien. Qu\u2019est-ce qui te motive \u00e0 continuer l\u2019aventure ?<\/strong><\/p>\n\n\n\n<p>Je ne sais rien faire d\u2019autre. Heeza fait vraiment partie de moi. Si je devais arr\u00eater, \u00e7a ferait un grand vide. C\u2019est pas la moiti\u00e9 de ma vie mais c\u2019est beaucoup quand m\u00eame.&nbsp;Tant que je le pourrai, je le ferai !<\/p>\n","protected":false},"excerpt":{"rendered":"<p>A quelques pas de la place de la R\u00e9publique r\u00e9nov\u00e9e, se trouve un lieu insolite. Pour le d\u00e9couvrir, il faut pousser une lourde porte qui ne s&rsquo;ouvre que pour les initi\u00e9s (code), franchir un long couloir et sortir dans une arri\u00e8re-cour d\u00e9cor\u00e9e avec de tr\u00e8s belles plantes vertes et des poubelles, vertes elles aussi !&#8230;<\/p>\n","protected":false},"author":2,"featured_media":2653,"comment_status":"open","ping_status":"open","sticky":false,"template":"","format":"standard","meta":{"_kad_post_transparent":"","_kad_post_title":"","_kad_post_layout":"","_kad_post_sidebar_id":"","_kad_post_content_style":"","_kad_post_vertical_padding":"","_kad_post_feature":"","_kad_post_feature_position":"","_kad_post_header":false,"_kad_post_footer":false,"_kad_post_classname":"","footnotes":""},"categories":[259],"tags":[519,520,341,518,304,79,521,517],"class_list":["post-2642","post","type-post","status-publish","format-standard","has-post-thumbnail","hentry","category-rencontres","tag-colonel-heeza-liar","tag-eesab","tag-flipbook","tag-heeza","tag-koji-yamamura","tag-melies","tag-philippe-socrate","tag-pierre-francois-maquaire"],"_links":{"self":[{"href":"https:\/\/lafilledecorinthe.com\/wordpress\/wp-json\/wp\/v2\/posts\/2642","targetHints":{"allow":["GET"]}}],"collection":[{"href":"https:\/\/lafilledecorinthe.com\/wordpress\/wp-json\/wp\/v2\/posts"}],"about":[{"href":"https:\/\/lafilledecorinthe.com\/wordpress\/wp-json\/wp\/v2\/types\/post"}],"author":[{"embeddable":true,"href":"https:\/\/lafilledecorinthe.com\/wordpress\/wp-json\/wp\/v2\/users\/2"}],"replies":[{"embeddable":true,"href":"https:\/\/lafilledecorinthe.com\/wordpress\/wp-json\/wp\/v2\/comments?post=2642"}],"version-history":[{"count":31,"href":"https:\/\/lafilledecorinthe.com\/wordpress\/wp-json\/wp\/v2\/posts\/2642\/revisions"}],"predecessor-version":[{"id":2832,"href":"https:\/\/lafilledecorinthe.com\/wordpress\/wp-json\/wp\/v2\/posts\/2642\/revisions\/2832"}],"wp:featuredmedia":[{"embeddable":true,"href":"https:\/\/lafilledecorinthe.com\/wordpress\/wp-json\/wp\/v2\/media\/2653"}],"wp:attachment":[{"href":"https:\/\/lafilledecorinthe.com\/wordpress\/wp-json\/wp\/v2\/media?parent=2642"}],"wp:term":[{"taxonomy":"category","embeddable":true,"href":"https:\/\/lafilledecorinthe.com\/wordpress\/wp-json\/wp\/v2\/categories?post=2642"},{"taxonomy":"post_tag","embeddable":true,"href":"https:\/\/lafilledecorinthe.com\/wordpress\/wp-json\/wp\/v2\/tags?post=2642"}],"curies":[{"name":"wp","href":"https:\/\/api.w.org\/{rel}","templated":true}]}}