{"id":2607,"date":"2013-06-16T13:29:15","date_gmt":"2013-06-16T12:29:15","guid":{"rendered":"http:\/\/lafilledecorinthe.com\/wordpress\/?p=2607"},"modified":"2025-12-10T13:52:52","modified_gmt":"2025-12-10T12:52:52","slug":"un-week-end-magique-a-bruxelles","status":"publish","type":"post","link":"https:\/\/lafilledecorinthe.com\/wordpress\/2013\/06\/un-week-end-magique-a-bruxelles\/","title":{"rendered":"Un week-end magique \u00e0 Bruxelles &#8230;"},"content":{"rendered":"\n<p>Les raisons d&rsquo;aller \u00e0 Bruxelles ne manquent pas. En vrac, en voici quelques unes : les terrasses anim\u00e9es de la place Saint G\u00e9ry, la gastronomie belge (et oui, j&rsquo;aime la bi\u00e8re, les croquettes aux crevettes, les gaufres mais aussi les petits salons de th\u00e9 bio &#8230;), les lieux \u00e0 r\u00eaver (le <a href=\"http:\/\/www.lewolf.be\/\" target=\"_blank\" rel=\"noopener\">Wolf<\/a> d\u00e9di\u00e9 \u00e0 la litt\u00e9rature jeunesse, le <a href=\"http:\/\/www.cbbd.be\/\" target=\"_blank\" rel=\"noopener\">Centre Belge de la Bande Dessin\u00e9e<\/a>, le <a href=\"http:\/\/www.musee-magritte-museum.be\/\" target=\"_blank\" rel=\"noopener\">mus\u00e9e Magritte<\/a>, la librairie <a href=\"http:\/\/100papiers.be\/blog\/\" target=\"_blank\" rel=\"noopener\">100papiers<\/a>, la boutique de jouets The Grasshopper &#8230;)<\/p>\n\n\n<div class=\"wp-block-image\">\n<figure class=\"aligncenter\"><a href=\"https:\/\/lafilledecorinthe.com\/wordpress\/wp-content\/uploads\/2013\/06\/Namasthe.jpg\"><img loading=\"lazy\" decoding=\"async\" width=\"800\" height=\"600\" src=\"https:\/\/lafilledecorinthe.com\/wordpress\/wp-content\/uploads\/2013\/06\/Namasthe.jpg\" alt=\"Namasthe  25,avenue Louis Bertrand, Schaerbeek\" class=\"wp-image-2609\" srcset=\"https:\/\/lafilledecorinthe.com\/wordpress\/wp-content\/uploads\/2013\/06\/Namasthe.jpg 800w, https:\/\/lafilledecorinthe.com\/wordpress\/wp-content\/uploads\/2013\/06\/Namasthe-680x510.jpg 680w, https:\/\/lafilledecorinthe.com\/wordpress\/wp-content\/uploads\/2013\/06\/Namasthe-400x300.jpg 400w\" sizes=\"auto, (max-width: 800px) 100vw, 800px\" \/><\/a><figcaption class=\"wp-element-caption\">Namasthe 25, avenue Louis Bertrand, Schaerbeek<\/figcaption><\/figure>\n<\/div>\n\n\n<p>Et bien, jusqu&rsquo;\u00e0 fin janvier 2014, vous avez une autre raison de vous pr\u00e9cipiter sur une r\u00e9servation Thalys, la tr\u00e8s belle exposition \u00ab\u00a0Ombres et lanternes, la magie du pr\u00e9cin\u00e9ma\u00a0\u00bb \u00e0 la <a href=\"http:\/\/www.autrique.be\/\" target=\"_blank\" rel=\"noopener\">Maison Autrique<\/a>.<\/p>\n\n\n\n<p>Cet h\u00f4tel particulier, t\u00e9moin des d\u00e9buts de l&rsquo;architecte Horta, accueille, de sa buanderie au grenier, une collection extraordinaire d&rsquo;objets optiques.&nbsp;Th\u00e9\u00e2tre&nbsp;d&rsquo;ombres, lanterne magique, ph\u00e9nakistiscope, praxinoscope et bien d&rsquo;autres objets sont expos\u00e9s dans des vitrines ou prennent place naturellement dans la d\u00e9coration de la maison.<\/p>\n\n\n<div class=\"wp-block-image\">\n<figure class=\"aligncenter\"><a href=\"https:\/\/lafilledecorinthe.com\/wordpress\/wp-content\/uploads\/2013\/06\/Muybrige.jpg\"><img loading=\"lazy\" decoding=\"async\" width=\"800\" height=\"600\" src=\"https:\/\/lafilledecorinthe.com\/wordpress\/wp-content\/uploads\/2013\/06\/Muybrige.jpg\" alt=\"Les premiers pas de l'homme qui marche de Muybridge sont projet\u00e9s sur le linge de la buanderie\" class=\"wp-image-2612\" srcset=\"https:\/\/lafilledecorinthe.com\/wordpress\/wp-content\/uploads\/2013\/06\/Muybrige.jpg 800w, https:\/\/lafilledecorinthe.com\/wordpress\/wp-content\/uploads\/2013\/06\/Muybrige-680x510.jpg 680w, https:\/\/lafilledecorinthe.com\/wordpress\/wp-content\/uploads\/2013\/06\/Muybrige-400x300.jpg 400w\" sizes=\"auto, (max-width: 800px) 100vw, 800px\" \/><\/a><figcaption class=\"wp-element-caption\">Les premiers pas de l&rsquo;homme qui marche de Muybridge sont projet\u00e9s sur le linge de la buanderie<\/figcaption><\/figure>\n<\/div>\n\n<div class=\"wp-block-image\">\n<figure class=\"aligncenter\"><a href=\"https:\/\/lafilledecorinthe.com\/wordpress\/wp-content\/uploads\/2013\/06\/lanterne-magique.jpg\"><img loading=\"lazy\" decoding=\"async\" width=\"600\" height=\"800\" src=\"https:\/\/lafilledecorinthe.com\/wordpress\/wp-content\/uploads\/2013\/06\/lanterne-magique.jpg\" alt=\"lanterne magique et plaque\" class=\"wp-image-2613\" srcset=\"https:\/\/lafilledecorinthe.com\/wordpress\/wp-content\/uploads\/2013\/06\/lanterne-magique.jpg 600w, https:\/\/lafilledecorinthe.com\/wordpress\/wp-content\/uploads\/2013\/06\/lanterne-magique-510x680.jpg 510w, https:\/\/lafilledecorinthe.com\/wordpress\/wp-content\/uploads\/2013\/06\/lanterne-magique-225x300.jpg 225w\" sizes=\"auto, (max-width: 600px) 100vw, 600px\" \/><\/a><figcaption class=\"wp-element-caption\">lanterne magique et plaque<\/figcaption><\/figure>\n<\/div>\n\n\n<p>Outre la beaut\u00e9 des objets expos\u00e9s, l&rsquo;int\u00e9r\u00eat majeur de cette exposition est son interactivit\u00e9. Le visiteur muni d&rsquo;une cl\u00e9 peut mettre en marche un grand nombre d&rsquo;objets ou manipuler directement certains d&rsquo;entre eux.<\/p>\n\n\n<div class=\"wp-block-image\">\n<figure class=\"aligncenter\"><a href=\"https:\/\/lafilledecorinthe.com\/wordpress\/wp-content\/uploads\/2013\/06\/serrure.jpg\"><img loading=\"lazy\" decoding=\"async\" width=\"800\" height=\"600\" src=\"https:\/\/lafilledecorinthe.com\/wordpress\/wp-content\/uploads\/2013\/06\/serrure.jpg\" alt=\"Une recherche fr\u00e9n\u00e9tique des &quot;trous de serrure&quot; commence\" class=\"wp-image-2616\" srcset=\"https:\/\/lafilledecorinthe.com\/wordpress\/wp-content\/uploads\/2013\/06\/serrure.jpg 800w, https:\/\/lafilledecorinthe.com\/wordpress\/wp-content\/uploads\/2013\/06\/serrure-680x510.jpg 680w, https:\/\/lafilledecorinthe.com\/wordpress\/wp-content\/uploads\/2013\/06\/serrure-400x300.jpg 400w\" sizes=\"auto, (max-width: 800px) 100vw, 800px\" \/><\/a><figcaption class=\"wp-element-caption\">Une recherche fr\u00e9n\u00e9tique des \u00ab\u00a0trous de serrure\u00a0\u00bb commence &#8230;<\/figcaption><\/figure>\n<\/div>\n\n<div class=\"wp-block-image\">\n<figure class=\"aligncenter\"><a href=\"https:\/\/lafilledecorinthe.com\/wordpress\/wp-content\/uploads\/2013\/06\/mutoscope1.jpg\"><img loading=\"lazy\" decoding=\"async\" width=\"600\" height=\"800\" src=\"https:\/\/lafilledecorinthe.com\/wordpress\/wp-content\/uploads\/2013\/06\/mutoscope1.jpg\" alt=\"Mutoscope, New York\" class=\"wp-image-2617\" srcset=\"https:\/\/lafilledecorinthe.com\/wordpress\/wp-content\/uploads\/2013\/06\/mutoscope1.jpg 600w, https:\/\/lafilledecorinthe.com\/wordpress\/wp-content\/uploads\/2013\/06\/mutoscope1-510x680.jpg 510w, https:\/\/lafilledecorinthe.com\/wordpress\/wp-content\/uploads\/2013\/06\/mutoscope1-225x300.jpg 225w\" sizes=\"auto, (max-width: 600px) 100vw, 600px\" \/><\/a><figcaption class=\"wp-element-caption\">Mutoscope, New York<\/figcaption><\/figure>\n<\/div>\n\n<div class=\"wp-block-image\">\n<figure class=\"aligncenter\"><a href=\"https:\/\/lafilledecorinthe.com\/wordpress\/wp-content\/uploads\/2013\/06\/mutoscope2.jpg\"><img loading=\"lazy\" decoding=\"async\" width=\"800\" height=\"610\" src=\"https:\/\/lafilledecorinthe.com\/wordpress\/wp-content\/uploads\/2013\/06\/mutoscope2.jpg\" alt=\"Une des images du mutoscope, un des premiers  westerns ?\" class=\"wp-image-2618\" srcset=\"https:\/\/lafilledecorinthe.com\/wordpress\/wp-content\/uploads\/2013\/06\/mutoscope2.jpg 800w, https:\/\/lafilledecorinthe.com\/wordpress\/wp-content\/uploads\/2013\/06\/mutoscope2-680x518.jpg 680w, https:\/\/lafilledecorinthe.com\/wordpress\/wp-content\/uploads\/2013\/06\/mutoscope2-393x300.jpg 393w\" sizes=\"auto, (max-width: 800px) 100vw, 800px\" \/><\/a><figcaption class=\"wp-element-caption\">Une des images du mutoscope, un des premiers westerns ?<\/figcaption><\/figure>\n<\/div>\n\n\n<p>Le plus magique a \u00e9t\u00e9 de pouvoir animer le th\u00e9\u00e2tre optique d&rsquo;Emile Reynaud, ces quelques instants (reproduits \u00e0 foison &#8230;) valent \u00e0 eux seuls le voyage !<\/p>\n\n\n<div class=\"wp-block-image\">\n<figure class=\"aligncenter\"><a href=\"https:\/\/lafilledecorinthe.com\/wordpress\/wp-content\/uploads\/2013\/06\/affiche1.jpg\"><img loading=\"lazy\" decoding=\"async\" width=\"597\" height=\"800\" src=\"https:\/\/lafilledecorinthe.com\/wordpress\/wp-content\/uploads\/2013\/06\/affiche1.jpg\" alt=\"Affiche des spectacles d'Emile Reynaud au mus\u00e9e Gr\u00e9vin\" class=\"wp-image-2622\" srcset=\"https:\/\/lafilledecorinthe.com\/wordpress\/wp-content\/uploads\/2013\/06\/affiche1.jpg 597w, https:\/\/lafilledecorinthe.com\/wordpress\/wp-content\/uploads\/2013\/06\/affiche1-507x680.jpg 507w, https:\/\/lafilledecorinthe.com\/wordpress\/wp-content\/uploads\/2013\/06\/affiche1-223x300.jpg 223w\" sizes=\"auto, (max-width: 597px) 100vw, 597px\" \/><\/a><figcaption class=\"wp-element-caption\">Affiche d&rsquo;un spectacle d&rsquo;Emile Reynaud au mus\u00e9e Gr\u00e9vin<\/figcaption><\/figure>\n<\/div>\n\n<div class=\"wp-block-image\">\n<figure class=\"aligncenter\"><a href=\"https:\/\/lafilledecorinthe.com\/wordpress\/wp-content\/uploads\/2013\/06\/Reynaud.jpg\"><img loading=\"lazy\" decoding=\"async\" width=\"581\" height=\"800\" src=\"https:\/\/lafilledecorinthe.com\/wordpress\/wp-content\/uploads\/2013\/06\/Reynaud.jpg\" alt=\"Th\u00e9\u00e2tre optique d'Emile Reynaud, Autour d'une cabine\" class=\"wp-image-2623\" srcset=\"https:\/\/lafilledecorinthe.com\/wordpress\/wp-content\/uploads\/2013\/06\/Reynaud.jpg 581w, https:\/\/lafilledecorinthe.com\/wordpress\/wp-content\/uploads\/2013\/06\/Reynaud-493x680.jpg 493w, https:\/\/lafilledecorinthe.com\/wordpress\/wp-content\/uploads\/2013\/06\/Reynaud-217x300.jpg 217w\" sizes=\"auto, (max-width: 581px) 100vw, 581px\" \/><\/a><figcaption class=\"wp-element-caption\">Th\u00e9\u00e2tre optique d&rsquo;Emile Reynaud, <a href=\"http:\/\/www.cinematheque.fr\/zooms\/reynaud\/index_fr.htm\" target=\"_blank\" rel=\"noopener\">Autour d&rsquo;une cabine<\/a><\/figcaption><\/figure>\n<\/div>\n\n\n<p>Pour prolonger la visite, j&rsquo;ach\u00e8te deux superbes livres \u00e0 la boutique de la maison Autrique. Dans la famille Levie, la passion de l&rsquo;image anim\u00e9e se passe de p\u00e8re en fille&#8230;<\/p>\n\n\n\n<p>Celui de Pierre Levie \u00ab\u00a0Montreurs et vues d&rsquo;optique\u00a0\u00bb est une merveille visuelle tant l&rsquo;iconographie qui le compose est riche.<\/p>\n\n\n<div class=\"wp-block-image\">\n<figure class=\"aligncenter\"><a href=\"https:\/\/lafilledecorinthe.com\/wordpress\/wp-content\/uploads\/2013\/06\/couverture-montreur-et-vues-d-optique.jpg\"><img loading=\"lazy\" decoding=\"async\" width=\"800\" height=\"583\" src=\"https:\/\/lafilledecorinthe.com\/wordpress\/wp-content\/uploads\/2013\/06\/couverture-montreur-et-vues-d-optique.jpg\" alt=\"Montreurs et vues d'optique, Pierre Levie, Sofidoc, 2006\" class=\"wp-image-2631\" srcset=\"https:\/\/lafilledecorinthe.com\/wordpress\/wp-content\/uploads\/2013\/06\/couverture-montreur-et-vues-d-optique.jpg 800w, https:\/\/lafilledecorinthe.com\/wordpress\/wp-content\/uploads\/2013\/06\/couverture-montreur-et-vues-d-optique-680x495.jpg 680w, https:\/\/lafilledecorinthe.com\/wordpress\/wp-content\/uploads\/2013\/06\/couverture-montreur-et-vues-d-optique-411x300.jpg 411w\" sizes=\"auto, (max-width: 800px) 100vw, 800px\" \/><\/a><figcaption class=\"wp-element-caption\">Montreurs et vues d&rsquo;optique, Pierre Levie, Sofidoc, 2006<\/figcaption><\/figure>\n<\/div>\n\n\n<p>Mais je commence ma lecture par celui de sa fille Fran\u00e7oise, \u00ab\u00a0Etienne-Gaspard Robertson, la vie d&rsquo;un fantasmagore\u00a0\u00bb. Malgr\u00e9 son apparence plus aust\u00e8re, il suffit de lire quelques lignes pour \u00eatre happer par ce r\u00e9cit aussi passionnant qu&rsquo;une enqu\u00eate polici\u00e8re.<\/p>\n\n\n<div class=\"wp-block-image\">\n<figure class=\"aligncenter\"><a href=\"https:\/\/lafilledecorinthe.com\/wordpress\/wp-content\/uploads\/2013\/06\/robertson-fantasmagore-couverture.jpg\"><img loading=\"lazy\" decoding=\"async\" width=\"685\" height=\"800\" src=\"https:\/\/lafilledecorinthe.com\/wordpress\/wp-content\/uploads\/2013\/06\/robertson-fantasmagore-couverture.jpg\" alt=\"Etienne-Gaspard Robertson, la vie d'un fantasmagore, Fran\u00e7oise Levie, Le pr\u00e9ambule, 1990\" class=\"wp-image-2632\" srcset=\"https:\/\/lafilledecorinthe.com\/wordpress\/wp-content\/uploads\/2013\/06\/robertson-fantasmagore-couverture.jpg 685w, https:\/\/lafilledecorinthe.com\/wordpress\/wp-content\/uploads\/2013\/06\/robertson-fantasmagore-couverture-582x680.jpg 582w, https:\/\/lafilledecorinthe.com\/wordpress\/wp-content\/uploads\/2013\/06\/robertson-fantasmagore-couverture-256x300.jpg 256w\" sizes=\"auto, (max-width: 685px) 100vw, 685px\" \/><\/a><figcaption class=\"wp-element-caption\">Etienne-Gaspard Robertson, la vie d&rsquo;un fantasmagore, Fran\u00e7oise Levie, Le pr\u00e9ambule, 1990<\/figcaption><\/figure>\n<\/div>\n\n\n<p>Cette belle escapade aura \u00e9t\u00e9 aussi l&rsquo;occasion de compl\u00e9ter ma d\u00e9couverte des panneaux d\u00e9tourn\u00e9s de&nbsp;<a title=\"Clet Abraham dans le Trastevere\" href=\"https:\/\/lafilledecorinthe.com\/wordpress\/2012\/04\/clet-abraham-dans-le-trastevere\/\" target=\"_blank\" rel=\"noopener\">Clet Abrahams<\/a> &#8230;<\/p>\n\n\n<div class=\"wp-block-image\">\n<figure class=\"aligncenter\"><a href=\"https:\/\/lafilledecorinthe.com\/wordpress\/wp-content\/uploads\/2013\/06\/clet-A.jpg\"><img loading=\"lazy\" decoding=\"async\" width=\"600\" height=\"800\" src=\"https:\/\/lafilledecorinthe.com\/wordpress\/wp-content\/uploads\/2013\/06\/clet-A.jpg\" alt=\"Clet Abraham \u00e0 Bruxelles\" class=\"wp-image-2625\" srcset=\"https:\/\/lafilledecorinthe.com\/wordpress\/wp-content\/uploads\/2013\/06\/clet-A.jpg 600w, https:\/\/lafilledecorinthe.com\/wordpress\/wp-content\/uploads\/2013\/06\/clet-A-510x680.jpg 510w, https:\/\/lafilledecorinthe.com\/wordpress\/wp-content\/uploads\/2013\/06\/clet-A-225x300.jpg 225w\" sizes=\"auto, (max-width: 600px) 100vw, 600px\" \/><\/a><figcaption class=\"wp-element-caption\">Clet Abraham \u00e0 Bruxelles<\/figcaption><\/figure>\n<\/div>\n\n<div class=\"wp-block-image\">\n<figure class=\"aligncenter\"><a href=\"https:\/\/lafilledecorinthe.com\/wordpress\/wp-content\/uploads\/2013\/06\/Clet-A-2.jpg\"><img loading=\"lazy\" decoding=\"async\" width=\"600\" height=\"800\" src=\"https:\/\/lafilledecorinthe.com\/wordpress\/wp-content\/uploads\/2013\/06\/Clet-A-2.jpg\" alt=\"Clet Abraham \u00e0 Bruxelles\" class=\"wp-image-2626\" srcset=\"https:\/\/lafilledecorinthe.com\/wordpress\/wp-content\/uploads\/2013\/06\/Clet-A-2.jpg 600w, https:\/\/lafilledecorinthe.com\/wordpress\/wp-content\/uploads\/2013\/06\/Clet-A-2-510x680.jpg 510w, https:\/\/lafilledecorinthe.com\/wordpress\/wp-content\/uploads\/2013\/06\/Clet-A-2-225x300.jpg 225w\" sizes=\"auto, (max-width: 600px) 100vw, 600px\" \/><\/a><figcaption class=\"wp-element-caption\">Clet Abraham \u00e0 Bruxelles<\/figcaption><\/figure>\n<\/div>\n\n<div class=\"wp-block-image\">\n<figure class=\"aligncenter\"><a href=\"https:\/\/lafilledecorinthe.com\/wordpress\/wp-content\/uploads\/2013\/06\/Clet-A-3.jpg\"><img loading=\"lazy\" decoding=\"async\" width=\"800\" height=\"600\" src=\"https:\/\/lafilledecorinthe.com\/wordpress\/wp-content\/uploads\/2013\/06\/Clet-A-3.jpg\" alt=\"Clet Abraham \u00e0 Bruxelles\" class=\"wp-image-2627\" srcset=\"https:\/\/lafilledecorinthe.com\/wordpress\/wp-content\/uploads\/2013\/06\/Clet-A-3.jpg 800w, https:\/\/lafilledecorinthe.com\/wordpress\/wp-content\/uploads\/2013\/06\/Clet-A-3-680x510.jpg 680w, https:\/\/lafilledecorinthe.com\/wordpress\/wp-content\/uploads\/2013\/06\/Clet-A-3-400x300.jpg 400w\" sizes=\"auto, (max-width: 800px) 100vw, 800px\" \/><\/a><figcaption class=\"wp-element-caption\">Clet Abraham \u00e0 Bruxelles<\/figcaption><\/figure>\n<\/div>","protected":false},"excerpt":{"rendered":"<p>Les raisons d&rsquo;aller \u00e0 Bruxelles ne manquent pas. En vrac, en voici quelques unes : les terrasses anim\u00e9es de la place Saint G\u00e9ry, la gastronomie belge (et oui, j&rsquo;aime la bi\u00e8re, les croquettes aux crevettes, les gaufres mais aussi les petits salons de th\u00e9 bio &#8230;), les lieux \u00e0 r\u00eaver (le Wolf d\u00e9di\u00e9 \u00e0 la&#8230;<\/p>\n","protected":false},"author":2,"featured_media":2608,"comment_status":"open","ping_status":"open","sticky":false,"template":"","format":"standard","meta":{"_kad_post_transparent":"","_kad_post_title":"","_kad_post_layout":"","_kad_post_sidebar_id":"","_kad_post_content_style":"","_kad_post_vertical_padding":"","_kad_post_feature":"","_kad_post_feature_position":"","_kad_post_header":false,"_kad_post_footer":false,"_kad_post_classname":"","footnotes":""},"categories":[6],"tags":[461,466,476,199,474,473,468,464,475,465,467,462,472,469,463,471,470],"class_list":["post-2607","post","type-post","status-publish","format-standard","has-post-thumbnail","hentry","category-blog","tag-bruxelles","tag-centre-belge-de-la-bande-dessinee","tag-clet-abrahams","tag-emile-reynaud","tag-etienne-gaspard-robertson","tag-francoise-levie","tag-horta","tag-la-magie-du-precinema","tag-la-vie-dun-fantasmagore","tag-le-wolf","tag-librairie-100papiers","tag-maison-autrique","tag-montreurs-et-vues-doptique","tag-mutoscope","tag-ombres-et-lanternes","tag-pierre-levie","tag-theatre-optique"],"_links":{"self":[{"href":"https:\/\/lafilledecorinthe.com\/wordpress\/wp-json\/wp\/v2\/posts\/2607","targetHints":{"allow":["GET"]}}],"collection":[{"href":"https:\/\/lafilledecorinthe.com\/wordpress\/wp-json\/wp\/v2\/posts"}],"about":[{"href":"https:\/\/lafilledecorinthe.com\/wordpress\/wp-json\/wp\/v2\/types\/post"}],"author":[{"embeddable":true,"href":"https:\/\/lafilledecorinthe.com\/wordpress\/wp-json\/wp\/v2\/users\/2"}],"replies":[{"embeddable":true,"href":"https:\/\/lafilledecorinthe.com\/wordpress\/wp-json\/wp\/v2\/comments?post=2607"}],"version-history":[{"count":17,"href":"https:\/\/lafilledecorinthe.com\/wordpress\/wp-json\/wp\/v2\/posts\/2607\/revisions"}],"predecessor-version":[{"id":15449,"href":"https:\/\/lafilledecorinthe.com\/wordpress\/wp-json\/wp\/v2\/posts\/2607\/revisions\/15449"}],"wp:featuredmedia":[{"embeddable":true,"href":"https:\/\/lafilledecorinthe.com\/wordpress\/wp-json\/wp\/v2\/media\/2608"}],"wp:attachment":[{"href":"https:\/\/lafilledecorinthe.com\/wordpress\/wp-json\/wp\/v2\/media?parent=2607"}],"wp:term":[{"taxonomy":"category","embeddable":true,"href":"https:\/\/lafilledecorinthe.com\/wordpress\/wp-json\/wp\/v2\/categories?post=2607"},{"taxonomy":"post_tag","embeddable":true,"href":"https:\/\/lafilledecorinthe.com\/wordpress\/wp-json\/wp\/v2\/tags?post=2607"}],"curies":[{"name":"wp","href":"https:\/\/api.w.org\/{rel}","templated":true}]}}