{"id":2440,"date":"2013-05-07T19:36:54","date_gmt":"2013-05-07T18:36:54","guid":{"rendered":"http:\/\/lafilledecorinthe.com\/wordpress\/?p=2440"},"modified":"2025-12-10T10:48:28","modified_gmt":"2025-12-10T09:48:28","slug":"lart-cinetique-a-paris","status":"publish","type":"post","link":"https:\/\/lafilledecorinthe.com\/wordpress\/2013\/05\/lart-cinetique-a-paris\/","title":{"rendered":"L&rsquo;art cin\u00e9tique \u00e0 Paris"},"content":{"rendered":"\n<p><em>\u00c7a fuse, \u00e7a pulse, \u00e7a clignote, \u00e7a vibre, \u00e7a tremble&#8230; De tous nos sens, c&rsquo;est sans conteste, la vue qui est le plus sollicit\u00e9 dans les deux superbes expositions consacr\u00e9es \u00e0 l&rsquo;art cin\u00e9tique. S&rsquo;il ne reste plus que quelques jours pour admirer l&rsquo;exposition de\u00a0<\/em><a href=\"http:\/\/www.palaisdetokyo.com\/fr\/exposition\/julio-le-parc\"><em>Julio le Parc<\/em><\/a><em>\u00a0au Palais de Tokyo, l&rsquo;exposition\u00a0<\/em><a href=\"http:\/\/www.grandpalais.fr\/fr\/evenement\/dynamo\"><em>Dynamo<\/em><\/a><em>\u00a0au Grand Palais m\u00e9rite plusieurs visites tant les oeuvres expos\u00e9es n\u00e9cessitent un \u00ab\u00a0corps \u00e0 corps\u00a0\u00bb avec le visiteur.<\/em><\/p>\n\n\n\n<p><em>Petite s\u00e9lection \u00ab\u00a0coups de coeur\u00a0\u00bb&#8230;<\/em><\/p>\n\n\n<div class=\"wp-block-image\">\n<figure class=\"aligncenter\"><a href=\"https:\/\/lafilledecorinthe.com\/wordpress\/wp-content\/uploads\/2013\/05\/P1080453.jpg\"><img loading=\"lazy\" decoding=\"async\" width=\"800\" height=\"600\" src=\"https:\/\/lafilledecorinthe.com\/wordpress\/wp-content\/uploads\/2013\/05\/P1080453.jpg\" alt=\"Cloison \u00e0 lames r\u00e9fl\u00e9chissantes, Julio le Parc, 1966\" class=\"wp-image-2444\" srcset=\"https:\/\/lafilledecorinthe.com\/wordpress\/wp-content\/uploads\/2013\/05\/P1080453.jpg 800w, https:\/\/lafilledecorinthe.com\/wordpress\/wp-content\/uploads\/2013\/05\/P1080453-680x510.jpg 680w, https:\/\/lafilledecorinthe.com\/wordpress\/wp-content\/uploads\/2013\/05\/P1080453-400x300.jpg 400w\" sizes=\"auto, (max-width: 800px) 100vw, 800px\" \/><\/a><figcaption class=\"wp-element-caption\">Cloison \u00e0 lames r\u00e9fl\u00e9chissantes de Julio le Parc, 1966<\/figcaption><\/figure>\n<\/div>\n\n<div class=\"wp-block-image\">\n<figure class=\"aligncenter\"><a href=\"https:\/\/lafilledecorinthe.com\/wordpress\/wp-content\/uploads\/2013\/05\/P1080504.jpg\"><img loading=\"lazy\" decoding=\"async\" width=\"800\" height=\"600\" src=\"https:\/\/lafilledecorinthe.com\/wordpress\/wp-content\/uploads\/2013\/05\/P1080504.jpg\" alt=\"Exposition Dynamo au Grand Palais, 10\/04\/13-22\/07\/13\" class=\"wp-image-2445\" srcset=\"https:\/\/lafilledecorinthe.com\/wordpress\/wp-content\/uploads\/2013\/05\/P1080504.jpg 800w, https:\/\/lafilledecorinthe.com\/wordpress\/wp-content\/uploads\/2013\/05\/P1080504-680x510.jpg 680w, https:\/\/lafilledecorinthe.com\/wordpress\/wp-content\/uploads\/2013\/05\/P1080504-400x300.jpg 400w\" sizes=\"auto, (max-width: 800px) 100vw, 800px\" \/><\/a><figcaption class=\"wp-element-caption\">Exposition Dynamo au Grand Palais, 10\/04\/13-22\/07\/13<\/figcaption><\/figure>\n<\/div>\n\n<div class=\"wp-block-image\">\n<figure class=\"aligncenter\"><a href=\"https:\/\/lafilledecorinthe.com\/wordpress\/wp-content\/uploads\/2013\/05\/Le-prisme-Sch\u00f6ffer.jpg\"><img loading=\"lazy\" decoding=\"async\" width=\"800\" height=\"600\" src=\"https:\/\/lafilledecorinthe.com\/wordpress\/wp-content\/uploads\/2013\/05\/Le-prisme-Sch\u00f6ffer.jpg\" alt=\"Le prisme de Nicolas Sch\u00f6ffer, 1965\" class=\"wp-image-2446\" srcset=\"https:\/\/lafilledecorinthe.com\/wordpress\/wp-content\/uploads\/2013\/05\/Le-prisme-Sch\u00f6ffer.jpg 800w, https:\/\/lafilledecorinthe.com\/wordpress\/wp-content\/uploads\/2013\/05\/Le-prisme-Sch\u00f6ffer-680x510.jpg 680w, https:\/\/lafilledecorinthe.com\/wordpress\/wp-content\/uploads\/2013\/05\/Le-prisme-Sch\u00f6ffer-400x300.jpg 400w\" sizes=\"auto, (max-width: 800px) 100vw, 800px\" \/><\/a><figcaption class=\"wp-element-caption\">Le prisme de Nicolas Sch\u00f6ffer, 1965<\/figcaption><\/figure>\n<\/div>\n\n\n<p>Dans d&rsquo;autres travaux, c&rsquo;est le d\u00e9placement du spectateur qui permet un jeu avec la notion de <a title=\"Felice Varini, entre Asni\u00e8res et Gennevilliers\" href=\"https:\/\/lafilledecorinthe.com\/wordpress\/2012\/06\/felice-varini-entre-asnieres-et-gennevilliers\/\">point de vue<\/a>.<\/p>\n\n\n<div class=\"wp-block-image\">\n<figure class=\"aligncenter\"><a href=\"https:\/\/lafilledecorinthe.com\/wordpress\/wp-content\/uploads\/2013\/05\/P1080463.jpg\"><img loading=\"lazy\" decoding=\"async\" width=\"800\" height=\"600\" src=\"https:\/\/lafilledecorinthe.com\/wordpress\/wp-content\/uploads\/2013\/05\/P1080463.jpg\" alt=\"Double m\u00e9tamorphose III de Yaacov Agam, 1968-1969\" class=\"wp-image-2449\" srcset=\"https:\/\/lafilledecorinthe.com\/wordpress\/wp-content\/uploads\/2013\/05\/P1080463.jpg 800w, https:\/\/lafilledecorinthe.com\/wordpress\/wp-content\/uploads\/2013\/05\/P1080463-680x510.jpg 680w, https:\/\/lafilledecorinthe.com\/wordpress\/wp-content\/uploads\/2013\/05\/P1080463-400x300.jpg 400w\" sizes=\"auto, (max-width: 800px) 100vw, 800px\" \/><\/a><figcaption class=\"wp-element-caption\">Double m\u00e9tamorphose III de Yaacov Agam, 1968-1969<\/figcaption><\/figure>\n<\/div>\n\n<div class=\"wp-block-image\">\n<figure class=\"aligncenter\"><a href=\"https:\/\/lafilledecorinthe.com\/wordpress\/wp-content\/uploads\/2013\/05\/P10804672.jpg\"><img loading=\"lazy\" decoding=\"async\" width=\"1621\" height=\"3769\" src=\"https:\/\/lafilledecorinthe.com\/wordpress\/wp-content\/uploads\/2013\/05\/P10804672.jpg\" alt=\"Double m\u00e9tamorphose III de Yaacov Agam, 1968-1969\" class=\"wp-image-2452\" srcset=\"https:\/\/lafilledecorinthe.com\/wordpress\/wp-content\/uploads\/2013\/05\/P10804672.jpg 1621w, https:\/\/lafilledecorinthe.com\/wordpress\/wp-content\/uploads\/2013\/05\/P10804672-292x680.jpg 292w, https:\/\/lafilledecorinthe.com\/wordpress\/wp-content\/uploads\/2013\/05\/P10804672-550x1280.jpg 550w, https:\/\/lafilledecorinthe.com\/wordpress\/wp-content\/uploads\/2013\/05\/P10804672-129x300.jpg 129w\" sizes=\"auto, (max-width: 1621px) 100vw, 1621px\" \/><\/a><figcaption class=\"wp-element-caption\">Double m\u00e9tamorphose III de Yaacov Agam, 1968-1969<\/figcaption><\/figure>\n<\/div>\n\n<div class=\"wp-block-image\">\n<figure class=\"aligncenter\"><a href=\"https:\/\/lafilledecorinthe.com\/wordpress\/wp-content\/uploads\/2013\/05\/P1080484.jpg\"><img loading=\"lazy\" decoding=\"async\" width=\"800\" height=\"600\" src=\"https:\/\/lafilledecorinthe.com\/wordpress\/wp-content\/uploads\/2013\/05\/P1080484.jpg\" alt=\"Vingt-trois disques \u00e9vid\u00e9s plus douze moiti\u00e9s et quatre quarts de Felice Varini, 2013\" class=\"wp-image-2453\" srcset=\"https:\/\/lafilledecorinthe.com\/wordpress\/wp-content\/uploads\/2013\/05\/P1080484.jpg 800w, https:\/\/lafilledecorinthe.com\/wordpress\/wp-content\/uploads\/2013\/05\/P1080484-680x510.jpg 680w, https:\/\/lafilledecorinthe.com\/wordpress\/wp-content\/uploads\/2013\/05\/P1080484-400x300.jpg 400w\" sizes=\"auto, (max-width: 800px) 100vw, 800px\" \/><\/a><figcaption class=\"wp-element-caption\">Vingt-trois disques \u00e9vid\u00e9s plus douze moiti\u00e9s et quatre quarts de Felice Varini, 2013<\/figcaption><\/figure>\n<\/div>\n\n<div class=\"wp-block-image\">\n<figure class=\"aligncenter\"><a href=\"https:\/\/lafilledecorinthe.com\/wordpress\/wp-content\/uploads\/2013\/05\/P1080482.jpg\"><img loading=\"lazy\" decoding=\"async\" width=\"800\" height=\"600\" src=\"https:\/\/lafilledecorinthe.com\/wordpress\/wp-content\/uploads\/2013\/05\/P1080482.jpg\" alt=\"Vingt-trois disques \u00e9vid\u00e9s plus douze moiti\u00e9s et quatre quarts de Felice Varini, 2013\" class=\"wp-image-2454\" srcset=\"https:\/\/lafilledecorinthe.com\/wordpress\/wp-content\/uploads\/2013\/05\/P1080482.jpg 800w, https:\/\/lafilledecorinthe.com\/wordpress\/wp-content\/uploads\/2013\/05\/P1080482-680x510.jpg 680w, https:\/\/lafilledecorinthe.com\/wordpress\/wp-content\/uploads\/2013\/05\/P1080482-400x300.jpg 400w\" sizes=\"auto, (max-width: 800px) 100vw, 800px\" \/><\/a><figcaption class=\"wp-element-caption\">Vingt-trois disques \u00e9vid\u00e9s plus douze moiti\u00e9s et quatre quarts de Felice Varini, 2013<\/figcaption><\/figure>\n<\/div>\n\n\n<p>Une salle enti\u00e8re est consacr\u00e9e aux pionniers du cin\u00e9ma abstrait : <a href=\"http:\/\/vimeo.com\/42401347\" target=\"_blank\" rel=\"noopener\">Viging Eggeling<\/a>, Laszlo Moholy-Nagy et <a href=\"http:\/\/vimeo.com\/42339457\" target=\"_blank\" rel=\"noopener\">Hans Richter<\/a>. Occasion rare de se laisser hypnotiser par des encha\u00eenements de motifs abstraits &#8230; Le film \u00ab\u00a0Jeu de lumi\u00e8re noir-blanc-gris\u00a0\u00bb de Moholy-Nagy est particuli\u00e8rement fascinant, les mouvements de sa machine rotative projettent un ballet d&rsquo;ombres et de lumi\u00e8re.<\/p>\n\n\n\n<figure class=\"wp-block-embed is-type-video is-provider-youtube wp-block-embed-youtube wp-embed-aspect-4-3 wp-has-aspect-ratio\"><div class=\"wp-block-embed__wrapper\">\n<iframe loading=\"lazy\" title=\"Laszlo Moholy Nagy Ein Lichtspiel Schwarz Weiss Grau\" width=\"720\" height=\"540\" src=\"https:\/\/www.youtube.com\/embed\/ymrJLhSeIlk?feature=oembed\" frameborder=\"0\" allow=\"accelerometer; autoplay; clipboard-write; encrypted-media; gyroscope; picture-in-picture; web-share\" referrerpolicy=\"strict-origin-when-cross-origin\" allowfullscreen><\/iframe>\n<\/div><\/figure>\n\n\n\n<p><\/p>\n\n\n\n<p>La vid\u00e9o contemporaine des fr\u00e8res Quistrebert vue au d\u00e9but de l&rsquo;exposition est ainsi mise en perspective.<\/p>\n\n\n\n<figure class=\"wp-block-embed is-type-video is-provider-youtube wp-block-embed-youtube wp-embed-aspect-4-3 wp-has-aspect-ratio\"><div class=\"wp-block-embed__wrapper\">\n<iframe loading=\"lazy\" title=\"Ex Futuro\" width=\"720\" height=\"540\" src=\"https:\/\/www.youtube.com\/embed\/vKUdSWNOF74?feature=oembed\" frameborder=\"0\" allow=\"accelerometer; autoplay; clipboard-write; encrypted-media; gyroscope; picture-in-picture; web-share\" referrerpolicy=\"strict-origin-when-cross-origin\" allowfullscreen><\/iframe>\n<\/div><\/figure>\n\n\n\n<p>C&rsquo;est un des int\u00e9r\u00eats de cette tr\u00e8s vaste exposition de nous donner \u00e0 voir l&rsquo;art cin\u00e9tique sur plus d&rsquo;un si\u00e8cle, des liens formels se tissent dans l&rsquo;espace et le temps.<\/p>\n","protected":false},"excerpt":{"rendered":"<p>\u00c7a fuse, \u00e7a pulse, \u00e7a clignote, \u00e7a vibre, \u00e7a tremble&#8230; De tous nos sens, c&rsquo;est sans conteste, la vue qui est le plus sollicit\u00e9 dans les deux superbes expositions consacr\u00e9es \u00e0 l&rsquo;art cin\u00e9tique. S&rsquo;il ne reste plus que quelques jours pour admirer l&rsquo;exposition de\u00a0Julio le Parc\u00a0au Palais de Tokyo, l&rsquo;exposition\u00a0Dynamo\u00a0au Grand Palais m\u00e9rite plusieurs visites&#8230;<\/p>\n","protected":false},"author":2,"featured_media":2441,"comment_status":"open","ping_status":"open","sticky":false,"template":"","format":"standard","meta":{"_kad_post_transparent":"","_kad_post_title":"","_kad_post_layout":"","_kad_post_sidebar_id":"","_kad_post_content_style":"","_kad_post_vertical_padding":"","_kad_post_feature":"","_kad_post_feature_position":"","_kad_post_header":false,"_kad_post_footer":false,"_kad_post_classname":"","footnotes":""},"categories":[6],"tags":[424,433,425,432,426,436,427,435,429,430,428,77,437,434,431],"class_list":["post-2440","post","type-post","status-publish","format-standard","has-post-thumbnail","hentry","category-blog","tag-art-cinetique","tag-cinema-abstrait","tag-dynamo","tag-felice-varini","tag-grand-palais","tag-hans-richter","tag-julio-le-parc","tag-laszlo-moholy-nagy","tag-miroir","tag-nicolas-schoffer","tag-palais-de-tokyo","tag-point-de-vue","tag-quistrebert","tag-viging-eggeling","tag-yaacov-agam"],"_links":{"self":[{"href":"https:\/\/lafilledecorinthe.com\/wordpress\/wp-json\/wp\/v2\/posts\/2440","targetHints":{"allow":["GET"]}}],"collection":[{"href":"https:\/\/lafilledecorinthe.com\/wordpress\/wp-json\/wp\/v2\/posts"}],"about":[{"href":"https:\/\/lafilledecorinthe.com\/wordpress\/wp-json\/wp\/v2\/types\/post"}],"author":[{"embeddable":true,"href":"https:\/\/lafilledecorinthe.com\/wordpress\/wp-json\/wp\/v2\/users\/2"}],"replies":[{"embeddable":true,"href":"https:\/\/lafilledecorinthe.com\/wordpress\/wp-json\/wp\/v2\/comments?post=2440"}],"version-history":[{"count":30,"href":"https:\/\/lafilledecorinthe.com\/wordpress\/wp-json\/wp\/v2\/posts\/2440\/revisions"}],"predecessor-version":[{"id":15367,"href":"https:\/\/lafilledecorinthe.com\/wordpress\/wp-json\/wp\/v2\/posts\/2440\/revisions\/15367"}],"wp:featuredmedia":[{"embeddable":true,"href":"https:\/\/lafilledecorinthe.com\/wordpress\/wp-json\/wp\/v2\/media\/2441"}],"wp:attachment":[{"href":"https:\/\/lafilledecorinthe.com\/wordpress\/wp-json\/wp\/v2\/media?parent=2440"}],"wp:term":[{"taxonomy":"category","embeddable":true,"href":"https:\/\/lafilledecorinthe.com\/wordpress\/wp-json\/wp\/v2\/categories?post=2440"},{"taxonomy":"post_tag","embeddable":true,"href":"https:\/\/lafilledecorinthe.com\/wordpress\/wp-json\/wp\/v2\/tags?post=2440"}],"curies":[{"name":"wp","href":"https:\/\/api.w.org\/{rel}","templated":true}]}}