{"id":2385,"date":"2013-04-22T21:29:22","date_gmt":"2013-04-22T20:29:22","guid":{"rendered":"http:\/\/lafilledecorinthe.com\/wordpress\/?p=2385"},"modified":"2025-12-09T16:21:00","modified_gmt":"2025-12-09T15:21:00","slug":"jacques-demy-a-la-cinematheque-francaise","status":"publish","type":"post","link":"https:\/\/lafilledecorinthe.com\/wordpress\/2013\/04\/jacques-demy-a-la-cinematheque-francaise\/","title":{"rendered":"Jacques Demy \u00e0 la Cin\u00e9math\u00e8que Fran\u00e7aise"},"content":{"rendered":"\n<p>En mati\u00e8re de cin\u00e9ma, je suis rest\u00e9e fid\u00e8le \u00e0 mes go\u00fbts de petite fille : les westerns et les com\u00e9dies musicales. Ces deux genres ont nourri mes jeux de r\u00e9cr\u00e9ation. Si je suis incapable de donner le titre pr\u00e9cis d&rsquo;un western qui inspirait mes nombreuses poursuites entre indiens et cow-boys, je me souviens tr\u00e8s bien que je chantais \u00e0 tue-t\u00eate, avec ma meilleure copine, <em>la chanson des jumelles<\/em>&nbsp;dont nous avions quelque peu transform\u00e9 les paroles ! Le temps d&rsquo;une chanson nous \u00e9tions les reines de la cour de r\u00e9cr\u00e9ation.<\/p>\n\n\n\n<p>Plus tard, j&rsquo;ai appris qu&rsquo;on pouvait avoir le coeur meurtri et continuer \u00e0 chanter et \u00e0 rire ! C&rsquo;est cette \u00e9l\u00e9gance de vie que j&rsquo;aime retrouver dans les films de Jacques Demy, les choses graves ne s&rsquo;habillent pas forc\u00e9ment de gris.<\/p>\n\n\n\n<p>J&rsquo;ai \u00e9t\u00e9 impressionn\u00e9e dimanche matin par le nombre de famille visitant l&rsquo;exposition \u00ab\u00a0Le monde enchant\u00e9 de Jacques Demy\u00a0\u00bb. Transmettre le go\u00fbt du cin\u00e9ma \u00e9tait une de ses passions. Susciter le d\u00e9sir de voir et revoir ses films est le plus bel hommage qui puisse lui \u00eatre rendu.<\/p>\n\n\n\n<p>De la reconstitution de ses premi\u00e8res projections dans le placard familial \u00e0 la d\u00e9claration finale \u00ab\u00a0Pourquoi je filme ?\u00a0\u00bb, l&rsquo;exposition est une merveilleuse plong\u00e9e dans l&rsquo;oeuvre d&rsquo;une vie consacr\u00e9e aux images. Si je connaissais bien le cin\u00e9aste, j&rsquo;ai d\u00e9couvert le photographe et son Hasselblad.<\/p>\n\n\n<div class=\"wp-block-image\">\n<figure class=\"aligncenter\"><a href=\"https:\/\/lafilledecorinthe.com\/wordpress\/wp-content\/uploads\/2013\/04\/P1080282.jpg\"><img loading=\"lazy\" decoding=\"async\" width=\"4000\" height=\"3000\" src=\"https:\/\/lafilledecorinthe.com\/wordpress\/wp-content\/uploads\/2013\/04\/P1080282.jpg\" alt=\"Hasselblad 2000 FC\/M ayant appartenu \u00e0 Jacques Demy\" class=\"wp-image-2392\" srcset=\"https:\/\/lafilledecorinthe.com\/wordpress\/wp-content\/uploads\/2013\/04\/P1080282.jpg 4000w, https:\/\/lafilledecorinthe.com\/wordpress\/wp-content\/uploads\/2013\/04\/P1080282-680x510.jpg 680w, https:\/\/lafilledecorinthe.com\/wordpress\/wp-content\/uploads\/2013\/04\/P1080282-1280x960.jpg 1280w, https:\/\/lafilledecorinthe.com\/wordpress\/wp-content\/uploads\/2013\/04\/P1080282-400x300.jpg 400w\" sizes=\"auto, (max-width: 4000px) 100vw, 4000px\" \/><\/a><figcaption class=\"wp-element-caption\">Hasselblad 2000 FC\/M ayant appartenu \u00e0 Jacques Demy<\/figcaption><\/figure>\n<\/div>\n\n\n<p>Parmi les tr\u00e8s nombreuses photographies de plateau expos\u00e9es, j&rsquo;ai eu un v\u00e9ritable choc visuel devant celles d&rsquo;Agn\u00e8s Varda prises sur le tournage de <em>La baie des anges<\/em>. Il m&rsquo;\u00e9tait difficile d&rsquo;imaginer Jackie et Jean autrement qu&rsquo;en noir et blanc, tellement la beaut\u00e9 des images sont indissociables au film. Contrainte financi\u00e8re au d\u00e9part, Jacques Demy assume avec brio ce choix.<\/p>\n\n\n<div class=\"wp-block-image\">\n<figure class=\"aligncenter\"><a href=\"https:\/\/lafilledecorinthe.com\/wordpress\/wp-content\/uploads\/2013\/04\/la-baie-des-anges-03-1963-4-g.jpg\"><img loading=\"lazy\" decoding=\"async\" width=\"800\" height=\"700\" src=\"https:\/\/lafilledecorinthe.com\/wordpress\/wp-content\/uploads\/2013\/04\/la-baie-des-anges-03-1963-4-g.jpg\" alt=\"Jeanne Moreau dans &quot;La baie des anges&quot; de Jacques Demy, 1963\" class=\"wp-image-2416\" srcset=\"https:\/\/lafilledecorinthe.com\/wordpress\/wp-content\/uploads\/2013\/04\/la-baie-des-anges-03-1963-4-g.jpg 800w, https:\/\/lafilledecorinthe.com\/wordpress\/wp-content\/uploads\/2013\/04\/la-baie-des-anges-03-1963-4-g-680x595.jpg 680w, https:\/\/lafilledecorinthe.com\/wordpress\/wp-content\/uploads\/2013\/04\/la-baie-des-anges-03-1963-4-g-342x300.jpg 342w\" sizes=\"auto, (max-width: 800px) 100vw, 800px\" \/><\/a><figcaption class=\"wp-element-caption\">Jeanne Moreau dans \u00ab\u00a0La baie des anges\u00a0\u00bb de Jacques Demy, 1963<\/figcaption><\/figure>\n<\/div>\n\n\n<p>Agn\u00e8s Varda n&rsquo;a pas les m\u00eames obligations, avec son appareil photo elle restitue la r\u00e9alit\u00e9 du tournage avec des images en couleur tr\u00e8s lumineuses. Belle illustration que la cr\u00e9ation est un jeu subtil entre contrainte et d\u00e9sir, et qu&rsquo;une m\u00eame r\u00e9alit\u00e9 peut engendrer des regards multiples.<\/p>\n\n\n<div class=\"wp-block-image\">\n<figure class=\"aligncenter\"><a href=\"https:\/\/lafilledecorinthe.com\/wordpress\/wp-content\/uploads\/2013\/04\/P1080272.jpg\"><img loading=\"lazy\" decoding=\"async\" width=\"800\" height=\"600\" src=\"https:\/\/lafilledecorinthe.com\/wordpress\/wp-content\/uploads\/2013\/04\/P1080272.jpg\" alt=\"Exposition &quot;Le cin\u00e9ma enchant\u00e9 de Jacques Demy&quot;\" class=\"wp-image-2390\" srcset=\"https:\/\/lafilledecorinthe.com\/wordpress\/wp-content\/uploads\/2013\/04\/P1080272.jpg 800w, https:\/\/lafilledecorinthe.com\/wordpress\/wp-content\/uploads\/2013\/04\/P1080272-680x510.jpg 680w, https:\/\/lafilledecorinthe.com\/wordpress\/wp-content\/uploads\/2013\/04\/P1080272-400x300.jpg 400w\" sizes=\"auto, (max-width: 800px) 100vw, 800px\" \/><\/a><figcaption class=\"wp-element-caption\">Exposition \u00ab\u00a0Le cin\u00e9ma enchant\u00e9 de Jacques Demy\u00a0\u00bb<\/figcaption><\/figure>\n<\/div>\n\n\n<p>J&rsquo;ai aussi \u00e9t\u00e9 tr\u00e8s touch\u00e9e par le t\u00e9moignage vid\u00e9o d&rsquo;Harrison Ford que l&rsquo;on retrouve dans le catalogue de l&rsquo;exposition. La rencontre avec Jacques Demy \u00e0 Los Angeles lors de la pr\u00e9paration de <em>Model Shop<\/em> a marqu\u00e9 l&rsquo;apprenti com\u00e9dien qu&rsquo;il \u00e9tait alors, il rend hommage au cin\u00e9aste mais surtout nous livre une belle le\u00e7on de vie.<\/p>\n\n\n<div class=\"wp-block-image\">\n<figure class=\"aligncenter\"><a href=\"https:\/\/lafilledecorinthe.com\/wordpress\/wp-content\/uploads\/2013\/04\/P1080283.jpg\"><img loading=\"lazy\" decoding=\"async\" width=\"800\" height=\"528\" src=\"https:\/\/lafilledecorinthe.com\/wordpress\/wp-content\/uploads\/2013\/04\/P1080283.jpg\" alt=\"Entretien avec Harrison Ford r\u00e9alis\u00e9 par Rosalie Varda- 2012\" class=\"wp-image-2395\" srcset=\"https:\/\/lafilledecorinthe.com\/wordpress\/wp-content\/uploads\/2013\/04\/P1080283.jpg 800w, https:\/\/lafilledecorinthe.com\/wordpress\/wp-content\/uploads\/2013\/04\/P1080283-680x448.jpg 680w, https:\/\/lafilledecorinthe.com\/wordpress\/wp-content\/uploads\/2013\/04\/P1080283-454x300.jpg 454w\" sizes=\"auto, (max-width: 800px) 100vw, 800px\" \/><\/a><figcaption class=\"wp-element-caption\">Entretien avec Harrison Ford r\u00e9alis\u00e9 par Rosalie Varda- 2012<\/figcaption><\/figure>\n<\/div>\n\n\n<p>L&rsquo;exposition se termine par la r\u00e9ponse de Jacques Demy \u00e0 la question du journal\u00a0<em>Lib\u00e9ration<\/em>\u00a0: \u00ab\u00a0Pourquoi je filme ?\u00a0\u00bb<br>\u00ab\u00a0Parce que j\u2019aime \u00e7a \/ Parce que \u00e7a bouge \/ Parce que \u00e7a vit \/ Parce que \u00e7a pleure \/ Parce que \u00e7a rit \/ Parce qu&rsquo;au cin\u00e9 \/\u00a0On est dans le noir \/\u00a0On est au chaud \/\u00a0Entre un mec qui vous fait du genou \/\u00a0Et une nana qui enl\u00e8ve le sien\u00a0\u00a0(\u2026) Parce que filmer c\u2019est comme une femme \/ C\u2019est comme un homme \/ \u00c7a peut faire mal \/ \u00c7a vous \u00e9corche \/ C\u2019est parfois moche \/ Mais c\u2019est bien quand m\u00eame (\u2026) Parce que j\u2019aime \u00e7a \/ Et parce que je ne sais rien faire d\u2019autre&#8230;\u00a0\u00bb<\/p>\n\n\n\n<p>Si comme Jacques Demy vous aimez \u00e7a, deux autres expositions mettent le cin\u00e9ma \u00e0 l&rsquo;honneur. A Paris, le printemps est cin\u00e9phile.<\/p>\n\n\n<div class=\"wp-block-image\">\n<figure class=\"aligncenter\"><a href=\"https:\/\/lafilledecorinthe.com\/wordpress\/wp-content\/uploads\/2013\/04\/P1080028.jpg\"><img loading=\"lazy\" decoding=\"async\" width=\"800\" height=\"600\" src=\"https:\/\/lafilledecorinthe.com\/wordpress\/wp-content\/uploads\/2013\/04\/P1080028.jpg\" alt=\"Musique et cin\u00e9ma : le mariage du si\u00e8cle ?Cit\u00e9 de la musique jusqu'au 18\/08\/13\" class=\"wp-image-2402\" srcset=\"https:\/\/lafilledecorinthe.com\/wordpress\/wp-content\/uploads\/2013\/04\/P1080028.jpg 800w, https:\/\/lafilledecorinthe.com\/wordpress\/wp-content\/uploads\/2013\/04\/P1080028-680x510.jpg 680w, https:\/\/lafilledecorinthe.com\/wordpress\/wp-content\/uploads\/2013\/04\/P1080028-400x300.jpg 400w\" sizes=\"auto, (max-width: 800px) 100vw, 800px\" \/><\/a><figcaption class=\"wp-element-caption\">Musique et cin\u00e9ma : le mariage du si\u00e8cle ?<br><a href=\"http:\/\/www.citedelamusique.fr\/francais\/musee\/exposition_temporaire\/exposition_en_cours.aspx\" target=\"_blank\" rel=\"noopener\">Cit\u00e9 de la musique<\/a> jusqu&rsquo;au 18\/08\/13<\/figcaption><\/figure>\n<\/div>\n\n<div class=\"wp-block-image\">\n<figure class=\"aligncenter\"><a href=\"https:\/\/lafilledecorinthe.com\/wordpress\/wp-content\/uploads\/2013\/04\/P1080144.jpg\"><img loading=\"lazy\" decoding=\"async\" width=\"800\" height=\"600\" src=\"https:\/\/lafilledecorinthe.com\/wordpress\/wp-content\/uploads\/2013\/04\/P1080144.jpg\" alt=\"Studio Beinex, Mus\u00e9e des ann\u00e9es 30, Boulogne Billancourt, jusqu'au 29\/09\/13\" class=\"wp-image-2403\" srcset=\"https:\/\/lafilledecorinthe.com\/wordpress\/wp-content\/uploads\/2013\/04\/P1080144.jpg 800w, https:\/\/lafilledecorinthe.com\/wordpress\/wp-content\/uploads\/2013\/04\/P1080144-680x510.jpg 680w, https:\/\/lafilledecorinthe.com\/wordpress\/wp-content\/uploads\/2013\/04\/P1080144-400x300.jpg 400w\" sizes=\"auto, (max-width: 800px) 100vw, 800px\" \/><\/a><figcaption class=\"wp-element-caption\">Studio Beinex, <a href=\"http:\/\/www.boulognebillancourt.com\/cms\/index.php?option=com_content&amp;task=view&amp;id=164?&amp;submid=1&amp;mpid=5&amp;leftid=410&amp;submid2=0&amp;Itemid=411\" target=\"_blank\" rel=\"noopener\">Mus\u00e9e des ann\u00e9es 30<\/a>, Boulogne Billancourt, jusqu&rsquo;au 29\/09\/13<\/figcaption><\/figure>\n<\/div>","protected":false},"excerpt":{"rendered":"<p>En mati\u00e8re de cin\u00e9ma, je suis rest\u00e9e fid\u00e8le \u00e0 mes go\u00fbts de petite fille : les westerns et les com\u00e9dies musicales. Ces deux genres ont nourri mes jeux de r\u00e9cr\u00e9ation. Si je suis incapable de donner le titre pr\u00e9cis d&rsquo;un western qui inspirait mes nombreuses poursuites entre indiens et cow-boys, je me souviens tr\u00e8s bien&#8230;<\/p>\n","protected":false},"author":2,"featured_media":2386,"comment_status":"open","ping_status":"open","sticky":false,"template":"","format":"standard","meta":{"_kad_post_transparent":"","_kad_post_title":"","_kad_post_layout":"","_kad_post_sidebar_id":"","_kad_post_content_style":"","_kad_post_vertical_padding":"","_kad_post_feature":"","_kad_post_feature_position":"","_kad_post_header":false,"_kad_post_footer":false,"_kad_post_classname":"","footnotes":""},"categories":[6],"tags":[418,416,157,415,419,417,414,420,421,422],"class_list":["post-2385","post","type-post","status-publish","format-standard","has-post-thumbnail","hentry","category-blog","tag-la-baie-des-anges","tag-pourquoi-je-filme","tag-agnes-varda","tag-cinematheque-francaise","tag-harrison-ford","tag-hasselblad","tag-jacques-demy","tag-los-angeles","tag-musique-et-cinema-le-mariage-du-siecle","tag-studio-beinex"],"_links":{"self":[{"href":"https:\/\/lafilledecorinthe.com\/wordpress\/wp-json\/wp\/v2\/posts\/2385","targetHints":{"allow":["GET"]}}],"collection":[{"href":"https:\/\/lafilledecorinthe.com\/wordpress\/wp-json\/wp\/v2\/posts"}],"about":[{"href":"https:\/\/lafilledecorinthe.com\/wordpress\/wp-json\/wp\/v2\/types\/post"}],"author":[{"embeddable":true,"href":"https:\/\/lafilledecorinthe.com\/wordpress\/wp-json\/wp\/v2\/users\/2"}],"replies":[{"embeddable":true,"href":"https:\/\/lafilledecorinthe.com\/wordpress\/wp-json\/wp\/v2\/comments?post=2385"}],"version-history":[{"count":31,"href":"https:\/\/lafilledecorinthe.com\/wordpress\/wp-json\/wp\/v2\/posts\/2385\/revisions"}],"predecessor-version":[{"id":15314,"href":"https:\/\/lafilledecorinthe.com\/wordpress\/wp-json\/wp\/v2\/posts\/2385\/revisions\/15314"}],"wp:featuredmedia":[{"embeddable":true,"href":"https:\/\/lafilledecorinthe.com\/wordpress\/wp-json\/wp\/v2\/media\/2386"}],"wp:attachment":[{"href":"https:\/\/lafilledecorinthe.com\/wordpress\/wp-json\/wp\/v2\/media?parent=2385"}],"wp:term":[{"taxonomy":"category","embeddable":true,"href":"https:\/\/lafilledecorinthe.com\/wordpress\/wp-json\/wp\/v2\/categories?post=2385"},{"taxonomy":"post_tag","embeddable":true,"href":"https:\/\/lafilledecorinthe.com\/wordpress\/wp-json\/wp\/v2\/tags?post=2385"}],"curies":[{"name":"wp","href":"https:\/\/api.w.org\/{rel}","templated":true}]}}