{"id":238,"date":"2011-11-24T18:32:34","date_gmt":"2011-11-24T17:32:34","guid":{"rendered":"http:\/\/lafilledecorinthe.com\/wordpress\/?p=238"},"modified":"2025-12-09T16:46:44","modified_gmt":"2025-12-09T15:46:44","slug":"le-tableau-jean-francois-laguionie","status":"publish","type":"post","link":"https:\/\/lafilledecorinthe.com\/wordpress\/2011\/11\/le-tableau-jean-francois-laguionie\/","title":{"rendered":"Le Tableau  Jean-Fran\u00e7ois Laguionie"},"content":{"rendered":"\n<p>Le \u00ab\u00a0Laguionie nouveau\u00a0\u00bb est sorti aujourd&rsquo;hui ! Nouvelle p\u00e9pite du cin\u00e9ma d&rsquo;animation fran\u00e7ais.<\/p>\n\n\n\n<p>Le film nous conte l&rsquo;histoire extraordinaire des Toupins, des Pafinis et des Reufs. Tous ces personnages sont issus d&rsquo;un tableau inachev\u00e9.&nbsp;Issus de la m\u00eame main, ils sont toutefois \u00e0 des stades de finition diff\u00e9rents. L&rsquo;absence du peintre qui semble avoir oubli\u00e9 son oeuvre va pr\u00e9cipiter le tableau dans une organisation sociale hi\u00e9rarchis\u00e9e o\u00f9 les Toupins prennent le pouvoir au d\u00e9triment des deux autres groupes. Les trois h\u00e9ros principaux, Ramo, Lola et Plume sont issus des trois groupes qui composent cette \u00e9trange soci\u00e9t\u00e9. &nbsp; &nbsp;Ils vont nous entra\u00eener dans une aventure o\u00f9 les individus luttent pour \u00eatre ma\u00eetre de leur vie.<\/p>\n\n\n\n<p>Le num\u00e9rique a remplac\u00e9 les techniques plus traditionnelles utilis\u00e9es dans les pr\u00e9c\u00e9dents films de Laguionie. Ce choix technique n&rsquo;affecte pas la qualit\u00e9 graphique qui est une marque de fabrique de ce r\u00e9alisateur. L&rsquo;animation est toujours remarquable par sa fluidit\u00e9 et le monde fantastique prend forme nos yeux \u00e9blouis par un jeu subtile de&nbsp;couleurs, de&nbsp;formes, de textures, de lumi\u00e8re et d&rsquo;ombre.<\/p>\n\n\n\n<p>Les r\u00e9f\u00e9rences au monde de la peinture sont nombreuses ; Derain, Matisse, Picasso, Bonnard&#8230; \u00a0 \u00ab\u00a0Le fifre\u00a0\u00bb de Manet a t-il inspir\u00e9 Magenta, le quatri\u00e8me h\u00e9ros de ce voyage dans l&rsquo;espace pictural ?<\/p>\n\n\n\n<figure class=\"wp-block-image size-full\"><img loading=\"lazy\" decoding=\"async\" width=\"499\" height=\"850\" src=\"https:\/\/lafilledecorinthe.com\/wordpress\/wp-content\/uploads\/2011\/11\/RF-1992.jpg\" alt=\"\" class=\"wp-image-15342\" srcset=\"https:\/\/lafilledecorinthe.com\/wordpress\/wp-content\/uploads\/2011\/11\/RF-1992.jpg 499w, https:\/\/lafilledecorinthe.com\/wordpress\/wp-content\/uploads\/2011\/11\/RF-1992-399x680.jpg 399w\" sizes=\"auto, (max-width: 499px) 100vw, 499px\" \/><\/figure>\n\n\n\n<p>Mais c&rsquo;est l&rsquo;oeuvre d&rsquo;un grand ma\u00eetre de l&rsquo;animation fran\u00e7aise qui se superpose au Tableau dans notre m\u00e9moire visuelle. Les personnages du \u00ab\u00a0Roi et l&rsquo;oiseau\u00a0\u00bb de Paul Grimault s&rsquo;\u00e9chappent eux aussi de leurs tableaux et le Grand Chandelier partage avec &nbsp;le monarque du royaume de Takicardie les m\u00eames ambitions despotiques.<\/p>\n\n\n\n<figure class=\"wp-block-image size-full\"><img loading=\"lazy\" decoding=\"async\" width=\"1328\" height=\"885\" src=\"https:\/\/lafilledecorinthe.com\/wordpress\/wp-content\/uploads\/2011\/11\/ill_3439343_6d76_roi-oiseau2.avif\" alt=\"\" class=\"wp-image-15344\"\/><\/figure>\n\n\n\n<p>Coup de coeur pour une tr\u00e8s jolie s\u00e9ance onirique. Claire, &nbsp;endormie dans la for\u00eat luxuriante r\u00eave d&rsquo;\u00e9treintes avec Ramo. Cette s\u00e9ance est une pure merveille graphique, &nbsp; les lignes s&rsquo;entrem\u00ealent, formant et d\u00e9formant \u00e0 l&rsquo;infini les deux corps enlac\u00e9s. Clin d&rsquo;oeil au premier long m\u00e9trage de Laguionie o\u00f9 son h\u00e9ro\u00efne, Gwen, r\u00eave elle aussi d&rsquo;enlacements avec Nok Moon, son compagnon \u00e9trange.<\/p>\n\n\n\n<figure class=\"wp-block-image size-full\"><img loading=\"lazy\" decoding=\"async\" width=\"700\" height=\"394\" src=\"https:\/\/lafilledecorinthe.com\/wordpress\/wp-content\/uploads\/2011\/11\/gwen.jpg\" alt=\"\" class=\"wp-image-15345\" srcset=\"https:\/\/lafilledecorinthe.com\/wordpress\/wp-content\/uploads\/2011\/11\/gwen.jpg 700w, https:\/\/lafilledecorinthe.com\/wordpress\/wp-content\/uploads\/2011\/11\/gwen-680x383.jpg 680w\" sizes=\"auto, (max-width: 700px) 100vw, 700px\" \/><\/figure>\n\n\n\n<p>Le Tableau, un beau r\u00e9cit fantastique qui s&rsquo;adresse \u00e0 nos sens tout comme \u00e0 notre intelligence !<\/p>\n\n\n\n<p>&nbsp;<\/p>\n","protected":false},"excerpt":{"rendered":"<p>Le \u00ab\u00a0Laguionie nouveau\u00a0\u00bb est sorti aujourd&rsquo;hui ! Nouvelle p\u00e9pite du cin\u00e9ma d&rsquo;animation fran\u00e7ais. Le film nous conte l&rsquo;histoire extraordinaire des Toupins, des Pafinis et des Reufs. Tous ces personnages sont issus d&rsquo;un tableau inachev\u00e9.&nbsp;Issus de la m\u00eame main, ils sont toutefois \u00e0 des stades de finition diff\u00e9rents. L&rsquo;absence du peintre qui semble avoir oubli\u00e9 son&#8230;<\/p>\n","protected":false},"author":2,"featured_media":15341,"comment_status":"open","ping_status":"open","sticky":false,"template":"","format":"standard","meta":{"_kad_post_transparent":"","_kad_post_title":"","_kad_post_layout":"","_kad_post_sidebar_id":"","_kad_post_content_style":"","_kad_post_vertical_padding":"","_kad_post_feature":"","_kad_post_feature_position":"","_kad_post_header":false,"_kad_post_footer":false,"_kad_post_classname":"","footnotes":""},"categories":[13],"tags":[26,28,27,29],"class_list":["post-238","post","type-post","status-publish","format-standard","has-post-thumbnail","hentry","category-sorties-culturelles","tag-animation","tag-grimault","tag-laguionie","tag-tableau"],"_links":{"self":[{"href":"https:\/\/lafilledecorinthe.com\/wordpress\/wp-json\/wp\/v2\/posts\/238","targetHints":{"allow":["GET"]}}],"collection":[{"href":"https:\/\/lafilledecorinthe.com\/wordpress\/wp-json\/wp\/v2\/posts"}],"about":[{"href":"https:\/\/lafilledecorinthe.com\/wordpress\/wp-json\/wp\/v2\/types\/post"}],"author":[{"embeddable":true,"href":"https:\/\/lafilledecorinthe.com\/wordpress\/wp-json\/wp\/v2\/users\/2"}],"replies":[{"embeddable":true,"href":"https:\/\/lafilledecorinthe.com\/wordpress\/wp-json\/wp\/v2\/comments?post=238"}],"version-history":[{"count":24,"href":"https:\/\/lafilledecorinthe.com\/wordpress\/wp-json\/wp\/v2\/posts\/238\/revisions"}],"predecessor-version":[{"id":15346,"href":"https:\/\/lafilledecorinthe.com\/wordpress\/wp-json\/wp\/v2\/posts\/238\/revisions\/15346"}],"wp:featuredmedia":[{"embeddable":true,"href":"https:\/\/lafilledecorinthe.com\/wordpress\/wp-json\/wp\/v2\/media\/15341"}],"wp:attachment":[{"href":"https:\/\/lafilledecorinthe.com\/wordpress\/wp-json\/wp\/v2\/media?parent=238"}],"wp:term":[{"taxonomy":"category","embeddable":true,"href":"https:\/\/lafilledecorinthe.com\/wordpress\/wp-json\/wp\/v2\/categories?post=238"},{"taxonomy":"post_tag","embeddable":true,"href":"https:\/\/lafilledecorinthe.com\/wordpress\/wp-json\/wp\/v2\/tags?post=238"}],"curies":[{"name":"wp","href":"https:\/\/api.w.org\/{rel}","templated":true}]}}