{"id":2286,"date":"2013-04-14T17:12:48","date_gmt":"2013-04-14T16:12:48","guid":{"rendered":"http:\/\/lafilledecorinthe.com\/wordpress\/?p=2286"},"modified":"2025-12-04T22:09:25","modified_gmt":"2025-12-04T21:09:25","slug":"ecole-et-cinema-92-le-voleur-de-bicyclette","status":"publish","type":"post","link":"https:\/\/lafilledecorinthe.com\/wordpress\/2013\/04\/ecole-et-cinema-92-le-voleur-de-bicyclette\/","title":{"rendered":"\u00ab\u00a0Ecole et cin\u00e9ma 92\u00a0\u00bb : Le voleur de bicyclette"},"content":{"rendered":"\n<p>Projection-conf\u00e9rence au cin\u00e9ma Jean Vigo de Gennevilliers<br>Le voleur de bicyclette<br>de Vittorio De Sica<br>Mercredi 17 avril 2013<\/p>\n\n\n\n<p>Document accompagnant la conf\u00e9rence : &nbsp;<a href=\"https:\/\/lafilledecorinthe.com\/wordpress\/wp-content\/uploads\/2013\/04\/Le-voleur-de-bicyclette.pdf\">Le voleur de bicyclette<\/a><\/p>\n\n\n\n<p>J&rsquo;ai rarement un souvenir fid\u00e8le du contexte dans lequel j&rsquo;ai d\u00e9couvert un film. Pour \u00ab\u00a0Le Voleur de bicyclette\u00a0\u00bb, je me souviens parfaitement du lieu, de l&rsquo;\u00e9poque et des personnes qui m&rsquo;accompagnaient. C&rsquo;\u00e9tait au milieu des ann\u00e9es 80 dans un petit cin\u00e9ma d&rsquo;art et d&rsquo;essai derri\u00e8re le Bazar de l&rsquo;H\u00f4tel de Ville avec Pierre, Agn\u00e8s et R\u00e9nato&#8230; Je me souviens aussi&nbsp;parfaitement du profond sentiment d&rsquo;injustice que j&rsquo;ai ressenti devant la qu\u00eate d\u00e9sesp\u00e9r\u00e9e d&rsquo;Antonio et de son fils Bruno.<\/p>\n\n\n\n<p>En inscrivant ce film \u00e0 leur catalogue, les <a href=\"http:\/\/www.enfants-de-cinema.com\/\" target=\"_blank\" rel=\"noopener\">Enfants de cin\u00e9ma<\/a>&nbsp;font le pari qu&rsquo;il va toucher de nouvelles g\u00e9n\u00e9rations de spectateurs. Rencontrer un public renouvel\u00e9, provoquer la critique et inspirer d&rsquo;autres r\u00e9alisateurs, autant d&rsquo;indices qui montrent que \u00ab\u00a0Le voleur de bicyclette\u00a0\u00bb r\u00e9siste \u00e0 l&rsquo;\u00e9preuve du temps. Au-del\u00e0 d&rsquo;\u00eatre une oeuvre du patrimoine, \u00ab\u00a0Le voleur de bicyclette\u00a0\u00bb est aussi un film au succ\u00e8s intemporel.<\/p>\n\n\n\n<p>\u00ab\u00a0Nous nous sommes tant aim\u00e9s\u00a0\u00bb d&rsquo;Ettore Scola en est un vibrant hommage&#8230;<\/p>\n\n\n<div class=\"wp-block-image\">\n<figure class=\"aligncenter\"><a href=\"https:\/\/lafilledecorinthe.com\/wordpress\/wp-content\/uploads\/2013\/04\/Scola.jpg\"><img loading=\"lazy\" decoding=\"async\" width=\"456\" height=\"246\" src=\"https:\/\/lafilledecorinthe.com\/wordpress\/wp-content\/uploads\/2013\/04\/Scola.jpg\" alt=\"&quot;Nous nous sommes tant aim\u00e9s&quot; d'Ettore Scola, 1974\" class=\"wp-image-2298\"\/><\/a><figcaption class=\"wp-element-caption\">\u00ab\u00a0Nous nous sommes tant aim\u00e9s\u00a0\u00bb d&rsquo;Ettore Scola, 1974<\/figcaption><\/figure>\n<\/div>\n\n\n<p>L&rsquo;un des protagonistes de ce film choral, Nicola, est passionn\u00e9 par l&rsquo;oeuvre de De Sica. Au tout d\u00e9but du film, on voit le jeune professeur assist\u00e9 \u00e0 la projection du \u00ab\u00a0Voleur de bicyclette\u00a0\u00bb lors d&rsquo;une s\u00e9ance de cin\u00e9-club dont le d\u00e9bat va tr\u00e8s vite d\u00e9g\u00e9n\u00e9r\u00e9, il s&rsquo;oppose vivement \u00e0 son proviseur qui traite l&rsquo;oeuvre \u00ab\u00a0d&rsquo;esth\u00e9tique de fond de poubelle\u00a0\u00bb et qui&nbsp;rappelle&nbsp;les propos d&rsquo;un jeune d\u00e9put\u00e9, Giulo Andreotti, \u00ab\u00a0le linge sale se lave en famille\u00a0\u00bb.<\/p>\n\n\n<div class=\"wp-block-image\">\n<figure class=\"aligncenter\"><a href=\"https:\/\/lafilledecorinthe.com\/wordpress\/wp-content\/uploads\/2013\/04\/cin\u00e9-club-copie3.jpg\"><img loading=\"lazy\" decoding=\"async\" width=\"1011\" height=\"548\" src=\"https:\/\/lafilledecorinthe.com\/wordpress\/wp-content\/uploads\/2013\/04\/cin\u00e9-club-copie3.jpg\" alt=\"Le cin\u00e9-club&quot;Nous nous sommes tant aim\u00e9s&quot; d'Ettore Scola, 1974\" class=\"wp-image-2304\" srcset=\"https:\/\/lafilledecorinthe.com\/wordpress\/wp-content\/uploads\/2013\/04\/cin\u00e9-club-copie3.jpg 1011w, https:\/\/lafilledecorinthe.com\/wordpress\/wp-content\/uploads\/2013\/04\/cin\u00e9-club-copie3-680x368.jpg 680w, https:\/\/lafilledecorinthe.com\/wordpress\/wp-content\/uploads\/2013\/04\/cin\u00e9-club-copie3-500x271.jpg 500w\" sizes=\"auto, (max-width: 1011px) 100vw, 1011px\" \/><\/a><figcaption class=\"wp-element-caption\">Le cin\u00e9-club<br>\u00ab\u00a0Nous nous sommes tant aim\u00e9s\u00a0\u00bb d&rsquo;Ettore Scola, 1974<\/figcaption><\/figure>\n<\/div>\n\n\n<p>Deux autres sc\u00e8nes \u00e9voquent comment Vittorio De Sica a r\u00e9ussi \u00e0 faire pleurer le jeune &nbsp;Bruno lors de la sc\u00e8ne finale du \u00ab\u00a0Voleur de bicyclette\u00a0\u00bb. Il lui avait gliss\u00e9 des m\u00e9gots dans les poches de son veston et l&rsquo;avait accus\u00e9 de les avoir vol\u00e9s. La connaissance de ce fait par Nicola lui fait perdre une tr\u00e8s grosse somme d&rsquo;argent \u00e0 un jeu t\u00e9l\u00e9vis\u00e9.<\/p>\n\n\n<div class=\"wp-block-image\">\n<figure class=\"aligncenter\"><a href=\"https:\/\/lafilledecorinthe.com\/wordpress\/wp-content\/uploads\/2013\/04\/voleur-3-copie.jpg\"><img loading=\"lazy\" decoding=\"async\" width=\"1013\" height=\"566\" src=\"https:\/\/lafilledecorinthe.com\/wordpress\/wp-content\/uploads\/2013\/04\/voleur-3-copie.jpg\" alt=\"Le jeu t\u00e9l\u00e9vis\u00e9&quot;Nous nous sommes tant aim\u00e9s&quot; d'Ettore Scola, 1974\" class=\"wp-image-2305\" srcset=\"https:\/\/lafilledecorinthe.com\/wordpress\/wp-content\/uploads\/2013\/04\/voleur-3-copie.jpg 1013w, https:\/\/lafilledecorinthe.com\/wordpress\/wp-content\/uploads\/2013\/04\/voleur-3-copie-680x379.jpg 680w, https:\/\/lafilledecorinthe.com\/wordpress\/wp-content\/uploads\/2013\/04\/voleur-3-copie-500x279.jpg 500w\" sizes=\"auto, (max-width: 1013px) 100vw, 1013px\" \/><\/a><figcaption class=\"wp-element-caption\">Le jeu t\u00e9l\u00e9vis\u00e9<br>\u00ab\u00a0Nous nous sommes tant aim\u00e9s\u00a0\u00bb d&rsquo;Ettore Scola, 1974<\/figcaption><\/figure>\n<\/div>\n\n\n<p>L&rsquo;anecdote est confirm\u00e9e par De Sica lui m\u00eame \u00e0 la fin du film.<\/p>\n\n\n<div class=\"wp-block-image\">\n<figure class=\"aligncenter\"><a href=\"https:\/\/lafilledecorinthe.com\/wordpress\/wp-content\/uploads\/2013\/04\/Voleur-4-copie.jpg\"><img loading=\"lazy\" decoding=\"async\" width=\"1016\" height=\"565\" src=\"https:\/\/lafilledecorinthe.com\/wordpress\/wp-content\/uploads\/2013\/04\/Voleur-4-copie.jpg\" alt=\"Vittorio De Sica&quot;Nous nous sommes tant aim\u00e9s&quot; d'Ettore Scola, 1974\" class=\"wp-image-2306\" srcset=\"https:\/\/lafilledecorinthe.com\/wordpress\/wp-content\/uploads\/2013\/04\/Voleur-4-copie.jpg 1016w, https:\/\/lafilledecorinthe.com\/wordpress\/wp-content\/uploads\/2013\/04\/Voleur-4-copie-680x378.jpg 680w, https:\/\/lafilledecorinthe.com\/wordpress\/wp-content\/uploads\/2013\/04\/Voleur-4-copie-500x278.jpg 500w\" sizes=\"auto, (max-width: 1016px) 100vw, 1016px\" \/><\/a><figcaption class=\"wp-element-caption\">Vittorio De Sica<br>\u00ab\u00a0Nous nous sommes tant aim\u00e9s\u00a0\u00bb d&rsquo;Ettore Scola, 1974<\/figcaption><\/figure>\n<\/div>\n\n\n<p>Hommage, pastiche, citation ou d\u00e9tournement, d&rsquo;autres films \u00e9voquent \u00ab\u00a0Le voleur de bicyclette\u00a0\u00bb :<\/p>\n\n\n<div class=\"wp-block-image\">\n<figure class=\"aligncenter\"><a href=\"https:\/\/lafilledecorinthe.com\/wordpress\/wp-content\/uploads\/2013\/04\/Ladridisaponette2.png\"><img loading=\"lazy\" decoding=\"async\" width=\"800\" height=\"525\" src=\"https:\/\/lafilledecorinthe.com\/wordpress\/wp-content\/uploads\/2013\/04\/Ladridisaponette2.png\" alt=\"&quot;Le voleur de savonnettes&quot; de Maurizio Nichetti, 1989\" class=\"wp-image-2309\" srcset=\"https:\/\/lafilledecorinthe.com\/wordpress\/wp-content\/uploads\/2013\/04\/Ladridisaponette2.png 800w, https:\/\/lafilledecorinthe.com\/wordpress\/wp-content\/uploads\/2013\/04\/Ladridisaponette2-680x446.png 680w, https:\/\/lafilledecorinthe.com\/wordpress\/wp-content\/uploads\/2013\/04\/Ladridisaponette2-457x300.png 457w\" sizes=\"auto, (max-width: 800px) 100vw, 800px\" \/><\/a><figcaption class=\"wp-element-caption\">\u00ab\u00a0Le voleur de savonnettes\u00a0\u00bb de Maurizio Nichetti, 1989<\/figcaption><\/figure>\n<\/div>\n\n<div class=\"wp-block-image\">\n<figure class=\"aligncenter\"><a href=\"https:\/\/lafilledecorinthe.com\/wordpress\/wp-content\/uploads\/2013\/04\/the-player.png\"><img loading=\"lazy\" decoding=\"async\" width=\"1018\" height=\"573\" src=\"https:\/\/lafilledecorinthe.com\/wordpress\/wp-content\/uploads\/2013\/04\/the-player.png\" alt=\"&quot;The player&quot; de Robert Altman, 1992\" class=\"wp-image-2310\" srcset=\"https:\/\/lafilledecorinthe.com\/wordpress\/wp-content\/uploads\/2013\/04\/the-player.png 1018w, https:\/\/lafilledecorinthe.com\/wordpress\/wp-content\/uploads\/2013\/04\/the-player-680x382.png 680w, https:\/\/lafilledecorinthe.com\/wordpress\/wp-content\/uploads\/2013\/04\/the-player-500x281.png 500w\" sizes=\"auto, (max-width: 1018px) 100vw, 1018px\" \/><\/a><figcaption class=\"wp-element-caption\">\u00ab\u00a0The player\u00a0\u00bb de Robert Altman, 1992<\/figcaption><\/figure>\n<\/div>\n\n<div class=\"wp-block-image\">\n<figure class=\"aligncenter\"><a href=\"https:\/\/lafilledecorinthe.com\/wordpress\/wp-content\/uploads\/2013\/04\/La-graine-et-le-mulet-.jpg\"><img loading=\"lazy\" decoding=\"async\" width=\"800\" height=\"532\" src=\"https:\/\/lafilledecorinthe.com\/wordpress\/wp-content\/uploads\/2013\/04\/La-graine-et-le-mulet-.jpg\" alt=\"&quot;La graine et le mulet&quot; d'Abdellatif Kechiche, 2007\" class=\"wp-image-2311\" srcset=\"https:\/\/lafilledecorinthe.com\/wordpress\/wp-content\/uploads\/2013\/04\/La-graine-et-le-mulet-.jpg 800w, https:\/\/lafilledecorinthe.com\/wordpress\/wp-content\/uploads\/2013\/04\/La-graine-et-le-mulet--680x452.jpg 680w, https:\/\/lafilledecorinthe.com\/wordpress\/wp-content\/uploads\/2013\/04\/La-graine-et-le-mulet--451x300.jpg 451w\" sizes=\"auto, (max-width: 800px) 100vw, 800px\" \/><\/a><figcaption class=\"wp-element-caption\">\u00ab\u00a0La graine et le mulet\u00a0\u00bb d&rsquo;Abdellatif Kechiche, 2007<\/figcaption><\/figure>\n<\/div>","protected":false},"excerpt":{"rendered":"<p>Projection-conf\u00e9rence au cin\u00e9ma Jean Vigo de GennevilliersLe voleur de bicyclettede Vittorio De SicaMercredi 17 avril 2013 Document accompagnant la conf\u00e9rence : &nbsp;Le voleur de bicyclette J&rsquo;ai rarement un souvenir fid\u00e8le du contexte dans lequel j&rsquo;ai d\u00e9couvert un film. Pour \u00ab\u00a0Le Voleur de bicyclette\u00a0\u00bb, je me souviens parfaitement du lieu, de l&rsquo;\u00e9poque et des personnes qui&#8230;<\/p>\n","protected":false},"author":2,"featured_media":2287,"comment_status":"open","ping_status":"open","sticky":false,"template":"","format":"standard","meta":{"_kad_post_transparent":"","_kad_post_title":"","_kad_post_layout":"","_kad_post_sidebar_id":"","_kad_post_content_style":"","_kad_post_vertical_padding":"","_kad_post_feature":"","_kad_post_feature_position":"","_kad_post_header":false,"_kad_post_footer":false,"_kad_post_classname":"","footnotes":""},"categories":[8],"tags":[383,374,373,375,377,382,371,378,379,376,381,380,372],"class_list":["post-2286","post","type-post","status-publish","format-standard","has-post-thumbnail","hentry","category-formations-adultes","tag-abdellatif-kechiche","tag-cinema-jean-vigo","tag-ecole-et-cinema-92","tag-enfants-de-cinema","tag-ettore-scola","tag-la-graine-et-le-mulet","tag-le-voleur-de-bicyclette","tag-le-voleur-de-savonnettes","tag-maurizio-nichetti","tag-nous-nous-sommes-tant-aimes","tag-robert-altman","tag-the-player","tag-vittorio-de-sica"],"_links":{"self":[{"href":"https:\/\/lafilledecorinthe.com\/wordpress\/wp-json\/wp\/v2\/posts\/2286","targetHints":{"allow":["GET"]}}],"collection":[{"href":"https:\/\/lafilledecorinthe.com\/wordpress\/wp-json\/wp\/v2\/posts"}],"about":[{"href":"https:\/\/lafilledecorinthe.com\/wordpress\/wp-json\/wp\/v2\/types\/post"}],"author":[{"embeddable":true,"href":"https:\/\/lafilledecorinthe.com\/wordpress\/wp-json\/wp\/v2\/users\/2"}],"replies":[{"embeddable":true,"href":"https:\/\/lafilledecorinthe.com\/wordpress\/wp-json\/wp\/v2\/comments?post=2286"}],"version-history":[{"count":24,"href":"https:\/\/lafilledecorinthe.com\/wordpress\/wp-json\/wp\/v2\/posts\/2286\/revisions"}],"predecessor-version":[{"id":14691,"href":"https:\/\/lafilledecorinthe.com\/wordpress\/wp-json\/wp\/v2\/posts\/2286\/revisions\/14691"}],"wp:featuredmedia":[{"embeddable":true,"href":"https:\/\/lafilledecorinthe.com\/wordpress\/wp-json\/wp\/v2\/media\/2287"}],"wp:attachment":[{"href":"https:\/\/lafilledecorinthe.com\/wordpress\/wp-json\/wp\/v2\/media?parent=2286"}],"wp:term":[{"taxonomy":"category","embeddable":true,"href":"https:\/\/lafilledecorinthe.com\/wordpress\/wp-json\/wp\/v2\/categories?post=2286"},{"taxonomy":"post_tag","embeddable":true,"href":"https:\/\/lafilledecorinthe.com\/wordpress\/wp-json\/wp\/v2\/tags?post=2286"}],"curies":[{"name":"wp","href":"https:\/\/api.w.org\/{rel}","templated":true}]}}