{"id":2264,"date":"2013-04-05T14:16:03","date_gmt":"2013-04-05T13:16:03","guid":{"rendered":"http:\/\/lafilledecorinthe.com\/wordpress\/?p=2264"},"modified":"2025-12-09T13:12:39","modified_gmt":"2025-12-09T12:12:39","slug":"hakima-benabderrahmane-responsable-du-service-des-publics-au-musee-de-la-poste","status":"publish","type":"post","link":"https:\/\/lafilledecorinthe.com\/wordpress\/2013\/04\/hakima-benabderrahmane-responsable-du-service-des-publics-au-musee-de-la-poste\/","title":{"rendered":"Hakima Benabderrahmane, responsable du service des publics au mus\u00e9e de la Poste"},"content":{"rendered":"\n<p><em>Aller au mus\u00e9e avec sa classe peut \u00eatre une belle aventure ou le pire des&nbsp;cauchemars&nbsp;! Un des crit\u00e8res pour la r\u00e9ussite de cette sortie culturelle est la qualit\u00e9 de l&rsquo;accueil re\u00e7ue. Hakima Benabderrahmane a fait de cette question le coeur de sa pratique et de sa r\u00e9flexion professionnelle. Pendant une dizaine d&rsquo;ann\u00e9es, au mus\u00e9e Albert Kahn, elle a permis a de nombreux enfants et adultes de vivre &nbsp;avec plaisir et int\u00e9r\u00eat une exp\u00e9rience unique : d\u00e9couvrir un ailleurs par le biais des images collect\u00e9es par Albert Kahn, les fameuses <a href=\"http:\/\/albert-kahn.hauts-de-seine.net\/archives-de-la-planete\/presentation\/presentation-detaillee\/\" target=\"_blank\" rel=\"noopener\">Archives de la plan\u00e8te<\/a>. &nbsp;Depuis quelques mois, c&rsquo;est au mus\u00e9e de la Poste qu&rsquo;elle poursuit son travail, l&rsquo;occasion pour nous de&nbsp;l&rsquo;interroger&nbsp;sur son parcours et ses motivations.<\/em><\/p>\n\n\n\n<p><strong>Se pr\u00e9senter en quelques mots&#8230; &nbsp;<\/strong><\/p>\n\n\n\n<p>Je suis m\u00e9diatrice culturelle, actuellement chef du service des publics au mus\u00e9e de la poste apr\u00e8s dix ans pass\u00e9s au mus\u00e9e Albert Kahn.<\/p>\n\n\n\n<p><strong>Qu\u2019est-ce qui a \u00e9t\u00e9 le plus formateur pour toi dans ton enfance ? &nbsp;<\/strong><\/p>\n\n\n\n<p>Je pense que c\u2019est la lecture. J\u2019ai appris \u00e0 lire tr\u00e8s vite. Je lisais tout et n\u2019importe quoi, m\u00eame des bouquins incompr\u00e9hensibles. Mes parents \u00e9tant analphab\u00e8tes, la lecture a \u00e9t\u00e9 structurante pour moi, j\u2019ai lu et je continue de lire avec fr\u00e9n\u00e9sie.<\/p>\n\n\n\n<p><strong>Une image qui t\u2019accompagne &#8230;<\/strong><\/p>\n\n\n\n<p>C\u2019est un tableau de Friedrich, le peintre romantique allemand. Il repr\u00e9sente un homme seul en haut d\u2019une montagne. Je pourrai passer des heures devant ce tableau; la solitude, la grandeur de la nature, le n\u00e9ant, le vide&#8230; Beaucoup de choses \u00e9mergent de ce tableau. C\u2019est vraiment une belle image !<\/p>\n\n\n<div class=\"wp-block-image\">\n<figure class=\"aligncenter\"><a href=\"https:\/\/lafilledecorinthe.com\/wordpress\/wp-content\/uploads\/2013\/04\/Caspar-David-Friedrich.jpg\"><img loading=\"lazy\" decoding=\"async\" width=\"468\" height=\"599\" src=\"https:\/\/lafilledecorinthe.com\/wordpress\/wp-content\/uploads\/2013\/04\/Caspar-David-Friedrich.jpg\" alt=\"&quot;Le voyageur au dessus de la mer de nuage&quot; Caspar David Friedrich, 1818\" class=\"wp-image-2268\" srcset=\"https:\/\/lafilledecorinthe.com\/wordpress\/wp-content\/uploads\/2013\/04\/Caspar-David-Friedrich.jpg 468w, https:\/\/lafilledecorinthe.com\/wordpress\/wp-content\/uploads\/2013\/04\/Caspar-David-Friedrich-234x300.jpg 234w\" sizes=\"auto, (max-width: 468px) 100vw, 468px\" \/><\/a><figcaption class=\"wp-element-caption\">\u00ab\u00a0Le voyageur au dessus de la mer de nuage\u00a0\u00bb Caspar David Friedrich, 1818<\/figcaption><\/figure>\n<\/div>\n\n\n<p><strong>Lors de tes \u00e9tudes universitaires tu t\u2019es sp\u00e9cialis\u00e9e dans l\u2019histoire de l\u2019Antiquit\u00e9 grecque. Qu\u2019est-ce qui te fascine, passionne dans cette p\u00e9riode ?&nbsp;<\/strong><\/p>\n\n\n\n<p>Tout a commenc\u00e9 par la mythologie. Je te parlais tout \u00e0 l\u2019heure de fr\u00e9n\u00e9sie de lecture, j\u2019ai lu avec passion tous les bouquins que je pouvais trouver sur la mythologie grecque, romaine et \u00e9gyptienne. Ma soeur ain\u00e9e m\u2019a emmen\u00e9e tr\u00e8s t\u00f4t dans des mus\u00e9es. Et en classe de quatri\u00e8me, j\u2019ai fait un voyage scolaire en Gr\u00e8ce. Mon destin \u00e9tait scell\u00e9, j\u2019ai \u00e9t\u00e9 fascin\u00e9 par ce pays et cette culture. J\u2019ai eu un coup de foudre, notamment pour Delphes. Pour les Grecs, c\u2019est le nombril du monde, je suis d\u2019accord avec eux. J\u2019y retourne tous les ans, cette culture fait partie de moi.<\/p>\n\n\n\n<p><strong>Nous nous sommes rencontr\u00e9s lorsque tu travaillais au service jeune public au mus\u00e9e Albert Kahn.<\/strong><br><strong>Peux-tu nous parler du travail de m\u00e9diatrice culturelle que tu effectuais alors ?\u00a0<\/strong><\/p>\n\n\n\n<p>Mon r\u00f4le \u00e9tait essentiellement d&rsquo;accueillir les classes et de concevoir des supports p\u00e9dagogiques pour les \u00e9l\u00e8ves et les enseignants. Mon parcours universitaire m\u2019a donn\u00e9 le go\u00fbt de la transmission. Mais paradoxalement, je ne me suis jamais dit que je voulais \u00eatre enseignante. J\u2019ai d\u00e9couvert le milieu des mus\u00e9es tr\u00e8s t\u00f4t, par les visites avec ma grande soeur, puis des stages et les cours de l\u2019\u00e9cole du Louvre.<br>J\u2019ai eu la chance de trouver un premier job au mus\u00e9e Albert Kahn comme h\u00f4tesse d\u2019accueil, je vendais les billets d\u2019entr\u00e9es. La conservatrice de l&rsquo;\u00e9poque, Jeanne Beausoleil, a appris que j\u2019\u00e9tais hell\u00e9niste, elle m\u2019a alors orient\u00e9e vers le service des publics. J\u2019ai appris mon m\u00e9tier sur le terrain. La vulgarisation de la culture, j\u2019adore \u00e7a ! Je trouve g\u00e9nial de voir des enfants faire des d\u00e9couvertes, j\u2019ai aussi ador\u00e9 travailler avec des profs m\u00eame si c\u2019est dur parfois.<\/p>\n\n\n\n<p><strong>Parall\u00e8lement \u00e0 ton travail au mus\u00e9e, tu as particip\u00e9 \u00e0 une revue sp\u00e9cialis\u00e9e d\u2019histoire. Que signifie pour toi cette autre forme de m\u00e9diation ?&nbsp;<\/strong><\/p>\n\n\n\n<p>C\u2019\u00e9tait un moyen de faire d\u00e9couvrir l\u2019Antiquit\u00e9 \u00e0 un public \u00e9largi. J\u2019associais mon go\u00fbt de la vulgarisation \u00e0 ma passion de l\u2019Histoire. J\u2019ai pr\u00e9sent\u00e9 les grandes figures de la Gr\u00e8ce Antique : Hom\u00e8re, P\u00e9ricl\u00e8s, Zeus. J\u2019ai fait aussi un article sur les jeux panhell\u00e9niques.<\/p>\n\n\n<div class=\"wp-block-image\">\n<figure class=\"aligncenter\"><a href=\"https:\/\/lafilledecorinthe.com\/wordpress\/wp-content\/uploads\/2013\/04\/P\u00e9ricl\u00e8s.jpg\"><img loading=\"lazy\" decoding=\"async\" width=\"593\" height=\"800\" src=\"https:\/\/lafilledecorinthe.com\/wordpress\/wp-content\/uploads\/2013\/04\/P\u00e9ricl\u00e8s.jpg\" alt=\"Couverture de la revue &quot;Histoire Antique&quot; Sep-Oct 2005\" class=\"wp-image-2269\" srcset=\"https:\/\/lafilledecorinthe.com\/wordpress\/wp-content\/uploads\/2013\/04\/P\u00e9ricl\u00e8s.jpg 593w, https:\/\/lafilledecorinthe.com\/wordpress\/wp-content\/uploads\/2013\/04\/P\u00e9ricl\u00e8s-504x680.jpg 504w, https:\/\/lafilledecorinthe.com\/wordpress\/wp-content\/uploads\/2013\/04\/P\u00e9ricl\u00e8s-222x300.jpg 222w\" sizes=\"auto, (max-width: 593px) 100vw, 593px\" \/><\/a><figcaption class=\"wp-element-caption\">Couverture de la revue \u00ab\u00a0Histoire Antique\u00a0\u00bb Sep-Oct 2005<\/figcaption><\/figure>\n<\/div>\n\n\n<p><strong>Tu as contribu\u00e9 pendant une dizaine d\u2019ann\u00e9es \u00e0 la valorisation de l\u2019oeuvre d\u2019Albert Kahn. Peux-tu nous partager des d\u00e9couvertes, des coups de coeur que tu as pu avoir dans sa tr\u00e8s riche collection ?&nbsp;<\/strong><\/p>\n\n\n\n<p>La pr\u00e9paration \u00e0 l&rsquo;exposition sur le Japon a \u00e9t\u00e9 pour moi une vraie r\u00e9v\u00e9lation. J&rsquo;ai d\u00e9couvert une culture, des images que je ne connaissais pas. J\u2019ai eu aussi beaucoup de plaisir \u00e0 partager cette d\u00e9couverte.<\/p>\n\n\n<div class=\"wp-block-image\">\n<figure class=\"aligncenter\"><a href=\"https:\/\/lafilledecorinthe.com\/wordpress\/wp-content\/uploads\/2013\/04\/thumb-cliches-japonais-une-exposition-au-musee-albert-kahn-4558.jpg\"><img loading=\"lazy\" decoding=\"async\" width=\"533\" height=\"800\" src=\"https:\/\/lafilledecorinthe.com\/wordpress\/wp-content\/uploads\/2013\/04\/thumb-cliches-japonais-une-exposition-au-musee-albert-kahn-4558.jpg\" alt=\"Affiche de l'exposition &quot;Clich\u00e9s Japonais&quot; Nov 2010-Ao\u00fbt 2011\" class=\"wp-image-2272\" srcset=\"https:\/\/lafilledecorinthe.com\/wordpress\/wp-content\/uploads\/2013\/04\/thumb-cliches-japonais-une-exposition-au-musee-albert-kahn-4558.jpg 533w, https:\/\/lafilledecorinthe.com\/wordpress\/wp-content\/uploads\/2013\/04\/thumb-cliches-japonais-une-exposition-au-musee-albert-kahn-4558-453x680.jpg 453w, https:\/\/lafilledecorinthe.com\/wordpress\/wp-content\/uploads\/2013\/04\/thumb-cliches-japonais-une-exposition-au-musee-albert-kahn-4558-199x300.jpg 199w\" sizes=\"auto, (max-width: 533px) 100vw, 533px\" \/><\/a><figcaption class=\"wp-element-caption\">Affiche de l&rsquo;exposition \u00ab\u00a0Clich\u00e9s Japonais\u00a0\u00bb Nov 2010-Ao\u00fbt 2011<\/figcaption><\/figure>\n<\/div>\n\n\n<p>Mais le probl\u00e8me \u00e0 Albert Kahn est que le temps d\u2019exposition est trop long, il est difficile de garder sa fraicheur, son enthousiasme sur un si long temps.<\/p>\n\n\n\n<p><strong>Quelles actions, quels projets, ont \u00e9t\u00e9 les plus importants pour toi au cours de ces 10 ann\u00e9es ?&nbsp;<\/strong><\/p>\n\n\n\n<p>Ce dont je suis le plus fi\u00e8re c\u2019est le d\u00e9veloppement du plan de formation des enseignants. Je suis vraiment tr\u00e8s fi\u00e8re d\u2019avoir port\u00e9 \u00e7a, d\u2019avoir valoris\u00e9 aussi le travail des enseignants. Je pense que cette action, l\u2019accueil des classes, a contribu\u00e9 au succ\u00e8s du mus\u00e9e.<br>Je viens aussi d\u2019apprendre que le mus\u00e9e a re\u00e7u le label : \u00ab\u00a0Tourisme et Handicap\u00a0\u00bb. J\u2019y ai travaill\u00e9 pendant trois ans, c\u2019est un peu mon b\u00e9b\u00e9. J\u2019en suis tr\u00e8s fi\u00e8re !<\/p>\n\n\n\n<p><strong>Depuis cet automne, tu as chang\u00e9 de lieu de travail, tu travailles maintenant au mus\u00e9e de la poste en tant que responsable du service des publics. Peux-tu nous d\u00e9finir tes principales missions ?&nbsp;<\/strong><\/p>\n\n\n\n<p>De fa\u00e7on tr\u00e8s concr\u00e8te, je g\u00e8re le service au quotidien ! Je dois aussi d\u00e9finir la politique du service et mettre en place des projets de d\u00e9veloppement \u00e0 l\u2019attention de tous les publics (handicap, enseignants, scolaires, s\u00e9niors, adultes, champs social&#8230;), en leur proposant \u00e0 chaque fois des solutions de m\u00e9diation adapt\u00e9es. Cela peut \u00e9galement passer par des partenariats institutionnels pour diversifier nos actions, toujours dans l\u2019objectif d\u2019accueillir tous les publics. Par exemple, nous avons mis en place un partenariat avec l\u2019h\u00f4pital Necker pour faire d\u00e9couvrir nos collections et nos animations aux enfants malades. Je mets \u00e9galement en place la programmation culturelle et les animations sur les collections permanentes et les expositions temporaires. Le socle de mon travail reste l\u2019accueil des scolaires, pour moi, un mus\u00e9e qui n\u2019a pas de public scolaire est un mus\u00e9e mort. C\u2019est vraiment le coeur de notre m\u00e9tier.<\/p>\n\n\n\n<p><strong>Quels ont \u00e9t\u00e9 les premiers d\u00e9fis que tu as eus \u00e0 relever lorsque tu as pris tes fonctions au mus\u00e9e de la poste ?&nbsp;<\/strong><\/p>\n\n\n\n<p>Ma chef m\u2019a donn\u00e9 le temps de prendre mes marques, c\u2019\u00e9tait tr\u00e8s agr\u00e9able de ne pas commencer dans le stress. J\u2019ai commenc\u00e9 mon travail au mus\u00e9e de la poste deux semaines avant le d\u00e9but de l\u2019exposition \u00ab Au del\u00e0 du Street Art \u00bb qui remporte un grand succ\u00e8s. Mon premier d\u00e9fi a \u00e9t\u00e9 de g\u00e9rer le flux des personnes, notamment les queues sur le trottoir ! Et puis je dois g\u00e9rer l\u2019impr\u00e9vu ! Pour la saison culturelle autour de l\u2019exposition du Street Art, nous avons des nocturnes \u00e0 animer. Nous avons eu un d\u00e9sistement pour la soir\u00e9e slam quelques jours avant la date programm\u00e9e. J\u2019ai d\u00fb trouver un slameur au dernier moment. Nico K et ses accompagnateurs, Pina et Quentin Laffont ont assur\u00e9 !<\/p>\n\n\n<div class=\"wp-block-image\">\n<figure class=\"aligncenter\"><a href=\"https:\/\/lafilledecorinthe.com\/wordpress\/wp-content\/uploads\/2013\/04\/au-dela-du-street-art_xl.png\"><img loading=\"lazy\" decoding=\"async\" width=\"564\" height=\"800\" src=\"https:\/\/lafilledecorinthe.com\/wordpress\/wp-content\/uploads\/2013\/04\/au-dela-du-street-art_xl.png\" alt=\"Affiche de l'exposition &quot;Au del\u00e0 du Street Art&quot; Nov 2012-Mars 2013\" class=\"wp-image-2273\" srcset=\"https:\/\/lafilledecorinthe.com\/wordpress\/wp-content\/uploads\/2013\/04\/au-dela-du-street-art_xl.png 564w, https:\/\/lafilledecorinthe.com\/wordpress\/wp-content\/uploads\/2013\/04\/au-dela-du-street-art_xl-479x680.png 479w, https:\/\/lafilledecorinthe.com\/wordpress\/wp-content\/uploads\/2013\/04\/au-dela-du-street-art_xl-211x300.png 211w\" sizes=\"auto, (max-width: 564px) 100vw, 564px\" \/><\/a><figcaption class=\"wp-element-caption\">Affiche de l&rsquo;exposition \u00ab\u00a0Au del\u00e0 du Street Art\u00a0\u00bb Nov 2012-Mars 2013<\/figcaption><\/figure>\n<\/div>\n\n\n<p><strong>Peux-tu nous dire quelques mots sur la prochaine exposition ? &nbsp;<\/strong><\/p>\n\n\n\n<p>Elle portera sur deux grands artistes de l\u2019Art Brut : Gaston Chaissac et Jean Dubuffet. Le fil conducteur sera leur correspondance crois\u00e9e. Nous travaillons avec le mus\u00e9e de l\u2019abbaye Sainte Croix des Sables d\u2019Olonne. Elle se d\u00e9roulera du 27 mai au 28 septembre 2013.<\/p>\n\n\n<div class=\"wp-block-image\">\n<figure class=\"aligncenter\"><a href=\"https:\/\/lafilledecorinthe.com\/wordpress\/wp-content\/uploads\/2013\/04\/Chaissac.jpg\"><img loading=\"lazy\" decoding=\"async\" width=\"436\" height=\"555\" src=\"https:\/\/lafilledecorinthe.com\/wordpress\/wp-content\/uploads\/2013\/04\/Chaissac.jpg\" alt=\"Visage aux hachoirs, Gaston Chaissac, 1947-1948\" class=\"wp-image-2274\" srcset=\"https:\/\/lafilledecorinthe.com\/wordpress\/wp-content\/uploads\/2013\/04\/Chaissac.jpg 436w, https:\/\/lafilledecorinthe.com\/wordpress\/wp-content\/uploads\/2013\/04\/Chaissac-235x300.jpg 235w\" sizes=\"auto, (max-width: 436px) 100vw, 436px\" \/><\/a><figcaption class=\"wp-element-caption\">Visage aux hachoirs, Gaston Chaissac, 1947-1948<\/figcaption><\/figure>\n<\/div>","protected":false},"excerpt":{"rendered":"<p>Aller au mus\u00e9e avec sa classe peut \u00eatre une belle aventure ou le pire des&nbsp;cauchemars&nbsp;! Un des crit\u00e8res pour la r\u00e9ussite de cette sortie culturelle est la qualit\u00e9 de l&rsquo;accueil re\u00e7ue. Hakima Benabderrahmane a fait de cette question le coeur de sa pratique et de sa r\u00e9flexion professionnelle. Pendant une dizaine d&rsquo;ann\u00e9es, au mus\u00e9e Albert&#8230;<\/p>\n","protected":false},"author":2,"featured_media":2265,"comment_status":"open","ping_status":"open","sticky":false,"template":"","format":"standard","meta":{"_kad_post_transparent":"","_kad_post_title":"","_kad_post_layout":"","_kad_post_sidebar_id":"","_kad_post_content_style":"","_kad_post_vertical_padding":"","_kad_post_feature":"","_kad_post_feature_position":"","_kad_post_header":false,"_kad_post_footer":false,"_kad_post_classname":"","footnotes":""},"categories":[259],"tags":[367,365,369,362,370,366,363,364,67,368],"class_list":["post-2264","post","type-post","status-publish","format-standard","has-post-thumbnail","hentry","category-rencontres","tag-au-dela-du-street-art","tag-caspar-david-friedrich","tag-gaston-chaissac","tag-hakima-benabderrahmane","tag-jean-dubuffet","tag-jeanne-beausoleil","tag-mediatrice-culturelle","tag-musee-albert-kahn","tag-musee-de-la-poste","tag-nico-k"],"_links":{"self":[{"href":"https:\/\/lafilledecorinthe.com\/wordpress\/wp-json\/wp\/v2\/posts\/2264","targetHints":{"allow":["GET"]}}],"collection":[{"href":"https:\/\/lafilledecorinthe.com\/wordpress\/wp-json\/wp\/v2\/posts"}],"about":[{"href":"https:\/\/lafilledecorinthe.com\/wordpress\/wp-json\/wp\/v2\/types\/post"}],"author":[{"embeddable":true,"href":"https:\/\/lafilledecorinthe.com\/wordpress\/wp-json\/wp\/v2\/users\/2"}],"replies":[{"embeddable":true,"href":"https:\/\/lafilledecorinthe.com\/wordpress\/wp-json\/wp\/v2\/comments?post=2264"}],"version-history":[{"count":11,"href":"https:\/\/lafilledecorinthe.com\/wordpress\/wp-json\/wp\/v2\/posts\/2264\/revisions"}],"predecessor-version":[{"id":15252,"href":"https:\/\/lafilledecorinthe.com\/wordpress\/wp-json\/wp\/v2\/posts\/2264\/revisions\/15252"}],"wp:featuredmedia":[{"embeddable":true,"href":"https:\/\/lafilledecorinthe.com\/wordpress\/wp-json\/wp\/v2\/media\/2265"}],"wp:attachment":[{"href":"https:\/\/lafilledecorinthe.com\/wordpress\/wp-json\/wp\/v2\/media?parent=2264"}],"wp:term":[{"taxonomy":"category","embeddable":true,"href":"https:\/\/lafilledecorinthe.com\/wordpress\/wp-json\/wp\/v2\/categories?post=2264"},{"taxonomy":"post_tag","embeddable":true,"href":"https:\/\/lafilledecorinthe.com\/wordpress\/wp-json\/wp\/v2\/tags?post=2264"}],"curies":[{"name":"wp","href":"https:\/\/api.w.org\/{rel}","templated":true}]}}