{"id":2244,"date":"2013-03-31T18:21:01","date_gmt":"2013-03-31T17:21:01","guid":{"rendered":"http:\/\/lafilledecorinthe.com\/wordpress\/?p=2244"},"modified":"2025-12-08T09:08:12","modified_gmt":"2025-12-08T08:08:12","slug":"les-enfants-dabord-au-jeu-de-paume-5","status":"publish","type":"post","link":"https:\/\/lafilledecorinthe.com\/wordpress\/2013\/03\/les-enfants-dabord-au-jeu-de-paume-5\/","title":{"rendered":"\u00ab\u00a0Les enfants d&rsquo;abord !\u00a0\u00bb au Jeu de Paume 5"},"content":{"rendered":"\n<p><\/p>\n\n\n\n<p>Le Jeu de Paume accueille deux nouvelles expositions, la photographe fran\u00e7aise Laure Albin Guillot et l&rsquo;artiste contemporain Adrian Paci. Une belle occasion pour travailler avec les \u00ab\u00a0enfants d&rsquo;abord\u00a0\u00bb sur la notion de cadrage, de d\u00e9couvrir comment l&rsquo;action de cadrer d\u00e9place et transforme la r\u00e9alit\u00e9&#8230;<\/p>\n\n\n\n<p>Les enfants sont invit\u00e9s dans un premier temps \u00e0 explorer une image \u00e0 l&rsquo;aide d&rsquo;un cadre en carton. Cadrer c&rsquo;est choisir ce que l&rsquo;on veut dans l&rsquo;image, d\u00e9terminer les limites ext\u00e9rieures de l&rsquo;image.<\/p>\n\n\n<div class=\"wp-block-image\">\n<figure class=\"aligncenter\"><a href=\"https:\/\/lafilledecorinthe.com\/wordpress\/wp-content\/uploads\/2013\/03\/cadre2.jpg\"><img loading=\"lazy\" decoding=\"async\" width=\"800\" height=\"600\" src=\"https:\/\/lafilledecorinthe.com\/wordpress\/wp-content\/uploads\/2013\/03\/cadre2.jpg\" alt=\"&quot;Les enfants d'abord !&quot; 30\/03\/13\" class=\"wp-image-2247\" srcset=\"https:\/\/lafilledecorinthe.com\/wordpress\/wp-content\/uploads\/2013\/03\/cadre2.jpg 800w, https:\/\/lafilledecorinthe.com\/wordpress\/wp-content\/uploads\/2013\/03\/cadre2-680x510.jpg 680w, https:\/\/lafilledecorinthe.com\/wordpress\/wp-content\/uploads\/2013\/03\/cadre2-400x300.jpg 400w\" sizes=\"auto, (max-width: 800px) 100vw, 800px\" \/><\/a><figcaption class=\"wp-element-caption\">\u00ab\u00a0Les enfants d&rsquo;abord !\u00a0\u00bb 30\/03\/13<\/figcaption><\/figure>\n<\/div>\n\n<div class=\"wp-block-image\">\n<figure class=\"aligncenter\"><a href=\"https:\/\/lafilledecorinthe.com\/wordpress\/wp-content\/uploads\/2013\/03\/JDP1.jpg\"><img loading=\"lazy\" decoding=\"async\" width=\"4000\" height=\"3000\" src=\"https:\/\/lafilledecorinthe.com\/wordpress\/wp-content\/uploads\/2013\/03\/JDP1.jpg\" alt=\"&quot;Les enfants d'abord !&quot; 27\/04\/13\" class=\"wp-image-2432\" srcset=\"https:\/\/lafilledecorinthe.com\/wordpress\/wp-content\/uploads\/2013\/03\/JDP1.jpg 4000w, https:\/\/lafilledecorinthe.com\/wordpress\/wp-content\/uploads\/2013\/03\/JDP1-680x510.jpg 680w, https:\/\/lafilledecorinthe.com\/wordpress\/wp-content\/uploads\/2013\/03\/JDP1-1280x960.jpg 1280w, https:\/\/lafilledecorinthe.com\/wordpress\/wp-content\/uploads\/2013\/03\/JDP1-400x300.jpg 400w\" sizes=\"auto, (max-width: 4000px) 100vw, 4000px\" \/><\/a><figcaption class=\"wp-element-caption\">\u00ab\u00a0Les enfants d&rsquo;abord !\u00a0\u00bb 27\/04\/13<\/figcaption><\/figure>\n<\/div>\n\n\n<p>Les enfants vont ensuite \u00e0 la rencontre d&rsquo;une s\u00e9lection d&rsquo;oeuvres dans les expositions afin de voir comment les artistes se sont empar\u00e9s de cette notion tant dans l&rsquo;image fixe que dans l&rsquo;image anim\u00e9e.<\/p>\n\n\n<div class=\"wp-block-image\">\n<figure class=\"aligncenter\"><a href=\"https:\/\/lafilledecorinthe.com\/wordpress\/wp-content\/uploads\/2013\/03\/exposition1.jpg\"><img loading=\"lazy\" decoding=\"async\" width=\"600\" height=\"800\" src=\"https:\/\/lafilledecorinthe.com\/wordpress\/wp-content\/uploads\/2013\/03\/exposition1.jpg\" alt=\"Vitrine pr\u00e9sentant les micrographies d\u00e9coratives de Laure Albin Guillot\" class=\"wp-image-2248\" srcset=\"https:\/\/lafilledecorinthe.com\/wordpress\/wp-content\/uploads\/2013\/03\/exposition1.jpg 600w, https:\/\/lafilledecorinthe.com\/wordpress\/wp-content\/uploads\/2013\/03\/exposition1-510x680.jpg 510w, https:\/\/lafilledecorinthe.com\/wordpress\/wp-content\/uploads\/2013\/03\/exposition1-225x300.jpg 225w\" sizes=\"auto, (max-width: 600px) 100vw, 600px\" \/><\/a><figcaption class=\"wp-element-caption\">Vitrine pr\u00e9sentant les micrographies d\u00e9coratives de Laure Albin Guillot<\/figcaption><\/figure>\n<\/div>\n\n<div class=\"wp-block-image\">\n<figure class=\"aligncenter\"><a href=\"https:\/\/lafilledecorinthe.com\/wordpress\/wp-content\/uploads\/2013\/03\/JDP31.jpg\"><img loading=\"lazy\" decoding=\"async\" width=\"800\" height=\"600\" src=\"https:\/\/lafilledecorinthe.com\/wordpress\/wp-content\/uploads\/2013\/03\/JDP31.jpg\" alt=\"&quot;Les enfants d'abord !&quot; 27\/04\/13\" class=\"wp-image-2436\" srcset=\"https:\/\/lafilledecorinthe.com\/wordpress\/wp-content\/uploads\/2013\/03\/JDP31.jpg 800w, https:\/\/lafilledecorinthe.com\/wordpress\/wp-content\/uploads\/2013\/03\/JDP31-680x510.jpg 680w, https:\/\/lafilledecorinthe.com\/wordpress\/wp-content\/uploads\/2013\/03\/JDP31-400x300.jpg 400w\" sizes=\"auto, (max-width: 800px) 100vw, 800px\" \/><\/a><figcaption class=\"wp-element-caption\">\u00ab\u00a0Les enfants d&rsquo;abord !\u00a0\u00bb 27\/04\/13<\/figcaption><\/figure>\n<\/div>\n\n\n<p>Puis, il est temps de passer \u00e0 la pratique. Les enfants sont invit\u00e9s \u00e0 r\u00e9aliser leur propre image en cr\u00e9ant des photos myst\u00e9rieuses &#8230;<\/p>\n\n\n<div class=\"wp-block-image\">\n<figure class=\"aligncenter\"><a href=\"https:\/\/lafilledecorinthe.com\/wordpress\/wp-content\/uploads\/2013\/03\/retouch\u00e9.jpg\"><img loading=\"lazy\" decoding=\"async\" width=\"800\" height=\"600\" src=\"https:\/\/lafilledecorinthe.com\/wordpress\/wp-content\/uploads\/2013\/03\/retouch\u00e9.jpg\" alt=\"&quot;Les enfants d'abord !&quot; 27\/04\/13\" class=\"wp-image-2434\" srcset=\"https:\/\/lafilledecorinthe.com\/wordpress\/wp-content\/uploads\/2013\/03\/retouch\u00e9.jpg 800w, https:\/\/lafilledecorinthe.com\/wordpress\/wp-content\/uploads\/2013\/03\/retouch\u00e9-680x510.jpg 680w, https:\/\/lafilledecorinthe.com\/wordpress\/wp-content\/uploads\/2013\/03\/retouch\u00e9-400x300.jpg 400w\" sizes=\"auto, (max-width: 800px) 100vw, 800px\" \/><\/a><figcaption class=\"wp-element-caption\">\u00ab\u00a0Les enfants d&rsquo;abord !\u00a0\u00bb 27\/04\/13<\/figcaption><\/figure>\n<\/div>\n\n<div class=\"wp-block-image\">\n<figure class=\"aligncenter\"><a href=\"https:\/\/lafilledecorinthe.com\/wordpress\/wp-content\/uploads\/2013\/03\/photo.jpg\"><img loading=\"lazy\" decoding=\"async\" width=\"800\" height=\"600\" src=\"https:\/\/lafilledecorinthe.com\/wordpress\/wp-content\/uploads\/2013\/03\/photo.jpg\" alt=\"&quot;Les enfants d'abord !&quot; Prise de vue en plan rapproch\u00e9\" class=\"wp-image-2253\" srcset=\"https:\/\/lafilledecorinthe.com\/wordpress\/wp-content\/uploads\/2013\/03\/photo.jpg 800w, https:\/\/lafilledecorinthe.com\/wordpress\/wp-content\/uploads\/2013\/03\/photo-680x510.jpg 680w, https:\/\/lafilledecorinthe.com\/wordpress\/wp-content\/uploads\/2013\/03\/photo-400x300.jpg 400w\" sizes=\"auto, (max-width: 800px) 100vw, 800px\" \/><\/a><figcaption class=\"wp-element-caption\">\u00ab\u00a0Les enfants d&rsquo;abord !\u00a0\u00bb Prise de vue en plan rapproch\u00e9 \u00a0 30\/03\/13<\/figcaption><\/figure>\n<\/div>\n\n<div class=\"wp-block-image\">\n<figure class=\"aligncenter\"><a href=\"https:\/\/lafilledecorinthe.com\/wordpress\/wp-content\/uploads\/2013\/03\/porte-folio.jpg\"><img loading=\"lazy\" decoding=\"async\" width=\"800\" height=\"600\" src=\"https:\/\/lafilledecorinthe.com\/wordpress\/wp-content\/uploads\/2013\/03\/porte-folio.jpg\" alt=\"Pr\u00e9sentation du porte folio, 30\/03\/13\" class=\"wp-image-2254\" srcset=\"https:\/\/lafilledecorinthe.com\/wordpress\/wp-content\/uploads\/2013\/03\/porte-folio.jpg 800w, https:\/\/lafilledecorinthe.com\/wordpress\/wp-content\/uploads\/2013\/03\/porte-folio-680x510.jpg 680w, https:\/\/lafilledecorinthe.com\/wordpress\/wp-content\/uploads\/2013\/03\/porte-folio-400x300.jpg 400w\" sizes=\"auto, (max-width: 800px) 100vw, 800px\" \/><\/a><figcaption class=\"wp-element-caption\">Pr\u00e9sentation du porte folio, 30\/03\/13<\/figcaption><\/figure>\n<\/div>\n\n\n<p>La s\u00e9ance se termine par des devinettes visuelles, succ\u00e8s assur\u00e9 !<\/p>\n\n\n<div class=\"wp-block-image\">\n<figure class=\"aligncenter\"><a href=\"https:\/\/lafilledecorinthe.com\/wordpress\/wp-content\/uploads\/2013\/03\/myst\u00e8re.jpg\"><img loading=\"lazy\" decoding=\"async\" width=\"800\" height=\"600\" src=\"https:\/\/lafilledecorinthe.com\/wordpress\/wp-content\/uploads\/2013\/03\/myst\u00e8re.jpg\" alt=\"myst\u00e8re\" class=\"wp-image-2255\" srcset=\"https:\/\/lafilledecorinthe.com\/wordpress\/wp-content\/uploads\/2013\/03\/myst\u00e8re.jpg 800w, https:\/\/lafilledecorinthe.com\/wordpress\/wp-content\/uploads\/2013\/03\/myst\u00e8re-680x510.jpg 680w, https:\/\/lafilledecorinthe.com\/wordpress\/wp-content\/uploads\/2013\/03\/myst\u00e8re-400x300.jpg 400w\" sizes=\"auto, (max-width: 800px) 100vw, 800px\" \/><\/a><\/figure>\n<\/div>\n\n\n<p class=\"has-text-align-center\"><\/p>\n","protected":false},"excerpt":{"rendered":"<p>Le Jeu de Paume accueille deux nouvelles expositions, la photographe fran\u00e7aise Laure Albin Guillot et l&rsquo;artiste contemporain Adrian Paci. Une belle occasion pour travailler avec les \u00ab\u00a0enfants d&rsquo;abord\u00a0\u00bb sur la notion de cadrage, de d\u00e9couvrir comment l&rsquo;action de cadrer d\u00e9place et transforme la r\u00e9alit\u00e9&#8230; Les enfants sont invit\u00e9s dans un premier temps \u00e0 explorer une&#8230;<\/p>\n","protected":false},"author":2,"featured_media":2245,"comment_status":"open","ping_status":"open","sticky":false,"template":"","format":"standard","meta":{"_kad_post_transparent":"","_kad_post_title":"","_kad_post_layout":"","_kad_post_sidebar_id":"","_kad_post_content_style":"","_kad_post_vertical_padding":"","_kad_post_feature":"","_kad_post_feature_position":"","_kad_post_header":false,"_kad_post_footer":false,"_kad_post_classname":"","footnotes":""},"categories":[7],"tags":[359,361,51,48,360],"class_list":["post-2244","post","type-post","status-publish","format-standard","has-post-thumbnail","hentry","category-ateliers-enfants","tag-adrian-pacci","tag-cadrage","tag-enfants-dabord","tag-jeu-de-paume","tag-laure-albin-guillot"],"_links":{"self":[{"href":"https:\/\/lafilledecorinthe.com\/wordpress\/wp-json\/wp\/v2\/posts\/2244","targetHints":{"allow":["GET"]}}],"collection":[{"href":"https:\/\/lafilledecorinthe.com\/wordpress\/wp-json\/wp\/v2\/posts"}],"about":[{"href":"https:\/\/lafilledecorinthe.com\/wordpress\/wp-json\/wp\/v2\/types\/post"}],"author":[{"embeddable":true,"href":"https:\/\/lafilledecorinthe.com\/wordpress\/wp-json\/wp\/v2\/users\/2"}],"replies":[{"embeddable":true,"href":"https:\/\/lafilledecorinthe.com\/wordpress\/wp-json\/wp\/v2\/comments?post=2244"}],"version-history":[{"count":10,"href":"https:\/\/lafilledecorinthe.com\/wordpress\/wp-json\/wp\/v2\/posts\/2244\/revisions"}],"predecessor-version":[{"id":15127,"href":"https:\/\/lafilledecorinthe.com\/wordpress\/wp-json\/wp\/v2\/posts\/2244\/revisions\/15127"}],"wp:featuredmedia":[{"embeddable":true,"href":"https:\/\/lafilledecorinthe.com\/wordpress\/wp-json\/wp\/v2\/media\/2245"}],"wp:attachment":[{"href":"https:\/\/lafilledecorinthe.com\/wordpress\/wp-json\/wp\/v2\/media?parent=2244"}],"wp:term":[{"taxonomy":"category","embeddable":true,"href":"https:\/\/lafilledecorinthe.com\/wordpress\/wp-json\/wp\/v2\/categories?post=2244"},{"taxonomy":"post_tag","embeddable":true,"href":"https:\/\/lafilledecorinthe.com\/wordpress\/wp-json\/wp\/v2\/tags?post=2244"}],"curies":[{"name":"wp","href":"https:\/\/api.w.org\/{rel}","templated":true}]}}