{"id":2207,"date":"2013-03-29T19:33:03","date_gmt":"2013-03-29T18:33:03","guid":{"rendered":"http:\/\/lafilledecorinthe.com\/wordpress\/?p=2207"},"modified":"2025-12-08T09:10:06","modified_gmt":"2025-12-08T08:10:06","slug":"enfances-au-cinema-atelier-perdu-retrouve","status":"publish","type":"post","link":"https:\/\/lafilledecorinthe.com\/wordpress\/2013\/03\/enfances-au-cinema-atelier-perdu-retrouve\/","title":{"rendered":"Enfances au cin\u00e9ma : atelier \u00ab\u00a0Perdu ? Retrouv\u00e9 !\u00a0\u00bb"},"content":{"rendered":"\n<p>L&rsquo;association \u00ab\u00a0<a href=\"http:\/\/www.enfancesaucinema.net\/\" target=\"_blank\" rel=\"noopener\">Enfances au cin\u00e9ma<\/a>\u00a0\u00bb m&rsquo;a confi\u00e9 la pr\u00e9paration d&rsquo;un atelier dans le cadre de leur programmation \u00ab\u00a0Mon premier cin\u00e9ma\u00a0\u00bb d\u00e9di\u00e9e aux classes maternelles parisiennes. Une belle opportunit\u00e9 de travailler avec 5 classes sur le tr\u00e8s beau court m\u00e9trage de Philip Hutt : <a href=\"http:\/\/www.lesfilmsdupreau.com\/prog.php?code=per\" target=\"_blank\" rel=\"noopener\">\u00ab\u00a0Perdu ? Retrouv\u00e9 !\u00a0\u00bb<\/a>.<\/p>\n\n\n<div class=\"wp-block-image\">\n<figure class=\"aligncenter\"><a href=\"https:\/\/lafilledecorinthe.com\/wordpress\/wp-content\/uploads\/2013\/03\/Objets.jpg\"><img loading=\"lazy\" decoding=\"async\" width=\"1280\" height=\"960\" src=\"https:\/\/lafilledecorinthe.com\/wordpress\/wp-content\/uploads\/2013\/03\/Objets-1280x960.jpg\" alt=\"Objets\" class=\"wp-image-2211\" srcset=\"https:\/\/lafilledecorinthe.com\/wordpress\/wp-content\/uploads\/2013\/03\/Objets-1280x960.jpg 1280w, https:\/\/lafilledecorinthe.com\/wordpress\/wp-content\/uploads\/2013\/03\/Objets-680x510.jpg 680w, https:\/\/lafilledecorinthe.com\/wordpress\/wp-content\/uploads\/2013\/03\/Objets-400x300.jpg 400w\" sizes=\"auto, (max-width: 1280px) 100vw, 1280px\" \/><\/a><\/figure>\n<\/div>\n\n\n<p class=\"has-text-align-left\">Toutes les classes sont all\u00e9es auparavant deux fois dans leur cin\u00e9ma de quartier d\u00e9couvrir les films de la programmation sur grand \u00e9cran. Je ravive la m\u00e9moire de ces s\u00e9ances par une petite devinette, je pr\u00e9sente aux enfants des objets qu&rsquo;ils doivent associer \u00e0 l&rsquo;un des films vus.&nbsp;<\/p>\n\n\n<div class=\"wp-block-image\">\n<figure class=\"aligncenter\"><a href=\"https:\/\/lafilledecorinthe.com\/wordpress\/wp-content\/uploads\/2013\/03\/4e2.jpg\"><img loading=\"lazy\" decoding=\"async\" width=\"600\" height=\"800\" src=\"https:\/\/lafilledecorinthe.com\/wordpress\/wp-content\/uploads\/2013\/03\/4e2.jpg\" alt=\"4e2\" class=\"wp-image-2212\" srcset=\"https:\/\/lafilledecorinthe.com\/wordpress\/wp-content\/uploads\/2013\/03\/4e2.jpg 600w, https:\/\/lafilledecorinthe.com\/wordpress\/wp-content\/uploads\/2013\/03\/4e2-510x680.jpg 510w, https:\/\/lafilledecorinthe.com\/wordpress\/wp-content\/uploads\/2013\/03\/4e2-225x300.jpg 225w\" sizes=\"auto, (max-width: 600px) 100vw, 600px\" \/><\/a><figcaption class=\"wp-element-caption\">Ecole maternelle de la rue des Archives &#8211; 22\/03\/13<\/figcaption><\/figure>\n<\/div>\n\n\n<p class=\"has-text-align-left\">Apr\u00e8s la lecture de l&rsquo;album dont le film \u00a0\u00bb Perdu ? retrouv\u00e9 !\u00a0\u00bb est une adaptation, les enfants recherchent activement les ressemblances et les diff\u00e9rences entre les deux supports. Avec l&rsquo;aide du petit canard de bain, je les am\u00e8ne peu \u00e0 peu \u00e0 remarquer que le canard bouge dans le film alors qu&rsquo;il reste toujours \u00e0 la m\u00eame place dans l&rsquo;image de l&rsquo;album.<\/p>\n\n\n<div class=\"wp-block-image\">\n<figure class=\"aligncenter\"><a href=\"https:\/\/lafilledecorinthe.com\/wordpress\/wp-content\/uploads\/2013\/03\/18-1.jpg\"><img loading=\"lazy\" decoding=\"async\" width=\"800\" height=\"600\" src=\"https:\/\/lafilledecorinthe.com\/wordpress\/wp-content\/uploads\/2013\/03\/18-1.jpg\" alt=\"Maternelle de la rue du Mont Cenis - 28\/03\/13\" class=\"wp-image-2213\" srcset=\"https:\/\/lafilledecorinthe.com\/wordpress\/wp-content\/uploads\/2013\/03\/18-1.jpg 800w, https:\/\/lafilledecorinthe.com\/wordpress\/wp-content\/uploads\/2013\/03\/18-1-680x510.jpg 680w, https:\/\/lafilledecorinthe.com\/wordpress\/wp-content\/uploads\/2013\/03\/18-1-400x300.jpg 400w\" sizes=\"auto, (max-width: 800px) 100vw, 800px\" \/><\/a><figcaption class=\"wp-element-caption\">Ecole maternelle de la rue du Mont Cenis &#8211; 28\/03\/13<\/figcaption><\/figure>\n<\/div>\n\n\n<p>Afin de commencer \u00e0 comprendre le myst\u00e8re de l&rsquo;image anim\u00e9e, quoi de mieux que de r\u00e9aliser ensemble un tout petit film !<\/p>\n\n\n<div class=\"wp-block-image\">\n<figure class=\"aligncenter\"><a href=\"https:\/\/lafilledecorinthe.com\/wordpress\/wp-content\/uploads\/2013\/03\/18B6.jpg\"><img loading=\"lazy\" decoding=\"async\" width=\"800\" height=\"600\" src=\"https:\/\/lafilledecorinthe.com\/wordpress\/wp-content\/uploads\/2013\/03\/18B6.jpg\" alt=\"Ecole maternelle de la rue d'Orsel - 29\/03\/13\" class=\"wp-image-2219\" srcset=\"https:\/\/lafilledecorinthe.com\/wordpress\/wp-content\/uploads\/2013\/03\/18B6.jpg 800w, https:\/\/lafilledecorinthe.com\/wordpress\/wp-content\/uploads\/2013\/03\/18B6-680x510.jpg 680w, https:\/\/lafilledecorinthe.com\/wordpress\/wp-content\/uploads\/2013\/03\/18B6-400x300.jpg 400w\" sizes=\"auto, (max-width: 800px) 100vw, 800px\" \/><\/a><figcaption class=\"wp-element-caption\">Ecole maternelle de la rue d&rsquo;Orsel &#8211; 29\/03\/13<\/figcaption><\/figure>\n<\/div>\n\n<div class=\"wp-block-image\">\n<figure class=\"aligncenter\"><a href=\"https:\/\/lafilledecorinthe.com\/wordpress\/wp-content\/uploads\/2013\/03\/10e1.jpg\"><img loading=\"lazy\" decoding=\"async\" width=\"800\" height=\"600\" src=\"https:\/\/lafilledecorinthe.com\/wordpress\/wp-content\/uploads\/2013\/03\/10e1.jpg\" alt=\"Ecole maternelle de la rue Legouv\u00e9 - 25\/03\/13\" class=\"wp-image-2220\" srcset=\"https:\/\/lafilledecorinthe.com\/wordpress\/wp-content\/uploads\/2013\/03\/10e1.jpg 800w, https:\/\/lafilledecorinthe.com\/wordpress\/wp-content\/uploads\/2013\/03\/10e1-680x510.jpg 680w, https:\/\/lafilledecorinthe.com\/wordpress\/wp-content\/uploads\/2013\/03\/10e1-400x300.jpg 400w\" sizes=\"auto, (max-width: 800px) 100vw, 800px\" \/><\/a><figcaption class=\"wp-element-caption\">Ecole maternelle de la rue Legouv\u00e9 &#8211; 25\/03\/13<\/figcaption><\/figure>\n<\/div>\n\n\n<p>La manipulation de&nbsp;folioscopes&nbsp;et la r\u00e9alisation individuelle d&rsquo;un feuilletoscope compl\u00e8tent la s\u00e9ance.<\/p>\n\n\n<div class=\"wp-block-image\">\n<figure class=\"aligncenter\"><a href=\"https:\/\/lafilledecorinthe.com\/wordpress\/wp-content\/uploads\/2013\/03\/Legouv\u00e9.jpg\"><img loading=\"lazy\" decoding=\"async\" width=\"1280\" height=\"960\" src=\"https:\/\/lafilledecorinthe.com\/wordpress\/wp-content\/uploads\/2013\/03\/Legouv\u00e9-1280x960.jpg\" alt=\"Ecole maternelle de la rue Legouv\u00e9 - 25\/03\/13\" class=\"wp-image-2283\" srcset=\"https:\/\/lafilledecorinthe.com\/wordpress\/wp-content\/uploads\/2013\/03\/Legouv\u00e9-1280x960.jpg 1280w, https:\/\/lafilledecorinthe.com\/wordpress\/wp-content\/uploads\/2013\/03\/Legouv\u00e9-680x510.jpg 680w, https:\/\/lafilledecorinthe.com\/wordpress\/wp-content\/uploads\/2013\/03\/Legouv\u00e9-400x300.jpg 400w\" sizes=\"auto, (max-width: 1280px) 100vw, 1280px\" \/><\/a><figcaption class=\"wp-element-caption\">Ecole maternelle de la rue Legouv\u00e9 &#8211; 25\/03\/13<\/figcaption><\/figure>\n<\/div>\n\n<div class=\"wp-block-image\">\n<figure class=\"aligncenter\"><a href=\"https:\/\/lafilledecorinthe.com\/wordpress\/wp-content\/uploads\/2013\/03\/11\u00e8-3.jpg\"><img loading=\"lazy\" decoding=\"async\" width=\"800\" height=\"534\" src=\"https:\/\/lafilledecorinthe.com\/wordpress\/wp-content\/uploads\/2013\/03\/11\u00e8-3.jpg\" alt=\"Ecole maternelle de la rue Alphonse Baudin - 21\/03\/13\" class=\"wp-image-2226\" srcset=\"https:\/\/lafilledecorinthe.com\/wordpress\/wp-content\/uploads\/2013\/03\/11\u00e8-3.jpg 800w, https:\/\/lafilledecorinthe.com\/wordpress\/wp-content\/uploads\/2013\/03\/11\u00e8-3-680x453.jpg 680w, https:\/\/lafilledecorinthe.com\/wordpress\/wp-content\/uploads\/2013\/03\/11\u00e8-3-449x300.jpg 449w\" sizes=\"auto, (max-width: 800px) 100vw, 800px\" \/><\/a><figcaption class=\"wp-element-caption\">Ecole maternelle de la rue Alphonse Baudin &#8211; 21\/03\/13<\/figcaption><\/figure>\n<\/div>\n\n<div class=\"wp-block-image\">\n<figure class=\"aligncenter\"><a href=\"https:\/\/lafilledecorinthe.com\/wordpress\/wp-content\/uploads\/2013\/03\/18\u00e8B.jpg\"><img loading=\"lazy\" decoding=\"async\" width=\"800\" height=\"730\" src=\"https:\/\/lafilledecorinthe.com\/wordpress\/wp-content\/uploads\/2013\/03\/18\u00e8B.jpg\" alt=\"Ecole maternelle de la rue d'Orsel  - 29\/03\/13\" class=\"wp-image-2227\" srcset=\"https:\/\/lafilledecorinthe.com\/wordpress\/wp-content\/uploads\/2013\/03\/18\u00e8B.jpg 800w, https:\/\/lafilledecorinthe.com\/wordpress\/wp-content\/uploads\/2013\/03\/18\u00e8B-680x620.jpg 680w, https:\/\/lafilledecorinthe.com\/wordpress\/wp-content\/uploads\/2013\/03\/18\u00e8B-328x300.jpg 328w\" sizes=\"auto, (max-width: 800px) 100vw, 800px\" \/><\/a><figcaption class=\"wp-element-caption\">Ecole maternelle de la rue d&rsquo;Orsel &#8211; 29\/03\/13<\/figcaption><\/figure>\n<\/div>\n\n\n<p>Avant de se quitter, on r\u00e9\u00e9coute l&rsquo;histoire de \u00ab\u00a0Perdu ? Retrouv\u00e9 !\u00a0\u00bb mais cette fois-ci, en chanson !<\/p>\n\n\n<div class=\"wp-block-image\">\n<figure class=\"aligncenter\"><a href=\"https:\/\/lafilledecorinthe.com\/wordpress\/wp-content\/uploads\/2013\/03\/4e5.jpg\"><img loading=\"lazy\" decoding=\"async\" width=\"800\" height=\"573\" src=\"https:\/\/lafilledecorinthe.com\/wordpress\/wp-content\/uploads\/2013\/03\/4e5.jpg\" alt=\"Ecole maternelle de la rue des Archives - 22\/03\/13\" class=\"wp-image-2234\" srcset=\"https:\/\/lafilledecorinthe.com\/wordpress\/wp-content\/uploads\/2013\/03\/4e5.jpg 800w, https:\/\/lafilledecorinthe.com\/wordpress\/wp-content\/uploads\/2013\/03\/4e5-680x487.jpg 680w, https:\/\/lafilledecorinthe.com\/wordpress\/wp-content\/uploads\/2013\/03\/4e5-418x300.jpg 418w\" sizes=\"auto, (max-width: 800px) 100vw, 800px\" \/><\/a><figcaption class=\"wp-element-caption\">Ecole maternelle de la rue des Archives &#8211; 22\/03\/13<\/figcaption><\/figure>\n<\/div>\n\n\n<figure class=\"wp-block-embed is-type-video is-provider-youtube wp-block-embed-youtube wp-embed-aspect-16-9 wp-has-aspect-ratio\"><div class=\"wp-block-embed__wrapper\">\n<iframe loading=\"lazy\" title=\"Perdu ?  Retrouve\u0301 !\" width=\"720\" height=\"405\" src=\"https:\/\/www.youtube.com\/embed\/8lyYBp4JcS4?feature=oembed\" frameborder=\"0\" allow=\"accelerometer; autoplay; clipboard-write; encrypted-media; gyroscope; picture-in-picture; web-share\" referrerpolicy=\"strict-origin-when-cross-origin\" allowfullscreen><\/iframe>\n<\/div><\/figure>\n","protected":false},"excerpt":{"rendered":"<p>L&rsquo;association \u00ab\u00a0Enfances au cin\u00e9ma\u00a0\u00bb m&rsquo;a confi\u00e9 la pr\u00e9paration d&rsquo;un atelier dans le cadre de leur programmation \u00ab\u00a0Mon premier cin\u00e9ma\u00a0\u00bb d\u00e9di\u00e9e aux classes maternelles parisiennes. Une belle opportunit\u00e9 de travailler avec 5 classes sur le tr\u00e8s beau court m\u00e9trage de Philip Hutt : \u00ab\u00a0Perdu ? Retrouv\u00e9 !\u00a0\u00bb. Toutes les classes sont all\u00e9es auparavant deux fois dans&#8230;<\/p>\n","protected":false},"author":2,"featured_media":2208,"comment_status":"open","ping_status":"open","sticky":false,"template":"","format":"standard","meta":{"_kad_post_transparent":"","_kad_post_title":"","_kad_post_layout":"","_kad_post_sidebar_id":"","_kad_post_content_style":"","_kad_post_vertical_padding":"","_kad_post_feature":"","_kad_post_feature_position":"","_kad_post_header":false,"_kad_post_footer":false,"_kad_post_classname":"","footnotes":""},"categories":[7],"tags":[12,26,358,357,353,197,182,354,355,356],"class_list":["post-2207","post","type-post","status-publish","format-standard","has-post-thumbnail","hentry","category-ateliers-enfants","tag-adaptation","tag-animation","tag-de-lalbum-au-film","tag-ecole-maternelle","tag-enfances-au-cinema","tag-feuilletoscope","tag-folioscope","tag-mon-premier-cinema","tag-perdu-retrouve","tag-philip-hutt"],"_links":{"self":[{"href":"https:\/\/lafilledecorinthe.com\/wordpress\/wp-json\/wp\/v2\/posts\/2207","targetHints":{"allow":["GET"]}}],"collection":[{"href":"https:\/\/lafilledecorinthe.com\/wordpress\/wp-json\/wp\/v2\/posts"}],"about":[{"href":"https:\/\/lafilledecorinthe.com\/wordpress\/wp-json\/wp\/v2\/types\/post"}],"author":[{"embeddable":true,"href":"https:\/\/lafilledecorinthe.com\/wordpress\/wp-json\/wp\/v2\/users\/2"}],"replies":[{"embeddable":true,"href":"https:\/\/lafilledecorinthe.com\/wordpress\/wp-json\/wp\/v2\/comments?post=2207"}],"version-history":[{"count":31,"href":"https:\/\/lafilledecorinthe.com\/wordpress\/wp-json\/wp\/v2\/posts\/2207\/revisions"}],"predecessor-version":[{"id":15130,"href":"https:\/\/lafilledecorinthe.com\/wordpress\/wp-json\/wp\/v2\/posts\/2207\/revisions\/15130"}],"wp:featuredmedia":[{"embeddable":true,"href":"https:\/\/lafilledecorinthe.com\/wordpress\/wp-json\/wp\/v2\/media\/2208"}],"wp:attachment":[{"href":"https:\/\/lafilledecorinthe.com\/wordpress\/wp-json\/wp\/v2\/media?parent=2207"}],"wp:term":[{"taxonomy":"category","embeddable":true,"href":"https:\/\/lafilledecorinthe.com\/wordpress\/wp-json\/wp\/v2\/categories?post=2207"},{"taxonomy":"post_tag","embeddable":true,"href":"https:\/\/lafilledecorinthe.com\/wordpress\/wp-json\/wp\/v2\/tags?post=2207"}],"curies":[{"name":"wp","href":"https:\/\/api.w.org\/{rel}","templated":true}]}}