{"id":1982,"date":"2013-02-16T11:13:50","date_gmt":"2013-02-16T10:13:50","guid":{"rendered":"http:\/\/lafilledecorinthe.com\/wordpress\/?p=1982"},"modified":"2025-12-10T13:24:53","modified_gmt":"2025-12-10T12:24:53","slug":"kali-le-petit-vampire-de-regina-pessoa","status":"publish","type":"post","link":"https:\/\/lafilledecorinthe.com\/wordpress\/2013\/02\/kali-le-petit-vampire-de-regina-pessoa\/","title":{"rendered":"\u00ab\u00a0Kali le petit vampire\u00a0\u00bb de Regina Pessoa"},"content":{"rendered":"\n<p>Avant d&rsquo;aller d\u00e9couvrir l&rsquo;exposition de Regina Pessoa, j&rsquo;assiste au programme \u00ab\u00a0Des rencontres monstres\u00a0\u00bb \u00e0 l&rsquo;espace Jean Vilar d&rsquo;Arcueil en compagnie de plusieurs classes de la ville. Superbe programmation ! Mon premier coup de coeur va \u00e0 \u00ab\u00a0la piscine\u00a0\u00bb de la jeune r\u00e9alisatrice tch\u00e8que, Alexandra Hetmerova. Le film arrivant en quatri\u00e8me position, je suis de plus en plus intrigu\u00e9e face \u00e0 ce ballet aquatique ; que peuvent bien avoir de monstrueux ce couple sympathique \u00e9voluant avec gr\u00e2ce sur une musique de Strauss ?<\/p>\n\n\n<div class=\"wp-block-image\">\n<figure class=\"aligncenter size-medium\"><a href=\"https:\/\/lafilledecorinthe.com\/wordpress\/wp-content\/uploads\/2013\/02\/swimingpool.png\"><img loading=\"lazy\" decoding=\"async\" width=\"680\" height=\"396\" src=\"https:\/\/lafilledecorinthe.com\/wordpress\/wp-content\/uploads\/2013\/02\/swimingpool-680x396.png\" alt=\"&quot;Piscine&quot; d' Alexandra Hetmerova, 2010\" class=\"wp-image-2040\" srcset=\"https:\/\/lafilledecorinthe.com\/wordpress\/wp-content\/uploads\/2013\/02\/swimingpool-680x396.png 680w, https:\/\/lafilledecorinthe.com\/wordpress\/wp-content\/uploads\/2013\/02\/swimingpool-500x291.png 500w, https:\/\/lafilledecorinthe.com\/wordpress\/wp-content\/uploads\/2013\/02\/swimingpool.png 800w\" sizes=\"auto, (max-width: 680px) 100vw, 680px\" \/><\/a><figcaption class=\"wp-element-caption\">\u00ab\u00a0Piscine\u00a0\u00bb d&rsquo; Alexandra Hetmerova, 2010<\/figcaption><\/figure>\n<\/div>\n\n\n<p>Non, il n&rsquo;y a pas d&rsquo;erreur. Ce court-m\u00e9trage aurait pu participer \u00e0 un programme sur la rencontre amoureuse mais il a aussi toute sa place pour \u00ab\u00a0des rencontres monstres\u00a0\u00bb&#8230; Ne comptez pas sur moi pour vous d\u00e9voiler l&rsquo;intrigue ! Le <a href=\"http:\/\/alexandrahetmerova.wix.com\/portfolio#!\">site<\/a> d&rsquo;Alexandra Hetmerova m\u00e9rite le d\u00e9tour, on y d\u00e9couvre ses premiers travaux dont cette version tr\u00e8s \u00ab\u00a0punchy\u00a0\u00bb du Petit Chaperon Rouge.<\/p>\n\n\n\n<figure class=\"wp-block-embed is-type-video is-provider-youtube wp-block-embed-youtube wp-embed-aspect-4-3 wp-has-aspect-ratio\"><div class=\"wp-block-embed__wrapper\">\n<iframe loading=\"lazy\" title=\"Alexandra Hetmerova - Wolf and Little Red Riding Hood \/ Vlk a Karkulka\" width=\"720\" height=\"540\" src=\"https:\/\/www.youtube.com\/embed\/6q-zf_jFTyQ?feature=oembed\" frameborder=\"0\" allow=\"accelerometer; autoplay; clipboard-write; encrypted-media; gyroscope; picture-in-picture; web-share\" referrerpolicy=\"strict-origin-when-cross-origin\" allowfullscreen><\/iframe>\n<\/div><\/figure>\n\n\n\n<p><\/p>\n\n\n\n<p>\u00ab\u00a0Monstre sacr\u00e9\u00a0\u00bb de Jean-Claude Rozec est lui aussi un petit bijou. Il nous embarque en 10 minutes dans des univers vari\u00e9s \u00e0 un rythme tr\u00e9pidant ! Notre h\u00e9ros, un jeune dragon fort sympathique na\u00eet sous nos yeux comme le vilain petit canard. Il va vite quitter cet univers de conte pour se retrouver sous le feu nourri d&rsquo;armes de plus en plus lourdes ! Pas plus que les canards, les hommes ne veulent de lui. Il doit sa survie \u00e0 un producteur hollywoodien qui transforme les armes en cam\u00e9ra. A-t-il pour autant trouver sa place ?<\/p>\n\n\n<div class=\"wp-block-image\">\n<figure class=\"aligncenter size-medium\"><a href=\"https:\/\/lafilledecorinthe.com\/wordpress\/wp-content\/uploads\/2013\/02\/72_monstre_sacre2.jpg\"><img loading=\"lazy\" decoding=\"async\" width=\"680\" height=\"481\" src=\"https:\/\/lafilledecorinthe.com\/wordpress\/wp-content\/uploads\/2013\/02\/72_monstre_sacre2-680x481.jpg\" alt=\"&quot;Monstre sacr\u00e9&quot; de Jean-Claude Rozec, 2009\" class=\"wp-image-2044\" srcset=\"https:\/\/lafilledecorinthe.com\/wordpress\/wp-content\/uploads\/2013\/02\/72_monstre_sacre2-680x481.jpg 680w, https:\/\/lafilledecorinthe.com\/wordpress\/wp-content\/uploads\/2013\/02\/72_monstre_sacre2-424x300.jpg 424w, https:\/\/lafilledecorinthe.com\/wordpress\/wp-content\/uploads\/2013\/02\/72_monstre_sacre2.jpg 800w\" sizes=\"auto, (max-width: 680px) 100vw, 680px\" \/><\/a><figcaption class=\"wp-element-caption\">\u00ab\u00a0Monstre sacr\u00e9\u00a0\u00bb de Jean-Claude Rozec, 2009<\/figcaption><\/figure>\n<\/div>\n\n\n<p>Avec \u00ab\u00a0L&rsquo;\u00e9change\u00a0\u00bb de Maria Steinmetz, nous sommes dans un tout autre registre. La jeune r\u00e9alisatrice allemande nous plonge dans le monde m\u00e9di\u00e9val en adaptant un r\u00e9cit de l&rsquo;\u00e9crivain su\u00e9dois, Selma Lagerl\u00f6f. L&rsquo;originalit\u00e9 graphique, des&nbsp;ic\u00f4nes&nbsp;anim\u00e9es, rappelle le tr\u00e8s beau film d&rsquo;animation d&rsquo;Emilie Mercier, \u00ab\u00a0Bisclavret\u00a0\u00bb.<\/p>\n\n\n<div class=\"wp-block-image\">\n<figure class=\"aligncenter size-medium\"><a href=\"https:\/\/lafilledecorinthe.com\/wordpress\/wp-content\/uploads\/2013\/02\/l\u00e9change.jpg\"><img loading=\"lazy\" decoding=\"async\" width=\"680\" height=\"368\" src=\"https:\/\/lafilledecorinthe.com\/wordpress\/wp-content\/uploads\/2013\/02\/l\u00e9change-680x368.jpg\" alt=\"&quot;L'\u00e9change&quot; de Maria Steinmetz, 2011\" class=\"wp-image-2045\" srcset=\"https:\/\/lafilledecorinthe.com\/wordpress\/wp-content\/uploads\/2013\/02\/l\u00e9change-680x368.jpg 680w, https:\/\/lafilledecorinthe.com\/wordpress\/wp-content\/uploads\/2013\/02\/l\u00e9change-500x270.jpg 500w, https:\/\/lafilledecorinthe.com\/wordpress\/wp-content\/uploads\/2013\/02\/l\u00e9change.jpg 800w\" sizes=\"auto, (max-width: 680px) 100vw, 680px\" \/><\/a><figcaption class=\"wp-element-caption\">\u00ab\u00a0L&rsquo;\u00e9change\u00a0\u00bb de Maria Steinmetz, 2011<\/figcaption><\/figure>\n<\/div>\n\n\n<p>Tr\u00e8s belle adaptation visuelle d&rsquo;un r\u00e9cit d&rsquo;une grande dame de la litt\u00e9rature !<\/p>\n\n\n\n<p>Ma principale motivation \u00e0 assister \u00e0 cette s\u00e9ance \u00e9tait le d\u00e9sir de d\u00e9couvrir au cin\u00e9ma le nouveau court-m\u00e9trage de Regina Pessoa, \u00ab\u00a0Kali le petit vampire\u00a0\u00bb. Auparavant, je n&rsquo;avais vu de cette r\u00e9alisatrice que son film \u00ab\u00a0<a href=\"http:\/\/www.onf.ca\/film\/histoire_tragique_avec_fin_heureuse\/\">Histoire tragique avec fin heureuse<\/a>\u00ab\u00a0, il m&rsquo;avait fait l&rsquo;effet d&rsquo;un uppercut ! La texture de l&rsquo;image, les cadrages, les points de vue, les mouvements de cam\u00e9ra, les battements de coeur ent\u00eatants, la voix de la narratrice, le silence, tout concourt \u00e0 faire de&nbsp;cette histoire de fille-oiseau une petite merveille !<\/p>\n\n\n<div class=\"wp-block-image\">\n<figure class=\"aligncenter size-medium\"><a href=\"https:\/\/lafilledecorinthe.com\/wordpress\/wp-content\/uploads\/2013\/02\/fin-heureuse.jpeg\"><img loading=\"lazy\" decoding=\"async\" width=\"680\" height=\"410\" src=\"https:\/\/lafilledecorinthe.com\/wordpress\/wp-content\/uploads\/2013\/02\/fin-heureuse-680x410.jpeg\" alt=\"&quot;Histoire tragique avec fin heureuse&quot; de Regina Pessoa, 2005\" class=\"wp-image-2071\" srcset=\"https:\/\/lafilledecorinthe.com\/wordpress\/wp-content\/uploads\/2013\/02\/fin-heureuse-680x410.jpeg 680w, https:\/\/lafilledecorinthe.com\/wordpress\/wp-content\/uploads\/2013\/02\/fin-heureuse-1280x772.jpeg 1280w, https:\/\/lafilledecorinthe.com\/wordpress\/wp-content\/uploads\/2013\/02\/fin-heureuse-497x300.jpeg 497w, https:\/\/lafilledecorinthe.com\/wordpress\/wp-content\/uploads\/2013\/02\/fin-heureuse.jpeg 1308w\" sizes=\"auto, (max-width: 680px) 100vw, 680px\" \/><\/a><figcaption class=\"wp-element-caption\">\u00ab\u00a0Histoire tragique avec fin heureuse\u00a0\u00bb de Regina Pessoa, 2005<\/figcaption><\/figure>\n<\/div>\n\n\n<p>L&rsquo;attente et le niveau d&rsquo;exigence \u00e9taient \u00e0 son comble ! J&rsquo;ai retrouv\u00e9 avec plaisir le graphisme hach\u00e9, trembl\u00e9 qui donne une identit\u00e9 aux dessins de Regina Pessoa. Que se soit sur du pl\u00e2tre, du papier glac\u00e9 ou une tablette graphique, son geste est puissant et le jeu sur la lumi\u00e8re et les ombres qu&rsquo;elle cr\u00e9e avec Kali est remarquable. Son choix d&rsquo;incarner Kali par une voix \u00e2g\u00e9e et profonde donne de la chaleur \u00e0 ses images. Malgr\u00e9 cela, je n&rsquo;ai pas r\u00e9ussi \u00e0 \u00eatre en empathie avec son personnage,&nbsp;face au sacrifice final de Kali je suis perdue. J&rsquo;ai peut-\u00eatre un probl\u00e8me avec les morts-vivants ! Le petit vampire s&rsquo;est-il m\u00e9tamorphos\u00e9 en fant\u00f4me \u00e0 l&rsquo;errance infini ? J&rsquo;ai besoin de corps, de chair m\u00eame dans le cin\u00e9ma d&rsquo;animation !<\/p>\n\n\n\n<p>J&rsquo;ai continu\u00e9 mon p\u00e9riple dans la Val de Marne jusqu&rsquo;\u00e0 Gentilly pour voir l&rsquo;exposition consacr\u00e9e \u00e0 \u00ab\u00a0Kali le petit vampire\u00a0\u00bb. Cette exposition est \u00e9labor\u00e9e par Regina Pessoa et son compagnon Abi Feijo par l&rsquo;interm\u00e9diaire de leur studio de production, <a href=\"http:\/\/www.ciclopefilmes.com\/ciclope\">Cyclopes Films<\/a>. Comme pour les courts m\u00e9trages que je viens de d\u00e9couvrir, les objets expos\u00e9s m&rsquo;invitent \u00e0 me m\u00e9fier des apparences. Regina Pessoa a revisit\u00e9 les jouets optiques pour nous en donner une version contemporaine tr\u00e8s belle.<\/p>\n\n\n<div class=\"wp-block-image\">\n<figure class=\"aligncenter size-medium\"><a href=\"https:\/\/lafilledecorinthe.com\/wordpress\/wp-content\/uploads\/2013\/02\/P1070396.jpg\"><img loading=\"lazy\" decoding=\"async\" width=\"680\" height=\"510\" src=\"https:\/\/lafilledecorinthe.com\/wordpress\/wp-content\/uploads\/2013\/02\/P1070396-680x510.jpg\" alt=\"Exposition &quot; Kali le petit vampire &quot; de Regina Pessoa, Centre Culturel de Gentilly, 15\/02\/2013\" class=\"wp-image-2062\" srcset=\"https:\/\/lafilledecorinthe.com\/wordpress\/wp-content\/uploads\/2013\/02\/P1070396-680x510.jpg 680w, https:\/\/lafilledecorinthe.com\/wordpress\/wp-content\/uploads\/2013\/02\/P1070396-400x300.jpg 400w, https:\/\/lafilledecorinthe.com\/wordpress\/wp-content\/uploads\/2013\/02\/P1070396.jpg 800w\" sizes=\"auto, (max-width: 680px) 100vw, 680px\" \/><\/a><figcaption class=\"wp-element-caption\">Exposition \u00a0\u00bb Kali le petit vampire \u00a0\u00bb de Regina Pessoa, Centre Culturel de Gentilly, 15\/02\/2013<\/figcaption><\/figure>\n<\/div>\n\n<div class=\"wp-block-image\">\n<figure class=\"aligncenter size-medium\"><a href=\"https:\/\/lafilledecorinthe.com\/wordpress\/wp-content\/uploads\/2013\/02\/P10703941.jpg\"><img loading=\"lazy\" decoding=\"async\" width=\"680\" height=\"510\" src=\"https:\/\/lafilledecorinthe.com\/wordpress\/wp-content\/uploads\/2013\/02\/P10703941-680x510.jpg\" alt=\"Exposition &quot; Kali le petit vampire &quot; de Regina Pessoa, Centre Culturel de Gentilly, 15\/02\/2013\" class=\"wp-image-2063\" srcset=\"https:\/\/lafilledecorinthe.com\/wordpress\/wp-content\/uploads\/2013\/02\/P10703941-680x510.jpg 680w, https:\/\/lafilledecorinthe.com\/wordpress\/wp-content\/uploads\/2013\/02\/P10703941-400x300.jpg 400w, https:\/\/lafilledecorinthe.com\/wordpress\/wp-content\/uploads\/2013\/02\/P10703941.jpg 800w\" sizes=\"auto, (max-width: 680px) 100vw, 680px\" \/><\/a><figcaption class=\"wp-element-caption\">Exposition \u00a0\u00bb Kali le petit vampire \u00a0\u00bb de Regina Pessoa, Centre Culturel de Gentilly, 15\/02\/2013<\/figcaption><\/figure>\n<\/div>\n\n\n<p>Coup de coeur pour le folioscope \u00e0 6 entr\u00e9es \u00e9dit\u00e9 \u00e0 cette occasion, \u00e0 d\u00e9couvrir sur le site d&rsquo;<a href=\"http:\/\/www.heeza.fr\/fr\/flipbooks-cinema\/1871-flipbook-regina-pessoa-kali-le-petit-vampire.html\">Heeza<\/a> ! La deuxi\u00e8me salle est principalement consacr\u00e9e aux images r\u00e9alis\u00e9es pour Kali, les recherches graphiques, le story-board&#8230;<\/p>\n\n\n<div class=\"wp-block-image\">\n<figure class=\"aligncenter size-medium\"><a href=\"https:\/\/lafilledecorinthe.com\/wordpress\/wp-content\/uploads\/2013\/02\/P1070389.jpg\"><img loading=\"lazy\" decoding=\"async\" width=\"680\" height=\"510\" src=\"https:\/\/lafilledecorinthe.com\/wordpress\/wp-content\/uploads\/2013\/02\/P1070389-680x510.jpg\" alt=\"Exposition &quot; Kali le petit vampire &quot; de Regina Pessoa, Centre Culturel de Gentilly, 15\/02\/2013\" class=\"wp-image-2064\" srcset=\"https:\/\/lafilledecorinthe.com\/wordpress\/wp-content\/uploads\/2013\/02\/P1070389-680x510.jpg 680w, https:\/\/lafilledecorinthe.com\/wordpress\/wp-content\/uploads\/2013\/02\/P1070389-400x300.jpg 400w, https:\/\/lafilledecorinthe.com\/wordpress\/wp-content\/uploads\/2013\/02\/P1070389.jpg 800w\" sizes=\"auto, (max-width: 680px) 100vw, 680px\" \/><\/a><figcaption class=\"wp-element-caption\">Exposition \u00a0\u00bb Kali le petit vampire \u00a0\u00bb de Regina Pessoa, Centre Culturel de Gentilly, 15\/02\/2013<\/figcaption><\/figure>\n<\/div>\n\n<div class=\"wp-block-image\">\n<figure class=\"aligncenter size-medium\"><a href=\"https:\/\/lafilledecorinthe.com\/wordpress\/wp-content\/uploads\/2013\/02\/P1070391.jpg\"><img loading=\"lazy\" decoding=\"async\" width=\"680\" height=\"510\" src=\"https:\/\/lafilledecorinthe.com\/wordpress\/wp-content\/uploads\/2013\/02\/P1070391-680x510.jpg\" alt=\"Exposition &quot; Kali le petit vampire &quot; de Regina Pessoa, Centre Culturel de Gentilly, 15\/02\/2013\" class=\"wp-image-2065\" srcset=\"https:\/\/lafilledecorinthe.com\/wordpress\/wp-content\/uploads\/2013\/02\/P1070391-680x510.jpg 680w, https:\/\/lafilledecorinthe.com\/wordpress\/wp-content\/uploads\/2013\/02\/P1070391-400x300.jpg 400w, https:\/\/lafilledecorinthe.com\/wordpress\/wp-content\/uploads\/2013\/02\/P1070391.jpg 800w\" sizes=\"auto, (max-width: 680px) 100vw, 680px\" \/><\/a><figcaption class=\"wp-element-caption\">Exposition \u00a0\u00bb Kali le petit vampire \u00a0\u00bb de Regina Pessoa, Centre Culturel de Gentilly, 15\/02\/2013<\/figcaption><\/figure>\n<\/div>\n\n\n<p>Une belle exposition qui allie&nbsp;l&rsquo;esth\u00e9tisme&nbsp;au p\u00e9dagogique. Apr\u00e8s Gentilly, c&rsquo;est la m\u00e9diath\u00e8que d&rsquo;Orly qui l&rsquo;accueillera jusqu&rsquo;au 2 mars.<\/p>\n\n\n\n<p>Je vous invite aussi \u00e0 parcourir le site d\u00e9di\u00e9 \u00e0 la 23 \u00e8me \u00e9dition du festival <a href=\"http:\/\/www.cinemapublic.org\/-Edition-2013-.html\">\u00ab\u00a0cin\u00e9 junior\u00a0\u00bb<\/a>, beaucoup d&rsquo;autres \u00e9v\u00e8nements sont \u00e0 d\u00e9couvrir dans les salles du Val-de-Marne !<\/p>\n\n\n<div class=\"wp-block-image\">\n<figure class=\"aligncenter size-medium\"><a href=\"https:\/\/lafilledecorinthe.com\/wordpress\/wp-content\/uploads\/2013\/02\/cin\u00e9-junior-2013.jpg\"><img loading=\"lazy\" decoding=\"async\" width=\"453\" height=\"680\" src=\"https:\/\/lafilledecorinthe.com\/wordpress\/wp-content\/uploads\/2013\/02\/cin\u00e9-junior-2013-453x680.jpg\" alt=\"Visuel 2013 du festival Cin\u00e9 Junior\" class=\"wp-image-2072\" srcset=\"https:\/\/lafilledecorinthe.com\/wordpress\/wp-content\/uploads\/2013\/02\/cin\u00e9-junior-2013-453x680.jpg 453w, https:\/\/lafilledecorinthe.com\/wordpress\/wp-content\/uploads\/2013\/02\/cin\u00e9-junior-2013-199x300.jpg 199w, https:\/\/lafilledecorinthe.com\/wordpress\/wp-content\/uploads\/2013\/02\/cin\u00e9-junior-2013.jpg 533w\" sizes=\"auto, (max-width: 453px) 100vw, 453px\" \/><\/a><figcaption class=\"wp-element-caption\">Visuel 2013 du festival Cin\u00e9 Junior<\/figcaption><\/figure>\n<\/div>","protected":false},"excerpt":{"rendered":"<p>Avant d&rsquo;aller d\u00e9couvrir l&rsquo;exposition de Regina Pessoa, j&rsquo;assiste au programme \u00ab\u00a0Des rencontres monstres\u00a0\u00bb \u00e0 l&rsquo;espace Jean Vilar d&rsquo;Arcueil en compagnie de plusieurs classes de la ville. Superbe programmation ! Mon premier coup de coeur va \u00e0 \u00ab\u00a0la piscine\u00a0\u00bb de la jeune r\u00e9alisatrice tch\u00e8que, Alexandra Hetmerova. Le film arrivant en quatri\u00e8me position, je suis de plus&#8230;<\/p>\n","protected":false},"author":2,"featured_media":2027,"comment_status":"open","ping_status":"open","sticky":false,"template":"","format":"standard","meta":{"_kad_post_transparent":"","_kad_post_title":"","_kad_post_layout":"","_kad_post_sidebar_id":"","_kad_post_content_style":"","_kad_post_vertical_padding":"","_kad_post_feature":"","_kad_post_feature_position":"","_kad_post_header":false,"_kad_post_footer":false,"_kad_post_classname":"","footnotes":""},"categories":[6],"tags":[317,322,323,318,321,326,250,319,324,320,325],"class_list":["post-1982","post","type-post","status-publish","format-standard","has-post-thumbnail","hentry","category-blog","tag-des-rencontres-monstres","tag-histoire-tragique-avec-fin-heureuse","tag-abi-feijo","tag-alexandra-hetmerova","tag-emilie-mercier","tag-exposition","tag-festival-cine-junior-2013","tag-jean-claude-rozec","tag-kali-le-petit-vampire","tag-maria-steinmetz","tag-regina-pessoa"],"_links":{"self":[{"href":"https:\/\/lafilledecorinthe.com\/wordpress\/wp-json\/wp\/v2\/posts\/1982","targetHints":{"allow":["GET"]}}],"collection":[{"href":"https:\/\/lafilledecorinthe.com\/wordpress\/wp-json\/wp\/v2\/posts"}],"about":[{"href":"https:\/\/lafilledecorinthe.com\/wordpress\/wp-json\/wp\/v2\/types\/post"}],"author":[{"embeddable":true,"href":"https:\/\/lafilledecorinthe.com\/wordpress\/wp-json\/wp\/v2\/users\/2"}],"replies":[{"embeddable":true,"href":"https:\/\/lafilledecorinthe.com\/wordpress\/wp-json\/wp\/v2\/comments?post=1982"}],"version-history":[{"count":52,"href":"https:\/\/lafilledecorinthe.com\/wordpress\/wp-json\/wp\/v2\/posts\/1982\/revisions"}],"predecessor-version":[{"id":15409,"href":"https:\/\/lafilledecorinthe.com\/wordpress\/wp-json\/wp\/v2\/posts\/1982\/revisions\/15409"}],"wp:featuredmedia":[{"embeddable":true,"href":"https:\/\/lafilledecorinthe.com\/wordpress\/wp-json\/wp\/v2\/media\/2027"}],"wp:attachment":[{"href":"https:\/\/lafilledecorinthe.com\/wordpress\/wp-json\/wp\/v2\/media?parent=1982"}],"wp:term":[{"taxonomy":"category","embeddable":true,"href":"https:\/\/lafilledecorinthe.com\/wordpress\/wp-json\/wp\/v2\/categories?post=1982"},{"taxonomy":"post_tag","embeddable":true,"href":"https:\/\/lafilledecorinthe.com\/wordpress\/wp-json\/wp\/v2\/tags?post=1982"}],"curies":[{"name":"wp","href":"https:\/\/api.w.org\/{rel}","templated":true}]}}