{"id":194,"date":"2011-10-19T15:57:26","date_gmt":"2011-10-19T14:57:26","guid":{"rendered":"http:\/\/lafilledecorinthe.com\/wordpress\/?p=194"},"modified":"2025-12-06T21:23:30","modified_gmt":"2025-12-06T20:23:30","slug":"ecole-et-cinema-92","status":"publish","type":"post","link":"https:\/\/lafilledecorinthe.com\/wordpress\/2011\/10\/ecole-et-cinema-92\/","title":{"rendered":"\u00ab Ecole et cin\u00e9ma 92 : Jacquot de Nantes \u00bb"},"content":{"rendered":"\n<p>Projection conf\u00e9rence \u00ab Jacquot de Nantes \u00bb d&rsquo;Agn\u00e8s Varda<br>Mercredi 19 octobre 2011<br>Cin\u00e9ma Jean Vigo \u00e0 Gennevilliers<\/p>\n\n\n\n<p>Document : <a title=\"Acc\u00e9der au PDF de l'atelier\" href=\"https:\/\/lafilledecorinthe.com\/wordpress\/wp-content\/uploads\/2011\/10\/Jacquot_de_Nantes.pdf\">Jacquot_de_Nantes.pdf<\/a><\/p>\n\n\n\n<p><\/p>\n","protected":false},"excerpt":{"rendered":"<p>Projection conf\u00e9rence \u00ab Jacquot de Nantes \u00bb d&rsquo;Agn\u00e8s VardaMercredi 19 octobre 2011Cin\u00e9ma Jean Vigo \u00e0 Gennevilliers Document : Jacquot_de_Nantes.pdf<\/p>\n","protected":false},"author":2,"featured_media":14730,"comment_status":"open","ping_status":"open","sticky":false,"template":"","format":"standard","meta":{"_kad_post_transparent":"","_kad_post_title":"","_kad_post_layout":"","_kad_post_sidebar_id":"","_kad_post_content_style":"","_kad_post_vertical_padding":"","_kad_post_feature":"","_kad_post_feature_position":"","_kad_post_header":false,"_kad_post_footer":false,"_kad_post_classname":"","footnotes":""},"categories":[8],"tags":[24,25],"class_list":["post-194","post","type-post","status-publish","format-standard","has-post-thumbnail","hentry","category-formations-adultes","tag-ecole-et-cinema","tag-formation"],"_links":{"self":[{"href":"https:\/\/lafilledecorinthe.com\/wordpress\/wp-json\/wp\/v2\/posts\/194","targetHints":{"allow":["GET"]}}],"collection":[{"href":"https:\/\/lafilledecorinthe.com\/wordpress\/wp-json\/wp\/v2\/posts"}],"about":[{"href":"https:\/\/lafilledecorinthe.com\/wordpress\/wp-json\/wp\/v2\/types\/post"}],"author":[{"embeddable":true,"href":"https:\/\/lafilledecorinthe.com\/wordpress\/wp-json\/wp\/v2\/users\/2"}],"replies":[{"embeddable":true,"href":"https:\/\/lafilledecorinthe.com\/wordpress\/wp-json\/wp\/v2\/comments?post=194"}],"version-history":[{"count":18,"href":"https:\/\/lafilledecorinthe.com\/wordpress\/wp-json\/wp\/v2\/posts\/194\/revisions"}],"predecessor-version":[{"id":14812,"href":"https:\/\/lafilledecorinthe.com\/wordpress\/wp-json\/wp\/v2\/posts\/194\/revisions\/14812"}],"wp:featuredmedia":[{"embeddable":true,"href":"https:\/\/lafilledecorinthe.com\/wordpress\/wp-json\/wp\/v2\/media\/14730"}],"wp:attachment":[{"href":"https:\/\/lafilledecorinthe.com\/wordpress\/wp-json\/wp\/v2\/media?parent=194"}],"wp:term":[{"taxonomy":"category","embeddable":true,"href":"https:\/\/lafilledecorinthe.com\/wordpress\/wp-json\/wp\/v2\/categories?post=194"},{"taxonomy":"post_tag","embeddable":true,"href":"https:\/\/lafilledecorinthe.com\/wordpress\/wp-json\/wp\/v2\/tags?post=194"}],"curies":[{"name":"wp","href":"https:\/\/api.w.org\/{rel}","templated":true}]}}