{"id":1899,"date":"2013-02-14T10:30:56","date_gmt":"2013-02-14T09:30:56","guid":{"rendered":"http:\/\/lafilledecorinthe.com\/wordpress\/?p=1899"},"modified":"2025-12-08T21:48:58","modified_gmt":"2025-12-08T20:48:58","slug":"yves-bouveret-delegue-general-decrans-vo","status":"publish","type":"post","link":"https:\/\/lafilledecorinthe.com\/wordpress\/2013\/02\/yves-bouveret-delegue-general-decrans-vo\/","title":{"rendered":"Yves Bouveret, d\u00e9l\u00e9gu\u00e9 g\u00e9n\u00e9ral d&rsquo;Ecrans VO"},"content":{"rendered":"\n<p><\/p>\n\n\n\n<p><em>Le 23 f\u00e9vrier s&rsquo;ouvre la 13 \u00e8me \u00e9dition du festival \u00ab\u00a0Image par image\u00a0\u00bb dans le Val d&rsquo;Oise, rendez-vous devenu incontournable pour tous les passionn\u00e9s du cin\u00e9ma d&rsquo;animation. Depuis les origines, Yves Bouveret est au coeur de son organisation. Sa curiosit\u00e9, son enthousiasme, son sens du partage et de la convivialit\u00e9 ont permis de&nbsp;f\u00e9d\u00e9rer autour de lui&nbsp;de nombreux partenaires. Des institutions au monde culturel, chacun se sent engag\u00e9 pour que cet \u00e9v\u00e8nement rencontre un public toujours plus vari\u00e9 et nombreux ! Yves a accept\u00e9 le temps d&rsquo;un entretien d&rsquo;\u00eatre sous le feu des projecteurs.&nbsp;<\/em><\/p>\n\n\n\n<p><strong>Peux-tu te pr\u00e9senter en quelques mots&#8230;<\/strong><\/p>\n\n\n\n<p>Je suis Yves Bouveret, je m\u2019occupe d\u2019une structure associative Ecrans VO depuis 10 ans. Cette association met en r\u00e9seau 20 cin\u00e9mas du Val d\u2019Oise pour un travail d\u2019action culturelle.<\/p>\n\n\n\n<p><strong>Qu\u2019est-ce qui a \u00e9t\u00e9 le plus formateur pour toi dans ton enfance ?<\/strong><\/p>\n\n\n\n<p>Le plus formateur dans mon enfance, \u00e7a n\u2019a pas \u00e9t\u00e9 l\u2019\u00e9cole mais c\u2019est lorsque j\u2019ai \u00e9t\u00e9 scout de France. Cette activit\u00e9 m\u2019a donn\u00e9 beaucoup de libert\u00e9 par rapport \u00e0 ma famille et \u00e0 l\u2019\u00e9cole. Ce n\u2019\u00e9tait ni l&rsquo;id\u00e9ologie religieuse qui \u00e9tait importante, ni bien s\u00fbr l&rsquo;uniforme, car on \u00e9tait en jean, mais une forme d\u2019\u00abutopie r\u00e9aliste\u00bb incarn\u00e9e par des projets o\u00f9 le \u00abvivre ensemble\u00bb \u00e9tait fondamental. A 15 ans j\u2019ai fait un voyage de plusieurs semaines en Isra\u00ebl-Palestine, nous \u00e9tions une dizaine d&rsquo;adolescents encadr\u00e9s par des jeunes de 20 ans. Nous nous d\u00e9placions en stop. C\u2019\u00e9tait en 1982, pendant la guerre du Liban. L&rsquo;\u00e9t\u00e9 suivant nous partions en Corse faire une tourn\u00e9e avec la pi\u00e8ce de Bernard Shaw, \u00ab\u00a0Androcles et le lion\u00a0\u00bb. Ces exp\u00e9riences ont \u00e9t\u00e9 fondatrices pour moi de l\u2019importance d\u2019\u00eatre acteur et non spectateur dans certaines situations !<\/p>\n\n\n\n<p><strong>Une image qui t\u2019accompagne &#8230;<\/strong><\/p>\n\n\n\n<p>La premi\u00e8re image qui me vient est un r\u00eave heureux r\u00e9curent de mon enfance. Apr\u00e8s une poursuite en for\u00eat, je tombe lentement dans une salle de bal digne de celle du Gu\u00e9pard de Visconti. Je me r\u00e9veille juste au moment de l&rsquo;atteindre. Ce r\u00eave me fait aussi penser aux films du r\u00e9alisateur suisse Georges Schwizgebel.<\/p>\n\n\n<div class=\"wp-block-image\">\n<figure class=\"aligncenter size-medium\"><a href=\"https:\/\/lafilledecorinthe.com\/wordpress\/wp-content\/uploads\/2013\/02\/guepard_15-1.jpg\"><img loading=\"lazy\" decoding=\"async\" width=\"680\" height=\"482\" src=\"https:\/\/lafilledecorinthe.com\/wordpress\/wp-content\/uploads\/2013\/02\/guepard_15-1-680x482.jpg\" alt=\"Claudia Cardinale et Burt Lancaster dans le Gu\u00e9pard de Visconti, 1963\" class=\"wp-image-1996\" srcset=\"https:\/\/lafilledecorinthe.com\/wordpress\/wp-content\/uploads\/2013\/02\/guepard_15-1-680x482.jpg 680w, https:\/\/lafilledecorinthe.com\/wordpress\/wp-content\/uploads\/2013\/02\/guepard_15-1-1280x908.jpg 1280w, https:\/\/lafilledecorinthe.com\/wordpress\/wp-content\/uploads\/2013\/02\/guepard_15-1-422x300.jpg 422w, https:\/\/lafilledecorinthe.com\/wordpress\/wp-content\/uploads\/2013\/02\/guepard_15-1.jpg 1600w\" sizes=\"auto, (max-width: 680px) 100vw, 680px\" \/><\/a><figcaption class=\"wp-element-caption\">Claudia Cardinale et Burt Lancaster dans le Gu\u00e9pard de Visconti, 1963<\/figcaption><\/figure>\n<\/div>\n\n\n<p>J&rsquo;ai \u00e9t\u00e9 aussi marqu\u00e9 par un livre de photographies du vingti\u00e8me si\u00e8cle. Si mes souvenirs sont bons, on voyait sur la couverture Eisntein tirer la langue.<\/p>\n\n\n<div class=\"wp-block-image\">\n<figure class=\"aligncenter size-medium\"><a href=\"https:\/\/lafilledecorinthe.com\/wordpress\/wp-content\/uploads\/2013\/02\/Einstein-photo1.jpg\"><img loading=\"lazy\" decoding=\"async\" width=\"429\" height=\"680\" src=\"https:\/\/lafilledecorinthe.com\/wordpress\/wp-content\/uploads\/2013\/02\/Einstein-photo1-429x680.jpg\" alt=\"Einstein photographi\u00e9 par Arthur Sasse, 1951\" class=\"wp-image-2005\" srcset=\"https:\/\/lafilledecorinthe.com\/wordpress\/wp-content\/uploads\/2013\/02\/Einstein-photo1-429x680.jpg 429w, https:\/\/lafilledecorinthe.com\/wordpress\/wp-content\/uploads\/2013\/02\/Einstein-photo1-189x300.jpg 189w, https:\/\/lafilledecorinthe.com\/wordpress\/wp-content\/uploads\/2013\/02\/Einstein-photo1.jpg 505w\" sizes=\"auto, (max-width: 429px) 100vw, 429px\" \/><\/a><figcaption class=\"wp-element-caption\">Einstein photographi\u00e9 par Arthur Sasse, 1951<\/figcaption><\/figure>\n<\/div>\n\n\n<p><strong>Apr\u00e8s le bac, tu as suivi des \u00e9tudes de gestion. Avais-tu le projet, d\u00e8s ce moment-l\u00e0, de travailler dans le milieu culturel et plus particuli\u00e8rement dans le cin\u00e9ma ?<\/strong><\/p>\n\n\n\n<p>Non, pas du tout. Je ne savais pas ce que j\u2019allais faire. Mon orientation est plus li\u00e9e \u00e0 un r\u00e9flexe sociologique qu\u2019\u00e0 un v\u00e9ritable choix. Mon grand-p\u00e8re s\u2019occupait d\u2019une grosse mutuelle, mon p\u00e8re avait fait HEC&#8230; J\u2019ai fait un IUT de commerce international, puis j\u2019ai travaill\u00e9 dans une boulangerie pendant 6 mois \u00e0 Londres. A mon retour, l\u2019arm\u00e9e m\u2019attendait et lorsque j\u2019ai \u00e9t\u00e9 lib\u00e9r\u00e9 de mes obligations militaires j\u2019ai fait une \u00e9cole de gestion en 3 ans. Pendant la deuxi\u00e8me ann\u00e9e, j\u2019ai \u00e9t\u00e9 responsable d\u2019une association d\u2019\u00e9tudiants \u00able Raid Africain des Grandes Ecoles\u00bb. C\u2019\u00e9tait un projet d\u2019envergure, nous apportions en Afrique de l\u2019Ouest des 504 pick-up. Au del\u00e0 de l\u2019apport mat\u00e9riel, le projet, sous l&rsquo;\u00e9gide de l&rsquo;UNICEF, &nbsp;\u00e9tait th\u00e9oriquement humanitaire mais en r\u00e9alit\u00e9 nous avons pu d\u00e9velopper un r\u00e9el \u00e9change culturel avec les gens que nous rencontrions. En troisi\u00e8me ann\u00e9e, j\u2019ai fait un stage de 10 mois chez Nestl\u00e9-Findus, j\u2019ai commenc\u00e9 \u00e0 savoir ce que je n\u2019avais pas envie de faire. Au del\u00e0 de gagner ma vie, j\u2019avais besoin que mon travail ait un sens. A ma sortie de l\u2019\u00e9cole j\u2019ai fait un boulot alimentaire \u00e0 mi-temps \u00e0 la Maison Europ\u00e9enne de la photo.<\/p>\n\n\n\n<p><strong>Puis, tu es devenu pendant 9 ans (1993-2002) directeur-programmateur au cin\u00e9ma Les Toiles de Saint Gratien dans le Val d\u2019Oise. Comment cela s\u2019est-il pass\u00e9 ?<\/strong><\/p>\n\n\n\n<p>Le cin\u00e9ma \u00abLes Toiles\u00bb existait \u00e0 Saint Gratien depuis 1974, il avait \u00e9t\u00e9 implant\u00e9 au fond d\u2019un forum. En 1992, il avait fait faillite et \u00e9tait ferm\u00e9 depuis 6 mois. Je connaissais le chef de cabinet du maire, Fran\u00e7ois Busnel. Nous avions travaill\u00e9 ensemble sur le Raid Africain des Grandes Ecoles, il en assurait la couverture m\u00e9diatique pour RFI. On est rest\u00e9 en contact et il m&rsquo;a propos\u00e9 de d\u00e9poser un dossier pour prendre la direction du cin\u00e9ma avec un projet de reprise des 3 salles. Notre projet reposait sur une programmation de films \u00abArt et Essai\u00bb, nous avions comme mod\u00e8le le fonctionnement propos\u00e9 par les salles Utopia bas\u00e9 sur la multi programmation. Nous programmions 10 films par semaine sur les 3 salles du cin\u00e9ma. Les spectateurs prenaient rendez-vous avec une oeuvre !&nbsp; Nous voulions qu&rsquo;un lien culturel se cr\u00e9e entre les spectateurs et la salle de cin\u00e9ma. Nous avons aussi supprim\u00e9 la publicit\u00e9, la confiserie et nous avons mis syst\u00e9matiquement des courts-m\u00e9trages en premi\u00e8re partie. Pendant 5 ans, nous avons fonctionn\u00e9 avec une \u00e9quipe de 3 personnes, nous \u00e9tions des militants ! Pendant la journ\u00e9e, nous assurions le travail administratif, la programmation, la r\u00e9daction d\u2019une brochure avec un \u00e9ditorial, l\u2019accueil des scolaires&#8230; et le soir, une semaine sur trois, nous tenions la caisse. Nous avons \u00e9t\u00e9 soutenu par le maire, Fran\u00e7ois Scellier.<\/p>\n\n\n<div class=\"wp-block-image\">\n<figure class=\"aligncenter size-medium\"><a href=\"https:\/\/lafilledecorinthe.com\/wordpress\/wp-content\/uploads\/2013\/02\/centre_culturel_du_Forum_moyenne_1098.jpg\"><img loading=\"lazy\" decoding=\"async\" width=\"680\" height=\"510\" src=\"https:\/\/lafilledecorinthe.com\/wordpress\/wp-content\/uploads\/2013\/02\/centre_culturel_du_Forum_moyenne_1098-680x510.jpg\" alt=\"Les Toiles au forum de Saint Gratien\" class=\"wp-image-1946\" srcset=\"https:\/\/lafilledecorinthe.com\/wordpress\/wp-content\/uploads\/2013\/02\/centre_culturel_du_Forum_moyenne_1098-680x510.jpg 680w, https:\/\/lafilledecorinthe.com\/wordpress\/wp-content\/uploads\/2013\/02\/centre_culturel_du_Forum_moyenne_1098-400x300.jpg 400w, https:\/\/lafilledecorinthe.com\/wordpress\/wp-content\/uploads\/2013\/02\/centre_culturel_du_Forum_moyenne_1098.jpg 800w\" sizes=\"auto, (max-width: 680px) 100vw, 680px\" \/><\/a><figcaption class=\"wp-element-caption\">Les Toiles au forum de Saint Gratien<\/figcaption><\/figure>\n<\/div>\n\n\n<p>Le succ\u00e8s a \u00e9t\u00e9 au rendez-vous, nous sommes pass\u00e9s de 30 000 spectateurs \u00e0 72 000 spectateurs en 10 ans, le bouche \u00e0 oreille a bien fonctionn\u00e9, nous avons r\u00e9pondu \u00e0 une attente. Le cin\u00e9ma a eu un retentissement sur les villes voisines, le lieu \u00e9tait fortement identifi\u00e9, nous sommes rentr\u00e9s dans un cercle vertueux. D\u00e8s le d\u00e9but, nous avons \u00e9t\u00e9 sensibles au jeune public et avons d\u00e9velopp\u00e9 une action vis \u00e0 vis des scolaires. Nous avons particip\u00e9 tr\u00e8s t\u00f4t aux dispositifs nationaux, \u00ab\u00a0\u00e9cole et cin\u00e9ma\u00a0\u00bb et \u00abcoll\u00e8ge au cin\u00e9ma\u00bb. Nous \u00e9tions tr\u00e8s souples, tr\u00e8s \u00e0 l\u2019\u00e9coute des demandes des enseignants dans le choix de notre programmation. ll \u00e9tait important que l\u2019acc\u00e8s au cin\u00e9ma soit simple et \u00e0 l&rsquo;\u00e9coute du terrain.<\/p>\n\n\n\n<p><strong>Un \u00e9v\u00e9nement marquant de cette p\u00e9riode &#8230;<\/strong><\/p>\n\n\n\n<p>Tous les r\u00e9alisateurs qui sont venus rencontrer notre public. Bertrand Tavernier a \u00e9t\u00e9 le premier avec \u00ab\u00a0Capitaine Conan\u00a0\u00bb. Il est revenu plusieurs fois, les d\u00e9bats pouvaient durer jusqu\u2019\u00e0 deux heures du matin. Je me souviens aussi de la venue de Patrice Leconte pour \u00ab\u00a0Ridicule\u00a0\u00bb. Pendant la projection du film, nous sommes all\u00e9s manger au Mac Do en 2 CV. Leconte \u00e9tait en train de r\u00e9aliser des pubs pour Mac Donald&#8230; Une des plus belles rencontres que j&rsquo;ai faite aux Toiles a \u00e9t\u00e9 la venue d&rsquo;Emmanuel Finckiel pour son film &nbsp; &nbsp; &nbsp; &nbsp; &nbsp;\u00ab\u00a0Voyages\u00a0\u00bb.<\/p>\n\n\n<div class=\"wp-block-image\">\n<figure class=\"aligncenter size-medium\"><a href=\"https:\/\/lafilledecorinthe.com\/wordpress\/wp-content\/uploads\/2013\/02\/VOYAGES1.jpeg\"><img loading=\"lazy\" decoding=\"async\" width=\"513\" height=\"680\" src=\"https:\/\/lafilledecorinthe.com\/wordpress\/wp-content\/uploads\/2013\/02\/VOYAGES1-513x680.jpeg\" alt=\"&quot;Voyages&quot; d'Emmanuel Finckiel, 1999\" class=\"wp-image-1997\" srcset=\"https:\/\/lafilledecorinthe.com\/wordpress\/wp-content\/uploads\/2013\/02\/VOYAGES1-513x680.jpeg 513w, https:\/\/lafilledecorinthe.com\/wordpress\/wp-content\/uploads\/2013\/02\/VOYAGES1-226x300.jpeg 226w, https:\/\/lafilledecorinthe.com\/wordpress\/wp-content\/uploads\/2013\/02\/VOYAGES1.jpeg 604w\" sizes=\"auto, (max-width: 513px) 100vw, 513px\" \/><\/a><figcaption class=\"wp-element-caption\">\u00ab\u00a0Voyages\u00a0\u00bb d&rsquo;Emmanuel Finckiel, 1999<\/figcaption><\/figure>\n<\/div>\n\n\n<p><strong>Combien de films vois-tu par an ? Ton regard de spectateur a-t-il \u00e9volu\u00e9 ?<\/strong><\/p>\n\n\n\n<p>Lorsque j\u2019\u00e9tais directeur des Toiles je voyais entre 200 et 250 films par an. Nous faisions un choix coll\u00e9gial de programmation, nous allions au festival de Cannes , \u00e0 Annecy, \u00e0 la Rochelle&#8230; Quand tu regardes un film dans l\u2019objectif de programmer, ton regard est forc\u00e9ment critique&#8230; Maintenant, j\u2019ai retrouv\u00e9 la position h\u00e9doniste du spectateur, je choisis les films que j\u2019ai envie de voir, je ne suis plus dans la position du programmateur. Mon rapport aux films est essentiellement li\u00e9 \u00e0 l\u2019envie, au plaisir.<\/p>\n\n\n\n<p><strong>Quelle est l\u2019ann\u00e9e de naissance de l\u2019association Ecrans VO ? J\u2019ai trouv\u00e9 deux dates, 1995 et 2002 &#8230;<\/strong><br><strong>Peux-tu nous dire ce qui a \u00e9t\u00e9 \u00e0 l\u2019origine de cette cr\u00e9ation ?\u00a0<\/strong><\/p>\n\n\n\n<p>1995, c\u2019est le centenaire du cin\u00e9ma. Le Conseil G\u00e9n\u00e9ral du Val d\u2019Oise a demand\u00e9 aux salles d\u2019organiser des petits \u00e9v\u00e8nements pour f\u00eater cet anniversaire. Nous avons donc cr\u00e9er l\u2019association Ecrans VO dans le but de f\u00e9d\u00e9rer l\u2019action des salles de cin\u00e9ma du Val d\u2019Oise. Ensuite l\u2019association est tomb\u00e9e en sommeil jusqu\u2019en 2002. Entre-temps, les premiers multiplexes sont apparus, le M\u00e9garama de Villeneuve la Garenne est cr\u00e9\u00e9 en 1996. C\u2019est un total bouleversement du paysage cin\u00e9matographique. Le maire de Saint Gratien est devenu pr\u00e9sident du Conseil G\u00e9n\u00e9ral. Il d\u00e9cide d\u2019appliquer une politique d\u2019aide aux salles.&nbsp;En&nbsp;2000 un poste de charg\u00e9 de mission \u00abimages et cin\u00e9ma\u00bb est cr\u00e9\u00e9 puis en&nbsp;2002 je deviens directeur de l\u2019association Ecrans VO qui rena\u00eet de ses cendres. Le d\u00e9nominateur commun aux salles est l\u2019accueil du \u00abjeune public\u00bb, l\u2019une des premi\u00e8res missions de l\u2019association a donc \u00e9t\u00e9 d\u2019organiser avec l\u2019Education Nationale et la DRAC des actions telles que \u00ab\u00e9cole et cin\u00e9ma\u00bb et \u00abcoll\u00e8ge au cin\u00e9ma\u00bb. Les projets d\u00e9velopp\u00e9s avec les salles sont \u00e0 g\u00e9om\u00e9trie variable. Chaque cin\u00e9ma a une histoire, une situation et des locaux sp\u00e9cifiques. L&rsquo;association est un lieu de d\u00e9bat o\u00f9 des probl\u00e9matiques communes sont discut\u00e9es ( r\u00e9gulation des multiplexes,&nbsp;passage au num\u00e9rique, nouveaux rythmes scolaires\u2026). L\u2019association permet de faire vivre un r\u00e9seau qui est b\u00e9n\u00e9fique \u00e0 tous.<\/p>\n\n\n\n<p><strong>Une autre mission essentielle d&rsquo; Ecrans VO est l\u2019organisation du festival \u00abImage par image\u00bb qui en est cette ann\u00e9e \u00e0 sa treizi\u00e8me \u00e9dition.&nbsp;<\/strong><\/p>\n\n\n\n<p>D\u00e8s 1996 nous avons organis\u00e9 un mini festival d\u2019animation \u00e0 Saint Gratien \u00e0 la demande de directeurs d\u2019\u00e9cole qui souhaitaient que leurs \u00e9l\u00e8ves puissent se construire une r\u00e9elle culture cin\u00e9matographique. Nous avons \u00e9t\u00e9 rejoints tr\u00e8s vite par le cin\u00e9ma d&rsquo; Argenteuil pour l&rsquo;organisation de ce festival \u00e0 destination&nbsp;essentiellement&nbsp;des scolaires. &nbsp;Avec la nomination d&rsquo;un charg\u00e9 de mission \u00abimages et cin\u00e9ma\u00bb&nbsp;au Conseil G\u00e9n\u00e9ral, une dynamique territorial s&rsquo;installe. Le cin\u00e9ma \u00ab\u00a0Les toiles\u00a0\u00bb b\u00e9n\u00e9ficie d&rsquo;une subvention pour \u00e9largir le festival \u00e0 tout le Val d&rsquo;Oise. Lors de la premi\u00e8re \u00e9dition, en 2001, 10 salles de cin\u00e9ma sont concern\u00e9es. Le festival devient donc d\u00e9partemental et \u00ab\u00a0tout public\u00a0\u00bb. Nos premiers invit\u00e9s sont les&nbsp;r\u00e9alisateurs&nbsp;belges, Vincent Patar et St\u00e9phane Aubier pour leur s\u00e9rie de courts m\u00e9trages \u00ab\u00a0Pic Pic Andr\u00e9 Shows\u00a0\u00bb.<\/p>\n\n\n\n<figure class=\"wp-block-image size-full\"><img loading=\"lazy\" decoding=\"async\" width=\"626\" height=\"286\" src=\"https:\/\/lafilledecorinthe.com\/wordpress\/wp-content\/uploads\/2013\/02\/22-Pic-Pic-Andre-22-Vincent-Patar-et-Stephane-Aubier.jpg\" alt=\"\" class=\"wp-image-15217\"\/><\/figure>\n\n\n\n<p>\u00a0Le charg\u00e9 de mission, Olivier Millot, organise en parall\u00e8le du festival, une grosse exposition \u00e0 l\u2019abbaye de Montbuisson sur le cin\u00e9ma d&rsquo;animation. Lorsque je deviens directeur d&rsquo;Ecrans VO en 2002, l&rsquo;organisation du festival revient \u00e0 l&rsquo;association.<\/p>\n\n\n\n<p><strong>L\u2019une de ses particularit\u00e9s est d\u2019\u00eatre un festival sans prix, je ne vais donc pas te demander d\u2019\u00e9tablir un palmar\u00e8s. Toutefois y a t-il eu des rencontres particuli\u00e8rement m\u00e9morables au cours de ces treize ann\u00e9es ?<\/strong><\/p>\n\n\n\n<p>Oui, bien s\u00fbr, les noms de Jean-Fran\u00e7ois Laguionie et d\u2019Isao Takahata me viennent tout de suite \u00e0 l\u2019esprit. Mais ce dont je me souviens surtout c\u2019est le sentiment de grande libert\u00e9 que je ressens lors du festival. J\u2019accompagne les r\u00e9alisateurs sur les routes du Val d\u2019Oise \u00e0 la rencontre du public. On est dans le concret, j\u2019ai besoin de \u00e7a. Je me souviens particuli\u00e8rement d\u2019une rencontre entre des scolaires et les r\u00e9alisateurs su\u00e9dois, Uzi et Lotta Geffenblad. Un programme de courts m\u00e9trages \u00e9tait propos\u00e9 aux enfants de maternelle. Le matin nous \u00e9tions \u00e0 Villiers le Bel, lors de l\u2019\u00e9change avec la salle, on demande aux enfants quels sont ceux qui sont d\u00e9j\u00e0 all\u00e9s au cin\u00e9ma. Sur une centaine d&rsquo;enfants, un seul doigt se l\u00e8ve ! On demande \u00e0 l\u2019enfant quel film il avait vu. Il nous r\u00e9pond \u00abLa m\u00eame chose qu\u2019aujourd\u2019hui, c\u2019\u00e9tait hier avec le centre de loisirs\u00bb.<\/p>\n\n\n<div class=\"wp-block-image\">\n<figure class=\"aligncenter size-medium\"><a href=\"https:\/\/lafilledecorinthe.com\/wordpress\/wp-content\/uploads\/2013\/02\/les-pierres-d-aston.jpg\"><img loading=\"lazy\" decoding=\"async\" width=\"680\" height=\"524\" src=\"https:\/\/lafilledecorinthe.com\/wordpress\/wp-content\/uploads\/2013\/02\/les-pierres-d-aston-680x524.jpg\" alt=\"&quot; Les pierres d'Aston&quot; d'Uzi et Lotta Geffenblad, 2007\" class=\"wp-image-1945\" srcset=\"https:\/\/lafilledecorinthe.com\/wordpress\/wp-content\/uploads\/2013\/02\/les-pierres-d-aston-680x524.jpg 680w, https:\/\/lafilledecorinthe.com\/wordpress\/wp-content\/uploads\/2013\/02\/les-pierres-d-aston-388x300.jpg 388w, https:\/\/lafilledecorinthe.com\/wordpress\/wp-content\/uploads\/2013\/02\/les-pierres-d-aston.jpg 800w\" sizes=\"auto, (max-width: 680px) 100vw, 680px\" \/><\/a><figcaption class=\"wp-element-caption\">\u00a0\u00bb Les pierres d&rsquo;Aston\u00a0\u00bb d&rsquo;Uzi et Lotta Geffenblad, 2007<\/figcaption><\/figure>\n<\/div>\n\n\n<p>Au fil des ann\u00e9es, un lien de fid\u00e9lit\u00e9 s\u2019\u00e9tablit, je pense notamment \u00e0 Pierre Luc Granjon, j\u2019ai toujours un immense plaisir \u00e0 le retrouver. Je me souviens aussi de l\u2019\u00e9motion ressentie par Koji Yamamura lors d\u2019une projection scolaire, c\u2019\u00e9tait la premi\u00e8re fois qu\u2019il voyait son film avec un public enfantin.<\/p>\n\n\n\n<p><strong>Par tes engagements multiples, professionnels ou b\u00e9n\u00e9voles, tu es devenu une figure reconnue du monde de l\u2019animation. Comment est n\u00e9e cette passion de l\u2019image anim\u00e9e ?<\/strong><\/p>\n\n\n\n<p>Il y avait plusieurs cin\u00e9 clubs en 16 mm&nbsp; \u00e0 Noisy-le Roi et Bailly o\u00f9 j&rsquo;ai d\u00e9couvert dans des salles combles beaucoup de films comme les \u00ab\u00a07 samourais\u00a0\u00bb de Kurosawa ou \u00ab\u00a0Les dents de la mer\u00a0\u00bb de Steven Spielberg. Peu de films d&rsquo;animation passaient au cin\u00e9ma et c\u2019est surtout par le biais de la t\u00e9l\u00e9vision que je les ai d\u00e9couverts : le clip \u00ab Love is all \u00bb des studios Halas et Batchelor, les aventures de l\u2019ours Colargol, \u00abLa travers\u00e9e de l\u2019Atlantique \u00e0 la rame\u00bb de Laguionie&#8230;<\/p>\n\n\n\n<p>Mon premier film en salle a \u00e9t\u00e9 comme beaucoup d\u2019enfants un Disney, Robin des bois. Mais c\u2019est quand j\u2019\u00e9tais directeur des Toiles, que j\u2019ai commenc\u00e9 \u00e0 me construire une culture li\u00e9e au cin\u00e9ma d\u2019animation. D\u00e8s 1994, je suis all\u00e9 au festival d\u2019Annecy, c\u2019\u00e9tait tr\u00e8s ressour\u00e7ant, r\u00e9jouissant de d\u00e9couvrir de nombreuses oeuvres essentiellement en format court. Il y avait aussi le festival de l\u2019AFCA \u00e0 Auch puis \u00e0 Bruz&#8230; Ce que j\u2019aime dans le cin\u00e9ma d\u2019animation c\u2019est son aspect po\u00e9tique, onirique. Je fais le parall\u00e8le avec le cin\u00e9ma muet, notamment les burlesques, les mots laissent de la place aux mouvements, \u00e0 la musique&#8230;Le champ des possibles est ouvert, j\u2019aime ce qui est d\u00e9cal\u00e9, absurde, surr\u00e9aliste. Je suis fan des interm\u00e8des anim\u00e9s des Monty Python mais aussi tout le cin\u00e9ma d&rsquo;animation britannique, du studio Aardman \u00e0 Mark Baker, Joanna Quinn &#8230;<\/p>\n\n\n<div class=\"wp-block-image\">\n<figure class=\"aligncenter size-medium\"><a href=\"https:\/\/lafilledecorinthe.com\/wordpress\/wp-content\/uploads\/2013\/02\/girls-night-out_01_766.jpg\"><img loading=\"lazy\" decoding=\"async\" width=\"680\" height=\"382\" src=\"https:\/\/lafilledecorinthe.com\/wordpress\/wp-content\/uploads\/2013\/02\/girls-night-out_01_766-680x382.jpg\" alt=\"&quot; Girls' Night Out &quot; de Joanna Quinn, 1987\" class=\"wp-image-1999\" srcset=\"https:\/\/lafilledecorinthe.com\/wordpress\/wp-content\/uploads\/2013\/02\/girls-night-out_01_766-680x382.jpg 680w, https:\/\/lafilledecorinthe.com\/wordpress\/wp-content\/uploads\/2013\/02\/girls-night-out_01_766-500x281.jpg 500w, https:\/\/lafilledecorinthe.com\/wordpress\/wp-content\/uploads\/2013\/02\/girls-night-out_01_766.jpg 800w\" sizes=\"auto, (max-width: 680px) 100vw, 680px\" \/><\/a><figcaption class=\"wp-element-caption\">\u00a0\u00bb Girls&rsquo; Night Out \u00a0\u00bb de Joanna Quinn, 1987<\/figcaption><\/figure>\n<\/div>\n\n\n<p>J\u2019ai le sentiment que les films d\u2019animation formatent moins les spectateurs en devenir que sont les enfants. Et puis dans le cin\u00e9ma en prise de vue r\u00e9elle, le star-system trouble le discours. Pour moi, le cin\u00e9ma, ce n\u2019est pas uniquement les acteurs. Je suis &nbsp;sensible \u00e0 la mise en sc\u00e8ne, aux auteurs, aux r\u00e9alisateurs.<\/p>\n\n\n\n<p><strong>Le festival \u00ab image par image \u00bb c\u2019est trois semaines de programmation, d\u2019\u00e9v\u00e8nements organis\u00e9s dans 20 lieux diff\u00e9rents. J\u2019imagine que la pr\u00e9paration se fait tr\u00e8s en amont. \u00a0 \u00a0 \u00a0 \u00a0 \u00a0 \u00a0 <\/strong><br><strong>As-tu des lignes directrices pour t\u2019aider dans son organisation ?<\/strong><\/p>\n\n\n\n<p>Le ma\u00eetre mot est l\u2019anticipation. La programmation se fait par strate. La rencontre avec un auteur peut aboutir quelques ann\u00e9es plus tard \u00e0 la mise en valeur de son oeuvre lors du festival. C\u2019est aussi un travail \u00abmain dans la main\u00bb avec les distributeurs et les producteurs, une relation de confiance s\u2019est \u00e9tablie au fil des ann\u00e9es. Notre ann\u00e9e de travail est tr\u00e8s rythm\u00e9e, c\u2019est un travail saisonnier. A la rentr\u00e9e, en septembre-octobre, nous lan\u00e7ons les dispositifs nationaux d\u2019\u00e9ducation au cin\u00e9ma puis \u00e0 partir de novembre, nous mettons toutes nos forces dans la pr\u00e9paration du festival. Apr\u00e8s le festival, nous pr\u00e9parons l\u2019assembl\u00e9e g\u00e9n\u00e9rale, nous r\u00e9alisons les dossiers de subventions&#8230; Le travail administratif prend beaucoup de temps, on essaie de le \u00abmod\u00e9liser\u00bb pour que l\u2019action culturelle soit la plus riche possible. Tout au long de l\u2019ann\u00e9e, il est important de se nourrir, de rencontrer des gens, de prendre des contacts. J\u2019aime que mon action soit confront\u00e9e au principe de r\u00e9alit\u00e9, on n\u2019est pas dans une \u00e9conomie de luxe.<\/p>\n\n\n\n<p><strong>Je ne vais pas te demander de commenter toute la programmation du prochain festival. Tr\u00e8s arbitrairement j\u2019ai s\u00e9lectionn\u00e9 deux \u00e9v\u00e8nements sur lesquels j\u2019aimerais que tu nous en dises un peu plus.<\/strong><\/p>\n\n\n\n<p><strong>Le premier c\u2019est la carte blanche au distributeur \u00abLardux films\u00bb.<\/strong><\/p>\n\n\n\n<p>Apr\u00e8s 10 ann\u00e9es de fonctionnement, on \u00e9tait \u00e0 un tournant et on a voulu donner toute son importance au travail des maisons de production. Mon engagement aupr\u00e8s de l\u2019<a href=\"http:\/\/www.afca.asso.fr\/\" target=\"_blank\" rel=\"noopener\">AFCA<\/a> m\u2019a fait conna\u00eetre aussi d\u2019autres probl\u00e9matiques de l\u2019animation. Il existe en France une petite vingtaine de producteurs d\u2019animation. Ils ont souvent un lien fort avec leurs auteurs. Apr\u00e8s \u00ab<a href=\"http:\/\/www.jsbc.fr\/\" target=\"_blank\" rel=\"noopener\">Je suis bien content<\/a>\u00bb, \u00ab<a href=\"http:\/\/www.filmsdelarlequin.com\/\" target=\"_blank\" rel=\"noopener\">Les films de l\u2019Arlequin<\/a>\u00bb et \u00ab<a href=\"http:\/\/www.autourdeminuit.com\/\" target=\"_blank\" rel=\"noopener\">Autour de minuit<\/a>\u00bb, c\u2019est au tour de &nbsp;\u00ab<a href=\"http:\/\/www.lardux.com\/\" target=\"_blank\" rel=\"noopener\">Lardux films<\/a>\u00bb d\u2019\u00eatre \u00e0 l\u2019honneur avec une carte blanche lors de la soir\u00e9e d\u2019ouverture mais aussi avec la pr\u00e9sence de deux auteurs, Anne Laure Daffis et L\u00e9o Marchand qui vont partager leurs secrets de fabrication sur leur nouveau film \u00e0 venir \u00ab\u00a0La Vie sans truc\u00a0\u00bb.<\/p>\n\n\n\n<figure class=\"wp-block-image size-large\"><img loading=\"lazy\" decoding=\"async\" width=\"1280\" height=\"720\" src=\"https:\/\/lafilledecorinthe.com\/wordpress\/wp-content\/uploads\/2013\/02\/la-vie-sans-truc-1-1280x720.jpg\" alt=\"\" class=\"wp-image-15218\" srcset=\"https:\/\/lafilledecorinthe.com\/wordpress\/wp-content\/uploads\/2013\/02\/la-vie-sans-truc-1-1280x720.jpg 1280w, https:\/\/lafilledecorinthe.com\/wordpress\/wp-content\/uploads\/2013\/02\/la-vie-sans-truc-1-680x383.jpg 680w, https:\/\/lafilledecorinthe.com\/wordpress\/wp-content\/uploads\/2013\/02\/la-vie-sans-truc-1-768x432.jpg 768w, https:\/\/lafilledecorinthe.com\/wordpress\/wp-content\/uploads\/2013\/02\/la-vie-sans-truc-1-1536x864.jpg 1536w, https:\/\/lafilledecorinthe.com\/wordpress\/wp-content\/uploads\/2013\/02\/la-vie-sans-truc-1.jpg 1920w\" sizes=\"auto, (max-width: 1280px) 100vw, 1280px\" \/><\/figure>\n\n\n\n<p><strong>Le deuxi\u00e8me est le choix de Co Hoedeman comme invit\u00e9 d\u2019honneur.<\/strong><\/p>\n\n\n\n<p>Nous ne sommes pas dans une course \u00e0 la nouveaut\u00e9 m\u00eame si nous proposons quelques avant-premi\u00e8res et des travaux en cours. Il est aussi int\u00e9ressant de ralentir le temps pour appr\u00e9hender l\u2019oeuvre d\u2019un auteur. Il est important de refaire d\u00e9couvrir ce genre de r\u00e9alisateur. Nous avons pr\u00e9par\u00e9 un programme contemplatif avec Co Hoedeman et sa pr\u00e9sence prend tout son sens par rapport \u00e0 notre engagement pour les tout petits.<\/p>\n\n\n<div class=\"wp-block-image\">\n<figure class=\"aligncenter size-medium\"><a href=\"https:\/\/lafilledecorinthe.com\/wordpress\/wp-content\/uploads\/2013\/02\/936full-co-hoedeman.jpg\"><img loading=\"lazy\" decoding=\"async\" width=\"680\" height=\"471\" src=\"https:\/\/lafilledecorinthe.com\/wordpress\/wp-content\/uploads\/2013\/02\/936full-co-hoedeman-680x471.jpg\" alt=\"Co Hoedeman et Ludovic\" class=\"wp-image-1958\" srcset=\"https:\/\/lafilledecorinthe.com\/wordpress\/wp-content\/uploads\/2013\/02\/936full-co-hoedeman-680x471.jpg 680w, https:\/\/lafilledecorinthe.com\/wordpress\/wp-content\/uploads\/2013\/02\/936full-co-hoedeman-432x300.jpg 432w, https:\/\/lafilledecorinthe.com\/wordpress\/wp-content\/uploads\/2013\/02\/936full-co-hoedeman.jpg 936w\" sizes=\"auto, (max-width: 680px) 100vw, 680px\" \/><\/a><figcaption class=\"wp-element-caption\">Co Hoedeman et Ludovic<\/figcaption><\/figure>\n<\/div>\n\n\n<p><strong>Des projets ?<\/strong><\/p>\n\n\n\n<p>Je suis content de faire ce que je fais, je n\u2019ai pas d\u2019usure. Je travaille avec une \u00e9quipe solide, j\u2019aime le contact avec les \u00e9lus, les spectateurs, les enseignants &#8230; Il est important aussi d\u2019\u00eatre capable de transmettre, que les choses que l\u2019on construit puissent rester m\u00eame si vous n\u2019\u00eates plus l\u00e0 &#8230; Parall\u00e8lement &nbsp;\u00e0 mon activit\u00e9, j&rsquo;envisage de faire&nbsp;un master de didactique de l&rsquo;image \u00e0 Paris 3 en 2013-2014. Il est important&nbsp;pour moi d&rsquo;\u00e9tayer par un cursus universitaire toute la connaissance pratique acquise pendant toutes ces ann\u00e9es. Je m&rsquo;int\u00e9resse particuli\u00e8rement aux propositions en mati\u00e8re de cin\u00e9ma faites aux tout petits. A terme, monter une bo\u00eete de production me tente &#8230;<\/p>\n","protected":false},"excerpt":{"rendered":"<p>Le 23 f\u00e9vrier s&rsquo;ouvre la 13 \u00e8me \u00e9dition du festival \u00ab\u00a0Image par image\u00a0\u00bb dans le Val d&rsquo;Oise, rendez-vous devenu incontournable pour tous les passionn\u00e9s du cin\u00e9ma d&rsquo;animation. Depuis les origines, Yves Bouveret est au coeur de son organisation. Sa curiosit\u00e9, son enthousiasme, son sens du partage et de la convivialit\u00e9 ont permis de&nbsp;f\u00e9d\u00e9rer autour de&#8230;<\/p>\n","protected":false},"author":2,"featured_media":1902,"comment_status":"open","ping_status":"open","sticky":false,"template":"","format":"standard","meta":{"_kad_post_transparent":"","_kad_post_title":"","_kad_post_layout":"","_kad_post_sidebar_id":"","_kad_post_content_style":"","_kad_post_vertical_padding":"","_kad_post_feature":"","_kad_post_feature_position":"","_kad_post_header":false,"_kad_post_footer":false,"_kad_post_classname":"","footnotes":""},"categories":[259],"tags":[307,310,297,293,312,306,299,24,290,314,300,295,296,313,305,304,27,309,311,308,301,298,227,292,294,316,302,303,291,315,289],"class_list":["post-1899","post","type-post","status-publish","format-standard","has-post-thumbnail","hentry","category-rencontres","tag-afca","tag-anne-laure-daffis","tag-bertrand-tavernier","tag-cinema-les-toiles","tag-co-hoedeman","tag-colargol","tag-college-au-cinema","tag-ecole-et-cinema","tag-ecrans-vo","tag-emmanuel-finckiel","tag-festival-image-par-image","tag-francois-busnel","tag-francois-scellier","tag-georges-schwizgebel","tag-halas-et-batchelor","tag-koji-yamamura","tag-laguionie","tag-lardux-films","tag-leo-marchand","tag-monty-python","tag-olivier-millot","tag-patrice-leconte","tag-pierre-luc-granjon","tag-raid-africain-des-grandes-ecoles","tag-saint-gratien","tag-stephane-aubier","tag-takahata","tag-uzi-et-lotta-geffenblad","tag-val-doise","tag-vincent-patar","tag-yves-bouveret"],"_links":{"self":[{"href":"https:\/\/lafilledecorinthe.com\/wordpress\/wp-json\/wp\/v2\/posts\/1899","targetHints":{"allow":["GET"]}}],"collection":[{"href":"https:\/\/lafilledecorinthe.com\/wordpress\/wp-json\/wp\/v2\/posts"}],"about":[{"href":"https:\/\/lafilledecorinthe.com\/wordpress\/wp-json\/wp\/v2\/types\/post"}],"author":[{"embeddable":true,"href":"https:\/\/lafilledecorinthe.com\/wordpress\/wp-json\/wp\/v2\/users\/2"}],"replies":[{"embeddable":true,"href":"https:\/\/lafilledecorinthe.com\/wordpress\/wp-json\/wp\/v2\/comments?post=1899"}],"version-history":[{"count":109,"href":"https:\/\/lafilledecorinthe.com\/wordpress\/wp-json\/wp\/v2\/posts\/1899\/revisions"}],"predecessor-version":[{"id":15219,"href":"https:\/\/lafilledecorinthe.com\/wordpress\/wp-json\/wp\/v2\/posts\/1899\/revisions\/15219"}],"wp:featuredmedia":[{"embeddable":true,"href":"https:\/\/lafilledecorinthe.com\/wordpress\/wp-json\/wp\/v2\/media\/1902"}],"wp:attachment":[{"href":"https:\/\/lafilledecorinthe.com\/wordpress\/wp-json\/wp\/v2\/media?parent=1899"}],"wp:term":[{"taxonomy":"category","embeddable":true,"href":"https:\/\/lafilledecorinthe.com\/wordpress\/wp-json\/wp\/v2\/categories?post=1899"},{"taxonomy":"post_tag","embeddable":true,"href":"https:\/\/lafilledecorinthe.com\/wordpress\/wp-json\/wp\/v2\/tags?post=1899"}],"curies":[{"name":"wp","href":"https:\/\/api.w.org\/{rel}","templated":true}]}}