{"id":1866,"date":"2013-02-04T18:59:04","date_gmt":"2013-02-04T17:59:04","guid":{"rendered":"http:\/\/lafilledecorinthe.com\/wordpress\/?p=1866"},"modified":"2025-12-09T16:24:43","modified_gmt":"2025-12-09T15:24:43","slug":"dans-latelier-du-photographe","status":"publish","type":"post","link":"https:\/\/lafilledecorinthe.com\/wordpress\/2013\/02\/dans-latelier-du-photographe\/","title":{"rendered":"\u00ab\u00a0Dans l&rsquo;atelier du photographe\u00a0\u00bb"},"content":{"rendered":"\n<p>Lors de mon s\u00e9jour \u00e0 Arles cet \u00e9t\u00e9, j&rsquo;avais achet\u00e9 le dernier ouvrage d&rsquo;Anne Cartier-Bresson \u00ab\u00a0Dans l&rsquo;atelier du photographe\u00a0\u00bb, sans savoir que cette publication allait \u00eatre accompagn\u00e9e par une exposition au mus\u00e9e Bourdelle. J&rsquo;\u00e9tais int\u00e9ress\u00e9e par le point de vue choisi : pr\u00e9senter l&rsquo;histoire de la photographie par la pratique et le d\u00e9veloppement des techniques.<\/p>\n\n\n<div class=\"wp-block-image\">\n<figure class=\"aligncenter size-medium\"><a href=\"https:\/\/lafilledecorinthe.com\/wordpress\/wp-content\/uploads\/2013\/02\/A-Cartier-Bresson.jpg\"><img loading=\"lazy\" decoding=\"async\" width=\"491\" height=\"680\" src=\"https:\/\/lafilledecorinthe.com\/wordpress\/wp-content\/uploads\/2013\/02\/A-Cartier-Bresson-491x680.jpg\" alt=\"&quot;Dans l'atelier du photographe&quot; d'Anne Cartier-Bresson, Ed.PARIS Mus\u00e9es, juin 2012\" class=\"wp-image-1874\" srcset=\"https:\/\/lafilledecorinthe.com\/wordpress\/wp-content\/uploads\/2013\/02\/A-Cartier-Bresson-491x680.jpg 491w, https:\/\/lafilledecorinthe.com\/wordpress\/wp-content\/uploads\/2013\/02\/A-Cartier-Bresson-216x300.jpg 216w, https:\/\/lafilledecorinthe.com\/wordpress\/wp-content\/uploads\/2013\/02\/A-Cartier-Bresson.jpg 578w\" sizes=\"auto, (max-width: 491px) 100vw, 491px\" \/><\/a><figcaption class=\"wp-element-caption\">\u00ab\u00a0Dans l&rsquo;atelier du photographe\u00a0\u00bb d&rsquo;Anne Cartier-Bresson, Ed.PARIS Mus\u00e9es, juin 2012<\/figcaption><\/figure>\n<\/div>\n\n\n<p>J&rsquo;\u00e9tais tr\u00e8s curieuse de d\u00e9couvrir la pr\u00e9sentation de ce th\u00e8me dans un espace mus\u00e9al.<\/p>\n\n\n\n<p>Bonne surprise, avant m\u00eame l&rsquo;entr\u00e9e dans l&rsquo;exposition, une oeuvre de Charles Matton nous accueille en bas des escaliers.<\/p>\n\n\n<div class=\"wp-block-image\">\n<figure class=\"aligncenter size-medium\"><a href=\"https:\/\/lafilledecorinthe.com\/wordpress\/wp-content\/uploads\/2013\/02\/Matton2.jpg\"><img loading=\"lazy\" decoding=\"async\" width=\"680\" height=\"510\" src=\"https:\/\/lafilledecorinthe.com\/wordpress\/wp-content\/uploads\/2013\/02\/Matton2-680x510.jpg\" alt=\"Le loft au grand escalier, Charles Matton, 1989\" class=\"wp-image-1868\" srcset=\"https:\/\/lafilledecorinthe.com\/wordpress\/wp-content\/uploads\/2013\/02\/Matton2-680x510.jpg 680w, https:\/\/lafilledecorinthe.com\/wordpress\/wp-content\/uploads\/2013\/02\/Matton2-400x300.jpg 400w, https:\/\/lafilledecorinthe.com\/wordpress\/wp-content\/uploads\/2013\/02\/Matton2.jpg 800w\" sizes=\"auto, (max-width: 680px) 100vw, 680px\" \/><\/a><figcaption class=\"wp-element-caption\">Le loft au grand escalier, Charles Matton, 1989<\/figcaption><\/figure>\n<\/div>\n\n\n<p>Une grande maquette repr\u00e9sente le loft d&rsquo;un photographe en miniature. L&rsquo;espace ainsi reconstitu\u00e9 est extraordinaire. Je suis impressionn\u00e9e par la qualit\u00e9 des mati\u00e8res, des objets et de la lumi\u00e8re. A ces c\u00f4t\u00e9s, un tr\u00e8s beau tirage argentique est expos\u00e9.<\/p>\n\n\n<div class=\"wp-block-image\">\n<figure class=\"aligncenter size-medium\"><a href=\"https:\/\/lafilledecorinthe.com\/wordpress\/wp-content\/uploads\/2013\/02\/Matton1.jpg\"><img loading=\"lazy\" decoding=\"async\" width=\"680\" height=\"510\" src=\"https:\/\/lafilledecorinthe.com\/wordpress\/wp-content\/uploads\/2013\/02\/Matton1-680x510.jpg\" alt=\"&quot;Le grand escalier&quot; Charles Matton, 1989\" class=\"wp-image-1871\" srcset=\"https:\/\/lafilledecorinthe.com\/wordpress\/wp-content\/uploads\/2013\/02\/Matton1-680x510.jpg 680w, https:\/\/lafilledecorinthe.com\/wordpress\/wp-content\/uploads\/2013\/02\/Matton1-400x300.jpg 400w, https:\/\/lafilledecorinthe.com\/wordpress\/wp-content\/uploads\/2013\/02\/Matton1.jpg 800w\" sizes=\"auto, (max-width: 680px) 100vw, 680px\" \/><\/a><figcaption class=\"wp-element-caption\">\u00ab\u00a0Le grand escalier\u00a0\u00bb Charles Matton, 1989<\/figcaption><\/figure>\n<\/div>\n\n\n<p>Emerveillement d&rsquo;y reconna\u00eetre le grand escalier de la maquette. Nos rep\u00e8res sont bouscul\u00e9s. Quel est le monde repr\u00e9sent\u00e9 ? La mise en sc\u00e8ne propos\u00e9e nous fait naviguer entre la r\u00e9alit\u00e9 et la fiction.<\/p>\n\n\n\n<p>La suite de l&rsquo;exposition est plus convenue, il est bien s\u00fbr tr\u00e8s agr\u00e9able d&rsquo;admirer les oeuvres originales, la vision&nbsp;st\u00e9r\u00e9oscopique par exemple est impossible&nbsp;\u00e0 reproduire dans un livre ! Toutefois la pr\u00e9sentation de l&rsquo;exposition m&rsquo;a sembl\u00e9 plate, j&rsquo;aurais aim\u00e9 trouver \u00e0 c\u00f4t\u00e9 des photographies et des textes, des objets r\u00e9els rendant compte de la mat\u00e9rialit\u00e9 d&rsquo;un atelier.<\/p>\n\n\n\n<p>R\u00e9ussir \u00e0 diminuer le temps de la prise de vue est pr\u00e9sent\u00e9 comme une des grandes conqu\u00eates techniques. En 1845, de nombreuses minutes \u00e9taient n\u00e9cessaires pour impressionner la plaque de cuivre du daguerr\u00e9otype. Un si\u00e8cle plus tard, le Leica permet un temps de pose r\u00e9duit au 1\/500 e de seconde. Ce qui me fascine, c&rsquo;est de voir comment les artistes contemporains utilisent cette contrainte technique pour cr\u00e9er de nouvelles images.<\/p>\n\n\n<div class=\"wp-block-image\">\n<figure class=\"aligncenter size-medium\"><a href=\"https:\/\/lafilledecorinthe.com\/wordpress\/wp-content\/uploads\/2013\/02\/CatchingBlanks72.jpg\"><img loading=\"lazy\" decoding=\"async\" width=\"680\" height=\"538\" src=\"https:\/\/lafilledecorinthe.com\/wordpress\/wp-content\/uploads\/2013\/02\/CatchingBlanks72-680x538.jpg\" alt=\"&quot;Catching Blanks&quot;, \u00a9 2001, ambrotype par Mark Osterman\" class=\"wp-image-1872\" srcset=\"https:\/\/lafilledecorinthe.com\/wordpress\/wp-content\/uploads\/2013\/02\/CatchingBlanks72-680x538.jpg 680w, https:\/\/lafilledecorinthe.com\/wordpress\/wp-content\/uploads\/2013\/02\/CatchingBlanks72-379x300.jpg 379w, https:\/\/lafilledecorinthe.com\/wordpress\/wp-content\/uploads\/2013\/02\/CatchingBlanks72.jpg 800w\" sizes=\"auto, (max-width: 680px) 100vw, 680px\" \/><\/a><figcaption class=\"wp-element-caption\">\u00ab\u00a0Catching Blanks\u00a0\u00bb, \u00a9 2001, ambrotype par Mark Osterman<\/figcaption><\/figure>\n<\/div>\n\n\n<p>L&rsquo;artiste am\u00e9ricain, Mark Osterman, utilise des proc\u00e9d\u00e9s anciens comme le n\u00e9gatif sur verre au collodion. Dans \u00ab\u00a0Catching Blanks\u00a0\u00bb le temps de pose rend fantomatique les personnes saisies en mouvement, de nombreuses mains d\u00e9pourvues de corps interpr\u00e8tent des gestes \u00e9nigmatiques. Au premier plan, une table avec des flacons de verre pourrait laisser croire que l&rsquo;on est dans un laboratoire de chimie si ce n&rsquo;est la pr\u00e9sence d&rsquo;un pistolet suspendu \u00e0 une corde&#8230; La mat\u00e9rialit\u00e9 de l&rsquo;image rend myst\u00e9rieuse la r\u00e9alit\u00e9 repr\u00e9sent\u00e9e et laisse le spectateur avec des questions sans r\u00e9ponse. L&rsquo;exposition comme le livre se termine par la pr\u00e9sentation de l&rsquo;oeuvre de Pietro Iori, \u00ab\u00a0In front off\u00a0\u00bb. A l&rsquo;\u00e8re du num\u00e9rique, il est encore possible de jouer avec l&rsquo;anim\u00e9 et l&rsquo;inanim\u00e9 gr\u00e2ce au temps de pose.<\/p>\n\n\n<div class=\"wp-block-image\">\n<figure class=\"aligncenter size-medium\"><a href=\"https:\/\/lafilledecorinthe.com\/wordpress\/wp-content\/uploads\/2013\/02\/Pietro-Iori.jpg\"><img loading=\"lazy\" decoding=\"async\" width=\"434\" height=\"680\" src=\"https:\/\/lafilledecorinthe.com\/wordpress\/wp-content\/uploads\/2013\/02\/Pietro-Iori-434x680.jpg\" alt=\"&quot;In front off&quot;,  Pietro Iori, 2008\" class=\"wp-image-1877\" srcset=\"https:\/\/lafilledecorinthe.com\/wordpress\/wp-content\/uploads\/2013\/02\/Pietro-Iori-434x680.jpg 434w, https:\/\/lafilledecorinthe.com\/wordpress\/wp-content\/uploads\/2013\/02\/Pietro-Iori-191x300.jpg 191w, https:\/\/lafilledecorinthe.com\/wordpress\/wp-content\/uploads\/2013\/02\/Pietro-Iori.jpg 511w\" sizes=\"auto, (max-width: 434px) 100vw, 434px\" \/><\/a><figcaption class=\"wp-element-caption\">\u00ab\u00a0In front off\u00a0\u00bb, Pietro Iori, 2008<\/figcaption><\/figure>\n<\/div>\n\n\n<p>Une grande photo repr\u00e9sente la gare de Berlin, en plein jour, \u00e9tonnamment&nbsp;d\u00e9serte. La prise de vue a n\u00e9cessit\u00e9 plusieurs heures vidant ainsi la gare de tout mouvement, seule la structure fixe du b\u00e2timent a \u00e9t\u00e9 enregistr\u00e9e. En bas de cette image, une main tenant un appareil photo est&nbsp;incrust\u00e9e. Sur l&rsquo;\u00e9cran de l&rsquo;appareil d\u00e9filent des diapositives r\u00e9v\u00e9lant les voyageurs qui sont pass\u00e9s devant l&rsquo;appareil au cours de la prise de vue. La confrontation des deux images sur le m\u00eame support valorise le choix de l&rsquo;artiste. Que veut-il montrer de la r\u00e9alit\u00e9 ?<\/p>\n\n\n\n<p>Si je suis rest\u00e9e sur ma faim quant \u00e0 la pr\u00e9sentation mat\u00e9rielle de l&rsquo;\u00e9volution des techniques photographiques, le choix des oeuvres pr\u00e9sent\u00e9es notamment contemporaines justifie largement une petite visite au mus\u00e9e Bourdelle.<\/p>\n","protected":false},"excerpt":{"rendered":"<p>Lors de mon s\u00e9jour \u00e0 Arles cet \u00e9t\u00e9, j&rsquo;avais achet\u00e9 le dernier ouvrage d&rsquo;Anne Cartier-Bresson \u00ab\u00a0Dans l&rsquo;atelier du photographe\u00a0\u00bb, sans savoir que cette publication allait \u00eatre accompagn\u00e9e par une exposition au mus\u00e9e Bourdelle. J&rsquo;\u00e9tais int\u00e9ress\u00e9e par le point de vue choisi : pr\u00e9senter l&rsquo;histoire de la photographie par la pratique et le d\u00e9veloppement des techniques&#8230;.<\/p>\n","protected":false},"author":2,"featured_media":1867,"comment_status":"open","ping_status":"open","sticky":false,"template":"","format":"standard","meta":{"_kad_post_transparent":"","_kad_post_title":"","_kad_post_layout":"","_kad_post_sidebar_id":"","_kad_post_content_style":"","_kad_post_vertical_padding":"","_kad_post_feature":"","_kad_post_feature_position":"","_kad_post_header":false,"_kad_post_footer":false,"_kad_post_classname":"","footnotes":""},"categories":[6,13],"tags":[282,285,283,286,287,284,288],"class_list":["post-1866","post","type-post","status-publish","format-standard","has-post-thumbnail","hentry","category-blog","category-sorties-culturelles","tag-anne-cartier-bresson","tag-charles-matton","tag-dans-latelier-du-photographe","tag-le-loft-au-grand-escalier","tag-mark-osterman","tag-musee-bourelle","tag-pietro-iori"],"_links":{"self":[{"href":"https:\/\/lafilledecorinthe.com\/wordpress\/wp-json\/wp\/v2\/posts\/1866","targetHints":{"allow":["GET"]}}],"collection":[{"href":"https:\/\/lafilledecorinthe.com\/wordpress\/wp-json\/wp\/v2\/posts"}],"about":[{"href":"https:\/\/lafilledecorinthe.com\/wordpress\/wp-json\/wp\/v2\/types\/post"}],"author":[{"embeddable":true,"href":"https:\/\/lafilledecorinthe.com\/wordpress\/wp-json\/wp\/v2\/users\/2"}],"replies":[{"embeddable":true,"href":"https:\/\/lafilledecorinthe.com\/wordpress\/wp-json\/wp\/v2\/comments?post=1866"}],"version-history":[{"count":17,"href":"https:\/\/lafilledecorinthe.com\/wordpress\/wp-json\/wp\/v2\/posts\/1866\/revisions"}],"predecessor-version":[{"id":15320,"href":"https:\/\/lafilledecorinthe.com\/wordpress\/wp-json\/wp\/v2\/posts\/1866\/revisions\/15320"}],"wp:featuredmedia":[{"embeddable":true,"href":"https:\/\/lafilledecorinthe.com\/wordpress\/wp-json\/wp\/v2\/media\/1867"}],"wp:attachment":[{"href":"https:\/\/lafilledecorinthe.com\/wordpress\/wp-json\/wp\/v2\/media?parent=1866"}],"wp:term":[{"taxonomy":"category","embeddable":true,"href":"https:\/\/lafilledecorinthe.com\/wordpress\/wp-json\/wp\/v2\/categories?post=1866"},{"taxonomy":"post_tag","embeddable":true,"href":"https:\/\/lafilledecorinthe.com\/wordpress\/wp-json\/wp\/v2\/tags?post=1866"}],"curies":[{"name":"wp","href":"https:\/\/api.w.org\/{rel}","templated":true}]}}