{"id":1797,"date":"2013-01-30T13:52:47","date_gmt":"2013-01-30T12:52:47","guid":{"rendered":"http:\/\/lafilledecorinthe.com\/wordpress\/?p=1797"},"modified":"2025-12-09T15:47:54","modified_gmt":"2025-12-09T14:47:54","slug":"solweig-von-kleist-artiste-pluridisciplinaire","status":"publish","type":"post","link":"https:\/\/lafilledecorinthe.com\/wordpress\/2013\/01\/solweig-von-kleist-artiste-pluridisciplinaire\/","title":{"rendered":"Solweig von Kleist, artiste pluridisciplinaire"},"content":{"rendered":"\n<p><em>J&rsquo;ai rencontr\u00e9 Solweig par le biais du cin\u00e9ma d&rsquo;animation. J&rsquo;ai eu le privil\u00e8ge pendant un an de partager avec elle sa passion des images qui bougent. Elle animait tous les mardis soirs un atelier au local de l&rsquo;association Kino \u00e0 Issy les Moulineaux. Quelques ann\u00e9es plus tard, des traces de pastel sur le trottoir ont attir\u00e9 mon regard, un beau dessin anamorphique se&nbsp;d\u00e9ployait&nbsp;sous mes yeux. Il \u00e9tait&nbsp;<\/em><i>sign\u00e9 S von Kleist. Envie d&rsquo;en savoir un peu plus sur cet artiste \u00e9clectique.<\/i><\/p>\n\n\n\n<p><strong>Peux-tu te pr\u00e9senter en quelques mots ?<\/strong><\/p>\n\n\n\n<p>Solweig von Kleist, d\u2019origine allemande, j\u2019habite depuis 10 ans \u00e0 Meudon. Je suis artiste, je n\u2019aime pas le terme d&rsquo;artiste plasticienne, je pr\u00e9f\u00e8re artiste pluridisciplinaire ou multidisciplinaire.&nbsp;Je fais des peintures, des dessins, des films d\u2019animation, des installations et je donne des cours de dessins. Je suis passionn\u00e9e par \u00e7a, je trouve tr\u00e8s important de transmettre ce que je sais faire.<\/p>\n\n\n\n<p><strong>Qu\u2019est-ce qui a \u00e9t\u00e9 le plus formateur pour toi dans ton enfance ?<\/strong><\/p>\n\n\n\n<p>Ma grand-m\u00e8re qui dessinait en amateur. Lorsque je lui rendais visite, je copiais \u00e0 ses c\u00f4t\u00e9s des cartes postales, des fleurs. J\u2019ai appris \u00e0 dessiner d\u00e8s l\u2019\u00e2ge de 4 ans.<\/p>\n\n\n\n<p><strong>Une image qui t\u2019accompagne.<\/strong><\/p>\n\n\n\n<p>Difficile de r\u00e9pondre, il y a eu des images diff\u00e9rentes \u00e0 chaque p\u00e9riode de ma vie. J&rsquo;ai longtemps accroch\u00e9 dans ma chambre la peinture de J\u00e9r\u00f4me Bosch \u00ab\u00a0Le jardin des d\u00e9lices\u00a0\u00bb, j&rsquo;en ai m\u00eame copi\u00e9 quelques sc\u00e8nes.<\/p>\n\n\n<div class=\"wp-block-image\">\n<figure class=\"aligncenter size-medium\"><a href=\"https:\/\/lafilledecorinthe.com\/wordpress\/wp-content\/uploads\/2013\/01\/Bosch-Jardin_des_delices-1504.jpg\"><img loading=\"lazy\" decoding=\"async\" width=\"680\" height=\"389\" src=\"https:\/\/lafilledecorinthe.com\/wordpress\/wp-content\/uploads\/2013\/01\/Bosch-Jardin_des_delices-1504-680x389.jpg\" alt=\"&quot;Le jardin des d\u00e9lices&quot; de J\u00e9r\u00f4me Bosch, 1503-1504\" class=\"wp-image-1836\" srcset=\"https:\/\/lafilledecorinthe.com\/wordpress\/wp-content\/uploads\/2013\/01\/Bosch-Jardin_des_delices-1504-680x389.jpg 680w, https:\/\/lafilledecorinthe.com\/wordpress\/wp-content\/uploads\/2013\/01\/Bosch-Jardin_des_delices-1504-500x286.jpg 500w, https:\/\/lafilledecorinthe.com\/wordpress\/wp-content\/uploads\/2013\/01\/Bosch-Jardin_des_delices-1504.jpg 800w\" sizes=\"auto, (max-width: 680px) 100vw, 680px\" \/><\/a><figcaption class=\"wp-element-caption\">\u00ab\u00a0Le jardin des d\u00e9lices\u00a0\u00bb (panneau central) de J\u00e9r\u00f4me Bosch, 1503-1504<\/figcaption><\/figure>\n<\/div>\n\n\n<p><strong>Peux-tu nous parler de ta formation artistique ?<\/strong><\/p>\n\n\n\n<p>Je suis all\u00e9e \u00e0 l\u2019\u00e9cole des Beaux-Arts de Berlin Ouest dans l\u2019objectif de devenir professeur. Je n\u2019avais pas le courage d\u2019imaginer \u00eatre une artiste,&nbsp;c&rsquo;\u00e9tait trop exotique pour ma famille ! Il fallait un m\u00e9tier o\u00f9 l&rsquo;on \u00e9tait assur\u00e9 de pouvoir gagner sa vie&#8230;&nbsp;Au lyc\u00e9e, j\u2019avais eu aussi une tr\u00e8s bonne prof d\u2019arts qui m\u2019a encourag\u00e9e dans cette voie.&nbsp;A l\u2019\u00e9cole des Beaux-Arts, l\u2019enseignement \u00e9tait tr\u00e8s vari\u00e9, j\u2019ai travaill\u00e9 le bois, le m\u00e9tal, la c\u00e9ramique, la gravure&#8230; Mais il n\u2019y avait pas de cours sur le cin\u00e9ma d\u2019animation, j\u2019ai commenc\u00e9 toute seule. Mon premier film \u00e9tait en noir et blanc, il durait 2 min, c\u2019\u00e9tait en super 8. On y voyait des v\u00eatements qui volaient sur une musique de jazz et qui atterrissaient sur une chaise qui r\u00e9agissait \u00e0 cet assaut&#8230; Je l\u2019avais fait pour un examen, j\u2019ai \u00e9t\u00e9 encourag\u00e9e \u00e0 continuer.&nbsp;J&rsquo;ai ensuite r\u00e9alis\u00e9 des installations de peinture dans l&rsquo;espace avec des films super 8, et j&rsquo;ai eu mon degr\u00e9 de ma\u00eetrise de l&rsquo;\u00e9cole de Beaux arts, en plus de mon examen de prof en arts plastiques.<\/p>\n\n\n<div class=\"wp-block-image\">\n<figure class=\"aligncenter size-medium\"><a href=\"https:\/\/lafilledecorinthe.com\/wordpress\/wp-content\/uploads\/2013\/01\/001sous_les_paves.jpg\"><img loading=\"lazy\" decoding=\"async\" width=\"680\" height=\"463\" src=\"https:\/\/lafilledecorinthe.com\/wordpress\/wp-content\/uploads\/2013\/01\/001sous_les_paves-680x463.jpg\" alt=\"&quot;Sous les pav\u00e9s&quot;, Solweig von Kleist\" class=\"wp-image-1838\" srcset=\"https:\/\/lafilledecorinthe.com\/wordpress\/wp-content\/uploads\/2013\/01\/001sous_les_paves-680x463.jpg 680w, https:\/\/lafilledecorinthe.com\/wordpress\/wp-content\/uploads\/2013\/01\/001sous_les_paves-440x300.jpg 440w, https:\/\/lafilledecorinthe.com\/wordpress\/wp-content\/uploads\/2013\/01\/001sous_les_paves.jpg 800w\" sizes=\"auto, (max-width: 680px) 100vw, 680px\" \/><\/a><figcaption class=\"wp-element-caption\">\u00ab\u00a0Sous les pav\u00e9s\u00a0\u00bb, Solweig von Kleist<\/figcaption><\/figure>\n<\/div>\n\n\n<p>Mon travail sur les installations a \u00e9t\u00e9 remarqu\u00e9 et m\u2019a permis d\u2019obtenir une bourse pour aller un an \u00e0 CalArts, l\u2019institut cr\u00e9e par Walt Disney en Californie.<\/p>\n\n\n\n<p><strong>C\u2019est l\u2019institut o\u00f9 s\u2019est form\u00e9 Tim Burton.<\/strong><\/p>\n\n\n\n<p>Il \u00e9tait l\u00e0 quelques ann\u00e9es avant moi, dans le d\u00e9partement \u00ab Cartoon\u00a0\u00bb.&nbsp;J&rsquo;\u00e9tais dans le d\u00e9partement \u00ab films exp\u00e9rimentaux \u00bb.&nbsp;J\u2019ai \u00e9norm\u00e9ment appris sur les techniques d\u2019animation. J\u2019ai commenc\u00e9, entre autre, \u00e0 gratter&nbsp;sur la pellicule noire de film 35 mm.<\/p>\n\n\n<div class=\"wp-block-image\">\n<figure class=\"aligncenter size-medium\"><a href=\"https:\/\/lafilledecorinthe.com\/wordpress\/wp-content\/uploads\/2013\/01\/Copie-de-File1006.jpg\"><img loading=\"lazy\" decoding=\"async\" width=\"665\" height=\"680\" src=\"https:\/\/lafilledecorinthe.com\/wordpress\/wp-content\/uploads\/2013\/01\/Copie-de-File1006-665x680.jpg\" alt=\"Solweig en train de graver sur pellicule\" class=\"wp-image-1839\" srcset=\"https:\/\/lafilledecorinthe.com\/wordpress\/wp-content\/uploads\/2013\/01\/Copie-de-File1006-665x680.jpg 665w, https:\/\/lafilledecorinthe.com\/wordpress\/wp-content\/uploads\/2013\/01\/Copie-de-File1006-293x300.jpg 293w, https:\/\/lafilledecorinthe.com\/wordpress\/wp-content\/uploads\/2013\/01\/Copie-de-File1006.jpg 783w\" sizes=\"auto, (max-width: 665px) 100vw, 665px\" \/><\/a><figcaption class=\"wp-element-caption\">Solweig en train de graver sur pellicule<\/figcaption><\/figure>\n<\/div>\n\n\n<p>J&rsquo;\u00e9tais fascin\u00e9e par le dessin et occup\u00e9e \u00e0 apprendre les techniques de l&rsquo;animation, mais j&rsquo;avais toujours des difficult\u00e9s \u00e0 raconter \u00ab\u00a0une histoire\u00a0\u00bb bien construite.&nbsp;Un \u00e9v\u00e8nement important plus personnel mais qui a eu des incidences dans mon travail, j\u2019ai rencontr\u00e9 \u00e0 CalArts mon futur mari, Thierry Verrier, qui suivait des cours dans le d\u00e9partement \u00ab films de fiction \u00bb. Il a eu comme professeur Alexander MacKendrick qui a r\u00e9alis\u00e9 entre autres \u00abThe ladykillers \u00bb. Il a, lui, beaucoup travaill\u00e9 la narration. Nous avons collabor\u00e9 \u00e0 mon premier film&nbsp;\u00ab Criminal Tango \u00bb, j\u2019avan\u00e7ais avec mes id\u00e9es visuelles et le montage \u00e9tait assum\u00e9 par Thierry. C\u2019\u00e9tait un drame pour moi de devoir renoncer \u00e0 certains dessins.<\/p>\n\n\n<div class=\"wp-block-image\">\n<figure class=\"aligncenter size-medium\"><a href=\"https:\/\/lafilledecorinthe.com\/wordpress\/wp-content\/uploads\/2013\/01\/Criminal-Tango.jpg\"><img loading=\"lazy\" decoding=\"async\" width=\"680\" height=\"493\" src=\"https:\/\/lafilledecorinthe.com\/wordpress\/wp-content\/uploads\/2013\/01\/Criminal-Tango-680x493.jpg\" alt=\"&quot; Criminal Tango &quot;, Solweig von Kleist, 1985\" class=\"wp-image-1804\" srcset=\"https:\/\/lafilledecorinthe.com\/wordpress\/wp-content\/uploads\/2013\/01\/Criminal-Tango-680x493.jpg 680w, https:\/\/lafilledecorinthe.com\/wordpress\/wp-content\/uploads\/2013\/01\/Criminal-Tango-413x300.jpg 413w, https:\/\/lafilledecorinthe.com\/wordpress\/wp-content\/uploads\/2013\/01\/Criminal-Tango.jpg 800w\" sizes=\"auto, (max-width: 680px) 100vw, 680px\" \/><\/a><figcaption class=\"wp-element-caption\">\u00a0\u00bb Criminal Tango \u00ab\u00a0, Solweig von Kleist, 1985<\/figcaption><\/figure>\n<\/div>\n\n\n<p>Apr\u00e8s l&rsquo;ann\u00e9e li\u00e9e \u00e0 ma bourse, je suis rest\u00e9e en Californie. Pour continuer \u00e0 travailler sur mon film, je faisais du troc avec des \u00e9tudiants, en \u00e9change de dessins, ils me r\u00e9servaient la salle avec l\u2019\u00e9quipement pour&nbsp;pouvoir photographier les images dessin\u00e9es, sur un appareil appel\u00e9 \u00ab\u00a0truca\u00a0\u00bb, et aussi pour la chambre noire o\u00f9 je d\u00e9veloppais les pellicules 16 mm tourn\u00e9es.&nbsp;Nous sommes revenus en France avant la fin du film, les images \u00e9taient termin\u00e9es mais il n\u2019avait pas encore de son. Je devais finir le g\u00e9n\u00e9rique avant de quitter la Californie alors&nbsp; sur les indications de Thierry, j\u2019ai indiqu\u00e9 le nom de Denis Mercier pour la cr\u00e9ation du son. Thierry et lui \u00e9taient ensemble \u00e0 l\u2019\u00e9cole Louis Lumi\u00e8re, on a fait le pari qu\u2019il allait accepter !&nbsp;Heureusement il a \u00e9t\u00e9 d\u2019accord, il a capt\u00e9 tous les sons dans la r\u00e9gion parisienne puis j\u2019ai r\u00e9alis\u00e9 moi m\u00eame le montage son chez un ami, St\u00e9phan&nbsp;Kr\u00e9sinski, qui est lui r\u00e9alisateur et historien du cin\u00e9ma.&nbsp;Le film a re\u00e7u un tr\u00e8s bon accueil et de nombreux prix.<\/p>\n\n\n\n<p><strong>Avant de continuer sur tes r\u00e9alisations, je voulais te demander si tu as des influences artistiques ?<\/strong><\/p>\n\n\n\n<p>Tr\u00e8s modestement en peinture je me situe entre Bacon et Hopper ! J\u2019aime cr\u00e9er des atmosph\u00e8res, des perspectives \u00e9tranges, des d\u00e9formations. Je m&rsquo;int\u00e9resse \u00e0 la construction de l\u2019espace. Ma peinture est figurative mais elle tend vers une certaine forme d\u2019abstraction.<\/p>\n\n\n<div class=\"wp-block-image\">\n<figure class=\"aligncenter size-medium\"><a href=\"https:\/\/lafilledecorinthe.com\/wordpress\/wp-content\/uploads\/2013\/01\/Lattente_redimensionner.jpg\"><img loading=\"lazy\" decoding=\"async\" width=\"680\" height=\"543\" src=\"https:\/\/lafilledecorinthe.com\/wordpress\/wp-content\/uploads\/2013\/01\/Lattente_redimensionner-680x543.jpg\" alt=\"Peinture de Solweig von Kleist, Attente, \" class=\"wp-image-1893\" srcset=\"https:\/\/lafilledecorinthe.com\/wordpress\/wp-content\/uploads\/2013\/01\/Lattente_redimensionner-680x543.jpg 680w, https:\/\/lafilledecorinthe.com\/wordpress\/wp-content\/uploads\/2013\/01\/Lattente_redimensionner-375x300.jpg 375w, https:\/\/lafilledecorinthe.com\/wordpress\/wp-content\/uploads\/2013\/01\/Lattente_redimensionner.jpg 800w\" sizes=\"auto, (max-width: 680px) 100vw, 680px\" \/><\/a><figcaption class=\"wp-element-caption\">Peinture de Solweig von Kleist, Attente, 2007<\/figcaption><\/figure>\n<\/div>\n\n\n<p>C\u2019est important qu\u2019il y ait des \u00ab trous \u00bb, des choses ouvertes pour laisser de la place \u00e0 l\u2019interpr\u00e9tation du \u00ab regardeur \u00bb. Une narration existe, sous-jacente, mais rien n\u2019est clairement d\u00e9fini.&nbsp;J\u2019ai \u00e9t\u00e9 aussi influenc\u00e9e par l&rsquo;expressionnisme allemand.<\/p>\n\n\n\n<p><strong>Une de tes premi\u00e8res oeuvres reconnues est ta participation au clip de David Bowie, pour la chanson Underground. <\/strong><br><strong>Peux-tu nous parler de cette collaboration ?<\/strong><\/p>\n\n\n\n<p>En 1986, j\u2019ai re\u00e7u un coup de fil d\u2019un producteur Londonien, il avait vu le film \u00ab Criminal Tango \u00bb et souhaitait me rencontrer pour me proposer un travail.&nbsp;Je me rends \u00e0 Londres pour la premi\u00e8re fois et l\u00e0 on m\u2019annonce que j\u2019ai \u00e9t\u00e9 choisie pour participer \u00e0 un clip de David Bowie. A l\u2019annonce du nom, je n\u2019ai aucune r\u00e9action, habitu\u00e9e \u00e0 l\u2019accent californien, je n\u2019avais pas compris le nom du chanteur ! Comme test on me demande de dessiner le visage du chanteur sur de la pellicule, c\u2019est lorsque l\u2019on me donne le portrait \u00e0 copier, que je r\u00e9alise enfin !&nbsp;David Bowie \u00e9tait passionn\u00e9 par l\u2019expressionnisme allemand, notamment Emil Nolde.&nbsp;J\u2019ai \u00e9t\u00e9 tr\u00e8s libre pour r\u00e9aliser le story-board, j\u2019avais l\u2019image de d\u00e9but (le visage de David Bowie) et l\u2019image de la fin (la boule de cristal) avec quelques indications sur les personnages qui devaient appara\u00eetre.<\/p>\n\n\n<div class=\"wp-block-image\">\n<figure class=\"aligncenter size-medium\"><a href=\"https:\/\/lafilledecorinthe.com\/wordpress\/wp-content\/uploads\/2013\/01\/storyboard.jpg\"><img loading=\"lazy\" decoding=\"async\" width=\"680\" height=\"510\" src=\"https:\/\/lafilledecorinthe.com\/wordpress\/wp-content\/uploads\/2013\/01\/storyboard-680x510.jpg\" alt=\"storyboard du clip              &quot; Underground &quot; Solweig von Kleist\" class=\"wp-image-1807\" srcset=\"https:\/\/lafilledecorinthe.com\/wordpress\/wp-content\/uploads\/2013\/01\/storyboard-680x510.jpg 680w, https:\/\/lafilledecorinthe.com\/wordpress\/wp-content\/uploads\/2013\/01\/storyboard-400x300.jpg 400w, https:\/\/lafilledecorinthe.com\/wordpress\/wp-content\/uploads\/2013\/01\/storyboard.jpg 800w\" sizes=\"auto, (max-width: 680px) 100vw, 680px\" \/><\/a><figcaption class=\"wp-element-caption\">storyboard du clip \u00ab\u00a0Underground\u00a0\u00bb Solweig von Kleist<\/figcaption><\/figure>\n<\/div>\n\n\n<p>\u00ab\u00a0Underground\u00a0\u00bb&nbsp;est la chanson titre du film \u00ab\u00a0Labyrinthe\u00a0\u00bb de 1986.<\/p>\n\n\n\n<p><strong>Y a-t-il pour toi des diff\u00e9rences entre les travaux de commande et tes travaux personnels ?<\/strong><\/p>\n\n\n\n<p>Je souffre beaucoup lorsque je r\u00e9alise un travail de commande, je suis angoiss\u00e9e ! Il y a un v\u00e9ritable conflit entre ce que je pense qu\u2019on attend de moi et ce que je veux naturellement faire. Il y a eu tout de m\u00eame des collaborations heureuses, je pense notamment \u00e0 mes illustrations pour un magazine \u00e9conomique ou aux couvertures de livres policiers allemands.<\/p>\n\n\n<div class=\"wp-block-image\">\n<figure class=\"aligncenter size-medium\"><a href=\"https:\/\/lafilledecorinthe.com\/wordpress\/wp-content\/uploads\/2013\/01\/\u00e9conomie.jpg\"><img loading=\"lazy\" decoding=\"async\" width=\"680\" height=\"510\" src=\"https:\/\/lafilledecorinthe.com\/wordpress\/wp-content\/uploads\/2013\/01\/\u00e9conomie-680x510.jpg\" alt=\"illustrations pour le magazine &quot; science &amp; vie \u00e9conomie&quot; N\u00b054 octobre 1989\" class=\"wp-image-1809\" srcset=\"https:\/\/lafilledecorinthe.com\/wordpress\/wp-content\/uploads\/2013\/01\/\u00e9conomie-680x510.jpg 680w, https:\/\/lafilledecorinthe.com\/wordpress\/wp-content\/uploads\/2013\/01\/\u00e9conomie-400x300.jpg 400w, https:\/\/lafilledecorinthe.com\/wordpress\/wp-content\/uploads\/2013\/01\/\u00e9conomie.jpg 800w\" sizes=\"auto, (max-width: 680px) 100vw, 680px\" \/><\/a><figcaption class=\"wp-element-caption\">illustrations pour le magazine \u00a0\u00bb science &amp; vie \u00e9conomie\u00a0\u00bb N\u00b054 octobre 1989<\/figcaption><\/figure>\n<\/div>\n\n\n<p><strong>Tu as particip\u00e9 \u00e0 deux r\u00e9sidences d\u2019artiste, Folimage en 1997 et \u00e0 l\u2019abbaye de Fontevraud en 2008\/2009.<\/strong><br><strong>Que t\u2019ont apport\u00e9e ces dispositifs ?<\/strong><\/p>\n\n\n\n<p>J\u2019aime beaucoup me d\u00e9placer, d\u00e9couvrir des lieux et rencontrer des gens. A Fontevraud, c\u2019\u00e9tait extraordinaire, au mois d\u2019ao\u00fbt j\u2019\u00e9tais seule dans mon atelier mais d\u00e8s que je regardais par la fen\u00eatre je voyais un flot de touristes. C\u2019\u00e9tait un \u00e9tat de travail tr\u00e8s apaisant, \u00eatre \u00e0 la fois en retrait et entour\u00e9&#8230; Et puis, tu rentres aussi en un autre \u00e9tat par l\u2019atmosph\u00e8re du lieu, par la m\u00e9moire des murs&#8230;<\/p>\n\n\n\n<p><strong>J\u2019aimerais aussi que tu me parles d\u2019une oeuvre qui est pour moi \u00e9nigmatique avec son titre \u00e0 la Magritte,&nbsp; \u00ab Ceci est un film \u00bb.<\/strong><\/p>\n\n\n<div class=\"wp-block-image\">\n<figure class=\"aligncenter size-medium\"><a href=\"https:\/\/lafilledecorinthe.com\/wordpress\/wp-content\/uploads\/2013\/01\/ceci-est-un-film.jpg\"><img loading=\"lazy\" decoding=\"async\" width=\"680\" height=\"509\" src=\"https:\/\/lafilledecorinthe.com\/wordpress\/wp-content\/uploads\/2013\/01\/ceci-est-un-film-680x509.jpg\" alt=\"&quot;Ceci est un film&quot;, Solweig von Kleist, \" class=\"wp-image-1824\" srcset=\"https:\/\/lafilledecorinthe.com\/wordpress\/wp-content\/uploads\/2013\/01\/ceci-est-un-film-680x509.jpg 680w, https:\/\/lafilledecorinthe.com\/wordpress\/wp-content\/uploads\/2013\/01\/ceci-est-un-film-400x300.jpg 400w, https:\/\/lafilledecorinthe.com\/wordpress\/wp-content\/uploads\/2013\/01\/ceci-est-un-film.jpg 800w\" sizes=\"auto, (max-width: 680px) 100vw, 680px\" \/><\/a><figcaption class=\"wp-element-caption\">\u00ab\u00a0Ceci est un film\u00a0\u00bb, Solweig von Kleist, 2008<\/figcaption><\/figure>\n<\/div>\n\n\n<p>C\u2019est un projet que j&rsquo;ai fait pour une exposition en hommage \u00e0 Emile Cohl au mus\u00e9e&nbsp;d\u2019Annecy en 2008.&nbsp;J\u2019ai coul\u00e9 dans un moule environ cinquante couches successives de ciment et sur chaque couche j&rsquo;ai grav\u00e9 une image de la s\u00e9quence anim\u00e9e. Avant chaque nouvelle coulure de ciment j&rsquo;ai pris une photo, ce qui a donn\u00e9 un petit film de 2 secondes, en boucle. On y voit un homme qui sort d\u2019une spirale et plonge, puis il r\u00e9appara\u00eet et s&rsquo;envole gr\u00e2ce \u00e0 la spirale. L\u2019oeuvre est donc compos\u00e9e d\u2019un cube de ciment o\u00f9 les images du film ont \u00e9t\u00e9 ensevelies : les dessins, les \u00e9l\u00e9ments concrets ont disparus, mais ils continuent d&rsquo;exister sous forme virtuelle, comme film qui est projet\u00e9 \u00e0 c\u00f4t\u00e9 du cube en b\u00e9ton&#8230; (&nbsp;<a href=\"https:\/\/lafilledecorinthe.com\/wordpress\/wp-content\/uploads\/2013\/01\/cube_10.mov\">cube_10<\/a>&nbsp;) C\u2019est une commande de Maurice Corbet, conservateur au mus\u00e9e-ch\u00e2teau d\u2019Annecy qui&nbsp;a \u00e9crit un beau texte&nbsp;sur mon travail.<\/p>\n\n\n\n<p><a href=\"https:\/\/lafilledecorinthe.com\/wordpress\/wp-content\/uploads\/2013\/01\/Une-calligraphie-du-mouvement-.pdf\">Une calligraphie du mouvement&nbsp;<\/a><\/p>\n\n\n\n<p><strong>Depuis quelques ann\u00e9es tu r\u00e9alises des performances que tu appelles \u00ab live animations \u00bb. Peux-tu nous en d\u00e9finir le principe et nous dire l\u2019importance du regard du public dans le processus m\u00eame de ton travail.<\/strong><\/p>\n\n\n\n<p>J\u2019aime beaucoup les films d\u2019animation, j\u2019ai eu tr\u00e8s envie de transmettre cette magie \u00e0 faire bouger des images. Montrer un film termin\u00e9, c\u2019est bien mais le spectateur n\u2019est souvent qu\u2019un consommateur.&nbsp;Inviter les gens \u00e0 assister au processus m\u00eame de la r\u00e9alisation d&rsquo;une s\u00e9quence anim\u00e9,&nbsp;cela peut provoquer de l&rsquo;\u00e9merveillement de voir des dessins qui commencent \u00e0 bouger&#8230;&nbsp;Au d\u00e9but, je r\u00e9alisais un \u00e9v\u00e8nement-spectacle, c\u2019\u00e9tait tr\u00e8s stressant car on travaille sans filet, dans un laps de temps d\u00e9termin\u00e9. En plus, on est \u00e0 la merci de probl\u00e8mes techniques divers, la cam\u00e9ra qui n\u2019a pas bien enregistr\u00e9, des changements de lumi\u00e8re&#8230;&nbsp;Maintenant je pr\u00e9f\u00e8re faire mes interventions dans un lieu ouvert au public qui peut venir pour regarder puis partir \u00e0 sa guise tout en suivant l&rsquo;\u00e9volution du dessin.&nbsp;En 2010, j\u2019\u00e9tais jury au festival du film d\u2019animation de Poznan (Pologne). Pendant deux heures par jour, j\u2019investissais un bureau du mus\u00e9e d\u2019art dans lequel travaillaient les organisateurs du festival. J\u2019ai recouvert tous les vitrages peu \u00e0 peu en dessinant avec du blanc de Meudon les \u00e9l\u00e9ments de mon film \u00ab <a href=\"http:\/\/www.lisiere.com\/chaos\/index.htm\" target=\"_blank\" rel=\"noopener\">Chaos<\/a> \u00bb. Personne ne comprenait vraiment ce que j\u2019\u00e9tais en train de faire, les gens n\u2019avaient pas le code d\u2019acc\u00e8s. &nbsp;A la fin, lorsque j\u2019ai photographi\u00e9 chaque dessin dans le \u00ab\u00a0bon\u00a0\u00bb ordre et projet\u00e9&nbsp;l&rsquo;animation, ce fut la r\u00e9v\u00e9lation : les spectateurs ont d\u00e9couvert soudainement qu&rsquo;un film \u00e9tait cach\u00e9 dans ces dessins \u00e9parpill\u00e9s et chaotiques&#8230;<\/p>\n\n\n\n<p><strong>Tes projets actuels&#8230;<\/strong><\/p>\n\n\n\n<p>Trop de projets en m\u00eame temps, et pas le temps pour les faire !&nbsp;Depuis un certain temps, je n&rsquo;ai plus fait de la peinture dont les sujets \u00e9taient plut\u00f4t psychologiques. Je m\u2019int\u00e9resse \u00e9norm\u00e9ment \u00e0 la politique et j\u2019ai envie de me confronter&nbsp;\u00e0 la r\u00e9alit\u00e9 du monde, mais avec un point de vue d\u00e9cal\u00e9 d\u2019artiste.<\/p>\n\n\n\n<p>Depuis quelques ann\u00e9es je suis en train de dessiner une mappemonde de grand format qui tente de visualiser des questions li\u00e9es \u00e0 la mondialisation capitaliste ultralib\u00e9rale. Entreprise d\u00e9mesur\u00e9e, la mappemonde est en perp\u00e9tuelle \u00e9volution mais j&rsquo;esp\u00e8re la finir pour cet \u00e9t\u00e9 !&nbsp;C&rsquo;est aussi la base pour un sc\u00e9nario de film sur la m\u00eame th\u00e9matique, dont j&rsquo;ai fini une premi\u00e8re mouture bien trop longue ! Je vais essayer de trouver le temps pour&nbsp; raccourcir ce sc\u00e9nario, ou le transformer en roman graphique&#8230;<\/p>\n\n\n<div class=\"wp-block-image\">\n<figure class=\"aligncenter size-medium\"><a href=\"https:\/\/lafilledecorinthe.com\/wordpress\/wp-content\/uploads\/2013\/01\/Copie-de-Solweig-travail-red.jpg\"><img loading=\"lazy\" decoding=\"async\" width=\"680\" height=\"510\" src=\"https:\/\/lafilledecorinthe.com\/wordpress\/wp-content\/uploads\/2013\/01\/Copie-de-Solweig-travail-red-680x510.jpg\" alt=\"Solweig travaille sur son projet de mappemonde.\" class=\"wp-image-1840\" srcset=\"https:\/\/lafilledecorinthe.com\/wordpress\/wp-content\/uploads\/2013\/01\/Copie-de-Solweig-travail-red-680x510.jpg 680w, https:\/\/lafilledecorinthe.com\/wordpress\/wp-content\/uploads\/2013\/01\/Copie-de-Solweig-travail-red-399x300.jpg 399w, https:\/\/lafilledecorinthe.com\/wordpress\/wp-content\/uploads\/2013\/01\/Copie-de-Solweig-travail-red.jpg 800w\" sizes=\"auto, (max-width: 680px) 100vw, 680px\" \/><\/a><figcaption class=\"wp-element-caption\">Solweig travaille sur son projet de mappemonde.<\/figcaption><\/figure>\n<\/div>\n\n\n<p>Je m\u2019int\u00e9resse aussi \u00e0 l&rsquo;apparition des tra\u00een\u00e9es persistantes des avions qui blanchissent le ciel, un ph\u00e9nom\u00e8ne inqui\u00e9tant pourtant tr\u00e8s visuel, mais inaper\u00e7u par la plupart des gens ! Ils ont trop viss\u00e9 leur regard sur leurs beaux \u00e9crans bleus&#8230; J\u2019ai d\u00e9j\u00e0 r\u00e9alis\u00e9 plusieurs installations avec des films sur ce sujet, et au printemps je vais refaire un film anim\u00e9 en time lapse (en acc\u00e9l\u00e9r\u00e9) sur ce sujet.<\/p>\n\n\n\n<p>Je suis aussi passionn\u00e9e par le dessin d&rsquo;anamorphose et j\u2019ai r\u00e9alis\u00e9 pendant les journ\u00e9es du patrimoine 2012 une premi\u00e8re intervention de \u00ab\u00a03D street art\u00a0\u00bb &nbsp;sous les arcades du RER \u00e0 Issy-les-Moulineaux.&nbsp;Avec l\u2019aide d\u2019une jeune dipl\u00f4m\u00e9e de l\u2019ENSAD, Da-Hee Jeong, j\u2019ai dessin\u00e9 pendant deux jours un dessin anamorphique repr\u00e9sentant les carri\u00e8res d\u2019extraction du blanc de Meudon&nbsp;(le th\u00e8me de la manifestation \u00e9tant \u00ab\u00a0le patrimoine cach\u00e9\u00a0\u00bb).&nbsp;Lorsque le dessin a \u00e9t\u00e9 termin\u00e9, le public \u00e9tait invit\u00e9 \u00e0 chercher le point de vue qui rend compte de l\u2019illusion optique. C\u2019\u00e9tait tr\u00e8s joyeux, les gens \u00e9taient tr\u00e8s actifs en jouant avec le dessin et en prenant de nombreuses photographies. C\u2019est un projet que j\u2019ai envie de renouveler&#8230;<\/p>\n\n\n<div class=\"wp-block-image\">\n<figure class=\"aligncenter size-medium\"><a href=\"https:\/\/lafilledecorinthe.com\/wordpress\/wp-content\/uploads\/2013\/01\/sol1.jpg\"><img loading=\"lazy\" decoding=\"async\" width=\"510\" height=\"680\" src=\"https:\/\/lafilledecorinthe.com\/wordpress\/wp-content\/uploads\/2013\/01\/sol1-510x680.jpg\" alt=\"Solweig sur son dessin anamorphique, 2012\" class=\"wp-image-1826\" srcset=\"https:\/\/lafilledecorinthe.com\/wordpress\/wp-content\/uploads\/2013\/01\/sol1-510x680.jpg 510w, https:\/\/lafilledecorinthe.com\/wordpress\/wp-content\/uploads\/2013\/01\/sol1-225x300.jpg 225w, https:\/\/lafilledecorinthe.com\/wordpress\/wp-content\/uploads\/2013\/01\/sol1.jpg 600w\" sizes=\"auto, (max-width: 510px) 100vw, 510px\" \/><\/a><figcaption class=\"wp-element-caption\">Solweig sur son dessin anamorphique, 2012<\/figcaption><\/figure>\n<\/div>","protected":false},"excerpt":{"rendered":"<p>J&rsquo;ai rencontr\u00e9 Solweig par le biais du cin\u00e9ma d&rsquo;animation. J&rsquo;ai eu le privil\u00e8ge pendant un an de partager avec elle sa passion des images qui bougent. Elle animait tous les mardis soirs un atelier au local de l&rsquo;association Kino \u00e0 Issy les Moulineaux. Quelques ann\u00e9es plus tard, des traces de pastel sur le trottoir ont&#8230;<\/p>\n","protected":false},"author":2,"featured_media":1799,"comment_status":"open","ping_status":"open","sticky":false,"template":"","format":"standard","meta":{"_kad_post_transparent":"","_kad_post_title":"","_kad_post_layout":"","_kad_post_sidebar_id":"","_kad_post_content_style":"","_kad_post_vertical_padding":"","_kad_post_feature":"","_kad_post_feature_position":"","_kad_post_header":false,"_kad_post_footer":false,"_kad_post_classname":"","footnotes":""},"categories":[259],"tags":[280,279,269,276,266,271,278,281,275,272,268,267,277,265,273,270,274],"class_list":["post-1797","post","type-post","status-publish","format-standard","has-post-thumbnail","hentry","category-rencontres","tag-3d-street-art","tag-anamorphose","tag-calarts","tag-ceci-est-un-film","tag-cinema-danimation","tag-criminal-tango","tag-da-hee-jeong","tag-daniel-bouillot","tag-david-bowie","tag-denis-mercier","tag-jerome-bosch","tag-kino","tag-maurice-corbet","tag-solweig-von-kleist","tag-stephankresinski","tag-thierry-verrier","tag-underground"],"_links":{"self":[{"href":"https:\/\/lafilledecorinthe.com\/wordpress\/wp-json\/wp\/v2\/posts\/1797","targetHints":{"allow":["GET"]}}],"collection":[{"href":"https:\/\/lafilledecorinthe.com\/wordpress\/wp-json\/wp\/v2\/posts"}],"about":[{"href":"https:\/\/lafilledecorinthe.com\/wordpress\/wp-json\/wp\/v2\/types\/post"}],"author":[{"embeddable":true,"href":"https:\/\/lafilledecorinthe.com\/wordpress\/wp-json\/wp\/v2\/users\/2"}],"replies":[{"embeddable":true,"href":"https:\/\/lafilledecorinthe.com\/wordpress\/wp-json\/wp\/v2\/comments?post=1797"}],"version-history":[{"count":58,"href":"https:\/\/lafilledecorinthe.com\/wordpress\/wp-json\/wp\/v2\/posts\/1797\/revisions"}],"predecessor-version":[{"id":15273,"href":"https:\/\/lafilledecorinthe.com\/wordpress\/wp-json\/wp\/v2\/posts\/1797\/revisions\/15273"}],"wp:featuredmedia":[{"embeddable":true,"href":"https:\/\/lafilledecorinthe.com\/wordpress\/wp-json\/wp\/v2\/media\/1799"}],"wp:attachment":[{"href":"https:\/\/lafilledecorinthe.com\/wordpress\/wp-json\/wp\/v2\/media?parent=1797"}],"wp:term":[{"taxonomy":"category","embeddable":true,"href":"https:\/\/lafilledecorinthe.com\/wordpress\/wp-json\/wp\/v2\/categories?post=1797"},{"taxonomy":"post_tag","embeddable":true,"href":"https:\/\/lafilledecorinthe.com\/wordpress\/wp-json\/wp\/v2\/tags?post=1797"}],"curies":[{"name":"wp","href":"https:\/\/api.w.org\/{rel}","templated":true}]}}