{"id":1706,"date":"2013-01-05T22:12:36","date_gmt":"2013-01-05T21:12:36","guid":{"rendered":"http:\/\/lafilledecorinthe.com\/wordpress\/?p=1706"},"modified":"2025-12-04T21:23:31","modified_gmt":"2025-12-04T20:23:31","slug":"ecole-et-cinema-92-les-aventures-du-prince-ahmed","status":"publish","type":"post","link":"https:\/\/lafilledecorinthe.com\/wordpress\/2013\/01\/ecole-et-cinema-92-les-aventures-du-prince-ahmed\/","title":{"rendered":"\u00ab\u00a0Ecole et cin\u00e9ma 92 \u00a0\u00bb : Les aventures du Prince Ahmed"},"content":{"rendered":"\n<p>Projection-conf\u00e9rence au cin\u00e9ma Jean Vigo de Gennevilliers<br>Les aventures du Prince Ahmed<br>de Lotte Reiniger<br>mercredi 9 janvier 2013<\/p>\n\n\n\n<p>Document accompagnant la conf\u00e9rence :&nbsp;<a href=\"https:\/\/lafilledecorinthe.com\/wordpress\/wp-content\/uploads\/2013\/01\/Les-aventures-du-prince-Ahmed-PDF.pdf\">Les aventures du prince Ahmed <\/a><\/p>\n\n\n\n<p>Images fixes et anim\u00e9es pour prolonger la d\u00e9couverte du film :<\/p>\n\n\n\n<p>Film publicitaire r\u00e9alis\u00e9 par Lotte Reiniger en 1920 pour Niv\u00e9a.<\/p>\n\n\n\n<figure class=\"wp-block-embed is-type-video is-provider-youtube wp-block-embed-youtube wp-embed-aspect-4-3 wp-has-aspect-ratio\"><div class=\"wp-block-embed__wrapper\">\n<iframe loading=\"lazy\" title=\"Lotte Reiniger&#039;s The Secret of the Marquise (1922)\" width=\"720\" height=\"540\" src=\"https:\/\/www.youtube.com\/embed\/4e5ZDfKokQ8?start=3&#038;feature=oembed\" frameborder=\"0\" allow=\"accelerometer; autoplay; clipboard-write; encrypted-media; gyroscope; picture-in-picture; web-share\" referrerpolicy=\"strict-origin-when-cross-origin\" allowfullscreen><\/iframe>\n<\/div><\/figure>\n\n\n\n<p><\/p>\n\n\n\n<p>Illustration peinte par &nbsp;Edmund Dulac qui a compos\u00e9 les intertitres des \u00ab\u00a0Aventures du prince Ahmed\u00a0\u00bb.<\/p>\n\n\n<div class=\"wp-block-image\">\n<figure class=\"aligncenter size-full\"><a href=\"https:\/\/lafilledecorinthe.com\/wordpress\/wp-content\/uploads\/2013\/01\/DULAC.jpg\"><img loading=\"lazy\" decoding=\"async\" width=\"554\" height=\"800\" src=\"https:\/\/lafilledecorinthe.com\/wordpress\/wp-content\/uploads\/2013\/01\/DULAC.jpg\" alt=\"\" class=\"wp-image-1730\" srcset=\"https:\/\/lafilledecorinthe.com\/wordpress\/wp-content\/uploads\/2013\/01\/DULAC.jpg 554w, https:\/\/lafilledecorinthe.com\/wordpress\/wp-content\/uploads\/2013\/01\/DULAC-470x680.jpg 470w, https:\/\/lafilledecorinthe.com\/wordpress\/wp-content\/uploads\/2013\/01\/DULAC-207x300.jpg 207w\" sizes=\"auto, (max-width: 554px) 100vw, 554px\" \/><\/a><figcaption class=\"wp-element-caption\">The story of the magic horse, London, 2011<\/figcaption><\/figure>\n<\/div>\n\n\n<p>Des chevaux ail\u00e9s issus d&rsquo;autres traditions&#8230;<\/p>\n\n\n<div class=\"wp-block-image\">\n<figure class=\"aligncenter size-full\"><a href=\"https:\/\/lafilledecorinthe.com\/wordpress\/wp-content\/uploads\/2013\/01\/Chagall.jpg\"><img loading=\"lazy\" decoding=\"async\" width=\"800\" height=\"526\" src=\"https:\/\/lafilledecorinthe.com\/wordpress\/wp-content\/uploads\/2013\/01\/Chagall.jpg\" alt=\"\" class=\"wp-image-1739\" srcset=\"https:\/\/lafilledecorinthe.com\/wordpress\/wp-content\/uploads\/2013\/01\/Chagall.jpg 800w, https:\/\/lafilledecorinthe.com\/wordpress\/wp-content\/uploads\/2013\/01\/Chagall-680x447.jpg 680w, https:\/\/lafilledecorinthe.com\/wordpress\/wp-content\/uploads\/2013\/01\/Chagall-456x300.jpg 456w\" sizes=\"auto, (max-width: 800px) 100vw, 800px\" \/><\/a><figcaption class=\"wp-element-caption\">Cantique des cantiques IV, Mus\u00e9e national Marc Chagall \u00e0 Nice, 1958<\/figcaption><\/figure>\n<\/div>\n\n<div class=\"wp-block-image\">\n<figure class=\"aligncenter size-full\"><a href=\"https:\/\/lafilledecorinthe.com\/wordpress\/wp-content\/uploads\/2013\/01\/Pegase-Monnaie.gif\"><img loading=\"lazy\" decoding=\"async\" width=\"800\" height=\"785\" src=\"https:\/\/lafilledecorinthe.com\/wordpress\/wp-content\/uploads\/2013\/01\/Pegase-Monnaie.gif\" alt=\"\" class=\"wp-image-1741\" srcset=\"https:\/\/lafilledecorinthe.com\/wordpress\/wp-content\/uploads\/2013\/01\/Pegase-Monnaie.gif 800w, https:\/\/lafilledecorinthe.com\/wordpress\/wp-content\/uploads\/2013\/01\/Pegase-Monnaie-680x667.gif 680w, https:\/\/lafilledecorinthe.com\/wordpress\/wp-content\/uploads\/2013\/01\/Pegase-Monnaie-305x300.gif 305w\" sizes=\"auto, (max-width: 800px) 100vw, 800px\" \/><\/a><figcaption class=\"wp-element-caption\">P\u00e9gase sur une monnaie de Corinthe<\/figcaption><\/figure>\n<\/div>\n\n\n<p>Promenade au d\u00e9partement des <a href=\"http:\/\/www.louvre.fr\/departments\/arts-de-lislam\" target=\"_blank\" rel=\"noopener\">Arts de l&rsquo;Islam<\/a> du mus\u00e9e du Louvre : de la lampe magique d&rsquo;Aladin aux <a title=\"Mes albums\" href=\"https:\/\/lafilledecorinthe.com\/wordpress\/mes-albums\/\" target=\"_blank\" rel=\"noopener\">lumi\u00e8res <\/a>du quotidien&#8230;<\/p>\n\n\n<div class=\"wp-block-image\">\n<figure class=\"aligncenter size-full\"><a href=\"https:\/\/lafilledecorinthe.com\/wordpress\/wp-content\/uploads\/2013\/01\/Lampe.jpg\"><img loading=\"lazy\" decoding=\"async\" width=\"800\" height=\"600\" src=\"https:\/\/lafilledecorinthe.com\/wordpress\/wp-content\/uploads\/2013\/01\/Lampe.jpg\" alt=\"\" class=\"wp-image-1746\" srcset=\"https:\/\/lafilledecorinthe.com\/wordpress\/wp-content\/uploads\/2013\/01\/Lampe.jpg 800w, https:\/\/lafilledecorinthe.com\/wordpress\/wp-content\/uploads\/2013\/01\/Lampe-680x510.jpg 680w, https:\/\/lafilledecorinthe.com\/wordpress\/wp-content\/uploads\/2013\/01\/Lampe-400x300.jpg 400w\" sizes=\"auto, (max-width: 800px) 100vw, 800px\" \/><\/a><figcaption class=\"wp-element-caption\">\u00ab\u00a0Les aventures du Prince Ahmed\u00a0\u00bb<\/figcaption><\/figure>\n<\/div>\n\n<div class=\"wp-block-image\">\n<figure class=\"aligncenter size-full\"><a href=\"https:\/\/lafilledecorinthe.com\/wordpress\/wp-content\/uploads\/2013\/01\/lampe-\u00e0-huile.jpg\"><img loading=\"lazy\" decoding=\"async\" width=\"600\" height=\"800\" src=\"https:\/\/lafilledecorinthe.com\/wordpress\/wp-content\/uploads\/2013\/01\/lampe-\u00e0-huile.jpg\" alt=\"\" class=\"wp-image-1747\" srcset=\"https:\/\/lafilledecorinthe.com\/wordpress\/wp-content\/uploads\/2013\/01\/lampe-\u00e0-huile.jpg 600w, https:\/\/lafilledecorinthe.com\/wordpress\/wp-content\/uploads\/2013\/01\/lampe-\u00e0-huile-510x680.jpg 510w, https:\/\/lafilledecorinthe.com\/wordpress\/wp-content\/uploads\/2013\/01\/lampe-\u00e0-huile-225x300.jpg 225w\" sizes=\"auto, (max-width: 600px) 100vw, 600px\" \/><\/a><figcaption class=\"wp-element-caption\">Lampe \u00e0 sc\u00e8ne d&rsquo;enl\u00e8vement, Iran, Khurasan, 11-12 e si\u00e8cle, Art de l&rsquo;Islam, Louvre<\/figcaption><\/figure>\n<\/div>","protected":false},"excerpt":{"rendered":"<p>Projection-conf\u00e9rence au cin\u00e9ma Jean Vigo de GennevilliersLes aventures du Prince Ahmedde Lotte Reinigermercredi 9 janvier 2013 Document accompagnant la conf\u00e9rence :&nbsp;Les aventures du prince Ahmed Images fixes et anim\u00e9es pour prolonger la d\u00e9couverte du film : Film publicitaire r\u00e9alis\u00e9 par Lotte Reiniger en 1920 pour Niv\u00e9a. Illustration peinte par &nbsp;Edmund Dulac qui a compos\u00e9 les&#8230;<\/p>\n","protected":false},"author":2,"featured_media":6691,"comment_status":"open","ping_status":"open","sticky":false,"template":"","format":"standard","meta":{"_kad_post_transparent":"","_kad_post_title":"","_kad_post_layout":"","_kad_post_sidebar_id":"","_kad_post_content_style":"","_kad_post_vertical_padding":"","_kad_post_feature":"","_kad_post_feature_position":"","_kad_post_header":false,"_kad_post_footer":false,"_kad_post_classname":"","footnotes":""},"categories":[8],"tags":[257,255,254,245,252,253,258,256,244],"class_list":["post-1706","post","type-post","status-publish","format-standard","has-post-thumbnail","hentry","category-formations-adultes","tag-art-de-lislam","tag-cheval-aile","tag-edmund-dulac","tag-julie-rembauville","tag-les-aventures-du-prince-ahmed","tag-lotte-reiniger","tag-louvre","tag-marc-chagall","tag-nicolas-bianco-levrin"],"_links":{"self":[{"href":"https:\/\/lafilledecorinthe.com\/wordpress\/wp-json\/wp\/v2\/posts\/1706","targetHints":{"allow":["GET"]}}],"collection":[{"href":"https:\/\/lafilledecorinthe.com\/wordpress\/wp-json\/wp\/v2\/posts"}],"about":[{"href":"https:\/\/lafilledecorinthe.com\/wordpress\/wp-json\/wp\/v2\/types\/post"}],"author":[{"embeddable":true,"href":"https:\/\/lafilledecorinthe.com\/wordpress\/wp-json\/wp\/v2\/users\/2"}],"replies":[{"embeddable":true,"href":"https:\/\/lafilledecorinthe.com\/wordpress\/wp-json\/wp\/v2\/comments?post=1706"}],"version-history":[{"count":40,"href":"https:\/\/lafilledecorinthe.com\/wordpress\/wp-json\/wp\/v2\/posts\/1706\/revisions"}],"predecessor-version":[{"id":14656,"href":"https:\/\/lafilledecorinthe.com\/wordpress\/wp-json\/wp\/v2\/posts\/1706\/revisions\/14656"}],"wp:featuredmedia":[{"embeddable":true,"href":"https:\/\/lafilledecorinthe.com\/wordpress\/wp-json\/wp\/v2\/media\/6691"}],"wp:attachment":[{"href":"https:\/\/lafilledecorinthe.com\/wordpress\/wp-json\/wp\/v2\/media?parent=1706"}],"wp:term":[{"taxonomy":"category","embeddable":true,"href":"https:\/\/lafilledecorinthe.com\/wordpress\/wp-json\/wp\/v2\/categories?post=1706"},{"taxonomy":"post_tag","embeddable":true,"href":"https:\/\/lafilledecorinthe.com\/wordpress\/wp-json\/wp\/v2\/tags?post=1706"}],"curies":[{"name":"wp","href":"https:\/\/api.w.org\/{rel}","templated":true}]}}