{"id":1597,"date":"2012-12-15T17:35:54","date_gmt":"2012-12-15T16:35:54","guid":{"rendered":"http:\/\/lafilledecorinthe.com\/wordpress\/?p=1597"},"modified":"2025-12-10T11:03:22","modified_gmt":"2025-12-10T10:03:22","slug":"regards-partages-avec-le-jour-le-plus-court","status":"publish","type":"post","link":"https:\/\/lafilledecorinthe.com\/wordpress\/2012\/12\/regards-partages-avec-le-jour-le-plus-court\/","title":{"rendered":"\u00ab\u00a0Regards partag\u00e9s\u00a0\u00bb avec &#8230;  \u00ab\u00a0Le jour le plus court \u00ab\u00a0"},"content":{"rendered":"\n<p>\u00ab\u00a0Mettre en valeur quatre courts m\u00e9trages qui c\u00e9l\u00e8brent le pouvoir de l&rsquo;imagination de celui qui r\u00e9alise et de celui qui regarde. Exprimer le regard que je porte sur ces films. Partager ce regard avec notamment un public d&rsquo;enfants.\u00a0\u00bb<\/p>\n\n\n\n<p class=\"has-text-align-left\">Voici la pr\u00e9sentation de l&rsquo;\u00e9v\u00e8nement que j&rsquo;ai propos\u00e9 \u00e0 <a href=\"http:\/\/www.lejourlepluscourt.com\" target=\"_blank\" rel=\"noopener\">la f\u00eate du court m\u00e9trage<\/a>. Les liens vers les films sont actifs jusqu&rsquo;au 21 d\u00e9cembre, profitez-en et laissez- moi vos commentaires sur cette programmation !<\/p>\n\n\n\n<p>Le premier court propos\u00e9 est un film de fin d&rsquo;\u00e9tude r\u00e9alis\u00e9 par Lucie Mayjonade lorsqu&rsquo;elle \u00e9tait \u00e9tudiante \u00e0 l&rsquo;<a href=\"http:\/\/www.ecolegeorgesmelies.fr\" target=\"_blank\" rel=\"noopener\">\u00e9cole Georges M\u00e9li\u00e8s<\/a>\u00a0d&rsquo;Orly. Tr\u00e8s librement adapt\u00e9 d&rsquo;une l\u00e9gende polyn\u00e9sienne sur un \u00ab\u00a0homme poisson\u00a0\u00bb, ce petit film sans dialogue, mais avec une tr\u00e8s belle musique d&rsquo;Olivier Michelot, nous raconte les tribulations d&rsquo;un petit personnage au prise avec son imagination pour le meilleur et pour le pire&#8230; J&rsquo;aime beaucoup la fluidit\u00e9 de l&rsquo;animation et le jeu des mati\u00e8res entre la transparence du petit personnage et la mat\u00e9rialit\u00e9 des univers qu&rsquo;il traverse.<br><\/p>\n\n\n\n<p>La vie de famille \u00e0 vue de truffe n&rsquo;est pas un long fleuve tranquille ! Tout ce que demande Fifi, c&rsquo;est un peu d&rsquo;attention de ses ma\u00eetres et un peu de tranquillit\u00e9 pour lire les nouvelles scientifiques dans le journal. Et bien ce soir-l\u00e0, il n&rsquo;aura ni l&rsquo;un ni l&rsquo;autre ! Un drame de la vie quotidienne racont\u00e9 avec beaucoup d&rsquo;humour et de fantaisie. Nous ne conna\u00eetrons visuellement des humains que les jambes et les chaussures qui puent. A nous d&rsquo;imaginer le hors champs \u00e0 l&rsquo;aide de la riche bande-son o\u00f9 l&rsquo;\u00e9change verbal entre les membres de la famille est incisif \u00e0 souhait. Ce court-m\u00e9trage est le fruit de la collaboration entre Nicolas Bianco-Levrin et Julie Rembauville. Leur production commune est riche d&rsquo;albums et de courts m\u00e9trages \u00e0 d\u00e9couvrir&#8230;<\/p>\n\n\n<div class=\"wp-block-image\">\n<figure class=\"aligncenter\"><a href=\"https:\/\/lafilledecorinthe.com\/wordpress\/wp-content\/uploads\/2012\/12\/merci_mon_chien_3.jpg\"><img loading=\"lazy\" decoding=\"async\" width=\"800\" height=\"432\" src=\"https:\/\/lafilledecorinthe.com\/wordpress\/wp-content\/uploads\/2012\/12\/merci_mon_chien_3.jpg\" alt=\"\" class=\"wp-image-1704\" srcset=\"https:\/\/lafilledecorinthe.com\/wordpress\/wp-content\/uploads\/2012\/12\/merci_mon_chien_3.jpg 800w, https:\/\/lafilledecorinthe.com\/wordpress\/wp-content\/uploads\/2012\/12\/merci_mon_chien_3-680x367.jpg 680w, https:\/\/lafilledecorinthe.com\/wordpress\/wp-content\/uploads\/2012\/12\/merci_mon_chien_3-500x270.jpg 500w\" sizes=\"auto, (max-width: 800px) 100vw, 800px\" \/><\/a><figcaption class=\"wp-element-caption\">\u00ab\u00a0Merci mon chien\u00a0\u00bb, Julie Rembauville, Nicolas Bianco-Levrin, 2011 \u00a0 \u00a0 \u00a0\u00a9 Folimage<\/figcaption><\/figure>\n<\/div>\n\n\n<p>C&rsquo;est le plus court et je l&rsquo;adore au point que je le regarde en boucle pour faire durer le plaisir ! C&rsquo;est l\u00e9ger comme une bulle de savon, c&rsquo;est profond comme deux \u00eatres qui ne peuvent vivre \u00e9loign\u00e9s l&rsquo;un de l&rsquo;autre. L&rsquo;invitation au voyage se trouve au coin de la rue. Ce po\u00e8me visuel et sonore est l&rsquo;oeuvre de <a href=\"http:\/\/joannalurie.com\" target=\"_blank\" rel=\"noopener\">Joanna Lorie<\/a>, une d\u00e9j\u00e0 grande dame du cin\u00e9ma d&rsquo;animation !<\/p>\n\n\n\n<figure class=\"wp-block-embed is-type-video is-provider-vimeo wp-block-embed-vimeo wp-embed-aspect-16-9 wp-has-aspect-ratio\"><div class=\"wp-block-embed__wrapper\">\n<iframe loading=\"lazy\" title=\"&quot;partir&quot;  (leaving)\" src=\"https:\/\/player.vimeo.com\/video\/42390208?dnt=1&amp;app_id=122963\" width=\"720\" height=\"405\" frameborder=\"0\" allow=\"autoplay; fullscreen; picture-in-picture; clipboard-write; encrypted-media; web-share\" referrerpolicy=\"strict-origin-when-cross-origin\"><\/iframe>\n<\/div><\/figure>\n\n\n\n<p><\/p>\n\n\n\n<p>Et pour finir, un court m\u00e9trage qui n&rsquo;est pas d&rsquo;animation. Ce documentaire r\u00e9alis\u00e9 par <a href=\"http:\/\/www.passeursdimages.fr\/Paroles-de-realisateurs-Romain\" target=\"_blank\" rel=\"noopener\">Romain Delage<\/a> pr\u00e9sente des enfants qui sont invit\u00e9s &nbsp;\u00e0 commenter seul ou \u00e0 plusieurs une peinture dont on ne voit que le dos. &nbsp; &nbsp; &nbsp; &nbsp; &nbsp; &nbsp; &nbsp; &nbsp; &nbsp; &nbsp; &nbsp; &nbsp; &nbsp; &nbsp; &nbsp; &nbsp; &nbsp; &nbsp; &nbsp; &nbsp; &nbsp; &nbsp; &nbsp; &nbsp; &nbsp; &nbsp; &nbsp; &nbsp; &nbsp; &nbsp; &nbsp; &nbsp; &nbsp; &nbsp; &nbsp; &nbsp; &nbsp; &nbsp; &nbsp; &nbsp; &nbsp; &nbsp;Magnifique illustration de la phrase de Marcel Duchamp : \u00a0\u00bb Ce sont les regardeurs qui font le tableau\u00a0\u00bb et une c\u00e9l\u00e9bration du hors champ comme ouverture vers l&rsquo;imaginaire.<\/p>\n\n\n<div class=\"wp-block-image\">\n<figure class=\"aligncenter\"><a href=\"https:\/\/lafilledecorinthe.com\/wordpress\/wp-content\/uploads\/2012\/12\/regards-libres.jpg\"><img loading=\"lazy\" decoding=\"async\" width=\"800\" height=\"458\" src=\"https:\/\/lafilledecorinthe.com\/wordpress\/wp-content\/uploads\/2012\/12\/regards-libres.jpg\" alt=\"\" class=\"wp-image-1703\" srcset=\"https:\/\/lafilledecorinthe.com\/wordpress\/wp-content\/uploads\/2012\/12\/regards-libres.jpg 800w, https:\/\/lafilledecorinthe.com\/wordpress\/wp-content\/uploads\/2012\/12\/regards-libres-680x389.jpg 680w, https:\/\/lafilledecorinthe.com\/wordpress\/wp-content\/uploads\/2012\/12\/regards-libres-500x286.jpg 500w\" sizes=\"auto, (max-width: 800px) 100vw, 800px\" \/><\/a><figcaption class=\"wp-element-caption\">\u00ab\u00a0Regards libres\u00a0\u00bb, Romain Delage, 2005<\/figcaption><\/figure>\n<\/div>\n\n\n<p>Le 21 d\u00e9cembre est pass\u00e9, la f\u00eate du court-m\u00e9trage est termin\u00e9e, les liens vers les films sont d\u00e9sactiv\u00e9s. Toutefois, \u00abHa\u00ef Puka\u00bb et \u00abPartir\u00bb \u00e9tant en acc\u00e8s libre sur internet, vous pourrez continuer \u00e0 les voir. \u00abMerci mon chien\u00bb est programm\u00e9 dans de nombreux festivals, vous pourrez le voir notamment dans le cadre du <a href=\"http:\/\/www.cinemapublic.org\/-Edition-2013-.html\" target=\"_blank\" rel=\"noopener\">festival Cin\u00e9 Junior<\/a> du Val-de-Marne du 13 au 26 f\u00e9vrier 2013. \u00abRegards libres\u00bb est quant \u00e0 lui dans le catalogue des <a href=\" http:\/\/www.enfants-de-cinema.com\" target=\"_blank\" rel=\"noopener\">\u00abEnfants de cin\u00e9ma\u00bb<\/a> accompagn\u00e9 d\u2019autres courts-m\u00e9trages \u00e0 d\u00e9couvrir !<\/p>\n\n\n\n<p>A la prochaine f\u00eate du court-m\u00e9trage&#8230;<\/p>\n","protected":false},"excerpt":{"rendered":"<p>\u00ab\u00a0Mettre en valeur quatre courts m\u00e9trages qui c\u00e9l\u00e8brent le pouvoir de l&rsquo;imagination de celui qui r\u00e9alise et de celui qui regarde. Exprimer le regard que je porte sur ces films. Partager ce regard avec notamment un public d&rsquo;enfants.\u00a0\u00bb Voici la pr\u00e9sentation de l&rsquo;\u00e9v\u00e8nement que j&rsquo;ai propos\u00e9 \u00e0 la f\u00eate du court m\u00e9trage. Les liens vers&#8230;<\/p>\n","protected":false},"author":2,"featured_media":1598,"comment_status":"open","ping_status":"open","sticky":false,"template":"","format":"standard","meta":{"_kad_post_transparent":"","_kad_post_title":"","_kad_post_layout":"","_kad_post_sidebar_id":"","_kad_post_content_style":"","_kad_post_vertical_padding":"","_kad_post_feature":"","_kad_post_feature_position":"","_kad_post_header":false,"_kad_post_footer":false,"_kad_post_classname":"","footnotes":""},"categories":[6],"tags":[239,250,241,247,245,238,237,251,240,243,244,242,246,248,249],"class_list":["post-1597","post","type-post","status-publish","format-standard","has-post-thumbnail","hentry","category-blog","tag-21-decembre-2012","tag-festival-cine-junior-2013","tag-hai-puka","tag-joanna-lorie","tag-julie-rembauville","tag-la-fete-du-court-metrage","tag-le-jour-le-plus-court","tag-les-enfants-de-cinema","tag-lucie-mayjonade","tag-merci-mon-chien","tag-nicolas-bianco-levrin","tag-olivier-michelot","tag-partir","tag-regards-libres","tag-romain-delage"],"_links":{"self":[{"href":"https:\/\/lafilledecorinthe.com\/wordpress\/wp-json\/wp\/v2\/posts\/1597","targetHints":{"allow":["GET"]}}],"collection":[{"href":"https:\/\/lafilledecorinthe.com\/wordpress\/wp-json\/wp\/v2\/posts"}],"about":[{"href":"https:\/\/lafilledecorinthe.com\/wordpress\/wp-json\/wp\/v2\/types\/post"}],"author":[{"embeddable":true,"href":"https:\/\/lafilledecorinthe.com\/wordpress\/wp-json\/wp\/v2\/users\/2"}],"replies":[{"embeddable":true,"href":"https:\/\/lafilledecorinthe.com\/wordpress\/wp-json\/wp\/v2\/comments?post=1597"}],"version-history":[{"count":72,"href":"https:\/\/lafilledecorinthe.com\/wordpress\/wp-json\/wp\/v2\/posts\/1597\/revisions"}],"predecessor-version":[{"id":15382,"href":"https:\/\/lafilledecorinthe.com\/wordpress\/wp-json\/wp\/v2\/posts\/1597\/revisions\/15382"}],"wp:featuredmedia":[{"embeddable":true,"href":"https:\/\/lafilledecorinthe.com\/wordpress\/wp-json\/wp\/v2\/media\/1598"}],"wp:attachment":[{"href":"https:\/\/lafilledecorinthe.com\/wordpress\/wp-json\/wp\/v2\/media?parent=1597"}],"wp:term":[{"taxonomy":"category","embeddable":true,"href":"https:\/\/lafilledecorinthe.com\/wordpress\/wp-json\/wp\/v2\/categories?post=1597"},{"taxonomy":"post_tag","embeddable":true,"href":"https:\/\/lafilledecorinthe.com\/wordpress\/wp-json\/wp\/v2\/tags?post=1597"}],"curies":[{"name":"wp","href":"https:\/\/api.w.org\/{rel}","templated":true}]}}