{"id":15566,"date":"2025-12-17T17:32:42","date_gmt":"2025-12-17T16:32:42","guid":{"rendered":"https:\/\/lafilledecorinthe.com\/wordpress\/?p=15566"},"modified":"2025-12-17T17:32:42","modified_gmt":"2025-12-17T16:32:42","slug":"maternelle-au-cinema-94-2","status":"publish","type":"post","link":"https:\/\/lafilledecorinthe.com\/wordpress\/2025\/12\/maternelle-au-cinema-94-2\/","title":{"rendered":"\u00ab\u00a0Maternelle au Cin\u00e9ma\u00a0\u00bb 94"},"content":{"rendered":"\n<p><strong>Projection-conf\u00e9rence :<\/strong><br>Au cin\u00e9ma <a href=\"https:\/\/www.culture.fontenay.fr\/sortir\/cinema-2277.html\">Le Kosmos <\/a>de Fontenay sous Bois<br>Mercredi 17 d\u00e9cembre 2025<br>Avec la complicit\u00e9 de <a href=\"https:\/\/www.cinemapublic.org\/\">Cin\u00e9ma Public<\/a><br><\/p>\n\n\n\n<figure class=\"wp-block-image size-large\"><img loading=\"lazy\" decoding=\"async\" width=\"1280\" height=\"720\" src=\"https:\/\/lafilledecorinthe.com\/wordpress\/wp-content\/uploads\/2025\/12\/La-naissance-1280x720.png\" alt=\"\" class=\"wp-image-15569\" srcset=\"https:\/\/lafilledecorinthe.com\/wordpress\/wp-content\/uploads\/2025\/12\/La-naissance-1280x720.png 1280w, https:\/\/lafilledecorinthe.com\/wordpress\/wp-content\/uploads\/2025\/12\/La-naissance-680x383.png 680w, https:\/\/lafilledecorinthe.com\/wordpress\/wp-content\/uploads\/2025\/12\/La-naissance-768x432.png 768w, https:\/\/lafilledecorinthe.com\/wordpress\/wp-content\/uploads\/2025\/12\/La-naissance-1536x864.png 1536w, https:\/\/lafilledecorinthe.com\/wordpress\/wp-content\/uploads\/2025\/12\/La-naissance-2048x1152.png 2048w\" sizes=\"auto, (max-width: 1280px) 100vw, 1280px\" \/><\/figure>\n\n\n\n<div class=\"wp-block-group is-layout-flex wp-block-group-is-layout-flex\">\n<div class=\"wp-block-file\"><a id=\"wp-block-file--media-ad454d8d-0ade-49e1-b71a-b335bc05d82c\" href=\"https:\/\/lafilledecorinthe.com\/wordpress\/wp-content\/uploads\/2025\/12\/Images-sequentielles-1-2.pdf\" target=\"_blank\" rel=\"noreferrer noopener\">Images se\u0301quentielles<\/a><\/div>\n\n\n\n<div class=\"wp-block-file\"><a id=\"wp-block-file--media-19de27f5-c008-40fd-b3d4-3a5e47aa20c9\" href=\"https:\/\/lafilledecorinthe.com\/wordpress\/wp-content\/uploads\/2025\/12\/Detranges-animaux-.pdf\" target=\"_blank\" rel=\"noreferrer noopener\">D\u2019e\u0301tranges animaux<\/a><\/div>\n<\/div>\n\n\n\n<figure class=\"wp-block-image size-large\"><img loading=\"lazy\" decoding=\"async\" width=\"1280\" height=\"720\" src=\"https:\/\/lafilledecorinthe.com\/wordpress\/wp-content\/uploads\/2025\/12\/Drops-1280x720.png\" alt=\"\" class=\"wp-image-15574\" srcset=\"https:\/\/lafilledecorinthe.com\/wordpress\/wp-content\/uploads\/2025\/12\/Drops-1280x720.png 1280w, https:\/\/lafilledecorinthe.com\/wordpress\/wp-content\/uploads\/2025\/12\/Drops-680x383.png 680w, https:\/\/lafilledecorinthe.com\/wordpress\/wp-content\/uploads\/2025\/12\/Drops-768x432.png 768w, https:\/\/lafilledecorinthe.com\/wordpress\/wp-content\/uploads\/2025\/12\/Drops-1536x864.png 1536w, https:\/\/lafilledecorinthe.com\/wordpress\/wp-content\/uploads\/2025\/12\/Drops-2048x1152.png 2048w\" sizes=\"auto, (max-width: 1280px) 100vw, 1280px\" \/><\/figure>\n\n\n\n<div class=\"wp-block-group is-layout-flex wp-block-group-is-layout-flex\">\n<div class=\"wp-block-file\"><a id=\"wp-block-file--media-4d4cba6f-a5bb-408a-9182-ff5b01da6ba8\" href=\"https:\/\/lafilledecorinthe.com\/wordpress\/wp-content\/uploads\/2025\/12\/Pour-aller-plus-loin-1-2.pdf\" target=\"_blank\" rel=\"noreferrer noopener\">Pour aller plus loin<\/a><\/div>\n\n\n\n<div class=\"wp-block-file\"><a id=\"wp-block-file--media-6d3fb776-ed81-4d48-b440-ac96e64c5da9\" href=\"https:\/\/lafilledecorinthe.com\/wordpress\/wp-content\/uploads\/2025\/12\/La-decomposition-du-mouvement.pdf\" target=\"_blank\" rel=\"noreferrer noopener\">La de\u0301composition du mouvement<\/a><\/div>\n\n\n\n<div class=\"wp-block-file\"><a id=\"wp-block-file--media-6a0d1f77-c9f6-4d9c-a126-f31fff2b9eef\" href=\"https:\/\/lafilledecorinthe.com\/wordpress\/wp-content\/uploads\/2025\/12\/Leau-na-pas-de-forme-.pdf\" target=\"_blank\" rel=\"noreferrer noopener\">L\u2019eau n\u2019a pas de forme<\/a><\/div>\n\n\n\n<div class=\"wp-block-file\"><a id=\"wp-block-file--media-bcedf772-8320-464d-86d3-275d6e301d25\" href=\"https:\/\/lafilledecorinthe.com\/wordpress\/wp-content\/uploads\/2025\/12\/Philly-et-Lilly-.pdf\" target=\"_blank\" rel=\"noreferrer noopener\">Philly et Lilly<\/a><\/div>\n\n\n\n<div class=\"wp-block-file\"><a id=\"wp-block-file--media-615c4ee2-fe8b-4c2f-abdf-4fea88473cd8\" href=\"https:\/\/lafilledecorinthe.com\/wordpress\/wp-content\/uploads\/2025\/12\/Que-ressentent-ils-.pdf\" target=\"_blank\" rel=\"noreferrer noopener\">Que ressentent-ils ?<\/a><\/div>\n<\/div>\n\n\n\n<figure class=\"wp-block-image size-large\"><img loading=\"lazy\" decoding=\"async\" width=\"1280\" height=\"720\" src=\"https:\/\/lafilledecorinthe.com\/wordpress\/wp-content\/uploads\/2025\/12\/Capture-decran-2025-12-17-a-16.42.33-1280x720.png\" alt=\"\" class=\"wp-image-15582\" srcset=\"https:\/\/lafilledecorinthe.com\/wordpress\/wp-content\/uploads\/2025\/12\/Capture-decran-2025-12-17-a-16.42.33-1280x720.png 1280w, https:\/\/lafilledecorinthe.com\/wordpress\/wp-content\/uploads\/2025\/12\/Capture-decran-2025-12-17-a-16.42.33-680x383.png 680w, https:\/\/lafilledecorinthe.com\/wordpress\/wp-content\/uploads\/2025\/12\/Capture-decran-2025-12-17-a-16.42.33-768x432.png 768w, https:\/\/lafilledecorinthe.com\/wordpress\/wp-content\/uploads\/2025\/12\/Capture-decran-2025-12-17-a-16.42.33-1536x864.png 1536w, https:\/\/lafilledecorinthe.com\/wordpress\/wp-content\/uploads\/2025\/12\/Capture-decran-2025-12-17-a-16.42.33-2048x1152.png 2048w\" sizes=\"auto, (max-width: 1280px) 100vw, 1280px\" \/><\/figure>\n\n\n\n<div class=\"wp-block-group is-nowrap is-layout-flex wp-container-core-group-is-layout-ad2f72ca wp-block-group-is-layout-flex\">\n<div class=\"wp-block-file\"><a id=\"wp-block-file--media-a112e078-34b2-4b92-af4f-95c1ada6330d\" href=\"https:\/\/lafilledecorinthe.com\/wordpress\/wp-content\/uploads\/2025\/12\/Images-sequentielles-1-4.pdf\" target=\"_blank\" rel=\"noreferrer noopener\">Images se\u0301quentielles<\/a><\/div>\n\n\n\n<div class=\"wp-block-file\"><a id=\"wp-block-file--media-39992ff6-7197-4285-9f92-01334ce13595\" href=\"https:\/\/lafilledecorinthe.com\/wordpress\/wp-content\/uploads\/2025\/12\/Les-bruits-de-la-nuit-.pdf\" target=\"_blank\" rel=\"noreferrer noopener\">Les bruits de la nuit<\/a><\/div>\n\n\n\n<div class=\"wp-block-file\"><a id=\"wp-block-file--media-e94247fd-4e47-4c9e-bdf3-31ff44f8a9ab\" href=\"https:\/\/lafilledecorinthe.com\/wordpress\/wp-content\/uploads\/2025\/12\/Tournelune-.pdf\" target=\"_blank\" rel=\"noreferrer noopener\">Tournelune<\/a><\/div>\n\n\n\n<div class=\"wp-block-file\"><a id=\"wp-block-file--media-b4f07449-42dd-41a5-a12f-8ca453701087\" href=\"https:\/\/lafilledecorinthe.com\/wordpress\/wp-content\/uploads\/2025\/12\/La-moisonneuse-batteuse-.pdf\" target=\"_blank\" rel=\"noreferrer noopener\">La moisonneuse batteuse<\/a><\/div>\n<\/div>\n\n\n\n<figure class=\"wp-block-image size-large\"><img loading=\"lazy\" decoding=\"async\" width=\"1280\" height=\"720\" src=\"https:\/\/lafilledecorinthe.com\/wordpress\/wp-content\/uploads\/2025\/12\/Capture-decran-2025-12-17-a-16.42.44-1280x720.png\" alt=\"\" class=\"wp-image-15583\" srcset=\"https:\/\/lafilledecorinthe.com\/wordpress\/wp-content\/uploads\/2025\/12\/Capture-decran-2025-12-17-a-16.42.44-1280x720.png 1280w, https:\/\/lafilledecorinthe.com\/wordpress\/wp-content\/uploads\/2025\/12\/Capture-decran-2025-12-17-a-16.42.44-680x383.png 680w, https:\/\/lafilledecorinthe.com\/wordpress\/wp-content\/uploads\/2025\/12\/Capture-decran-2025-12-17-a-16.42.44-768x432.png 768w, https:\/\/lafilledecorinthe.com\/wordpress\/wp-content\/uploads\/2025\/12\/Capture-decran-2025-12-17-a-16.42.44-1536x864.png 1536w, https:\/\/lafilledecorinthe.com\/wordpress\/wp-content\/uploads\/2025\/12\/Capture-decran-2025-12-17-a-16.42.44-2048x1152.png 2048w\" sizes=\"auto, (max-width: 1280px) 100vw, 1280px\" \/><\/figure>\n\n\n\n<div class=\"wp-block-group is-layout-flex wp-block-group-is-layout-flex\">\n<div class=\"wp-block-file\"><a id=\"wp-block-file--media-9fd0e5c8-2cb4-4b3e-aa6f-348d99ee8606\" href=\"https:\/\/lafilledecorinthe.com\/wordpress\/wp-content\/uploads\/2025\/12\/Pour-aller-plus-loin-2-.pdf\" target=\"_blank\" rel=\"noreferrer noopener\">Pour aller plus loin 2<\/a><\/div>\n\n\n\n<div class=\"wp-block-file\"><a id=\"wp-block-file--media-1a32899f-2048-426a-9f65-035d180fc1be\" href=\"https:\/\/lafilledecorinthe.com\/wordpress\/wp-content\/uploads\/2025\/12\/Une-maison-a-son-image-.pdf\" target=\"_blank\" rel=\"noreferrer noopener\">Une maison a\u0300 son image<\/a><\/div>\n\n\n\n<div class=\"wp-block-file\"><a id=\"wp-block-file--media-3da5630b-5afa-4263-a36b-87989107490d\" href=\"https:\/\/lafilledecorinthe.com\/wordpress\/wp-content\/uploads\/2025\/12\/Tout-a-commence-.pdf\" target=\"_blank\" rel=\"noreferrer noopener\">Tout a commence\u0301<\/a><\/div>\n\n\n\n<div class=\"wp-block-file\"><a id=\"wp-block-file--media-914035cd-a5a7-4274-8da7-9fd4193d9604\" href=\"https:\/\/lafilledecorinthe.com\/wordpress\/wp-content\/uploads\/2025\/12\/Des-plans-subjectifs-.pdf\" target=\"_blank\" rel=\"noreferrer noopener\">Des plans subjectifs<\/a><\/div>\n\n\n\n<div class=\"wp-block-file\"><a id=\"wp-block-file--media-b54d319a-edf0-4468-8592-208046fc2834\" href=\"https:\/\/lafilledecorinthe.com\/wordpress\/wp-content\/uploads\/2025\/12\/Un-gnome-tres-expressif-.pdf\" target=\"_blank\" rel=\"noreferrer noopener\">Un gnome tre\u0300s expressif<\/a><\/div>\n<\/div>\n\n\n\n<figure class=\"wp-block-image size-large\"><img loading=\"lazy\" decoding=\"async\" width=\"1280\" height=\"720\" src=\"https:\/\/lafilledecorinthe.com\/wordpress\/wp-content\/uploads\/2025\/12\/Capture-decran-2025-12-17-a-17.00.33-1280x720.png\" alt=\"\" class=\"wp-image-15594\" srcset=\"https:\/\/lafilledecorinthe.com\/wordpress\/wp-content\/uploads\/2025\/12\/Capture-decran-2025-12-17-a-17.00.33-1280x720.png 1280w, https:\/\/lafilledecorinthe.com\/wordpress\/wp-content\/uploads\/2025\/12\/Capture-decran-2025-12-17-a-17.00.33-680x383.png 680w, https:\/\/lafilledecorinthe.com\/wordpress\/wp-content\/uploads\/2025\/12\/Capture-decran-2025-12-17-a-17.00.33-768x432.png 768w, https:\/\/lafilledecorinthe.com\/wordpress\/wp-content\/uploads\/2025\/12\/Capture-decran-2025-12-17-a-17.00.33-1536x864.png 1536w, https:\/\/lafilledecorinthe.com\/wordpress\/wp-content\/uploads\/2025\/12\/Capture-decran-2025-12-17-a-17.00.33-2048x1152.png 2048w\" sizes=\"auto, (max-width: 1280px) 100vw, 1280px\" \/><\/figure>\n\n\n\n<div class=\"wp-block-group is-layout-flex wp-block-group-is-layout-flex\">\n<div class=\"wp-block-file\"><a id=\"wp-block-file--media-118250d0-a0d1-4a26-b29b-81a934de66d2\" href=\"https:\/\/lafilledecorinthe.com\/wordpress\/wp-content\/uploads\/2025\/12\/Cache-cache-le-regard-dune-naturaliste-.pdf\" target=\"_blank\" rel=\"noreferrer noopener\">Cache-cache-le-regard-dune-naturaliste-<\/a><\/div>\n\n\n\n<div class=\"wp-block-file\"><a id=\"wp-block-file--media-0dc7be6b-6d9c-4df8-aa31-71d449d411b1\" href=\"https:\/\/lafilledecorinthe.com\/wordpress\/wp-content\/uploads\/2025\/12\/Cache-cache-une-question-de-taille-.pdf\" target=\"_blank\" rel=\"noreferrer noopener\">Cache-cache-une-question-de-taille-<\/a><\/div>\n\n\n\n<div class=\"wp-block-file\"><a id=\"wp-block-file--media-7e7b4a1d-fd9c-4eb1-845b-a9f955c728e8\" href=\"https:\/\/lafilledecorinthe.com\/wordpress\/wp-content\/uploads\/2025\/12\/Le-jeu-des-paires.pdf\" target=\"_blank\" rel=\"noreferrer noopener\">Le jeu des paires<\/a><\/div>\n<\/div>\n\n\n\n<figure class=\"wp-block-image size-large\"><img loading=\"lazy\" decoding=\"async\" width=\"1280\" height=\"720\" src=\"https:\/\/lafilledecorinthe.com\/wordpress\/wp-content\/uploads\/2025\/12\/Ellis-Fot-1280x720.png\" alt=\"\" class=\"wp-image-15598\" srcset=\"https:\/\/lafilledecorinthe.com\/wordpress\/wp-content\/uploads\/2025\/12\/Ellis-Fot-1280x720.png 1280w, https:\/\/lafilledecorinthe.com\/wordpress\/wp-content\/uploads\/2025\/12\/Ellis-Fot-680x383.png 680w, https:\/\/lafilledecorinthe.com\/wordpress\/wp-content\/uploads\/2025\/12\/Ellis-Fot-768x432.png 768w, https:\/\/lafilledecorinthe.com\/wordpress\/wp-content\/uploads\/2025\/12\/Ellis-Fot-1536x864.png 1536w, https:\/\/lafilledecorinthe.com\/wordpress\/wp-content\/uploads\/2025\/12\/Ellis-Fot-2048x1152.png 2048w\" sizes=\"auto, (max-width: 1280px) 100vw, 1280px\" \/><\/figure>\n\n\n\n<div class=\"wp-block-group is-layout-flex wp-block-group-is-layout-flex\">\n<div class=\"wp-block-file\"><a id=\"wp-block-file--media-aa8bb83b-d4de-4327-b36b-74b2b607017a\" href=\"https:\/\/lafilledecorinthe.com\/wordpress\/wp-content\/uploads\/2025\/12\/Pour-aller-plus-loin-3-.pdf\" target=\"_blank\" rel=\"noreferrer noopener\">Pour aller plus loin 3<\/a><\/div>\n\n\n\n<div class=\"wp-block-file\"><a id=\"wp-block-file--media-006a4c8e-4516-422d-a3ee-691d7124e593\" href=\"https:\/\/lafilledecorinthe.com\/wordpress\/wp-content\/uploads\/2025\/12\/Du-iz-tak-Images-sequentielles-.pdf\" target=\"_blank\" rel=\"noreferrer noopener\">Du-iz-tak-Images-se\u0301quentielles-<\/a><\/div>\n<\/div>\n","protected":false},"excerpt":{"rendered":"<p>Projection-conf\u00e9rence :Au cin\u00e9ma Le Kosmos de Fontenay sous BoisMercredi 17 d\u00e9cembre 2025Avec la complicit\u00e9 de Cin\u00e9ma Public<\/p>\n","protected":false},"author":2,"featured_media":15565,"comment_status":"open","ping_status":"open","sticky":false,"template":"","format":"standard","meta":{"_kad_post_transparent":"","_kad_post_title":"","_kad_post_layout":"","_kad_post_sidebar_id":"","_kad_post_content_style":"","_kad_post_vertical_padding":"","_kad_post_feature":"","_kad_post_feature_position":"","_kad_post_header":false,"_kad_post_footer":false,"_kad_post_classname":"","footnotes":""},"categories":[8],"tags":[2450,2535,974,2532,2536,2534,2530,2376,2531,2533],"class_list":["post-15566","post","type-post","status-publish","format-standard","has-post-thumbnail","hentry","category-formations-adultes","tag-2450","tag-cache-cache","tag-cinema-public","tag-drops","tag-du-iz-tak","tag-le-gnome-et-le-nuage","tag-le-kosmos","tag-maternelle-au-cinema","tag-naissance-des-oasis","tag-tournesol"],"_links":{"self":[{"href":"https:\/\/lafilledecorinthe.com\/wordpress\/wp-json\/wp\/v2\/posts\/15566","targetHints":{"allow":["GET"]}}],"collection":[{"href":"https:\/\/lafilledecorinthe.com\/wordpress\/wp-json\/wp\/v2\/posts"}],"about":[{"href":"https:\/\/lafilledecorinthe.com\/wordpress\/wp-json\/wp\/v2\/types\/post"}],"author":[{"embeddable":true,"href":"https:\/\/lafilledecorinthe.com\/wordpress\/wp-json\/wp\/v2\/users\/2"}],"replies":[{"embeddable":true,"href":"https:\/\/lafilledecorinthe.com\/wordpress\/wp-json\/wp\/v2\/comments?post=15566"}],"version-history":[{"count":6,"href":"https:\/\/lafilledecorinthe.com\/wordpress\/wp-json\/wp\/v2\/posts\/15566\/revisions"}],"predecessor-version":[{"id":15601,"href":"https:\/\/lafilledecorinthe.com\/wordpress\/wp-json\/wp\/v2\/posts\/15566\/revisions\/15601"}],"wp:featuredmedia":[{"embeddable":true,"href":"https:\/\/lafilledecorinthe.com\/wordpress\/wp-json\/wp\/v2\/media\/15565"}],"wp:attachment":[{"href":"https:\/\/lafilledecorinthe.com\/wordpress\/wp-json\/wp\/v2\/media?parent=15566"}],"wp:term":[{"taxonomy":"category","embeddable":true,"href":"https:\/\/lafilledecorinthe.com\/wordpress\/wp-json\/wp\/v2\/categories?post=15566"},{"taxonomy":"post_tag","embeddable":true,"href":"https:\/\/lafilledecorinthe.com\/wordpress\/wp-json\/wp\/v2\/tags?post=15566"}],"curies":[{"name":"wp","href":"https:\/\/api.w.org\/{rel}","templated":true}]}}