{"id":14698,"date":"2025-12-07T15:04:02","date_gmt":"2025-12-07T14:04:02","guid":{"rendered":"https:\/\/lafilledecorinthe.com\/wordpress\/?p=14698"},"modified":"2025-12-07T15:11:31","modified_gmt":"2025-12-07T14:11:31","slug":"katia-et-le-crocodile-ecole-et-cinema-92","status":"publish","type":"post","link":"https:\/\/lafilledecorinthe.com\/wordpress\/2025\/12\/katia-et-le-crocodile-ecole-et-cinema-92\/","title":{"rendered":"\u00ab\u00a0Katia et le crocodile\u00a0\u00bb \u00c9cole et Cin\u00e9ma 92"},"content":{"rendered":"\n<blockquote class=\"wp-block-quote is-layout-flow wp-block-quote-is-layout-flow\">\n<p><em>\u00ab\u00a0Ma premi\u00e8re cam\u00e9ra \u00e9tait une 8 mm, maintenant tout le monde a sa propre cam\u00e9ra vid\u00e9o et peut filmer. Mais j&rsquo;ai toujours accord\u00e9 plus d&rsquo;importance \u00e0 l&rsquo;image elle-m\u00eame qu&rsquo;au jeu d&rsquo;acteur. Je suis plus exigeante avec les cadreurs qu&rsquo;avec les acteurs. Pour qu&rsquo;ils ne s&#8217;emparent pas de la cam\u00e9ra.\u00a0\u00bb\u00a0<\/em><br><a href=\"https:\/\/hradec.rozhlas.cz\/lisaci-mysaci-a-sibenicak-nebo-pani-kluci-reziserka-vera-plivova-simkova-slavi-9244088\" data-type=\"link\" data-id=\"https:\/\/hradec.rozhlas.cz\/lisaci-mysaci-a-sibenicak-nebo-pani-kluci-reziserka-vera-plivova-simkova-slavi-9244088\">Interview<\/a> de V\u011bra Pl\u00edvov\u00e1-\u0160imkov\u00e1, Eliska Pilarova, 2024<\/p>\n<\/blockquote>\n\n\n\n<p><em><strong>Projection-conf\u00e9rence :<\/strong><\/em><br><em>Katia et le crocodile, <\/em>V\u011bra Pl\u00edvov\u00e1-\u0160imkov\u00e1, 1965<br>Cin\u00e9ma<em>&nbsp;<em>Jean Vigo<\/em>&nbsp;<\/em>de Gennevilliers<br>Samedi&nbsp;6 d\u00e9cembre 2025<br>Co-animation avec Marc Laugenie (conseiller p\u00e9dagogique en musique)<em>&nbsp;&nbsp; &nbsp;<\/em><\/p>\n\n\n\n<p>Documents \u00e0 t\u00e9l\u00e9charger<a href=\"https:\/\/lafilledecorinthe.com\/wordpress\/2025\/09\/maternelle-au-cinema-95-20252026\/\" data-type=\"link\" data-id=\"https:\/\/lafilledecorinthe.com\/wordpress\/2025\/09\/maternelle-au-cinema-95-20252026\/\"> ici<\/a><\/p>\n\n\n\n<div class=\"wp-block-group is-layout-flex wp-block-group-is-layout-flex\">\n<div class=\"wp-block-file\"><a id=\"wp-block-file--media-f6cc7dfb-abd0-4bd1-925b-2b9b8747d95f\" href=\"https:\/\/lafilledecorinthe.com\/wordpress\/wp-content\/uploads\/2025\/12\/Pour-aller-plus-loin-1-1.pdf\" target=\"_blank\" rel=\"noreferrer noopener\">Pour aller plus loin<\/a><\/div>\n\n\n\n<div class=\"wp-block-file\"><a id=\"wp-block-file--media-48d05bb1-ed4b-4425-b917-b9cd80d04413\" href=\"https:\/\/lafilledecorinthe.com\/wordpress\/wp-content\/uploads\/2025\/12\/Une-autre-affiche-.pdf\" target=\"_blank\" rel=\"noreferrer noopener\">Une autre affiche<\/a><\/div>\n<\/div>\n\n\n\n<figure class=\"wp-block-image size-large\"><img loading=\"lazy\" decoding=\"async\" width=\"1280\" height=\"719\" src=\"https:\/\/lafilledecorinthe.com\/wordpress\/wp-content\/uploads\/2025\/12\/A-1280x719.png\" alt=\"\" class=\"wp-image-14954\" srcset=\"https:\/\/lafilledecorinthe.com\/wordpress\/wp-content\/uploads\/2025\/12\/A-1280x719.png 1280w, https:\/\/lafilledecorinthe.com\/wordpress\/wp-content\/uploads\/2025\/12\/A-680x382.png 680w, https:\/\/lafilledecorinthe.com\/wordpress\/wp-content\/uploads\/2025\/12\/A-768x431.png 768w, https:\/\/lafilledecorinthe.com\/wordpress\/wp-content\/uploads\/2025\/12\/A-1536x863.png 1536w, https:\/\/lafilledecorinthe.com\/wordpress\/wp-content\/uploads\/2025\/12\/A.png 1830w\" sizes=\"auto, (max-width: 1280px) 100vw, 1280px\" \/><\/figure>\n\n\n\n<figure class=\"wp-block-image size-large\"><img loading=\"lazy\" decoding=\"async\" width=\"1280\" height=\"719\" src=\"https:\/\/lafilledecorinthe.com\/wordpress\/wp-content\/uploads\/2025\/12\/B-1280x719.png\" alt=\"\" class=\"wp-image-14955\" srcset=\"https:\/\/lafilledecorinthe.com\/wordpress\/wp-content\/uploads\/2025\/12\/B-1280x719.png 1280w, https:\/\/lafilledecorinthe.com\/wordpress\/wp-content\/uploads\/2025\/12\/B-680x382.png 680w, https:\/\/lafilledecorinthe.com\/wordpress\/wp-content\/uploads\/2025\/12\/B-768x431.png 768w, https:\/\/lafilledecorinthe.com\/wordpress\/wp-content\/uploads\/2025\/12\/B-1536x863.png 1536w, https:\/\/lafilledecorinthe.com\/wordpress\/wp-content\/uploads\/2025\/12\/B.png 1830w\" sizes=\"auto, (max-width: 1280px) 100vw, 1280px\" \/><\/figure>\n\n\n\n<figure class=\"wp-block-image size-large\"><img loading=\"lazy\" decoding=\"async\" width=\"1280\" height=\"719\" src=\"https:\/\/lafilledecorinthe.com\/wordpress\/wp-content\/uploads\/2025\/12\/C-1280x719.png\" alt=\"\" class=\"wp-image-14956\" srcset=\"https:\/\/lafilledecorinthe.com\/wordpress\/wp-content\/uploads\/2025\/12\/C-1280x719.png 1280w, https:\/\/lafilledecorinthe.com\/wordpress\/wp-content\/uploads\/2025\/12\/C-680x382.png 680w, https:\/\/lafilledecorinthe.com\/wordpress\/wp-content\/uploads\/2025\/12\/C-768x431.png 768w, https:\/\/lafilledecorinthe.com\/wordpress\/wp-content\/uploads\/2025\/12\/C-1536x863.png 1536w, https:\/\/lafilledecorinthe.com\/wordpress\/wp-content\/uploads\/2025\/12\/C.png 1830w\" sizes=\"auto, (max-width: 1280px) 100vw, 1280px\" \/><\/figure>\n\n\n\n<figure class=\"wp-block-image size-large\"><img loading=\"lazy\" decoding=\"async\" width=\"1280\" height=\"719\" src=\"https:\/\/lafilledecorinthe.com\/wordpress\/wp-content\/uploads\/2025\/12\/D-1280x719.png\" alt=\"\" class=\"wp-image-14958\" srcset=\"https:\/\/lafilledecorinthe.com\/wordpress\/wp-content\/uploads\/2025\/12\/D-1280x719.png 1280w, https:\/\/lafilledecorinthe.com\/wordpress\/wp-content\/uploads\/2025\/12\/D-680x382.png 680w, https:\/\/lafilledecorinthe.com\/wordpress\/wp-content\/uploads\/2025\/12\/D-768x431.png 768w, https:\/\/lafilledecorinthe.com\/wordpress\/wp-content\/uploads\/2025\/12\/D-1536x863.png 1536w, https:\/\/lafilledecorinthe.com\/wordpress\/wp-content\/uploads\/2025\/12\/D.png 1830w\" sizes=\"auto, (max-width: 1280px) 100vw, 1280px\" \/><\/figure>\n","protected":false},"excerpt":{"rendered":"<p>\u00ab\u00a0Ma premi\u00e8re cam\u00e9ra \u00e9tait une 8 mm, maintenant tout le monde a sa propre cam\u00e9ra vid\u00e9o et peut filmer. Mais j&rsquo;ai toujours accord\u00e9 plus d&rsquo;importance \u00e0 l&rsquo;image elle-m\u00eame qu&rsquo;au jeu d&rsquo;acteur. Je suis plus exigeante avec les cadreurs qu&rsquo;avec les acteurs. Pour qu&rsquo;ils ne s&#8217;emparent pas de la cam\u00e9ra.\u00a0\u00bb\u00a0Interview de V\u011bra Pl\u00edvov\u00e1-\u0160imkov\u00e1, Eliska Pilarova, 2024&#8230;<\/p>\n","protected":false},"author":2,"featured_media":14950,"comment_status":"open","ping_status":"open","sticky":false,"template":"","format":"standard","meta":{"_kad_post_transparent":"","_kad_post_title":"","_kad_post_layout":"","_kad_post_sidebar_id":"","_kad_post_content_style":"","_kad_post_vertical_padding":"","_kad_post_feature":"","_kad_post_feature_position":"","_kad_post_header":false,"_kad_post_footer":false,"_kad_post_classname":"","footnotes":""},"categories":[8],"tags":[2525,2492,2528,2529,2526],"class_list":["post-14698","post","type-post","status-publish","format-standard","has-post-thumbnail","hentry","category-formations-adultes","tag-katia-et-le-crocodile-ecole-et-cinema-92","tag-jan-zrzavy","tag-jiri-kolar","tag-josef-et-karel-capek","tag-vera-plivova-simkova"],"_links":{"self":[{"href":"https:\/\/lafilledecorinthe.com\/wordpress\/wp-json\/wp\/v2\/posts\/14698","targetHints":{"allow":["GET"]}}],"collection":[{"href":"https:\/\/lafilledecorinthe.com\/wordpress\/wp-json\/wp\/v2\/posts"}],"about":[{"href":"https:\/\/lafilledecorinthe.com\/wordpress\/wp-json\/wp\/v2\/types\/post"}],"author":[{"embeddable":true,"href":"https:\/\/lafilledecorinthe.com\/wordpress\/wp-json\/wp\/v2\/users\/2"}],"replies":[{"embeddable":true,"href":"https:\/\/lafilledecorinthe.com\/wordpress\/wp-json\/wp\/v2\/comments?post=14698"}],"version-history":[{"count":7,"href":"https:\/\/lafilledecorinthe.com\/wordpress\/wp-json\/wp\/v2\/posts\/14698\/revisions"}],"predecessor-version":[{"id":14961,"href":"https:\/\/lafilledecorinthe.com\/wordpress\/wp-json\/wp\/v2\/posts\/14698\/revisions\/14961"}],"wp:featuredmedia":[{"embeddable":true,"href":"https:\/\/lafilledecorinthe.com\/wordpress\/wp-json\/wp\/v2\/media\/14950"}],"wp:attachment":[{"href":"https:\/\/lafilledecorinthe.com\/wordpress\/wp-json\/wp\/v2\/media?parent=14698"}],"wp:term":[{"taxonomy":"category","embeddable":true,"href":"https:\/\/lafilledecorinthe.com\/wordpress\/wp-json\/wp\/v2\/categories?post=14698"},{"taxonomy":"post_tag","embeddable":true,"href":"https:\/\/lafilledecorinthe.com\/wordpress\/wp-json\/wp\/v2\/tags?post=14698"}],"curies":[{"name":"wp","href":"https:\/\/api.w.org\/{rel}","templated":true}]}}