{"id":1465,"date":"2012-12-09T22:16:52","date_gmt":"2012-12-09T21:16:52","guid":{"rendered":"http:\/\/lafilledecorinthe.com\/wordpress\/?p=1465"},"modified":"2025-12-06T19:04:52","modified_gmt":"2025-12-06T18:04:52","slug":"le-tres-jeune-spectateur-au-cinema","status":"publish","type":"post","link":"https:\/\/lafilledecorinthe.com\/wordpress\/2012\/12\/le-tres-jeune-spectateur-au-cinema\/","title":{"rendered":"Le tr\u00e8s jeune spectateur au cin\u00e9ma &#8230;"},"content":{"rendered":"\n<p class=\"has-text-align-left\">\u00ab\u00a0[ &#8230;] cet \u00e9cran gigantesque qui domine une salle amoureusement rassembl\u00e9e devant lui, remplie de tout petits hommes qui regardent, charm\u00e9s, d&rsquo;immenses faces, d&rsquo;immenses l\u00e8vres, d&rsquo;immenses yeux vivant et respirant dans une autre, une inatteignable dimension, fantastique et \u00e0 la fois r\u00e9elle [&#8230;]\u00a0\u00bb .<br>\u00ab\u00a0Fellini par Fellini\u00a0\u00bb, entretiens avec Giovanni Grazzini<\/p>\n\n\n\n<p>Convaincu que la d\u00e9couverte d&rsquo;un film dans le contexte d&rsquo;une salle de cin\u00e9ma reste une exp\u00e9rience fondatrice, le groupe \u00ab\u00a0\u00e9cole et cin\u00e9ma\u00a0\u00bb du Val d&rsquo;Oise ouvre cette ann\u00e9e le dispositif aux classes de maternelle. Les enseignants volontaires sont invit\u00e9s \u00e0 voir les films programm\u00e9s sur grand \u00e9cran et \u00e0 r\u00e9fl\u00e9chir sur les enjeux d&rsquo;une telle aventure lors des pr\u00e9-projections organis\u00e9es le mercredi 12 d\u00e9cembre dans trois salles partenaires.<\/p>\n\n\n\n<p>Cin\u00e9ma <a href=\"http:\/\/cineprevert.blogspot.fr\" target=\"_blank\" rel=\"noopener\">Jacques Pr\u00e9vert<\/a> (Gonesse) \u00e0 9h<\/p>\n\n\n\n<p>Cin\u00e9ma <a href=\"http:\/\/www.argenteuil.fr\/401-le-figuier-blanc.htm\" target=\"_blank\" rel=\"noopener\">Le Figuier blanc<\/a> (Argenteuil) \u00e0 11h<\/p>\n\n\n\n<p>Cin\u00e9ma <a href=\"http:\/\/www.cinemas-utopia.org\/saintouen\/\" target=\"_blank\" rel=\"noopener\">Utopia<\/a> (Saint Ouen l&rsquo;Aum\u00f4ne) \u00e0 14h<\/p>\n\n\n\n<p>Voici les films qui vont regarder leur enfance&#8230;<\/p>\n\n\n<div class=\"wp-block-image\">\n<figure class=\"aligncenter size-medium\"><a href=\"https:\/\/lafilledecorinthe.com\/wordpress\/wp-content\/uploads\/2012\/12\/Bonhomme_2.jpg\"><img loading=\"lazy\" decoding=\"async\" width=\"680\" height=\"368\" src=\"https:\/\/lafilledecorinthe.com\/wordpress\/wp-content\/uploads\/2012\/12\/Bonhomme_2-680x368.jpg\" alt=\"\" class=\"wp-image-1524\" srcset=\"https:\/\/lafilledecorinthe.com\/wordpress\/wp-content\/uploads\/2012\/12\/Bonhomme_2-680x368.jpg 680w, https:\/\/lafilledecorinthe.com\/wordpress\/wp-content\/uploads\/2012\/12\/Bonhomme_2-500x270.jpg 500w, https:\/\/lafilledecorinthe.com\/wordpress\/wp-content\/uploads\/2012\/12\/Bonhomme_2.jpg 800w\" sizes=\"auto, (max-width: 680px) 100vw, 680px\" \/><\/a><figcaption class=\"wp-element-caption\">\u00ab\u00a0Le bonhomme de neige\u00a0\u00bb de Diane Jackson, 1982<\/figcaption><\/figure>\n<\/div>\n\n<div class=\"wp-block-image\">\n<figure class=\"aligncenter size-medium\"><a href=\"https:\/\/lafilledecorinthe.com\/wordpress\/wp-content\/uploads\/2012\/12\/l-oiseau-cachalot2.jpg\"><img loading=\"lazy\" decoding=\"async\" width=\"680\" height=\"382\" src=\"https:\/\/lafilledecorinthe.com\/wordpress\/wp-content\/uploads\/2012\/12\/l-oiseau-cachalot2-680x382.jpg\" alt=\"\" class=\"wp-image-1526\" srcset=\"https:\/\/lafilledecorinthe.com\/wordpress\/wp-content\/uploads\/2012\/12\/l-oiseau-cachalot2-680x382.jpg 680w, https:\/\/lafilledecorinthe.com\/wordpress\/wp-content\/uploads\/2012\/12\/l-oiseau-cachalot2-500x281.jpg 500w, https:\/\/lafilledecorinthe.com\/wordpress\/wp-content\/uploads\/2012\/12\/l-oiseau-cachalot2.jpg 800w\" sizes=\"auto, (max-width: 680px) 100vw, 680px\" \/><\/a><figcaption class=\"wp-element-caption\">\u00ab\u00a0L&rsquo;oiseau cachalot\u00a0\u00bb de Sophie Roze, 2011<\/figcaption><\/figure>\n<\/div>\n\n<div class=\"wp-block-image\">\n<figure class=\"aligncenter size-medium\"><a href=\"https:\/\/lafilledecorinthe.com\/wordpress\/wp-content\/uploads\/2012\/12\/02_Le-Sans-nom_300dpi.jpg\"><img loading=\"lazy\" decoding=\"async\" width=\"680\" height=\"340\" src=\"https:\/\/lafilledecorinthe.com\/wordpress\/wp-content\/uploads\/2012\/12\/02_Le-Sans-nom_300dpi-680x340.jpg\" alt=\"\" class=\"wp-image-1527\" srcset=\"https:\/\/lafilledecorinthe.com\/wordpress\/wp-content\/uploads\/2012\/12\/02_Le-Sans-nom_300dpi-680x340.jpg 680w, https:\/\/lafilledecorinthe.com\/wordpress\/wp-content\/uploads\/2012\/12\/02_Le-Sans-nom_300dpi-500x250.jpg 500w, https:\/\/lafilledecorinthe.com\/wordpress\/wp-content\/uploads\/2012\/12\/02_Le-Sans-nom_300dpi.jpg 800w\" sizes=\"auto, (max-width: 680px) 100vw, 680px\" \/><\/a><figcaption class=\"wp-element-caption\">\u00ab\u00a0Le sans nom\u00a0\u00bb de Violaine Lecuyer, 2010<\/figcaption><\/figure>\n<\/div>\n\n<div class=\"wp-block-image\">\n<figure class=\"aligncenter size-medium\"><a href=\"https:\/\/lafilledecorinthe.com\/wordpress\/wp-content\/uploads\/2012\/12\/beau-voyage.jpg\"><img loading=\"lazy\" decoding=\"async\" width=\"680\" height=\"680\" src=\"https:\/\/lafilledecorinthe.com\/wordpress\/wp-content\/uploads\/2012\/12\/beau-voyage-680x680.jpg\" alt=\"\" class=\"wp-image-1528\" srcset=\"https:\/\/lafilledecorinthe.com\/wordpress\/wp-content\/uploads\/2012\/12\/beau-voyage-680x680.jpg 680w, https:\/\/lafilledecorinthe.com\/wordpress\/wp-content\/uploads\/2012\/12\/beau-voyage-200x200.jpg 200w, https:\/\/lafilledecorinthe.com\/wordpress\/wp-content\/uploads\/2012\/12\/beau-voyage-300x300.jpg 300w, https:\/\/lafilledecorinthe.com\/wordpress\/wp-content\/uploads\/2012\/12\/beau-voyage.jpg 800w\" sizes=\"auto, (max-width: 680px) 100vw, 680px\" \/><\/a><figcaption class=\"wp-element-caption\">\u00ab\u00a0Beau voyage\u00a0\u00bb de Samuel Ribeyron, 2010<\/figcaption><\/figure>\n<\/div>\n\n<div class=\"wp-block-image\">\n<figure class=\"aligncenter size-medium\"><a href=\"https:\/\/lafilledecorinthe.com\/wordpress\/wp-content\/uploads\/2012\/12\/inukshuk3.jpg\"><img loading=\"lazy\" decoding=\"async\" width=\"680\" height=\"510\" src=\"https:\/\/lafilledecorinthe.com\/wordpress\/wp-content\/uploads\/2012\/12\/inukshuk3-680x510.jpg\" alt=\"\" class=\"wp-image-1529\" srcset=\"https:\/\/lafilledecorinthe.com\/wordpress\/wp-content\/uploads\/2012\/12\/inukshuk3-680x510.jpg 680w, https:\/\/lafilledecorinthe.com\/wordpress\/wp-content\/uploads\/2012\/12\/inukshuk3-400x300.jpg 400w, https:\/\/lafilledecorinthe.com\/wordpress\/wp-content\/uploads\/2012\/12\/inukshuk3.jpg 800w\" sizes=\"auto, (max-width: 680px) 100vw, 680px\" \/><\/a><figcaption class=\"wp-element-caption\">\u00ab\u00a0Inukshuk\u00a0\u00bb de Camillelvis Thery, 2009<\/figcaption><\/figure>\n<\/div>\n\n<div class=\"wp-block-image\">\n<figure class=\"aligncenter size-medium\"><a href=\"https:\/\/lafilledecorinthe.com\/wordpress\/wp-content\/uploads\/2012\/12\/lenfant_sans__bouche.png\"><img loading=\"lazy\" decoding=\"async\" width=\"680\" height=\"578\" src=\"https:\/\/lafilledecorinthe.com\/wordpress\/wp-content\/uploads\/2012\/12\/lenfant_sans__bouche-680x578.png\" alt=\"\" class=\"wp-image-1530\" srcset=\"https:\/\/lafilledecorinthe.com\/wordpress\/wp-content\/uploads\/2012\/12\/lenfant_sans__bouche-680x578.png 680w, https:\/\/lafilledecorinthe.com\/wordpress\/wp-content\/uploads\/2012\/12\/lenfant_sans__bouche-352x300.png 352w, https:\/\/lafilledecorinthe.com\/wordpress\/wp-content\/uploads\/2012\/12\/lenfant_sans__bouche.png 800w\" sizes=\"auto, (max-width: 680px) 100vw, 680px\" \/><\/a><figcaption class=\"wp-element-caption\">\u00ab\u00a0L&rsquo;enfant sans bouche\u00a0\u00bb de Pierre-Luc Granjon, 2004<\/figcaption><\/figure>\n<\/div>\n\n\n<p>Document PDF :&nbsp;<a href=\"https:\/\/lafilledecorinthe.com\/wordpress\/wp-content\/uploads\/2012\/12\/pour-aller-plus-loin.pdf\">pour aller plus loin<\/a><\/p>\n\n\n\n<p>Album <a title=\"Mes albums\" href=\"https:\/\/lafilledecorinthe.com\/wordpress\/mes-albums\/\" target=\"_blank\" rel=\"noopener\">\u00ab\u00a0face \u00e0 face\u00a0\u00bb<\/a><\/p>\n","protected":false},"excerpt":{"rendered":"<p>\u00ab\u00a0[ &#8230;] cet \u00e9cran gigantesque qui domine une salle amoureusement rassembl\u00e9e devant lui, remplie de tout petits hommes qui regardent, charm\u00e9s, d&rsquo;immenses faces, d&rsquo;immenses l\u00e8vres, d&rsquo;immenses yeux vivant et respirant dans une autre, une inatteignable dimension, fantastique et \u00e0 la fois r\u00e9elle [&#8230;]\u00a0\u00bb .\u00ab\u00a0Fellini par Fellini\u00a0\u00bb, entretiens avec Giovanni Grazzini Convaincu que la d\u00e9couverte d&rsquo;un&#8230;<\/p>\n","protected":false},"author":2,"featured_media":14740,"comment_status":"open","ping_status":"open","sticky":false,"template":"","format":"standard","meta":{"_kad_post_transparent":"","_kad_post_title":"","_kad_post_layout":"","_kad_post_sidebar_id":"","_kad_post_content_style":"","_kad_post_vertical_padding":"","_kad_post_feature":"","_kad_post_feature_position":"","_kad_post_header":false,"_kad_post_footer":false,"_kad_post_classname":"","footnotes":""},"categories":[8],"tags":[215,218,230,217,225,221,224,222,220,219,223,216,227,226,228,229,231],"class_list":["post-1465","post","type-post","status-publish","format-standard","has-post-thumbnail","hentry","category-formations-adultes","tag-ecole-et-cinema-95","tag-beau-voyage","tag-camillelvis-thery","tag-cycle-1","tag-diane-jackson","tag-inukshuk","tag-jeune-spectateur","tag-lenfant-sans-bouche","tag-loiseau-cachalot","tag-le-bonhomme-de-neige","tag-le-sans-nom","tag-maternelle","tag-pierre-luc-granjon","tag-raymond-briggs","tag-samuel-ribeyron","tag-sophie-roez","tag-violaine-lecuyer"],"_links":{"self":[{"href":"https:\/\/lafilledecorinthe.com\/wordpress\/wp-json\/wp\/v2\/posts\/1465","targetHints":{"allow":["GET"]}}],"collection":[{"href":"https:\/\/lafilledecorinthe.com\/wordpress\/wp-json\/wp\/v2\/posts"}],"about":[{"href":"https:\/\/lafilledecorinthe.com\/wordpress\/wp-json\/wp\/v2\/types\/post"}],"author":[{"embeddable":true,"href":"https:\/\/lafilledecorinthe.com\/wordpress\/wp-json\/wp\/v2\/users\/2"}],"replies":[{"embeddable":true,"href":"https:\/\/lafilledecorinthe.com\/wordpress\/wp-json\/wp\/v2\/comments?post=1465"}],"version-history":[{"count":69,"href":"https:\/\/lafilledecorinthe.com\/wordpress\/wp-json\/wp\/v2\/posts\/1465\/revisions"}],"predecessor-version":[{"id":14739,"href":"https:\/\/lafilledecorinthe.com\/wordpress\/wp-json\/wp\/v2\/posts\/1465\/revisions\/14739"}],"wp:featuredmedia":[{"embeddable":true,"href":"https:\/\/lafilledecorinthe.com\/wordpress\/wp-json\/wp\/v2\/media\/14740"}],"wp:attachment":[{"href":"https:\/\/lafilledecorinthe.com\/wordpress\/wp-json\/wp\/v2\/media?parent=1465"}],"wp:term":[{"taxonomy":"category","embeddable":true,"href":"https:\/\/lafilledecorinthe.com\/wordpress\/wp-json\/wp\/v2\/categories?post=1465"},{"taxonomy":"post_tag","embeddable":true,"href":"https:\/\/lafilledecorinthe.com\/wordpress\/wp-json\/wp\/v2\/tags?post=1465"}],"curies":[{"name":"wp","href":"https:\/\/api.w.org\/{rel}","templated":true}]}}