{"id":1418,"date":"2012-11-30T14:27:45","date_gmt":"2012-11-30T13:27:45","guid":{"rendered":"http:\/\/lafilledecorinthe.com\/wordpress\/?p=1418"},"modified":"2025-12-10T18:53:38","modified_gmt":"2025-12-10T17:53:38","slug":"ernest-et-celestine-le-film","status":"publish","type":"post","link":"https:\/\/lafilledecorinthe.com\/wordpress\/2012\/11\/ernest-et-celestine-le-film\/","title":{"rendered":"\u00ab\u00a0Ernest et C\u00e9lestine\u00a0\u00bb, le film !"},"content":{"rendered":"\n<p>Sans avoir l&rsquo;alibi d&rsquo;un enfant \u00e0 accompagner, je me suis gliss\u00e9e parmi les nombreuses familles venues assister ce dimanche matin \u00e0 l&rsquo;avant premi\u00e8re du film \u00ab\u00a0Ernest et C\u00e9lestine\u00a0\u00bb. Les 458 fauteuils de l&rsquo;immense salle du tout nouveau cin\u00e9ma de la Porte des Lilas se sont peu \u00e0 peu remplis d&rsquo;une foule joyeuse et bigarr\u00e9e. La coordinatrice de l&rsquo;association \u00ab\u00a0l&rsquo;enfance de l&rsquo;art\u00a0\u00bb, organisatrice de l&rsquo;\u00e9v\u00e8nement, nous accueille avec chaleur, entour\u00e9e d&rsquo;une partie de l&rsquo;\u00e9quipe du film, manifestement fi\u00e8re de nous pr\u00e9senter leur travail ! Mais le temps n&rsquo;est plus aux discours, c&rsquo;est le film que nous sommes venus voir et l&rsquo;attente est \u00e0 son comble lorsque la lumi\u00e8re de la salle s&rsquo;\u00e9teint et que le grand \u00e9cran blanc s&rsquo;anime enfin&#8230;<\/p>\n\n\n<div class=\"wp-block-image\">\n<figure class=\"aligncenter size-medium\"><a href=\"https:\/\/lafilledecorinthe.com\/wordpress\/wp-content\/uploads\/2012\/11\/P1060755.jpg\"><img loading=\"lazy\" decoding=\"async\" width=\"680\" height=\"510\" src=\"https:\/\/lafilledecorinthe.com\/wordpress\/wp-content\/uploads\/2012\/11\/P1060755-680x510.jpg\" alt=\"\" class=\"wp-image-1421\" srcset=\"https:\/\/lafilledecorinthe.com\/wordpress\/wp-content\/uploads\/2012\/11\/P1060755-680x510.jpg 680w, https:\/\/lafilledecorinthe.com\/wordpress\/wp-content\/uploads\/2012\/11\/P1060755-400x300.jpg 400w, https:\/\/lafilledecorinthe.com\/wordpress\/wp-content\/uploads\/2012\/11\/P1060755.jpg 800w\" sizes=\"auto, (max-width: 680px) 100vw, 680px\" \/><\/a><figcaption class=\"wp-element-caption\">L&rsquo;entr\u00e9e vertigineuse de la grande salle, cin\u00e9ma Etoile-Lilas, 25\/\/11\/2012<\/figcaption><\/figure>\n<\/div>\n\n\n<p>Une mise en bouche nous est offerte par l&rsquo;Agence du court-m\u00e9trage ; joie tr\u00e8s personnelle de retrouver sur grand \u00e9cran le film de fin d&rsquo;\u00e9tude de Benjamin Renner<a title=\"Un succ\u00e8s \u00ab&nbsp;monstre&nbsp;\u00bb\" href=\"https:\/\/lafilledecorinthe.com\/wordpress\/2011\/09\/un-succes-monstre\/\" target=\"_blank\" rel=\"noopener\"> \u00ab\u00a0la queue de la souris\u00a0\u00bb<\/a>. J&rsquo;avais \u00e9voqu\u00e9 ce film lors du tout premier article de ce blog qui \u00e9tait consacr\u00e9 \u00e0 Gruffalo, un joli r\u00e9seau d&rsquo;histoires de souris se met en place&#8230;<\/p>\n\n\n<div class=\"wp-block-image\">\n<figure class=\"aligncenter size-medium\"><a href=\"https:\/\/lafilledecorinthe.com\/wordpress\/wp-content\/uploads\/2012\/11\/la-queue-de-la-souris.png\"><img loading=\"lazy\" decoding=\"async\" width=\"680\" height=\"544\" src=\"https:\/\/lafilledecorinthe.com\/wordpress\/wp-content\/uploads\/2012\/11\/la-queue-de-la-souris-680x544.png\" alt=\"\" class=\"wp-image-1425\" srcset=\"https:\/\/lafilledecorinthe.com\/wordpress\/wp-content\/uploads\/2012\/11\/la-queue-de-la-souris-680x544.png 680w, https:\/\/lafilledecorinthe.com\/wordpress\/wp-content\/uploads\/2012\/11\/la-queue-de-la-souris-375x300.png 375w, https:\/\/lafilledecorinthe.com\/wordpress\/wp-content\/uploads\/2012\/11\/la-queue-de-la-souris.png 800w\" sizes=\"auto, (max-width: 680px) 100vw, 680px\" \/><\/a><figcaption class=\"wp-element-caption\">\u00ab\u00a0La queue de la souris\u00a0\u00bb de Benjamin Renner, 2007<\/figcaption><\/figure>\n<\/div>\n\n\n<p>\u00ab\u00a0Merveille, ravissement, enchantement, joyau\u00a0\u00bb les critiques sont g\u00e9n\u00e9reuses avec le film et elles ont raison ! J&rsquo;ai \u00e9t\u00e9 pendant un peu plus d&rsquo;une heure sous le charme de cette histoire d&rsquo;amiti\u00e9 au rythme incroyable, un v\u00e9ritable ballet d&rsquo;images et de sons.<\/p>\n\n\n\n<p>De son vivant Gabrielle Vincent avait refus\u00e9 toute adaptation cin\u00e9matographique de ses albums. Il me semble que le film respecte cette volont\u00e9, il n&rsquo;est pas une adaptation mais un hommage \u00e0 son oeuvre. Le sc\u00e9nario \u00e9crit par Daniel Pennac est subtil, habile, il se situe en amont des albums de Gabrielle Vincent. Il nous conte en effet la rencontre d&rsquo;Ernest et C\u00e9lestine et la naissance de leur amiti\u00e9 dans une situation de crise, de conflit, entre deux mondes que tout semble opposer, le monde d&rsquo;en bas des souris et le monde d&rsquo;en haut des ours. Le rejet des artistes ( Ernest est musicien de rue et C\u00e9lestine dessine ) leur est toutefois commun ainsi d&rsquo;ailleurs que l&rsquo;importance des forces de maintien de l&rsquo;ordre.<\/p>\n\n\n<div class=\"wp-block-image\">\n<figure class=\"aligncenter size-medium\"><a href=\"https:\/\/lafilledecorinthe.com\/wordpress\/wp-content\/uploads\/2012\/11\/ernest-et-celestine.jpg\"><img loading=\"lazy\" decoding=\"async\" width=\"680\" height=\"382\" src=\"https:\/\/lafilledecorinthe.com\/wordpress\/wp-content\/uploads\/2012\/11\/ernest-et-celestine-680x382.jpg\" alt=\"\" class=\"wp-image-1429\" srcset=\"https:\/\/lafilledecorinthe.com\/wordpress\/wp-content\/uploads\/2012\/11\/ernest-et-celestine-680x382.jpg 680w, https:\/\/lafilledecorinthe.com\/wordpress\/wp-content\/uploads\/2012\/11\/ernest-et-celestine-500x281.jpg 500w, https:\/\/lafilledecorinthe.com\/wordpress\/wp-content\/uploads\/2012\/11\/ernest-et-celestine.jpg 800w\" sizes=\"auto, (max-width: 680px) 100vw, 680px\" \/><\/a><figcaption class=\"wp-element-caption\">\u00ab\u00a0Ernest et C\u00e9lestine\u00a0\u00bb Le tribunal du monde d&rsquo;en haut, Unifrance Films<\/figcaption><\/figure>\n<\/div>\n\n<div class=\"wp-block-image\">\n<figure class=\"aligncenter size-medium\"><a href=\"https:\/\/lafilledecorinthe.com\/wordpress\/wp-content\/uploads\/2012\/11\/ernest-et-celestine-2.jpg\"><img loading=\"lazy\" decoding=\"async\" width=\"680\" height=\"382\" src=\"https:\/\/lafilledecorinthe.com\/wordpress\/wp-content\/uploads\/2012\/11\/ernest-et-celestine-2-680x382.jpg\" alt=\"\" class=\"wp-image-1430\" srcset=\"https:\/\/lafilledecorinthe.com\/wordpress\/wp-content\/uploads\/2012\/11\/ernest-et-celestine-2-680x382.jpg 680w, https:\/\/lafilledecorinthe.com\/wordpress\/wp-content\/uploads\/2012\/11\/ernest-et-celestine-2-500x281.jpg 500w, https:\/\/lafilledecorinthe.com\/wordpress\/wp-content\/uploads\/2012\/11\/ernest-et-celestine-2.jpg 800w\" sizes=\"auto, (max-width: 680px) 100vw, 680px\" \/><\/a><figcaption class=\"wp-element-caption\">\u00ab\u00a0Ernest et C\u00e9lestine\u00a0\u00bb Le tribunal du monde d&rsquo;en bas, Unifrance Films<\/figcaption><\/figure>\n<\/div>\n\n\n<p>Ernest et C\u00e9lestine sont des marginaux dans leur monde respectif. C\u00e9lestine ne prend pas pour argent comptant les r\u00e9cits \u00e9pouvantables que la Grise fait sur les ours et elle n&rsquo;a nulle envie de devenir dentiste. Ses visites dans le monde d&rsquo;en haut sont une source perp\u00e9tuelle de d\u00e9couvertes. Ernest, quant \u00e0 lui, joue \u00e0 cache-cache depuis longtemps avec les r\u00e8gles de la soci\u00e9t\u00e9 et ses repr\u00e9sentants. Tout les s\u00e9pare mais ils \u00e9taient faits pour se rencontrer !<\/p>\n\n\n<div class=\"wp-block-image\">\n<figure class=\"aligncenter size-medium\"><a href=\"https:\/\/lafilledecorinthe.com\/wordpress\/wp-content\/uploads\/2012\/11\/ernest-et-celestine1.jpg\"><img loading=\"lazy\" decoding=\"async\" width=\"680\" height=\"382\" src=\"https:\/\/lafilledecorinthe.com\/wordpress\/wp-content\/uploads\/2012\/11\/ernest-et-celestine1-680x382.jpg\" alt=\"\" class=\"wp-image-1440\" srcset=\"https:\/\/lafilledecorinthe.com\/wordpress\/wp-content\/uploads\/2012\/11\/ernest-et-celestine1-680x382.jpg 680w, https:\/\/lafilledecorinthe.com\/wordpress\/wp-content\/uploads\/2012\/11\/ernest-et-celestine1-500x281.jpg 500w, https:\/\/lafilledecorinthe.com\/wordpress\/wp-content\/uploads\/2012\/11\/ernest-et-celestine1.jpg 800w\" sizes=\"auto, (max-width: 680px) 100vw, 680px\" \/><\/a><figcaption class=\"wp-element-caption\">\u00ab\u00a0Ernest et C\u00e9lestine\u00a0\u00bb UniFrance Films<\/figcaption><\/figure>\n<\/div>\n\n\n<p>L&rsquo;\u00e9pilogue du film est savoureux, C\u00e9lestine incarne Gabrielle Vincent et dessine sous nos yeux \u00e9bahis les premiers dessins de l&rsquo;album \u00ab\u00a0la naissance de C\u00e9lestine\u00a0\u00bb, version quelque peu \u00e9dulcor\u00e9e de la r\u00e9alit\u00e9 de leur rencontre telle qu&rsquo;elle vient de nous \u00eatre racont\u00e9e \u00e0 l&rsquo;\u00e9cran, une mise en abyme extraordinaire ! C&rsquo;est aussi une jolie invitation faite aux spectateurs de se transformer en lecteur \u00e0 l&rsquo;issue de la projection.<\/p>\n\n\n<div class=\"wp-block-image\">\n<figure class=\"aligncenter size-medium\"><a href=\"https:\/\/lafilledecorinthe.com\/wordpress\/wp-content\/uploads\/2012\/11\/P1060773.jpg\"><img loading=\"lazy\" decoding=\"async\" width=\"680\" height=\"510\" src=\"https:\/\/lafilledecorinthe.com\/wordpress\/wp-content\/uploads\/2012\/11\/P1060773-680x510.jpg\" alt=\"\" class=\"wp-image-1433\" srcset=\"https:\/\/lafilledecorinthe.com\/wordpress\/wp-content\/uploads\/2012\/11\/P1060773-680x510.jpg 680w, https:\/\/lafilledecorinthe.com\/wordpress\/wp-content\/uploads\/2012\/11\/P1060773-400x300.jpg 400w, https:\/\/lafilledecorinthe.com\/wordpress\/wp-content\/uploads\/2012\/11\/P1060773.jpg 800w\" sizes=\"auto, (max-width: 680px) 100vw, 680px\" \/><\/a><figcaption class=\"wp-element-caption\">La naissance de C\u00e9lestine de Gabrielle Vincent, Duculot, 1987<\/figcaption><\/figure>\n<\/div>\n\n\n<p>Une autre grande r\u00e9ussite du film est son traitement graphique, l&rsquo;utilisation de l&rsquo;aquarelle donne de la mati\u00e8re et de la transparence aux images. L&rsquo;adaptation et la cr\u00e9ation des personnages est un joli succ\u00e8s, ils s&rsquo;int\u00e8grent parfaitement dans des d\u00e9cors fabuleux.<\/p>\n\n\n<div class=\"wp-block-image\">\n<figure class=\"aligncenter size-medium\"><a href=\"https:\/\/lafilledecorinthe.com\/wordpress\/wp-content\/uploads\/2012\/11\/CH_LAGRISE_TURN.jpg\"><img loading=\"lazy\" decoding=\"async\" width=\"680\" height=\"516\" src=\"https:\/\/lafilledecorinthe.com\/wordpress\/wp-content\/uploads\/2012\/11\/CH_LAGRISE_TURN-680x516.jpg\" alt=\"\" class=\"wp-image-1455\" srcset=\"https:\/\/lafilledecorinthe.com\/wordpress\/wp-content\/uploads\/2012\/11\/CH_LAGRISE_TURN-680x516.jpg 680w, https:\/\/lafilledecorinthe.com\/wordpress\/wp-content\/uploads\/2012\/11\/CH_LAGRISE_TURN-394x300.jpg 394w, https:\/\/lafilledecorinthe.com\/wordpress\/wp-content\/uploads\/2012\/11\/CH_LAGRISE_TURN.jpg 800w\" sizes=\"auto, (max-width: 680px) 100vw, 680px\" \/><\/a><figcaption class=\"wp-element-caption\">La Grise Turn around \u00a9 les Armateurs, la parti, M\u00e9lusine production<\/figcaption><\/figure>\n<\/div>\n\n\n<p>Coup de chapeau aux artistes qui les ont r\u00e9alis\u00e9s, ils ont su cr\u00e9er des dessins originaux nourris par les images de Gabrielle Vincent.<\/p>\n\n\n<div class=\"wp-block-image\">\n<figure class=\"aligncenter size-medium\"><a href=\"https:\/\/lafilledecorinthe.com\/wordpress\/wp-content\/uploads\/2012\/11\/ernest-et-celestine-21.jpg\"><img loading=\"lazy\" decoding=\"async\" width=\"680\" height=\"453\" src=\"https:\/\/lafilledecorinthe.com\/wordpress\/wp-content\/uploads\/2012\/11\/ernest-et-celestine-21-680x453.jpg\" alt=\"\" class=\"wp-image-1441\" srcset=\"https:\/\/lafilledecorinthe.com\/wordpress\/wp-content\/uploads\/2012\/11\/ernest-et-celestine-21-680x453.jpg 680w, https:\/\/lafilledecorinthe.com\/wordpress\/wp-content\/uploads\/2012\/11\/ernest-et-celestine-21-450x300.jpg 450w, https:\/\/lafilledecorinthe.com\/wordpress\/wp-content\/uploads\/2012\/11\/ernest-et-celestine-21.jpg 800w\" sizes=\"auto, (max-width: 680px) 100vw, 680px\" \/><\/a><figcaption class=\"wp-element-caption\">Lambert Wilson, la voix d&rsquo; Ernest UniFrance Films<\/figcaption><\/figure>\n<\/div>\n\n\n<p>Il est aussi difficile de passer sous silence la bande son ! La musique, les voix s&rsquo;associent en harmonie avec les images pour donner au film un rythme qui nous entra\u00eene et quel bonheur de terminer avec la voix si singuli\u00e8re de Thomas Fersen interpr\u00e9tant la chanson finale du g\u00e9n\u00e9rique. On aurait presque envie que les paroles d\u00e9filent comme un karaok\u00e9 pour manifester par le chant notre bonheur de spectateur !<\/p>\n\n\n\n<p>\u00a0\u00bb &#8230; Qui aurait pari\u00e9 un bouton dessus \/&nbsp;Qui aurait pari\u00e9 un bouton de son pardessus\/ De culotte ou de bottine\/ Sur Ernest et C\u00e9lestine&#8230;\u00a0\u00bb<\/p>\n\n\n\n<p>Le pari du film est quant \u00e0 lui totalement gagn\u00e9. BRAVO !<\/p>\n\n\n\n<p>Jusqu&rsquo;\u00e0 la sortie du film, le mercredi 12 d\u00e9cembre, Benjamin Renner tient un <a href=\"http:\/\/reineke.canalblog.com\/archives\/2012\/11\/29\/25668960.html\" target=\"_blank\" rel=\"noopener\">blog \u00ab\u00a0making off\u00a0\u00bb<\/a> sur les diff\u00e9rentes \u00e9tapes de la cr\u00e9ation du film. On y apprend plein de choses et en plus c&rsquo;est beau et dr\u00f4le !<\/p>\n","protected":false},"excerpt":{"rendered":"<p>Sans avoir l&rsquo;alibi d&rsquo;un enfant \u00e0 accompagner, je me suis gliss\u00e9e parmi les nombreuses familles venues assister ce dimanche matin \u00e0 l&rsquo;avant premi\u00e8re du film \u00ab\u00a0Ernest et C\u00e9lestine\u00a0\u00bb. Les 458 fauteuils de l&rsquo;immense salle du tout nouveau cin\u00e9ma de la Porte des Lilas se sont peu \u00e0 peu remplis d&rsquo;une foule joyeuse et bigarr\u00e9e. La&#8230;<\/p>\n","protected":false},"author":2,"featured_media":1419,"comment_status":"open","ping_status":"open","sticky":false,"template":"","format":"standard","meta":{"_kad_post_transparent":"","_kad_post_title":"","_kad_post_layout":"","_kad_post_sidebar_id":"","_kad_post_content_style":"","_kad_post_vertical_padding":"","_kad_post_feature":"","_kad_post_feature_position":"","_kad_post_header":false,"_kad_post_footer":false,"_kad_post_classname":"","footnotes":""},"categories":[6],"tags":[12,208,209,207,211,206,210,212,214,213],"class_list":["post-1418","post","type-post","status-publish","format-standard","has-post-thumbnail","hentry","category-blog","tag-adaptation","tag-avant-premiere","tag-benjamin-renner","tag-cinema-etoile-lilas","tag-daniel-pennac","tag-ernest-et-celestine","tag-gabrielle-vincent","tag-hommage","tag-lenfance-de-lart","tag-thomas-fersen"],"_links":{"self":[{"href":"https:\/\/lafilledecorinthe.com\/wordpress\/wp-json\/wp\/v2\/posts\/1418","targetHints":{"allow":["GET"]}}],"collection":[{"href":"https:\/\/lafilledecorinthe.com\/wordpress\/wp-json\/wp\/v2\/posts"}],"about":[{"href":"https:\/\/lafilledecorinthe.com\/wordpress\/wp-json\/wp\/v2\/types\/post"}],"author":[{"embeddable":true,"href":"https:\/\/lafilledecorinthe.com\/wordpress\/wp-json\/wp\/v2\/users\/2"}],"replies":[{"embeddable":true,"href":"https:\/\/lafilledecorinthe.com\/wordpress\/wp-json\/wp\/v2\/comments?post=1418"}],"version-history":[{"count":40,"href":"https:\/\/lafilledecorinthe.com\/wordpress\/wp-json\/wp\/v2\/posts\/1418\/revisions"}],"predecessor-version":[{"id":15555,"href":"https:\/\/lafilledecorinthe.com\/wordpress\/wp-json\/wp\/v2\/posts\/1418\/revisions\/15555"}],"wp:featuredmedia":[{"embeddable":true,"href":"https:\/\/lafilledecorinthe.com\/wordpress\/wp-json\/wp\/v2\/media\/1419"}],"wp:attachment":[{"href":"https:\/\/lafilledecorinthe.com\/wordpress\/wp-json\/wp\/v2\/media?parent=1418"}],"wp:term":[{"taxonomy":"category","embeddable":true,"href":"https:\/\/lafilledecorinthe.com\/wordpress\/wp-json\/wp\/v2\/categories?post=1418"},{"taxonomy":"post_tag","embeddable":true,"href":"https:\/\/lafilledecorinthe.com\/wordpress\/wp-json\/wp\/v2\/tags?post=1418"}],"curies":[{"name":"wp","href":"https:\/\/api.w.org\/{rel}","templated":true}]}}