{"id":14094,"date":"2025-12-03T19:37:57","date_gmt":"2025-12-03T18:37:57","guid":{"rendered":"http:\/\/lafilledecorinthe.com\/wordpress\/?p=14094"},"modified":"2025-12-04T14:49:28","modified_gmt":"2025-12-04T13:49:28","slug":"mon-premier-cinema-2025-2026","status":"publish","type":"post","link":"https:\/\/lafilledecorinthe.com\/wordpress\/2025\/12\/mon-premier-cinema-2025-2026\/","title":{"rendered":"\u00ab\u00a0Mon Premier Cin\u00e9ma\u00a0\u00bb 2025-2026"},"content":{"rendered":"\n<h2 class=\"wp-block-heading\"><br><strong>Le cin\u00e9ma gourmand : de la table \u00e0 l\u2019\u00e9cran<\/strong><\/h2>\n\n\n\n<p><br>Manger est \u00e0 la fois un acte de premi\u00e8re n\u00e9cessit\u00e9 et un acte \u00e9minemment culturel. D\u00e8s sa venue au monde le petit humain a besoin de nourritures vari\u00e9es pour vivre et grandir pleinement. Les aliments qu\u2019il mange sont \u00e9troitement m\u00eal\u00e9s aux paroles et aux gestes des personnes qui l\u2019entourent pendant ses repas.<br>Les comptines sont les toutes premi\u00e8res&nbsp;narrations&nbsp;culinaires&nbsp;qu\u2019il rencontre. \u00ab&nbsp;Pomme de reinette et pomme d\u2019api&nbsp;\u00bb, \u00ab&nbsp;Bonjour Guillaume&nbsp;\u00bb, \u00ab&nbsp;Dame Tartine&nbsp;\u00bb pour ne citer qu\u2019elles, font parties de notre patrimoine oral. Les contes, les albums et bien s\u00fbr les films pour enfants prennent ensuite le relais. Fermez les yeux ! Quelles sont les sc\u00e8nes de cuisine qui ont marqu\u00e9 votre enfance de cin\u00e9ma ?\u00a0\u00bb &#8230; Lire la suite&#8230;<\/p>\n\n\n\n<p><a href=\"https:\/\/enfancesaucinema.cdn.prismic.io\/enfancesaucinema\/aNzu7J5xUNkB1VEq_Dossier_MPC_2025-2026-VersionWEB.pdf\" data-type=\"link\" data-id=\"https:\/\/enfancesaucinema.cdn.prismic.io\/enfancesaucinema\/aNzu7J5xUNkB1VEq_Dossier_MPC_2025-2026-VersionWEB.pdf\">https:\/\/enfancesaucinema.cdn.prismic.io\/enfancesaucinema\/aNzu7J5xUNkB1VEq_Dossier_MPC_2025-2026-VersionWEB.pdf<\/a><\/p>\n\n\n\n<p>UGC Bercy-Village<br>Mardi 2 d\u00e9cembre 2025<\/p>\n\n\n\n<figure class=\"wp-block-image size-large\"><img loading=\"lazy\" decoding=\"async\" width=\"1280\" height=\"901\" src=\"https:\/\/lafilledecorinthe.com\/wordpress\/wp-content\/uploads\/2025\/12\/Les-petits-gourmands-1280x901.png\" alt=\"\" class=\"wp-image-14464\" srcset=\"https:\/\/lafilledecorinthe.com\/wordpress\/wp-content\/uploads\/2025\/12\/Les-petits-gourmands-1280x901.png 1280w, https:\/\/lafilledecorinthe.com\/wordpress\/wp-content\/uploads\/2025\/12\/Les-petits-gourmands-680x479.png 680w, https:\/\/lafilledecorinthe.com\/wordpress\/wp-content\/uploads\/2025\/12\/Les-petits-gourmands-768x541.png 768w, https:\/\/lafilledecorinthe.com\/wordpress\/wp-content\/uploads\/2025\/12\/Les-petits-gourmands-1536x1081.png 1536w, https:\/\/lafilledecorinthe.com\/wordpress\/wp-content\/uploads\/2025\/12\/Les-petits-gourmands.png 1668w\" sizes=\"auto, (max-width: 1280px) 100vw, 1280px\" \/><\/figure>\n\n\n\n<div class=\"wp-block-group is-layout-flex wp-block-group-is-layout-flex\">\n<div class=\"wp-block-file\"><a id=\"wp-block-file--media-ea613705-314f-4017-90f7-5c4da4a7eba4\" href=\"https:\/\/lafilledecorinthe.com\/wordpress\/wp-content\/uploads\/2025\/12\/Les-personnages-.pdf\" target=\"_blank\" rel=\"noreferrer noopener\">Les personnages<\/a><\/div>\n\n\n\n<div class=\"wp-block-file\"><a id=\"wp-block-file--media-c6f58e54-6c4f-4e9a-8531-5aa9ee777633\" href=\"https:\/\/lafilledecorinthe.com\/wordpress\/wp-content\/uploads\/2025\/12\/Lechelle-des-plans-.pdf\" target=\"_blank\" rel=\"noreferrer noopener\">L&rsquo;e\u0301chelle des plans<\/a><\/div>\n\n\n\n<div class=\"wp-block-file\"><a id=\"wp-block-file--media-8db5dd91-8097-4282-87d1-5617c11203e8\" href=\"https:\/\/lafilledecorinthe.com\/wordpress\/wp-content\/uploads\/2025\/12\/Images-sequentielles-1-.pdf\" target=\"_blank\" rel=\"noreferrer noopener\">Images se\u0301quentielles 1<\/a><\/div>\n\n\n\n<div class=\"wp-block-file\"><a id=\"wp-block-file--media-05d11c28-0669-426f-a0db-1fe8f5c6c389\" href=\"https:\/\/lafilledecorinthe.com\/wordpress\/wp-content\/uploads\/2025\/12\/Images-sequentielles-2-.pdf\" target=\"_blank\" rel=\"noreferrer noopener\">Images se\u0301quentielles 2<\/a><\/div>\n\n\n\n<div class=\"wp-block-file\"><a id=\"wp-block-file--media-149320b2-000f-43e3-8dd1-7993edc7059b\" href=\"https:\/\/lafilledecorinthe.com\/wordpress\/wp-content\/uploads\/2025\/12\/Des-images-kaleidoscopiques-.pdf\" target=\"_blank\" rel=\"noreferrer noopener\">Des images kale\u0301idoscopiques<\/a><\/div>\n\n\n\n<div class=\"wp-block-file\"><a id=\"wp-block-file--media-666307fd-b70e-4c9c-a87d-445cc1cd154c\" href=\"https:\/\/lafilledecorinthe.com\/wordpress\/wp-content\/uploads\/2025\/12\/Dautres-images-.pdf\" target=\"_blank\" rel=\"noreferrer noopener\">D\u2019autres images<\/a><\/div>\n\n\n\n<div class=\"wp-block-file\"><a id=\"wp-block-file--media-565c0e9b-c3c3-4a9b-bf39-07f77e693ca4\" href=\"https:\/\/lafilledecorinthe.com\/wordpress\/wp-content\/uploads\/2025\/12\/Un-feu-dartifice-a-la-cantine-.pdf\" target=\"_blank\" rel=\"noreferrer noopener\">Un feu d\u2019artifice a\u0300 la cantine<\/a><\/div>\n\n\n\n<div class=\"wp-block-file\"><a id=\"wp-block-file--media-7afa24cb-21cb-47bb-bbbb-e78596204caf\" href=\"https:\/\/lafilledecorinthe.com\/wordpress\/wp-content\/uploads\/2025\/12\/Dame-Noix-.pdf\" target=\"_blank\" rel=\"noreferrer noopener\">Dame Noix<\/a><\/div>\n\n\n\n<div class=\"wp-block-file\"><a id=\"wp-block-file--media-021522cf-c068-44c0-ab04-8a8a628de070\" href=\"https:\/\/lafilledecorinthe.com\/wordpress\/wp-content\/uploads\/2025\/12\/La-premiere-boule-de-glace-1-1.pdf\" target=\"_blank\" rel=\"noreferrer noopener\">La premie\u0300re boule de glace<\/a><\/div>\n\n\n\n<div class=\"wp-block-file\"><a id=\"wp-block-file--media-a7e90747-4bfa-499a-9867-aa00fedbaa4d\" href=\"https:\/\/lafilledecorinthe.com\/wordpress\/wp-content\/uploads\/2025\/12\/La-recette-de-lOctopus-1-1.pdf\" target=\"_blank\" rel=\"noreferrer noopener\">La recette de l\u2019Octopus<\/a><\/div>\n\n\n\n<div class=\"wp-block-file\"><a id=\"wp-block-file--media-7f4e0090-da69-4060-ae9a-7231c6f5194b\" href=\"https:\/\/lafilledecorinthe.com\/wordpress\/wp-content\/uploads\/2025\/12\/Images-sequentielles-1-1.pdf\" target=\"_blank\" rel=\"noreferrer noopener\">Images se\u0301quentielles<\/a><\/div>\n\n\n\n<div class=\"wp-block-file\"><a id=\"wp-block-file--media-98f1346b-39c8-4f66-9254-142dc40ec9a7\" href=\"https:\/\/lafilledecorinthe.com\/wordpress\/wp-content\/uploads\/2025\/12\/Code-graphique-.pdf\" target=\"_blank\" rel=\"noreferrer noopener\">Code graphique<\/a><\/div>\n\n\n\n<div class=\"wp-block-file\"><a id=\"wp-block-file--media-c22132da-a5e6-4bdf-8d19-254fcea3b33c\" href=\"https:\/\/lafilledecorinthe.com\/wordpress\/wp-content\/uploads\/2025\/12\/La-recette-de-Boris.pdf\" target=\"_blank\" rel=\"noreferrer noopener\">La recette de Boris<\/a><\/div>\n\n\n\n<div class=\"wp-block-file\"><a id=\"wp-block-file--media-aa8620ec-5c9f-4976-9cb0-bf65e9dcde30\" href=\"https:\/\/lafilledecorinthe.com\/wordpress\/wp-content\/uploads\/2025\/12\/La-recette-de-Boris-2-.pdf\" target=\"_blank\" rel=\"noreferrer noopener\">La recette de Boris 2<\/a><\/div>\n<\/div>\n\n\n\n<figure class=\"wp-block-image size-large\"><img loading=\"lazy\" decoding=\"async\" width=\"1280\" height=\"885\" src=\"https:\/\/lafilledecorinthe.com\/wordpress\/wp-content\/uploads\/2025\/12\/Panda-75-2025-1280x885.png\" alt=\"\" class=\"wp-image-14485\" srcset=\"https:\/\/lafilledecorinthe.com\/wordpress\/wp-content\/uploads\/2025\/12\/Panda-75-2025-1280x885.png 1280w, https:\/\/lafilledecorinthe.com\/wordpress\/wp-content\/uploads\/2025\/12\/Panda-75-2025-680x470.png 680w, https:\/\/lafilledecorinthe.com\/wordpress\/wp-content\/uploads\/2025\/12\/Panda-75-2025-768x531.png 768w, https:\/\/lafilledecorinthe.com\/wordpress\/wp-content\/uploads\/2025\/12\/Panda-75-2025-1536x1062.png 1536w, https:\/\/lafilledecorinthe.com\/wordpress\/wp-content\/uploads\/2025\/12\/Panda-75-2025.png 1698w\" sizes=\"auto, (max-width: 1280px) 100vw, 1280px\" \/><\/figure>\n\n\n\n<p>Documents \u00e0 t\u00e9l\u00e9charger <a href=\"https:\/\/lafilledecorinthe.com\/wordpress\/2024\/09\/maternelle-au-cinema-95-20242025\/\" data-type=\"post\" data-id=\"13334\">ici<\/a><\/p>\n\n\n\n<div class=\"wp-block-group is-layout-flex wp-block-group-is-layout-flex\">\n<div class=\"wp-block-file\"><a id=\"wp-block-file--media-59f201b8-b1a2-4b9b-aea2-106f28c651db\" href=\"https:\/\/lafilledecorinthe.com\/wordpress\/wp-content\/uploads\/2025\/12\/Mimiko-une-petite-fille-tres-expressive-.pdf\" target=\"_blank\" rel=\"noreferrer noopener\">Mimiko, une petite fille tre\u0300s expressive !<\/a><\/div>\n\n\n\n<div class=\"wp-block-file\"><a id=\"wp-block-file--media-b050752b-9729-4e5a-b48e-bbe79e3febf1\" href=\"https:\/\/lafilledecorinthe.com\/wordpress\/wp-content\/uploads\/2025\/12\/Les-courses-et-la-cuisine-.pdf\" target=\"_blank\" rel=\"noreferrer noopener\">Les courses et la cuisine<\/a><\/div>\n\n\n\n<div class=\"wp-block-file\"><a id=\"wp-block-file--media-6c6e4058-58ea-449c-b699-ef4a17e90953\" href=\"https:\/\/lafilledecorinthe.com\/wordpress\/wp-content\/uploads\/2025\/12\/Pour-aller-plus-loin-.pdf\" target=\"_blank\" rel=\"noreferrer noopener\">Pour aller plus loin<\/a><\/div>\n<\/div>\n\n\n\n<p>Et pour finir l&rsquo;ann\u00e9e en musique &#8230;<\/p>\n\n\n\n<figure class=\"wp-block-embed is-type-video is-provider-youtube wp-block-embed-youtube wp-embed-aspect-16-9 wp-has-aspect-ratio\"><div class=\"wp-block-embed__wrapper\">\n<iframe loading=\"lazy\" title=\"dwarf 20th Greeting movie\" width=\"720\" height=\"405\" src=\"https:\/\/www.youtube.com\/embed\/cW92l3XPmKw?start=160&#038;feature=oembed\" frameborder=\"0\" allow=\"accelerometer; autoplay; clipboard-write; encrypted-media; gyroscope; picture-in-picture; web-share\" referrerpolicy=\"strict-origin-when-cross-origin\" allowfullscreen><\/iframe>\n<\/div><\/figure>\n","protected":false},"excerpt":{"rendered":"<p>Le cin\u00e9ma gourmand : de la table \u00e0 l\u2019\u00e9cran Manger est \u00e0 la fois un acte de premi\u00e8re n\u00e9cessit\u00e9 et un acte \u00e9minemment culturel. D\u00e8s sa venue au monde le petit humain a besoin de nourritures vari\u00e9es pour vivre et grandir pleinement. Les aliments qu\u2019il mange sont \u00e9troitement m\u00eal\u00e9s aux paroles et aux gestes des&#8230;<\/p>\n","protected":false},"author":2,"featured_media":14455,"comment_status":"open","ping_status":"open","sticky":false,"template":"","format":"standard","meta":{"_kad_post_transparent":"","_kad_post_title":"","_kad_post_layout":"","_kad_post_sidebar_id":"","_kad_post_content_style":"","_kad_post_vertical_padding":"","_kad_post_feature":"","_kad_post_feature_position":"","_kad_post_header":false,"_kad_post_footer":false,"_kad_post_classname":"","footnotes":""},"categories":[8],"tags":[2522,353,2523,2524],"class_list":["post-14094","post","type-post","status-publish","format-standard","has-post-thumbnail","hentry","category-formations-adultes","tag-mon-premier-cinema-2025-2026","tag-enfances-au-cinema","tag-les-petits-gourmands","tag-panda-petit-panda"],"_links":{"self":[{"href":"https:\/\/lafilledecorinthe.com\/wordpress\/wp-json\/wp\/v2\/posts\/14094","targetHints":{"allow":["GET"]}}],"collection":[{"href":"https:\/\/lafilledecorinthe.com\/wordpress\/wp-json\/wp\/v2\/posts"}],"about":[{"href":"https:\/\/lafilledecorinthe.com\/wordpress\/wp-json\/wp\/v2\/types\/post"}],"author":[{"embeddable":true,"href":"https:\/\/lafilledecorinthe.com\/wordpress\/wp-json\/wp\/v2\/users\/2"}],"replies":[{"embeddable":true,"href":"https:\/\/lafilledecorinthe.com\/wordpress\/wp-json\/wp\/v2\/comments?post=14094"}],"version-history":[{"count":23,"href":"https:\/\/lafilledecorinthe.com\/wordpress\/wp-json\/wp\/v2\/posts\/14094\/revisions"}],"predecessor-version":[{"id":14581,"href":"https:\/\/lafilledecorinthe.com\/wordpress\/wp-json\/wp\/v2\/posts\/14094\/revisions\/14581"}],"wp:featuredmedia":[{"embeddable":true,"href":"https:\/\/lafilledecorinthe.com\/wordpress\/wp-json\/wp\/v2\/media\/14455"}],"wp:attachment":[{"href":"https:\/\/lafilledecorinthe.com\/wordpress\/wp-json\/wp\/v2\/media?parent=14094"}],"wp:term":[{"taxonomy":"category","embeddable":true,"href":"https:\/\/lafilledecorinthe.com\/wordpress\/wp-json\/wp\/v2\/categories?post=14094"},{"taxonomy":"post_tag","embeddable":true,"href":"https:\/\/lafilledecorinthe.com\/wordpress\/wp-json\/wp\/v2\/tags?post=14094"}],"curies":[{"name":"wp","href":"https:\/\/api.w.org\/{rel}","templated":true}]}}