{"id":14057,"date":"2025-11-14T14:50:00","date_gmt":"2025-11-14T13:50:00","guid":{"rendered":"http:\/\/lafilledecorinthe.com\/wordpress\/?p=14057"},"modified":"2025-12-07T21:07:55","modified_gmt":"2025-12-07T20:07:55","slug":"les-contes-de-la-mere-poule-maternelle-au-cinema-92","status":"publish","type":"post","link":"https:\/\/lafilledecorinthe.com\/wordpress\/2025\/11\/les-contes-de-la-mere-poule-maternelle-au-cinema-92\/","title":{"rendered":"\u00ab\u00a0Les contes de la m\u00e8re Poule\u00a0\u00bb Maternelle au Cin\u00e9ma 92"},"content":{"rendered":"\n<p><\/p>\n\n\n\n<p>\u00ab\u00a0Le Kan(o)un avait besoin de films pour enfants, nous en faisions et pour le reste nous \u00e9tions compl\u00e8tement libres. Personne ne voyait nos films, donc personne ne nous jugeait. Et on tournait avec tr\u00e8s peu d\u2019argent.&nbsp;<em>Harmonica<\/em>&nbsp;a co\u00fbt\u00e9 l\u2019\u00e9quivalent de 5&nbsp;000 dollars. Les films ne tournaient que dans les biblioth\u00e8ques pour enfants, l\u2019\u00e9t\u00e9, quand il faisait chaud et que les gamins restaient dans les biblioth\u00e8ques qui avaient l\u2019air conditionn\u00e9. On pouvait donc d\u00e9velopper un style personnel. Il y avait quand m\u00eame un festival \u00e0 T\u00e9h\u00e9ran. En 1975, Skolimowski et Tati sont venus et ont \u00e9t\u00e9 stup\u00e9faits par nos films.\u00a0\u00bb<br>Amir Naderi, entretien avec JP Tess\u00e9, Cahiers du Cin\u00e9ma, n\u00b0276, 2016 cit\u00e9 dans&nbsp;<a href=\"https:\/\/www.irancinepanorama.fr\/index.php\/2016\/11\/10\/le-studio-kanoun-et-les-films-educatifs-en-iran\/\" target=\"_blank\" rel=\"noopener\"><em>Le studio Kanoun et les films \u00e9ducatifs en Iran<\/em><\/a><\/p>\n\n\n\n<p><em>Les Contes de la M\u00e8re Poule<\/em>,&nbsp;3 courts m\u00e9trages<br>Mercredi&nbsp;12 novembre 2025<br>au cin\u00e9ma&nbsp;<em>Le Rex<\/em>&nbsp;de Ch\u00e2tenay-Malabry<br>Mercredi&nbsp;19 novembre 2025<br>au coll\u00e8ge&nbsp;<em>Mar\u00e9chal Leclerc<\/em>&nbsp;de Puteaux<\/p>\n\n\n\n<p><strong>\u00c0 t\u00e9l\u00e9charger :&nbsp;<\/strong><a href=\"https:\/\/lafilledecorinthe.com\/wordpress\/wp-content\/uploads\/2025\/11\/Pour-aller-plus-loin-1.pdf\">Pour aller plus loin<\/a><\/p>\n\n\n\n<figure class=\"wp-block-image alignnone\"><a href=\"https:\/\/lafilledecorinthe.com\/wordpress\/wp-content\/uploads\/2025\/11\/lili_1.jpg\"><img loading=\"lazy\" decoding=\"async\" width=\"680\" height=\"461\" src=\"https:\/\/lafilledecorinthe.com\/wordpress\/wp-content\/uploads\/2025\/11\/lili_1-680x461.jpg\" alt=\"lili_1\" class=\"wp-image-14063\" srcset=\"https:\/\/lafilledecorinthe.com\/wordpress\/wp-content\/uploads\/2025\/11\/lili_1-680x461.jpg 680w, https:\/\/lafilledecorinthe.com\/wordpress\/wp-content\/uploads\/2025\/11\/lili_1-442x300.jpg 442w, https:\/\/lafilledecorinthe.com\/wordpress\/wp-content\/uploads\/2025\/11\/lili_1.jpg 737w\" sizes=\"auto, (max-width: 680px) 100vw, 680px\" \/><\/a><figcaption class=\"wp-element-caption\">Lili Hosak, Vajiehullah Fard Moghadam, 1992<\/figcaption><\/figure>\n\n\n\n<p><a href=\"https:\/\/lafilledecorinthe.com\/wordpress\/wp-content\/uploads\/2025\/11\/Avant-Apre\u0300s-1.pdf\">Avant &#8211; Apre\u0300s<\/a>,&nbsp;<a href=\"https:\/\/lafilledecorinthe.com\/wordpress\/wp-content\/uploads\/2025\/11\/Images-se\u0301quentielles-.pdf\">Images se\u0301quentielles<\/a>,&nbsp;<a href=\"https:\/\/lafilledecorinthe.com\/wordpress\/wp-content\/uploads\/2025\/11\/Bestiaire-.pdf\">Bestiaire<\/a><\/p>\n\n\n<div class=\"wp-block-image alignnone\">\n<figure class=\"aligncenter\"><a href=\"https:\/\/lafilledecorinthe.com\/wordpress\/wp-content\/uploads\/2025\/11\/poisson_3.jpg\"><img loading=\"lazy\" decoding=\"async\" width=\"646\" height=\"500\" src=\"https:\/\/lafilledecorinthe.com\/wordpress\/wp-content\/uploads\/2025\/11\/poisson_3.jpg\" alt=\"poisson_3\" class=\"wp-image-14068\" srcset=\"https:\/\/lafilledecorinthe.com\/wordpress\/wp-content\/uploads\/2025\/11\/poisson_3.jpg 646w, https:\/\/lafilledecorinthe.com\/wordpress\/wp-content\/uploads\/2025\/11\/poisson_3-388x300.jpg 388w\" sizes=\"auto, (max-width: 646px) 100vw, 646px\" \/><\/a><figcaption class=\"wp-element-caption\">Le poisson Arc en Ciel, Farkhondeh Torabi, 1998<\/figcaption><\/figure>\n<\/div>\n\n\n<p><a href=\"https:\/\/lafilledecorinthe.com\/wordpress\/wp-content\/uploads\/2025\/11\/Arc-en-ciel-.pdf\">Arc-en-ciel<\/a>,&nbsp;<a href=\"https:\/\/lafilledecorinthe.com\/wordpress\/wp-content\/uploads\/2025\/11\/La-danse-.pdf\">La danse<\/a>,&nbsp;<a href=\"https:\/\/lafilledecorinthe.com\/wordpress\/wp-content\/uploads\/2025\/11\/Cache-cache-.pdf\">Cache-cache<\/a>,&nbsp;<a href=\"https:\/\/lafilledecorinthe.com\/wordpress\/wp-content\/uploads\/2025\/11\/Un-pour-tous-.pdf\">Un pour tous<\/a>,<a href=\"https:\/\/lafilledecorinthe.com\/wordpress\/wp-content\/uploads\/2025\/11\/Tous-diffe\u0301rents-.pdf\">Tous diffe\u0301rents !<\/a>,&nbsp;<a href=\"https:\/\/lafilledecorinthe.com\/wordpress\/wp-content\/uploads\/2025\/11\/Les-personnages-principaux-.pdf\">Les personnages principaux<\/a>,&nbsp;<a href=\"https:\/\/lafilledecorinthe.com\/wordpress\/wp-content\/uploads\/2025\/11\/Les-connaissez-vous-.pdf\">Les connaissez-vous ?<\/a><\/p>\n\n\n<div class=\"wp-block-image alignnone\">\n<figure class=\"aligncenter\"><a href=\"https:\/\/lafilledecorinthe.com\/wordpress\/wp-content\/uploads\/2025\/11\/shangoul.jpg\"><img loading=\"lazy\" decoding=\"async\" width=\"680\" height=\"470\" src=\"https:\/\/lafilledecorinthe.com\/wordpress\/wp-content\/uploads\/2025\/11\/shangoul-680x470.jpg\" alt=\"shangoul\" class=\"wp-image-14076\" srcset=\"https:\/\/lafilledecorinthe.com\/wordpress\/wp-content\/uploads\/2025\/11\/shangoul-680x470.jpg 680w, https:\/\/lafilledecorinthe.com\/wordpress\/wp-content\/uploads\/2025\/11\/shangoul-434x300.jpg 434w, https:\/\/lafilledecorinthe.com\/wordpress\/wp-content\/uploads\/2025\/11\/shangoul.jpg 724w\" sizes=\"auto, (max-width: 680px) 100vw, 680px\" \/><\/a><figcaption class=\"wp-element-caption\">Shangoul et Mangoul, Farkhondeh Torabi, Morteza Ahadi, 2000<\/figcaption><\/figure>\n<\/div>\n\n\n<p><a href=\"https:\/\/lafilledecorinthe.com\/wordpress\/wp-content\/uploads\/2025\/11\/Les-personnages-principaux-.pdf\">Les personnages principaux<\/a>,&nbsp;<a href=\"https:\/\/lafilledecorinthe.com\/wordpress\/wp-content\/uploads\/2025\/11\/Les-personnages-secondaires-.pdf\">Les personnages secondaires<\/a>,&nbsp;<a href=\"https:\/\/lafilledecorinthe.com\/wordpress\/wp-content\/uploads\/2025\/11\/La-maison-.pdf\">La maison<\/a>,&nbsp;<a href=\"https:\/\/lafilledecorinthe.com\/wordpress\/wp-content\/uploads\/2025\/11\/Le-bassin-.pdf\">Le bassin<\/a>,&nbsp;<a href=\"https:\/\/lafilledecorinthe.com\/wordpress\/wp-content\/uploads\/2025\/11\/Les-premiers-plans-.pdf\">Les premiers plans<\/a>,&nbsp;<a href=\"https:\/\/lafilledecorinthe.com\/wordpress\/wp-content\/uploads\/2025\/11\/D\u2019ou\u0300-je-vois-la-che\u0300vre-.pdf\">D\u2019ou\u0300 je vois la che\u0300vre ?<\/a>,&nbsp;<a href=\"https:\/\/lafilledecorinthe.com\/wordpress\/wp-content\/uploads\/2025\/11\/La-premie\u0300re-attaque-du-loup-.pdf\">La premie\u0300re attaque du loup<\/a>,&nbsp;<a href=\"https:\/\/lafilledecorinthe.com\/wordpress\/wp-content\/uploads\/2025\/11\/La-che\u0300vre-et-le-pie\u0300ge-.pdf\">La-che\u0300vre-et-le-pie\u0300ge-<\/a>,&nbsp;<a href=\"https:\/\/lafilledecorinthe.com\/wordpress\/wp-content\/uploads\/2025\/11\/Le-corbeau-et-le-serpent-.pdf\">Le corbeau et le serpent<\/a><\/p>\n\n\n<div class=\"wp-block-image alignnone\">\n<figure class=\"aligncenter\"><a href=\"https:\/\/lafilledecorinthe.com\/wordpress\/wp-content\/uploads\/2025\/11\/Affiches.png\"><img loading=\"lazy\" decoding=\"async\" width=\"680\" height=\"382\" src=\"https:\/\/lafilledecorinthe.com\/wordpress\/wp-content\/uploads\/2025\/11\/Affiches-680x382.png\" alt=\"Affiches\" class=\"wp-image-14087\" srcset=\"https:\/\/lafilledecorinthe.com\/wordpress\/wp-content\/uploads\/2025\/11\/Affiches-680x382.png 680w, https:\/\/lafilledecorinthe.com\/wordpress\/wp-content\/uploads\/2025\/11\/Affiches-1280x719.png 1280w, https:\/\/lafilledecorinthe.com\/wordpress\/wp-content\/uploads\/2025\/11\/Affiches-500x281.png 500w, https:\/\/lafilledecorinthe.com\/wordpress\/wp-content\/uploads\/2025\/11\/Affiches.png 1738w\" sizes=\"auto, (max-width: 680px) 100vw, 680px\" \/><\/a><figcaption class=\"wp-element-caption\">Les affiches des expositions \u00e0 la Halle Saint Pierre<\/figcaption><\/figure>\n<\/div>\n\n\n<p>Une superbe exposition a lieu en ce moment et jusqu&rsquo;au 31 juillet 2026 \u00e0 la Halle Saint Pierre, elle met en valeur l&rsquo;art du textile sous ce beau titre, <a href=\"https:\/\/www.hallesaintpierre.org\/letoffe-des-reves\/\" target=\"_blank\" rel=\"noopener\"><em>L&rsquo;\u00e9toffe des r\u00eaves<\/em><\/a>. Une belle occasion de d\u00e9couvrir l&rsquo;artiste&nbsp;Alireza Asbahi Sisi qui exposait d\u00e9j\u00e0 dans l&rsquo;exposition pr\u00e9c\u00e9dente consacr\u00e9e \u00e0 l&rsquo;<a href=\"https:\/\/www.hallesaintpierre.org\/lart-brut-diran\/\" target=\"_blank\" rel=\"noopener\">Art Brut d&rsquo;Iran<\/a>.<\/p>\n\n\n<div class=\"wp-block-image alignnone\">\n<figure class=\"aligncenter\"><a href=\"https:\/\/lafilledecorinthe.com\/wordpress\/wp-content\/uploads\/2025\/11\/Alireza-Asbahi-Sisi.jpeg\"><img loading=\"lazy\" decoding=\"async\" width=\"680\" height=\"510\" src=\"https:\/\/lafilledecorinthe.com\/wordpress\/wp-content\/uploads\/2025\/11\/Alireza-Asbahi-Sisi-680x510.jpeg\" alt=\"Alireza Asbahi Sisi\" class=\"wp-image-14090\" srcset=\"https:\/\/lafilledecorinthe.com\/wordpress\/wp-content\/uploads\/2025\/11\/Alireza-Asbahi-Sisi-680x510.jpeg 680w, https:\/\/lafilledecorinthe.com\/wordpress\/wp-content\/uploads\/2025\/11\/Alireza-Asbahi-Sisi-1280x960.jpeg 1280w, https:\/\/lafilledecorinthe.com\/wordpress\/wp-content\/uploads\/2025\/11\/Alireza-Asbahi-Sisi-400x300.jpeg 400w\" sizes=\"auto, (max-width: 680px) 100vw, 680px\" \/><\/a><figcaption class=\"wp-element-caption\">Alireza Asbahi Sisi, \u00ab\u00a0L&rsquo;\u00e9toffe des r\u00eaves\u00a0\u00bb, la Halle Saint-Pierre<\/figcaption><\/figure>\n<\/div>","protected":false},"excerpt":{"rendered":"<p>\u00ab\u00a0Le Kan(o)un avait besoin de films pour enfants, nous en faisions et pour le reste nous \u00e9tions compl\u00e8tement libres. Personne ne voyait nos films, donc personne ne nous jugeait. Et on tournait avec tr\u00e8s peu d\u2019argent.&nbsp;Harmonica&nbsp;a co\u00fbt\u00e9 l\u2019\u00e9quivalent de 5&nbsp;000 dollars. Les films ne tournaient que dans les biblioth\u00e8ques pour enfants, l\u2019\u00e9t\u00e9, quand il faisait&#8230;<\/p>\n","protected":false},"author":2,"featured_media":14063,"comment_status":"open","ping_status":"open","sticky":false,"template":"","format":"standard","meta":{"_kad_post_transparent":"","_kad_post_title":"","_kad_post_layout":"","_kad_post_sidebar_id":"","_kad_post_content_style":"","_kad_post_vertical_padding":"","_kad_post_feature":"","_kad_post_feature_position":"","_kad_post_header":false,"_kad_post_footer":false,"_kad_post_classname":"","footnotes":""},"categories":[8],"tags":[2516,2231,2517,2225,2518,2514,2515,1400,1402,1401,2513],"class_list":["post-14057","post","type-post","status-publish","format-standard","has-post-thumbnail","hentry","category-formations-adultes","tag-letoffe-des-reves","tag-maternelle-au-cinema-92","tag-alireza-asbahi-sisi","tag-farkhondeh-torabi","tag-halle-saint-pierre","tag-iran","tag-le-poisson-arc-en-ciel","tag-les-contes-de-la-mere-poule","tag-lili-hosak","tag-shangoul-et-mangoul","tag-studio-kanoun"],"_links":{"self":[{"href":"https:\/\/lafilledecorinthe.com\/wordpress\/wp-json\/wp\/v2\/posts\/14057","targetHints":{"allow":["GET"]}}],"collection":[{"href":"https:\/\/lafilledecorinthe.com\/wordpress\/wp-json\/wp\/v2\/posts"}],"about":[{"href":"https:\/\/lafilledecorinthe.com\/wordpress\/wp-json\/wp\/v2\/types\/post"}],"author":[{"embeddable":true,"href":"https:\/\/lafilledecorinthe.com\/wordpress\/wp-json\/wp\/v2\/users\/2"}],"replies":[{"embeddable":true,"href":"https:\/\/lafilledecorinthe.com\/wordpress\/wp-json\/wp\/v2\/comments?post=14057"}],"version-history":[{"count":13,"href":"https:\/\/lafilledecorinthe.com\/wordpress\/wp-json\/wp\/v2\/posts\/14057\/revisions"}],"predecessor-version":[{"id":14996,"href":"https:\/\/lafilledecorinthe.com\/wordpress\/wp-json\/wp\/v2\/posts\/14057\/revisions\/14996"}],"wp:featuredmedia":[{"embeddable":true,"href":"https:\/\/lafilledecorinthe.com\/wordpress\/wp-json\/wp\/v2\/media\/14063"}],"wp:attachment":[{"href":"https:\/\/lafilledecorinthe.com\/wordpress\/wp-json\/wp\/v2\/media?parent=14057"}],"wp:term":[{"taxonomy":"category","embeddable":true,"href":"https:\/\/lafilledecorinthe.com\/wordpress\/wp-json\/wp\/v2\/categories?post=14057"},{"taxonomy":"post_tag","embeddable":true,"href":"https:\/\/lafilledecorinthe.com\/wordpress\/wp-json\/wp\/v2\/tags?post=14057"}],"curies":[{"name":"wp","href":"https:\/\/api.w.org\/{rel}","templated":true}]}}