{"id":13953,"date":"2025-09-30T15:26:05","date_gmt":"2025-09-30T14:26:05","guid":{"rendered":"http:\/\/lafilledecorinthe.com\/wordpress\/?p=13953"},"modified":"2025-11-28T20:59:00","modified_gmt":"2025-11-28T19:59:00","slug":"jiburo-ecole-et-cinema-94","status":"publish","type":"post","link":"https:\/\/lafilledecorinthe.com\/wordpress\/2025\/09\/jiburo-ecole-et-cinema-94\/","title":{"rendered":"&lsquo;Jiburo&rsquo; \u00c9cole et Cin\u00e9ma 94"},"content":{"rendered":"\n<p><strong>Projection-conf\u00e9rence :<\/strong><br><em>Jiburo,\u00a0<\/em>Lee Jung-hyang, 2002<br>Cin\u00e9ma Salle Aragon-Triolet \u00e0 Orly<br>Mercredi 1 octobre 2025<\/p>\n\n\n\n<p><strong>Documents&nbsp;\u00e0 t\u00e9l\u00e9charger :&nbsp;<\/strong><a href=\"https:\/\/lafilledecorinthe.com\/wordpress\/wp-content\/uploads\/2025\/09\/Pour-aller-plus-loin-2.pdf\">Pour aller plus loin<\/a>,&nbsp;<a title=\"\u00ab&nbsp;Jiburo&nbsp;\u00bb \u00c9cole et Cin\u00e9ma 79\" href=\"https:\/\/lafilledecorinthe.com\/wordpress\/2023\/01\/jiburo-ecole-et-cinema-79\/\">ici<\/a>&nbsp;et <a title=\"\u00ab&nbsp;Jiburo&nbsp;\u00bb \u00c9cole et Cin\u00e9ma 79\" href=\"https:\/\/lafilledecorinthe.com\/wordpress\/2023\/01\/jiburo-ecole-et-cinema-79\/\">ici<\/a><\/p>\n\n\n\n<p class=\"p1\">La f\u00eate nationale cor\u00e9enne est c\u00e9l\u00e9br\u00e9e le 3 octobre. Son origine est un mythe fondateur sur la naissance de la nation qui serait le fruit de l\u2019union entre le fils d\u2019un dieu et d\u2019une ourse m\u00e9tamorphos\u00e9e en femme&nbsp;soit l\u2019alliance du Ciel et de la Nature.<\/p>\n\n\n\n<figure class=\"wp-block-image\"><a href=\"https:\/\/lafilledecorinthe.com\/wordpress\/wp-content\/uploads\/2025\/09\/mythe.jpg\"><img loading=\"lazy\" decoding=\"async\" width=\"680\" height=\"438\" src=\"https:\/\/lafilledecorinthe.com\/wordpress\/wp-content\/uploads\/2025\/09\/mythe-680x438.jpg\" alt=\"mythe\" class=\"wp-image-13959\" srcset=\"https:\/\/lafilledecorinthe.com\/wordpress\/wp-content\/uploads\/2025\/09\/mythe-680x438.jpg 680w, https:\/\/lafilledecorinthe.com\/wordpress\/wp-content\/uploads\/2025\/09\/mythe-466x300.jpg 466w, https:\/\/lafilledecorinthe.com\/wordpress\/wp-content\/uploads\/2025\/09\/mythe.jpg 700w\" sizes=\"auto, (max-width: 680px) 100vw, 680px\" \/><\/a><\/figure>\n\n\n\n<p class=\"p1\"><\/p>\n\n\n\n<p><strong>Le fils de l\u2019ourse<\/strong><br>Hwanung voulut descendre sur la terre et y vivre comme un souverain.Alors, le roi des cieux \u00e9tablit un nouveau royaume sur la montagne Taebek pour son fils et lui offrit aussi trois sceaux c\u00e9lestes. Hwanung fonda la capitale de son \u00c9tat sur la montagne, \u00e0 c\u00f4t\u00e9 d\u2019un arbre sacr\u00e9, et nomma la ville \u00ab sainte \u00bb, se d\u00e9signant lui-m\u00eame comme \u00ab le roi c\u00e9leste \u00bb. Le vent, la pluie, les nuages, les c\u00e9r\u00e9ales, toute la nature lui ob\u00e9irent et son peuple fut heureux.<br>Un tigre et une ourse qui d\u00e9siraient devenir des humains suppli\u00e8rent Hwanung de les aider. Le roi leur donna une branchette d\u2019absinthe et vingt gousses d\u2019ail en disant : \u00ab si vous en mangez et si vous ne voyez pas la lumi\u00e8re du soleil pendant cent jours, vous deviendrez des humains. \u00bb<br>Le tigre et l\u2019ourse mang\u00e8rent tout et se cach\u00e8rent dans une grotte. L\u2019ourse r\u00e9ussit \u00e0 rester dans l\u2019ombre suffisamment longtemps pour se transformer en femme. Mais le tigre, lui, ne supporta pas cette contrainte : il bondit hors de la grotte et resta animal \u00e0 jamais.<br>La femme-ourse fut heureuse mais elle ne put trouver d\u2019\u00e9poux. Elle pria l\u2019arbre sacr\u00e9 pour pouvoir trouver un homme et avoir un enfant avec lui. Hwanung la prit en piti\u00e9, se transforma en humain et lui donna un fils. Il fut nomm\u00e9 Dangun, celui qui fonda plus tard l\u2019\u00c9tat Gojoseon avec pour capitale Pyongyang.<br>Dangun est souvent identifi\u00e9 avec le dieu de la montagne Sansin, un personnage caract\u00e9ristique du chamanisme cor\u00e9en. En revanche, son grand-p\u00e8re Haneulnim est per\u00e7u comme un \u00e9quivalent de Shangdi, la supr\u00eame divinit\u00e9 chinoise.<br>https:\/\/www.planete-coree.com\/<\/p>\n\n\n\n<figure class=\"wp-block-image\"><a href=\"https:\/\/lafilledecorinthe.com\/wordpress\/wp-content\/uploads\/2025\/09\/Capture-d\u2019e\u0301cran-2025-09-30-a\u0300-16.06.45.png\"><img loading=\"lazy\" decoding=\"async\" width=\"680\" height=\"319\" src=\"https:\/\/lafilledecorinthe.com\/wordpress\/wp-content\/uploads\/2025\/09\/Capture-d\u2019e\u0301cran-2025-09-30-a\u0300-16.06.45-680x319.png\" alt=\"Capture d\u2019e\u0301cran 2025-09-30 a\u0300 16.06.45\" class=\"wp-image-13960\" srcset=\"https:\/\/lafilledecorinthe.com\/wordpress\/wp-content\/uploads\/2025\/09\/Capture-d\u2019e\u0301cran-2025-09-30-a\u0300-16.06.45-680x319.png 680w, https:\/\/lafilledecorinthe.com\/wordpress\/wp-content\/uploads\/2025\/09\/Capture-d\u2019e\u0301cran-2025-09-30-a\u0300-16.06.45-1280x601.png 1280w, https:\/\/lafilledecorinthe.com\/wordpress\/wp-content\/uploads\/2025\/09\/Capture-d\u2019e\u0301cran-2025-09-30-a\u0300-16.06.45-500x235.png 500w, https:\/\/lafilledecorinthe.com\/wordpress\/wp-content\/uploads\/2025\/09\/Capture-d\u2019e\u0301cran-2025-09-30-a\u0300-16.06.45.png 1440w\" sizes=\"auto, (max-width: 680px) 100vw, 680px\" \/><\/a><\/figure>\n\n\n\n<p><\/p>\n\n\n\n<p>Parler d&rsquo;un sujet difficile avec les enfants, la s\u00e9paration entre la Cor\u00e9e du Sud et la Cor\u00e9e du Nord, gr\u00e2ce \u00e0 la litt\u00e9rature et au cin\u00e9ma.<\/p>\n\n\n\n<p><a href=\"https:\/\/lafilledecorinthe.com\/wordpress\/wp-content\/uploads\/2025\/09\/core\u0301e-du-nord.png\"><img loading=\"lazy\" decoding=\"async\" width=\"680\" height=\"235\" class=\"alignnone size-medium wp-image-13961\" src=\"https:\/\/lafilledecorinthe.com\/wordpress\/wp-content\/uploads\/2025\/09\/core\u0301e-du-nord-680x235.png\" alt=\"core\u0301e du nord\" srcset=\"https:\/\/lafilledecorinthe.com\/wordpress\/wp-content\/uploads\/2025\/09\/core\u0301e-du-nord-680x235.png 680w, https:\/\/lafilledecorinthe.com\/wordpress\/wp-content\/uploads\/2025\/09\/core\u0301e-du-nord-1280x442.png 1280w, https:\/\/lafilledecorinthe.com\/wordpress\/wp-content\/uploads\/2025\/09\/core\u0301e-du-nord-500x173.png 500w, https:\/\/lafilledecorinthe.com\/wordpress\/wp-content\/uploads\/2025\/09\/core\u0301e-du-nord.png 1536w\" sizes=\"auto, (max-width: 680px) 100vw, 680px\" \/><\/a>\u00a0 \u00a0<em>No Man&rsquo;s Land<\/em>,\u00a0Yeon-Sil Yl, Grandir, 2011<br><em>The Newly Coming Seasons<\/em>, Min Sung-ah, 2009<\/p>\n","protected":false},"excerpt":{"rendered":"<p>Projection-conf\u00e9rence :Jiburo,\u00a0Lee Jung-hyang, 2002Cin\u00e9ma Salle Aragon-Triolet \u00e0 OrlyMercredi 1 octobre 2025 Documents&nbsp;\u00e0 t\u00e9l\u00e9charger :&nbsp;Pour aller plus loin,&nbsp;ici&nbsp;et ici La f\u00eate nationale cor\u00e9enne est c\u00e9l\u00e9br\u00e9e le 3 octobre. Son origine est un mythe fondateur sur la naissance de la nation qui serait le fruit de l\u2019union entre le fils d\u2019un dieu et d\u2019une ourse m\u00e9tamorphos\u00e9e en&#8230;<\/p>\n","protected":false},"author":2,"featured_media":13956,"comment_status":"open","ping_status":"open","sticky":false,"template":"","format":"standard","meta":{"_kad_post_transparent":"","_kad_post_title":"","_kad_post_layout":"","_kad_post_sidebar_id":"","_kad_post_content_style":"","_kad_post_vertical_padding":"","_kad_post_feature":"","_kad_post_feature_position":"","_kad_post_header":false,"_kad_post_footer":false,"_kad_post_classname":"","footnotes":""},"categories":[8],"tags":[2494,1795,2497,45,263,2499,2495,2498,2496],"class_list":["post-13953","post","type-post","status-publish","format-standard","has-post-thumbnail","hentry","category-formations-adultes","tag-dangun","tag-ecole-et-cinema-94","tag-grandir","tag-jiburo","tag-lee-jung-hyang","tag-min-sung-ah","tag-no-mans-land","tag-the-newly-coming-seasons","tag-yeon-sil-yl"],"_links":{"self":[{"href":"https:\/\/lafilledecorinthe.com\/wordpress\/wp-json\/wp\/v2\/posts\/13953","targetHints":{"allow":["GET"]}}],"collection":[{"href":"https:\/\/lafilledecorinthe.com\/wordpress\/wp-json\/wp\/v2\/posts"}],"about":[{"href":"https:\/\/lafilledecorinthe.com\/wordpress\/wp-json\/wp\/v2\/types\/post"}],"author":[{"embeddable":true,"href":"https:\/\/lafilledecorinthe.com\/wordpress\/wp-json\/wp\/v2\/users\/2"}],"replies":[{"embeddable":true,"href":"https:\/\/lafilledecorinthe.com\/wordpress\/wp-json\/wp\/v2\/comments?post=13953"}],"version-history":[{"count":8,"href":"https:\/\/lafilledecorinthe.com\/wordpress\/wp-json\/wp\/v2\/posts\/13953\/revisions"}],"predecessor-version":[{"id":14263,"href":"https:\/\/lafilledecorinthe.com\/wordpress\/wp-json\/wp\/v2\/posts\/13953\/revisions\/14263"}],"wp:featuredmedia":[{"embeddable":true,"href":"https:\/\/lafilledecorinthe.com\/wordpress\/wp-json\/wp\/v2\/media\/13956"}],"wp:attachment":[{"href":"https:\/\/lafilledecorinthe.com\/wordpress\/wp-json\/wp\/v2\/media?parent=13953"}],"wp:term":[{"taxonomy":"category","embeddable":true,"href":"https:\/\/lafilledecorinthe.com\/wordpress\/wp-json\/wp\/v2\/categories?post=13953"},{"taxonomy":"post_tag","embeddable":true,"href":"https:\/\/lafilledecorinthe.com\/wordpress\/wp-json\/wp\/v2\/tags?post=13953"}],"curies":[{"name":"wp","href":"https:\/\/api.w.org\/{rel}","templated":true}]}}