{"id":13912,"date":"2025-09-21T09:36:51","date_gmt":"2025-09-21T08:36:51","guid":{"rendered":"http:\/\/lafilledecorinthe.com\/wordpress\/?p=13912"},"modified":"2025-11-28T21:00:12","modified_gmt":"2025-11-28T20:00:12","slug":"maternelle-au-cinema-95-20252026","status":"publish","type":"post","link":"https:\/\/lafilledecorinthe.com\/wordpress\/2025\/09\/maternelle-au-cinema-95-20252026\/","title":{"rendered":"\u00ab\u00a0Maternelle au Cin\u00e9ma\u00a0\u00bb 95-2025\/2026"},"content":{"rendered":"\n<p><strong>Conf\u00e9rence au \u2026<\/strong><br>Cin\u00e9ma<strong>\u00a0<\/strong><em>Utopia<\/em> \u00e0 Saint-Ouen-l&rsquo;Aum\u00f4ne<br>Mercredi\u00a024 septembre 2025<\/p>\n\n\n\n<blockquote class=\"wp-block-quote is-layout-flow wp-block-quote-is-layout-flow\">\n<p><em>\u00a0\u00bb Le jardin meurt et rena\u00eet \u00e0 chaque saison, il est dans une transformation continue \u00e0 mi-chemin entre l&rsquo;\u00e9ternel et l&rsquo;instantan\u00e9.\u00a0\u00bb<\/em><br><em>Le jardin grec<\/em>, Margot Malgorzata Grygielewicz, 2017<\/p>\n<\/blockquote>\n\n\n\n<p><strong>Documents \u00e0 t\u00e9l\u00e9charger :&nbsp;<\/strong><a href=\"https:\/\/lafilledecorinthe.com\/wordpress\/wp-content\/uploads\/2025\/09\/Pour-aller-plus-loin-.pdf\">Pour aller plus loin<\/a>,&nbsp;<a href=\"https:\/\/lafilledecorinthe.com\/wordpress\/wp-content\/uploads\/2025\/09\/Couche\u0301eplans-objectifs-et-subjectifs-.pdf\">Couche\u0301e,plans objectifs et subjectifs<\/a>,&nbsp;<a href=\"https:\/\/lafilledecorinthe.com\/wordpress\/wp-content\/uploads\/2025\/09\/Cache-cache-le-regard-dune-naturaliste-.pdf\">Cache-cache, le regard d&rsquo;une naturaliste<\/a>,&nbsp;<a href=\"https:\/\/lafilledecorinthe.com\/wordpress\/wp-content\/uploads\/2025\/09\/Cache-cache-une-question-de-taille-.pdf\">Cache-cache, une question de taille<\/a>,&nbsp;<a href=\"https:\/\/lafilledecorinthe.com\/wordpress\/wp-content\/uploads\/2025\/09\/Le-jeu-des-paires.pdf\">Le jeu des paires<\/a>,&nbsp;<a href=\"https:\/\/lafilledecorinthe.com\/wordpress\/wp-content\/uploads\/2025\/09\/Du-iz-tak-Images-se\u0301quentielles-.pdf\">Du iz tak, Images se\u0301quentielles<\/a><\/p>\n\n\n\n<p>D&rsquo;autres images&#8230; de Carson Ellis &#8230;<\/p>\n\n\n<div class=\"wp-block-image\">\n<figure class=\"aligncenter\"><a href=\"https:\/\/lafilledecorinthe.com\/wordpress\/wp-content\/uploads\/2025\/09\/illustrations.png\"><img loading=\"lazy\" decoding=\"async\" width=\"1960\" height=\"772\" src=\"https:\/\/lafilledecorinthe.com\/wordpress\/wp-content\/uploads\/2025\/09\/illustrations.png\" alt=\"illustrations\" class=\"wp-image-13925\" srcset=\"https:\/\/lafilledecorinthe.com\/wordpress\/wp-content\/uploads\/2025\/09\/illustrations.png 1960w, https:\/\/lafilledecorinthe.com\/wordpress\/wp-content\/uploads\/2025\/09\/illustrations-680x268.png 680w, https:\/\/lafilledecorinthe.com\/wordpress\/wp-content\/uploads\/2025\/09\/illustrations-1280x504.png 1280w, https:\/\/lafilledecorinthe.com\/wordpress\/wp-content\/uploads\/2025\/09\/illustrations-500x197.png 500w\" sizes=\"auto, (max-width: 1960px) 100vw, 1960px\" \/><\/a><\/figure>\n<\/div>\n\n\n<p><\/p>\n\n\n\n<p>&#8230; et d&rsquo; Edouard Manet.<\/p>\n\n\n\n<figure class=\"wp-block-image alignnone\"><a href=\"https:\/\/lafilledecorinthe.com\/wordpress\/wp-content\/uploads\/2025\/09\/E\u0301douard_Manet_-The_Monet_Family_in_Their_Garden_at_Argenteuil.jpg\"><img loading=\"lazy\" decoding=\"async\" width=\"680\" height=\"419\" src=\"https:\/\/lafilledecorinthe.com\/wordpress\/wp-content\/uploads\/2025\/09\/E\u0301douard_Manet_-The_Monet_Family_in_Their_Garden_at_Argenteuil-680x419.jpg\" alt=\"E\u0301douard_Manet_--The_Monet_Family_in_Their_Garden_at_Argenteuil\" class=\"wp-image-13927\" srcset=\"https:\/\/lafilledecorinthe.com\/wordpress\/wp-content\/uploads\/2025\/09\/E\u0301douard_Manet_-The_Monet_Family_in_Their_Garden_at_Argenteuil-680x419.jpg 680w, https:\/\/lafilledecorinthe.com\/wordpress\/wp-content\/uploads\/2025\/09\/E\u0301douard_Manet_-The_Monet_Family_in_Their_Garden_at_Argenteuil-1280x789.jpg 1280w, https:\/\/lafilledecorinthe.com\/wordpress\/wp-content\/uploads\/2025\/09\/E\u0301douard_Manet_-The_Monet_Family_in_Their_Garden_at_Argenteuil-487x300.jpg 487w\" sizes=\"auto, (max-width: 680px) 100vw, 680px\" \/><\/a><figcaption class=\"wp-element-caption\">La famille Manet dans son jardin \u00e0 Argenteuil, Edouard Manet, 1874<\/figcaption><\/figure>\n\n\n\n<figure class=\"wp-block-image alignnone\"><a href=\"https:\/\/lafilledecorinthe.com\/wordpress\/wp-content\/uploads\/2025\/09\/Un-coin-dans-le-jardin-de-Bellevue-a\u0300-Meudon.jpg\"><img loading=\"lazy\" decoding=\"async\" width=\"680\" height=\"575\" src=\"https:\/\/lafilledecorinthe.com\/wordpress\/wp-content\/uploads\/2025\/09\/Un-coin-dans-le-jardin-de-Bellevue-a\u0300-Meudon-680x575.jpg\" alt=\"Un coin dans le jardin de Bellevue a\u0300 Meudon\" class=\"wp-image-13928\" srcset=\"https:\/\/lafilledecorinthe.com\/wordpress\/wp-content\/uploads\/2025\/09\/Un-coin-dans-le-jardin-de-Bellevue-a\u0300-Meudon-680x575.jpg 680w, https:\/\/lafilledecorinthe.com\/wordpress\/wp-content\/uploads\/2025\/09\/Un-coin-dans-le-jardin-de-Bellevue-a\u0300-Meudon-355x300.jpg 355w, https:\/\/lafilledecorinthe.com\/wordpress\/wp-content\/uploads\/2025\/09\/Un-coin-dans-le-jardin-de-Bellevue-a\u0300-Meudon.jpg 900w\" sizes=\"auto, (max-width: 680px) 100vw, 680px\" \/><\/a><figcaption class=\"wp-element-caption\">Un coin dans le jardin de Bellevue a\u0300 Meudon, \u00c9douard Manet, 1880<\/figcaption><\/figure>\n\n\n\n<p><em>\u00ab\u00a0L&rsquo;art est avant tout un jeu, un grand jeu divin, mais toujours un jeu.\u00a0\u00bb<\/em>&nbsp;Jan Zrzavy<\/p>\n\n\n\n<figure class=\"wp-block-image alignnone\"><a href=\"https:\/\/lafilledecorinthe.com\/wordpress\/wp-content\/uploads\/2025\/09\/Jan_Zrzavy\u03013.png\"><img loading=\"lazy\" decoding=\"async\" width=\"680\" height=\"334\" src=\"https:\/\/lafilledecorinthe.com\/wordpress\/wp-content\/uploads\/2025\/09\/Jan_Zrzavy\u03013-680x334.png\" alt=\"Jan_Zrzavy\u03013\" class=\"wp-image-13932\" srcset=\"https:\/\/lafilledecorinthe.com\/wordpress\/wp-content\/uploads\/2025\/09\/Jan_Zrzavy\u03013-680x334.png 680w, https:\/\/lafilledecorinthe.com\/wordpress\/wp-content\/uploads\/2025\/09\/Jan_Zrzavy\u03013-1280x629.png 1280w, https:\/\/lafilledecorinthe.com\/wordpress\/wp-content\/uploads\/2025\/09\/Jan_Zrzavy\u03013-500x246.png 500w, https:\/\/lafilledecorinthe.com\/wordpress\/wp-content\/uploads\/2025\/09\/Jan_Zrzavy\u03013.png 1450w\" sizes=\"auto, (max-width: 680px) 100vw, 680px\" \/><\/a><figcaption class=\"wp-element-caption\">Le c\u00e9l\u00e8bre peintre tch\u00e8que, Jan Zrzavy, figurant dans le film de Vera Simkova<\/figcaption><\/figure>\n\n\n\n<p><strong>Documents \u00e0 t\u00e9l\u00e9charger :&nbsp;<\/strong><a href=\"https:\/\/lafilledecorinthe.com\/wordpress\/wp-content\/uploads\/2025\/09\/Pour-aller-plus-loin-1.pdf\">Pour aller plus loin<\/a>,&nbsp;<a href=\"https:\/\/lafilledecorinthe.com\/wordpress\/wp-content\/uploads\/2025\/09\/La-rencontre-entre-Katia-et-Micha.pages\">La rencontre entre Katia et Micha<\/a>,&nbsp;<a href=\"https:\/\/lafilledecorinthe.com\/wordpress\/wp-content\/uploads\/2025\/09\/Le-ge\u0301ne\u0301rique-.pdf\">Le ge\u0301ne\u0301rique<\/a>,&nbsp;<a href=\"https:\/\/lafilledecorinthe.com\/wordpress\/wp-content\/uploads\/2025\/09\/Les-personnages-.pdf\">Les personnages<\/a>,&nbsp;<a href=\"https:\/\/lafilledecorinthe.com\/wordpress\/wp-content\/uploads\/2025\/09\/Les-expressions-de-Katia-.pdf\">Les expressions de Katia<\/a>,&nbsp;<a href=\"https:\/\/lafilledecorinthe.com\/wordpress\/wp-content\/uploads\/2025\/09\/Un-garc\u0327on-myste\u0301rieux-.pdf\">Un garc\u0327on myste\u0301rieux<\/a>,&nbsp;<a href=\"https:\/\/lafilledecorinthe.com\/wordpress\/wp-content\/uploads\/2025\/09\/Une-dro\u0302le-de-me\u0301nagerie-.pdf\">Une dro\u0302le de me\u0301nagerie<\/a>,&nbsp;<a href=\"https:\/\/lafilledecorinthe.com\/wordpress\/wp-content\/uploads\/2025\/09\/Des-chats-et-des-chiens-.pdf\">Des chats et des chiens<\/a>,&nbsp;<a href=\"https:\/\/lafilledecorinthe.com\/wordpress\/wp-content\/uploads\/2025\/09\/le-crocodile.pdf\">le crocodile<\/a>,&nbsp;<a href=\"https:\/\/lafilledecorinthe.com\/wordpress\/wp-content\/uploads\/2025\/09\/Dro\u0302le-de-duo-.pdf\">Dro\u0302le de duo !<\/a>,&nbsp;<a href=\"https:\/\/lafilledecorinthe.com\/wordpress\/wp-content\/uploads\/2025\/09\/Les-jeux-dans-la-rue.pdf\">Les jeux dans la rue<\/a>,&nbsp;<a href=\"https:\/\/lafilledecorinthe.com\/wordpress\/wp-content\/uploads\/2025\/09\/Que-regardent-ils-.pdf\">Que regardent-ils ?<\/a>,&nbsp;<a href=\"https:\/\/lafilledecorinthe.com\/wordpress\/wp-content\/uploads\/2025\/09\/Le-ballon-senvole-.pdf\">Le ballon s&rsquo;envole<\/a><\/p>\n\n\n\n<p>Des enfants courant dans les rues de Londres aux photos animali\u00e8res.<\/p>\n\n\n\n<figure class=\"wp-block-image alignnone\"><a href=\"https:\/\/lafilledecorinthe.com\/wordpress\/wp-content\/uploads\/2025\/09\/A.png\"><img loading=\"lazy\" decoding=\"async\" width=\"680\" height=\"192\" src=\"https:\/\/lafilledecorinthe.com\/wordpress\/wp-content\/uploads\/2025\/09\/A-680x192.png\" alt=\"A\" class=\"wp-image-13948\" srcset=\"https:\/\/lafilledecorinthe.com\/wordpress\/wp-content\/uploads\/2025\/09\/A-680x192.png 680w, https:\/\/lafilledecorinthe.com\/wordpress\/wp-content\/uploads\/2025\/09\/A-1280x361.png 1280w, https:\/\/lafilledecorinthe.com\/wordpress\/wp-content\/uploads\/2025\/09\/A-500x141.png 500w, https:\/\/lafilledecorinthe.com\/wordpress\/wp-content\/uploads\/2025\/09\/A.png 1696w\" sizes=\"auto, (max-width: 680px) 100vw, 680px\" \/><\/a><figcaption class=\"wp-element-caption\">John Drysdale, Londres, ann\u00e9es 50-60<\/figcaption><\/figure>\n\n\n\n<figure class=\"wp-block-image\"><a href=\"https:\/\/lafilledecorinthe.com\/wordpress\/wp-content\/uploads\/2025\/09\/B.png\"><img loading=\"lazy\" decoding=\"async\" width=\"680\" height=\"293\" src=\"https:\/\/lafilledecorinthe.com\/wordpress\/wp-content\/uploads\/2025\/09\/B-680x293.png\" alt=\"B\" class=\"wp-image-13949\" srcset=\"https:\/\/lafilledecorinthe.com\/wordpress\/wp-content\/uploads\/2025\/09\/B-680x293.png 680w, https:\/\/lafilledecorinthe.com\/wordpress\/wp-content\/uploads\/2025\/09\/B-1280x551.png 1280w, https:\/\/lafilledecorinthe.com\/wordpress\/wp-content\/uploads\/2025\/09\/B-500x215.png 500w, https:\/\/lafilledecorinthe.com\/wordpress\/wp-content\/uploads\/2025\/09\/B.png 1546w\" sizes=\"auto, (max-width: 680px) 100vw, 680px\" \/><\/a><\/figure>\n\n\n\n<p><\/p>\n","protected":false},"excerpt":{"rendered":"<p>Conf\u00e9rence au \u2026Cin\u00e9ma\u00a0Utopia \u00e0 Saint-Ouen-l&rsquo;Aum\u00f4neMercredi\u00a024 septembre 2025 \u00a0\u00bb Le jardin meurt et rena\u00eet \u00e0 chaque saison, il est dans une transformation continue \u00e0 mi-chemin entre l&rsquo;\u00e9ternel et l&rsquo;instantan\u00e9.\u00a0\u00bbLe jardin grec, Margot Malgorzata Grygielewicz, 2017 Documents \u00e0 t\u00e9l\u00e9charger :&nbsp;Pour aller plus loin,&nbsp;Couche\u0301e,plans objectifs et subjectifs,&nbsp;Cache-cache, le regard d&rsquo;une naturaliste,&nbsp;Cache-cache, une question de taille,&nbsp;Le jeu des paires,&nbsp;Du&#8230;<\/p>\n","protected":false},"author":2,"featured_media":13915,"comment_status":"open","ping_status":"open","sticky":false,"template":"","format":"standard","meta":{"_kad_post_transparent":"","_kad_post_title":"","_kad_post_layout":"","_kad_post_sidebar_id":"","_kad_post_content_style":"","_kad_post_vertical_padding":"","_kad_post_feature":"","_kad_post_feature_position":"","_kad_post_header":false,"_kad_post_footer":false,"_kad_post_classname":"","footnotes":""},"categories":[8],"tags":[2224,2490,2491,2492,2145,2493,2489],"class_list":["post-13912","post","type-post","status-publish","format-standard","has-post-thumbnail","hentry","category-formations-adultes","tag-maternelle-au-cinema-95","tag-carson-ellis","tag-edouard-manet","tag-jan-zrzavy","tag-jardins-enchantes","tag-john-drysdale","tag-katia-et-le-crocodile"],"_links":{"self":[{"href":"https:\/\/lafilledecorinthe.com\/wordpress\/wp-json\/wp\/v2\/posts\/13912","targetHints":{"allow":["GET"]}}],"collection":[{"href":"https:\/\/lafilledecorinthe.com\/wordpress\/wp-json\/wp\/v2\/posts"}],"about":[{"href":"https:\/\/lafilledecorinthe.com\/wordpress\/wp-json\/wp\/v2\/types\/post"}],"author":[{"embeddable":true,"href":"https:\/\/lafilledecorinthe.com\/wordpress\/wp-json\/wp\/v2\/users\/2"}],"replies":[{"embeddable":true,"href":"https:\/\/lafilledecorinthe.com\/wordpress\/wp-json\/wp\/v2\/comments?post=13912"}],"version-history":[{"count":15,"href":"https:\/\/lafilledecorinthe.com\/wordpress\/wp-json\/wp\/v2\/posts\/13912\/revisions"}],"predecessor-version":[{"id":14265,"href":"https:\/\/lafilledecorinthe.com\/wordpress\/wp-json\/wp\/v2\/posts\/13912\/revisions\/14265"}],"wp:featuredmedia":[{"embeddable":true,"href":"https:\/\/lafilledecorinthe.com\/wordpress\/wp-json\/wp\/v2\/media\/13915"}],"wp:attachment":[{"href":"https:\/\/lafilledecorinthe.com\/wordpress\/wp-json\/wp\/v2\/media?parent=13912"}],"wp:term":[{"taxonomy":"category","embeddable":true,"href":"https:\/\/lafilledecorinthe.com\/wordpress\/wp-json\/wp\/v2\/categories?post=13912"},{"taxonomy":"post_tag","embeddable":true,"href":"https:\/\/lafilledecorinthe.com\/wordpress\/wp-json\/wp\/v2\/tags?post=13912"}],"curies":[{"name":"wp","href":"https:\/\/api.w.org\/{rel}","templated":true}]}}