{"id":13904,"date":"2025-11-01T09:51:45","date_gmt":"2025-11-01T08:51:45","guid":{"rendered":"http:\/\/lafilledecorinthe.com\/wordpress\/?p=13904"},"modified":"2025-11-28T20:53:38","modified_gmt":"2025-11-28T19:53:38","slug":"ma-premiere-seance-2025-2026","status":"publish","type":"post","link":"https:\/\/lafilledecorinthe.com\/wordpress\/2025\/11\/ma-premiere-seance-2025-2026\/","title":{"rendered":"\u00ab\u00a0Ma Premi\u00e8re S\u00e9ance\u00a0\u00bb 2025-2026"},"content":{"rendered":"\n<p><strong>Projection-conf\u00e9rence :<\/strong><br>Cin\u00e9ma\u00a0<em>Le M\u00e9li\u00e8s<\/em>\u00a0\u00e0 Montreuil<br>Avec la complicit\u00e9 de\u00a0<a href=\"https:\/\/www.cinemas93.org\/page\/ma-premiere-seance-programme-20232024\" target=\"_blank\" rel=\"noopener\"><em>Cin\u00e9mas 93<\/em><\/a><br>Mercredi\u00a05 novembre 2025<\/p>\n\n\n\n<p><strong>Documents \u00e0 t\u00e9l\u00e9charger :&nbsp;<\/strong><a href=\"https:\/\/lafilledecorinthe.com\/wordpress\/wp-content\/uploads\/2025\/11\/Pour-aller-plus-loin-.pages\">Pour aller plus loin<\/a>,&nbsp;<a href=\"https:\/\/lafilledecorinthe.com\/wordpress\/wp-content\/uploads\/2025\/11\/D\u2019ou\u0300-voit-on-Mishou-.pdf\">D\u2019ou\u0300 voit-on Mishou ?<\/a>,&nbsp;<a href=\"https:\/\/lafilledecorinthe.com\/wordpress\/wp-content\/uploads\/2025\/11\/Des-lapins-tre\u0300s-expressifs-.pdf\">Des lapins tre\u0300s expressifs !<\/a>,&nbsp;<a href=\"https:\/\/lafilledecorinthe.com\/wordpress\/wp-content\/uploads\/2025\/11\/Avant-Apre\u0300s-.pdf\">Avant &#8211; Apre\u0300s &#8211;<\/a>,&nbsp;<a href=\"https:\/\/lafilledecorinthe.com\/wordpress\/wp-content\/uploads\/2025\/11\/Une-petite-fille-tre\u0300s-expressive-.pdf\">Une petite fille tre\u0300s expressive !<\/a>,&nbsp;<a href=\"https:\/\/lafilledecorinthe.com\/wordpress\/wp-content\/uploads\/2025\/11\/Entre-peur-et-cole\u0300re-.pdf\">Entre peur et cole\u0300re<\/a>,&nbsp;<a href=\"https:\/\/lafilledecorinthe.com\/wordpress\/wp-content\/uploads\/2025\/11\/Les-six-villageois-.pdf\">Les six villageois<\/a>,&nbsp;<a href=\"https:\/\/lafilledecorinthe.com\/wordpress\/wp-content\/uploads\/2025\/11\/Ils-n\u2019en-croient-pas-leurs-yeux-.pdf\">Ils n\u2019en croient pas leurs yeux !<\/a>,&nbsp;<a href=\"https:\/\/lafilledecorinthe.com\/wordpress\/wp-content\/uploads\/2025\/11\/La-naissance-d\u2019un-be\u0301be\u0301-rocher-.pdf\">La naissance d\u2019un be\u0301be\u0301 rocher<\/a>,&nbsp;<a href=\"https:\/\/lafilledecorinthe.com\/wordpress\/wp-content\/uploads\/2025\/11\/Un-rocher-au-c\u0153ur-sensible-.pdf\">Un rocher au c\u0153ur sensible<\/a>,&nbsp;<a href=\"https:\/\/lafilledecorinthe.com\/wordpress\/wp-content\/uploads\/2025\/11\/De-la-nuit-au-jour-et-vice-versa-.pdf\">De la nuit au jour et vice versa<\/a>,&nbsp;<a href=\"https:\/\/lafilledecorinthe.com\/wordpress\/wp-content\/uploads\/2025\/11\/Le-village-.pdf\">Le village<\/a>,&nbsp;<a href=\"https:\/\/lafilledecorinthe.com\/wordpress\/wp-content\/uploads\/2025\/11\/Le-split-screen-l\u2019e\u0301cran-divise\u0301-.pdf\">Le split-screen (l\u2019e\u0301cran divise\u0301)<\/a>,&nbsp;<a href=\"https:\/\/lafilledecorinthe.com\/wordpress\/wp-content\/uploads\/2025\/11\/Une-comptine-a\u0300-re\u0301e\u0301couter.pdf\">Une comptine a\u0300 re\u0301e\u0301couter<\/a><\/p>\n\n\n<div class=\"wp-block-image\">\n<figure class=\"aligncenter\"><img loading=\"lazy\" decoding=\"async\" width=\"2084\" height=\"1170\" src=\"https:\/\/lafilledecorinthe.com\/wordpress\/wp-content\/uploads\/2025\/11\/Vive-le-vent-dhiver.png\" alt=\"Vive le vent d'hiver\" class=\"wp-image-14023\" srcset=\"https:\/\/lafilledecorinthe.com\/wordpress\/wp-content\/uploads\/2025\/11\/Vive-le-vent-dhiver.png 2084w, https:\/\/lafilledecorinthe.com\/wordpress\/wp-content\/uploads\/2025\/11\/Vive-le-vent-dhiver-680x382.png 680w, https:\/\/lafilledecorinthe.com\/wordpress\/wp-content\/uploads\/2025\/11\/Vive-le-vent-dhiver-1280x719.png 1280w, https:\/\/lafilledecorinthe.com\/wordpress\/wp-content\/uploads\/2025\/11\/Vive-le-vent-dhiver-500x281.png 500w\" sizes=\"auto, (max-width: 2084px) 100vw, 2084px\" \/><\/figure>\n<\/div>\n\n\n<p><\/p>\n\n\n<div class=\"wp-block-image\">\n<figure class=\"aligncenter\"><a href=\"https:\/\/lafilledecorinthe.com\/wordpress\/wp-content\/uploads\/2025\/11\/Mishou.png\"><img loading=\"lazy\" decoding=\"async\" width=\"2082\" height=\"1172\" src=\"https:\/\/lafilledecorinthe.com\/wordpress\/wp-content\/uploads\/2025\/11\/Mishou.png\" alt=\"Mishou, Milen Vitanov et  Vera Trajanova, 2020\" class=\"wp-image-14025\" srcset=\"https:\/\/lafilledecorinthe.com\/wordpress\/wp-content\/uploads\/2025\/11\/Mishou.png 2082w, https:\/\/lafilledecorinthe.com\/wordpress\/wp-content\/uploads\/2025\/11\/Mishou-680x383.png 680w, https:\/\/lafilledecorinthe.com\/wordpress\/wp-content\/uploads\/2025\/11\/Mishou-1280x721.png 1280w, https:\/\/lafilledecorinthe.com\/wordpress\/wp-content\/uploads\/2025\/11\/Mishou-500x281.png 500w\" sizes=\"auto, (max-width: 2082px) 100vw, 2082px\" \/><\/a><figcaption class=\"wp-element-caption\">Mishou, Milen Vitanov et Vera Trajanova, 2020<\/figcaption><\/figure>\n<\/div>\n\n\n<p><iframe loading=\"lazy\" title=\"YouTube video player\" src=\"https:\/\/www.youtube.com\/embed\/PmgqDTW2VEc?si=2AvfEWp_2QZ6C309\" width=\"560\" height=\"315\" frameborder=\"0\" allowfullscreen=\"allowfullscreen\"><\/iframe><\/p>\n\n\n\n<p>On&nbsp;esp\u00e8re retrouver <em>Luce et le rocher<\/em>&nbsp;tr\u00e8s bient\u00f4t ! Britt Raes d\u00e9veloppe une s\u00e9rie t\u00e9l\u00e9vis\u00e9e avec ses deux personnages partis \u00e0 la rencontre&nbsp;<span style=\"font-weight: 300;\">de nouveaux amis en explorant le monde qui les entoure. Elle projette aussi&nbsp;<\/span>d\u2019adapter son court m\u00e9trage sous la forme d\u2019un album.<\/p>\n\n\n<div class=\"wp-block-image\">\n<figure class=\"aligncenter\"><a href=\"https:\/\/lafilledecorinthe.com\/wordpress\/wp-content\/uploads\/2025\/11\/LuceAuLovelyLandLaCabane1.jpg\"><img loading=\"lazy\" decoding=\"async\" width=\"1000\" height=\"565\" src=\"https:\/\/lafilledecorinthe.com\/wordpress\/wp-content\/uploads\/2025\/11\/LuceAuLovelyLandLaCabane1.jpg\" alt=\"LuceAuLovelyLandLaCabane1\" class=\"wp-image-14045\" srcset=\"https:\/\/lafilledecorinthe.com\/wordpress\/wp-content\/uploads\/2025\/11\/LuceAuLovelyLandLaCabane1.jpg 1000w, https:\/\/lafilledecorinthe.com\/wordpress\/wp-content\/uploads\/2025\/11\/LuceAuLovelyLandLaCabane1-680x384.jpg 680w, https:\/\/lafilledecorinthe.com\/wordpress\/wp-content\/uploads\/2025\/11\/LuceAuLovelyLandLaCabane1-500x283.jpg 500w\" sizes=\"auto, (max-width: 1000px) 100vw, 1000px\" \/><\/a><figcaption class=\"wp-element-caption\"><em>Lumi\u00e8re dans le beau pays<\/em> \u00a0\u00a9 2024 &#8211; Thuristar &#8211; La Cabane Productions &#8211; VRT-Ketnet<\/figcaption><\/figure>\n<\/div>\n\n\n<p><strong>Documents \u00e0 t\u00e9l\u00e9charger :&nbsp;<\/strong><a href=\"https:\/\/lafilledecorinthe.com\/wordpress\/wp-content\/uploads\/2025\/11\/Pour-aller-plus-loin-.pdf\">Pour aller plus loin<\/a>,&nbsp;<a href=\"https:\/\/lafilledecorinthe.com\/wordpress\/wp-content\/uploads\/2025\/11\/Les-personnages.pdf\">Les personnages<\/a>,&nbsp;<a href=\"https:\/\/lafilledecorinthe.com\/wordpress\/wp-content\/uploads\/2025\/11\/Qui-est-le-monstre-.pdf\">Qui est le monstre ?<\/a> <a href=\"https:\/\/lafilledecorinthe.com\/wordpress\/wp-content\/uploads\/2025\/11\/Les-lieux-de-l\u2019histoire-.pdf\">Les lieux de l\u2019histoire<\/a>,&nbsp;<a href=\"https:\/\/lafilledecorinthe.com\/wordpress\/wp-content\/uploads\/2025\/11\/Que-voit-Eliot-.pdf\">Que voit Eliot ?<\/a>,&nbsp;<a href=\"https:\/\/lafilledecorinthe.com\/wordpress\/wp-content\/uploads\/2025\/11\/Jeu-de-reflets-1.pdf\">Jeu de reflets<\/a>,&nbsp;<a href=\"https:\/\/lafilledecorinthe.com\/wordpress\/wp-content\/uploads\/2025\/11\/Les-diffe\u0301rentes-tentatives-.pdf\">Les diffe\u0301rentes tentatives<\/a>,&nbsp;<a href=\"https:\/\/lafilledecorinthe.com\/wordpress\/wp-content\/uploads\/2025\/11\/Les-paysages-traverse\u0301s-.pdf\">Les paysages traverse\u0301s<\/a>,&nbsp;<a href=\"https:\/\/lafilledecorinthe.com\/wordpress\/wp-content\/uploads\/2025\/11\/Face-a\u0300-face-.pdf\">Face a\u0300 face<\/a>,&nbsp;<a href=\"https:\/\/lafilledecorinthe.com\/wordpress\/wp-content\/uploads\/2025\/11\/Le-paysage-comme-personnage-.pdf\">Le paysage comme personnage<\/a>,&nbsp;<a href=\"https:\/\/lafilledecorinthe.com\/wordpress\/wp-content\/uploads\/2025\/11\/L\u2019homme-a\u0300-la-barque.pdf\">L\u2019homme a\u0300 la barque<\/a>,&nbsp;<a href=\"https:\/\/lafilledecorinthe.com\/wordpress\/wp-content\/uploads\/2025\/11\/La-danse-des-parapluies.pdf\">La danse des parapluies<\/a>,&nbsp;<a href=\"https:\/\/lafilledecorinthe.com\/wordpress\/wp-content\/uploads\/2025\/11\/Un-dimanche-ensoleille\u0301-.pdf\">Un dimanche ensoleille\u0301<\/a><\/p>\n\n\n\n<figure class=\"wp-block-image\"><a href=\"https:\/\/lafilledecorinthe.com\/wordpress\/wp-content\/uploads\/2025\/11\/Au-bord1.png\"><img loading=\"lazy\" decoding=\"async\" width=\"680\" height=\"384\" src=\"https:\/\/lafilledecorinthe.com\/wordpress\/wp-content\/uploads\/2025\/11\/Au-bord1-680x384.png\" alt=\"Au bord\" class=\"wp-image-14052\" srcset=\"https:\/\/lafilledecorinthe.com\/wordpress\/wp-content\/uploads\/2025\/11\/Au-bord1-680x384.png 680w, https:\/\/lafilledecorinthe.com\/wordpress\/wp-content\/uploads\/2025\/11\/Au-bord1-1280x722.png 1280w, https:\/\/lafilledecorinthe.com\/wordpress\/wp-content\/uploads\/2025\/11\/Au-bord1-500x282.png 500w\" sizes=\"auto, (max-width: 680px) 100vw, 680px\" \/><\/a><\/figure>\n\n\n\n<p><\/p>\n\n\n\n<div style=\"padding: 77% 0 0 0; position: relative;\"><iframe loading=\"lazy\" style=\"position: absolute; top: 0; left: 0; width: 100%; height: 100%;\" title=\"Le Chien\" src=\"https:\/\/player.vimeo.com\/video\/274066309?badge=0&amp;autopause=0&amp;player_id=0&amp;app_id=58479\" width=\"300\" height=\"150\" frameborder=\"0\"><\/iframe><\/div>\n\n\n\n<p><script src=\"https:\/\/player.vimeo.com\/api\/player.js\"><\/script><\/p>\n\n\n\n<p>Connaissez-vous un autre monstre c\u00e9l\u00e8bre sorti lui aussi de la profondeur d&rsquo;un lac ? Un podcast des Odyss\u00e9es lui est consacr\u00e9 !&nbsp;\u00c0 \u00e9couter <a href=\"https:\/\/www.radiofrance.fr\/franceinter\/podcasts\/les-odyssees\/l-histoire-du-monstre-du-loch-ness-3827278\" target=\"_blank\" rel=\"noopener\">ici<\/a><\/p>\n\n\n\n<figure class=\"wp-block-image alignnone\"><a href=\"https:\/\/lafilledecorinthe.com\/wordpress\/wp-content\/uploads\/2025\/11\/Nessie.png\"><img loading=\"lazy\" decoding=\"async\" width=\"680\" height=\"388\" src=\"https:\/\/lafilledecorinthe.com\/wordpress\/wp-content\/uploads\/2025\/11\/Nessie-680x388.png\" alt=\"Nessie\" class=\"wp-image-14047\" srcset=\"https:\/\/lafilledecorinthe.com\/wordpress\/wp-content\/uploads\/2025\/11\/Nessie-680x388.png 680w, https:\/\/lafilledecorinthe.com\/wordpress\/wp-content\/uploads\/2025\/11\/Nessie-1280x731.png 1280w, https:\/\/lafilledecorinthe.com\/wordpress\/wp-content\/uploads\/2025\/11\/Nessie-500x285.png 500w, https:\/\/lafilledecorinthe.com\/wordpress\/wp-content\/uploads\/2025\/11\/Nessie.png 1300w\" sizes=\"auto, (max-width: 680px) 100vw, 680px\" \/><\/a><figcaption class=\"wp-element-caption\">L&rsquo;histoire du monstre du Loch Ness, les Odyss\u00e9es, Laure Grandbesan\u00e7on, France, 2021<\/figcaption><\/figure>\n\n\n\n<figure class=\"wp-block-image alignnone\"><a href=\"https:\/\/lafilledecorinthe.com\/wordpress\/wp-content\/uploads\/2025\/11\/pour-lecran-depingles-keyart-1440x2160.jpg\"><img loading=\"lazy\" decoding=\"async\" width=\"453\" height=\"680\" src=\"https:\/\/lafilledecorinthe.com\/wordpress\/wp-content\/uploads\/2025\/11\/pour-lecran-depingles-keyart-1440x2160-453x680.jpg\" alt=\"Design sans titre - 1\" class=\"wp-image-14050\" srcset=\"https:\/\/lafilledecorinthe.com\/wordpress\/wp-content\/uploads\/2025\/11\/pour-lecran-depingles-keyart-1440x2160-453x680.jpg 453w, https:\/\/lafilledecorinthe.com\/wordpress\/wp-content\/uploads\/2025\/11\/pour-lecran-depingles-keyart-1440x2160-853x1280.jpg 853w, https:\/\/lafilledecorinthe.com\/wordpress\/wp-content\/uploads\/2025\/11\/pour-lecran-depingles-keyart-1440x2160-200x300.jpg 200w, https:\/\/lafilledecorinthe.com\/wordpress\/wp-content\/uploads\/2025\/11\/pour-lecran-depingles-keyart-1440x2160.jpg 1440w\" sizes=\"auto, (max-width: 453px) 100vw, 453px\" \/><\/a><figcaption class=\"wp-element-caption\">Pourquoi l\u2019\u00e9cran d\u2019\u00e9pingles ?, Brice Vincent, 55 min, 2024<\/figcaption><\/figure>\n\n\n\n<p>Et pour les passionn\u00e9s, le documentaire de&nbsp;Brice Vincent est disponible ! <a href=\"tps:\/\/www.youtube.com\/watch?v=Cm75-Nu9pZ0&amp;t=12s\" target=\"_blank\" rel=\"noopener\">L\u00e0<\/a> !<\/p>\n","protected":false},"excerpt":{"rendered":"<p>Projection-conf\u00e9rence :Cin\u00e9ma\u00a0Le M\u00e9li\u00e8s\u00a0\u00e0 MontreuilAvec la complicit\u00e9 de\u00a0Cin\u00e9mas 93Mercredi\u00a05 novembre 2025 Documents \u00e0 t\u00e9l\u00e9charger :&nbsp;Pour aller plus loin,&nbsp;D\u2019ou\u0300 voit-on Mishou ?,&nbsp;Des lapins tre\u0300s expressifs !,&nbsp;Avant &#8211; Apre\u0300s &#8211;,&nbsp;Une petite fille tre\u0300s expressive !,&nbsp;Entre peur et cole\u0300re,&nbsp;Les six villageois,&nbsp;Ils n\u2019en croient pas leurs yeux !,&nbsp;La naissance d\u2019un be\u0301be\u0301 rocher,&nbsp;Un rocher au c\u0153ur sensible,&nbsp;De la nuit au jour&#8230;<\/p>\n","protected":false},"author":2,"featured_media":14005,"comment_status":"open","ping_status":"open","sticky":false,"template":"","format":"standard","meta":{"_kad_post_transparent":"","_kad_post_title":"","_kad_post_layout":"","_kad_post_sidebar_id":"","_kad_post_content_style":"","_kad_post_vertical_padding":"","_kad_post_feature":"","_kad_post_feature_position":"","_kad_post_header":false,"_kad_post_footer":false,"_kad_post_classname":"","footnotes":""},"categories":[8],"tags":[2503,2507,2509,603,2512,2480,2511,2506,600,2505,2508,2510,2504],"class_list":["post-13904","post","type-post","status-publish","format-standard","has-post-thumbnail","hentry","category-formations-adultes","tag-2025-2026","tag-au-bord-de-leau","tag-brice-vincent","tag-cinemas-93","tag-laure-grandbesancon","tag-les-bottes-de-la-nuit","tag-les-odyssees","tag-luce-et-le-rocher","tag-ma-premiere-seance","tag-mishou","tag-monstre-du-loch-ness","tag-nessie-lhistoire-du-monstre-du-loch-ness","tag-vive-le-vent-dhiver"],"_links":{"self":[{"href":"https:\/\/lafilledecorinthe.com\/wordpress\/wp-json\/wp\/v2\/posts\/13904","targetHints":{"allow":["GET"]}}],"collection":[{"href":"https:\/\/lafilledecorinthe.com\/wordpress\/wp-json\/wp\/v2\/posts"}],"about":[{"href":"https:\/\/lafilledecorinthe.com\/wordpress\/wp-json\/wp\/v2\/types\/post"}],"author":[{"embeddable":true,"href":"https:\/\/lafilledecorinthe.com\/wordpress\/wp-json\/wp\/v2\/users\/2"}],"replies":[{"embeddable":true,"href":"https:\/\/lafilledecorinthe.com\/wordpress\/wp-json\/wp\/v2\/comments?post=13904"}],"version-history":[{"count":15,"href":"https:\/\/lafilledecorinthe.com\/wordpress\/wp-json\/wp\/v2\/posts\/13904\/revisions"}],"predecessor-version":[{"id":14257,"href":"https:\/\/lafilledecorinthe.com\/wordpress\/wp-json\/wp\/v2\/posts\/13904\/revisions\/14257"}],"wp:featuredmedia":[{"embeddable":true,"href":"https:\/\/lafilledecorinthe.com\/wordpress\/wp-json\/wp\/v2\/media\/14005"}],"wp:attachment":[{"href":"https:\/\/lafilledecorinthe.com\/wordpress\/wp-json\/wp\/v2\/media?parent=13904"}],"wp:term":[{"taxonomy":"category","embeddable":true,"href":"https:\/\/lafilledecorinthe.com\/wordpress\/wp-json\/wp\/v2\/categories?post=13904"},{"taxonomy":"post_tag","embeddable":true,"href":"https:\/\/lafilledecorinthe.com\/wordpress\/wp-json\/wp\/v2\/tags?post=13904"}],"curies":[{"name":"wp","href":"https:\/\/api.w.org\/{rel}","templated":true}]}}