{"id":13806,"date":"2025-04-23T15:08:47","date_gmt":"2025-04-23T14:08:47","guid":{"rendered":"http:\/\/lafilledecorinthe.com\/wordpress\/?p=13806"},"modified":"2025-11-28T20:36:06","modified_gmt":"2025-11-28T19:36:06","slug":"atelier-enfances-au-cinema-monte-le-son","status":"publish","type":"post","link":"https:\/\/lafilledecorinthe.com\/wordpress\/2025\/04\/atelier-enfances-au-cinema-monte-le-son\/","title":{"rendered":"Atelier Enfances au Cin\u00e9ma : \u00ab\u00a0Monte le son !\u00a0\u00bb"},"content":{"rendered":"\n<p>Si le cin\u00e9ma est tr\u00e8s souvent associ\u00e9 en priorit\u00e9 aux arts du visuel, l&rsquo;importance de la bande son est de plus en plus reconnue et explor\u00e9e d\u00e8s l&rsquo;\u00e9cole maternelle. Les 5 films du programme <em>Tous en f\u00eate ! <\/em>d\u00e9couvert<em>&nbsp;<\/em>dans le cadre du dispositif <a href=\"https:\/\/enfancesaucinema.vercel.app\/mon-1er-cinema\" target=\"_blank\" rel=\"noopener\"><em>Mon&nbsp;1er Cin\u00e9ma<\/em><\/a>&nbsp;par les classes maternelles parisiennes offrent un terrain de jeux&nbsp;sonores fertile.<\/p>\n\n\n<div class=\"wp-block-image\">\n<figure class=\"aligncenter\"><a href=\"https:\/\/lafilledecorinthe.com\/wordpress\/wp-content\/uploads\/2025\/04\/20250411_OK-10.jpg\"><img loading=\"lazy\" decoding=\"async\" width=\"2671\" height=\"1922\" src=\"https:\/\/lafilledecorinthe.com\/wordpress\/wp-content\/uploads\/2025\/04\/20250411_OK-10.jpg\" alt=\"20250411_OK (10)\" class=\"wp-image-13838\" srcset=\"https:\/\/lafilledecorinthe.com\/wordpress\/wp-content\/uploads\/2025\/04\/20250411_OK-10.jpg 2671w, https:\/\/lafilledecorinthe.com\/wordpress\/wp-content\/uploads\/2025\/04\/20250411_OK-10-680x489.jpg 680w, https:\/\/lafilledecorinthe.com\/wordpress\/wp-content\/uploads\/2025\/04\/20250411_OK-10-1280x921.jpg 1280w, https:\/\/lafilledecorinthe.com\/wordpress\/wp-content\/uploads\/2025\/04\/20250411_OK-10-417x300.jpg 417w\" sizes=\"auto, (max-width: 2671px) 100vw, 2671px\" \/><\/a><figcaption class=\"wp-element-caption\">La classe de PS d&rsquo;In\u00e8s<\/figcaption><\/figure>\n<\/div>\n\n\n<p>Apr\u00e8s un \u00e9chauffement corporel et vocal, les enfants ont d\u00e9couvert le chant de certains oiseaux pr\u00e9sents dans les courts m\u00e9trages. Le pic vert a eu un \u00e9norme succ\u00e8s&nbsp;d\u00fb \u00e0&nbsp;son tambourinage sur les arbres ainsi qu&rsquo;\u00e0 son&nbsp;chant ressemblant&nbsp;\u00e0 un&nbsp;rire moqueur que les enfants se sont&nbsp;empress\u00e9s d&rsquo;imiter.<\/p>\n\n\n<div class=\"wp-block-image\">\n<figure class=\"aligncenter\"><a href=\"https:\/\/lafilledecorinthe.com\/wordpress\/wp-content\/uploads\/2025\/04\/Le-pic-vert.png\"><img loading=\"lazy\" decoding=\"async\" width=\"938\" height=\"304\" src=\"https:\/\/lafilledecorinthe.com\/wordpress\/wp-content\/uploads\/2025\/04\/Le-pic-vert.png\" alt=\"Le pic vert\" class=\"wp-image-13814\" srcset=\"https:\/\/lafilledecorinthe.com\/wordpress\/wp-content\/uploads\/2025\/04\/Le-pic-vert.png 938w, https:\/\/lafilledecorinthe.com\/wordpress\/wp-content\/uploads\/2025\/04\/Le-pic-vert-680x220.png 680w, https:\/\/lafilledecorinthe.com\/wordpress\/wp-content\/uploads\/2025\/04\/Le-pic-vert-500x162.png 500w\" sizes=\"auto, (max-width: 938px) 100vw, 938px\" \/><\/a><\/figure>\n<\/div>\n\n\n<p><\/p>\n\n\n\n<p><iframe loading=\"lazy\" title=\"YouTube video player\" src=\"https:\/\/www.youtube.com\/embed\/sWf3upBb4bg?si=xQeXksO2rmQgkDP1\" width=\"560\" height=\"315\" frameborder=\"0\" allowfullscreen=\"allowfullscreen\"><\/iframe><\/p>\n\n\n\n<p><em>La danse des grenouilles<\/em> du cin\u00e9aste tch\u00e8que&nbsp;Zden\u011bk Miler a \u00e9t\u00e9 ensuite \u00e0 l&rsquo;honneur avec&nbsp;son attachant petit personnage, Poupi, un chiot curieux et inventif.<\/p>\n\n\n<div class=\"wp-block-image\">\n<figure class=\"aligncenter\"><a href=\"https:\/\/lafilledecorinthe.com\/wordpress\/wp-content\/uploads\/2025\/04\/La-danse-des-grenouilles-ZMiller.png\"><img loading=\"lazy\" decoding=\"async\" width=\"1112\" height=\"532\" src=\"https:\/\/lafilledecorinthe.com\/wordpress\/wp-content\/uploads\/2025\/04\/La-danse-des-grenouilles-ZMiller.png\" alt=\"La danse des grenouilles ZMiller\" class=\"wp-image-13820\" srcset=\"https:\/\/lafilledecorinthe.com\/wordpress\/wp-content\/uploads\/2025\/04\/La-danse-des-grenouilles-ZMiller.png 1112w, https:\/\/lafilledecorinthe.com\/wordpress\/wp-content\/uploads\/2025\/04\/La-danse-des-grenouilles-ZMiller-680x325.png 680w, https:\/\/lafilledecorinthe.com\/wordpress\/wp-content\/uploads\/2025\/04\/La-danse-des-grenouilles-ZMiller-500x239.png 500w\" sizes=\"auto, (max-width: 1112px) 100vw, 1112px\" \/><\/a><figcaption class=\"wp-element-caption\">Poupi, Zden\u011bk Miler, 11 min, 1960<\/figcaption><\/figure>\n<\/div>\n\n<div class=\"wp-block-image\">\n<figure class=\"aligncenter\"><a href=\"https:\/\/lafilledecorinthe.com\/wordpress\/wp-content\/uploads\/2025\/04\/3.jpeg\"><img loading=\"lazy\" decoding=\"async\" width=\"960\" height=\"388\" src=\"https:\/\/lafilledecorinthe.com\/wordpress\/wp-content\/uploads\/2025\/04\/3.jpeg\" alt=\"3\" class=\"wp-image-13823\" srcset=\"https:\/\/lafilledecorinthe.com\/wordpress\/wp-content\/uploads\/2025\/04\/3.jpeg 960w, https:\/\/lafilledecorinthe.com\/wordpress\/wp-content\/uploads\/2025\/04\/3-680x275.jpeg 680w, https:\/\/lafilledecorinthe.com\/wordpress\/wp-content\/uploads\/2025\/04\/3-500x202.jpeg 500w\" sizes=\"auto, (max-width: 960px) 100vw, 960px\" \/><\/a><\/figure>\n<\/div>\n\n\n<p>Discriminer dans de courts extraits le bruitage de la musique pour isoler et reconna\u00eetre les bruits faits par une mouche, une poule ou un chiot, d\u00e9couvrir le son hors champ&#8230;&nbsp;Changer le caract\u00e8re de sa voix pour exprimer des \u00e9motions, \u00e9couter sa voix enregistr\u00e9e &#8230;<\/p>\n\n\n\n<p><iframe loading=\"lazy\" title=\"YouTube video player\" src=\"https:\/\/www.youtube.com\/embed\/NJ9wELncuKs?si=Y8guy8_zNILsWcRE\" width=\"560\" height=\"315\" frameborder=\"0\" allowfullscreen=\"allowfullscreen\"><\/iframe>&nbsp; &nbsp; Et pour finir sonoriser le plan final du court m\u00e9trage en explorant les possibilit\u00e9s sonores de diff\u00e9rents objets et jouer avec sa voix pour imiter le croassement des grenouilles et les b\u00e2illements de Poupi.<\/p>\n\n\n<div class=\"wp-block-image\">\n<figure class=\"aligncenter\"><a href=\"https:\/\/lafilledecorinthe.com\/wordpress\/wp-content\/uploads\/2025\/04\/objets-sonores.png\"><img loading=\"lazy\" decoding=\"async\" width=\"1586\" height=\"424\" src=\"https:\/\/lafilledecorinthe.com\/wordpress\/wp-content\/uploads\/2025\/04\/objets-sonores.png\" alt=\"objets sonores\" class=\"wp-image-13829\" srcset=\"https:\/\/lafilledecorinthe.com\/wordpress\/wp-content\/uploads\/2025\/04\/objets-sonores.png 1586w, https:\/\/lafilledecorinthe.com\/wordpress\/wp-content\/uploads\/2025\/04\/objets-sonores-680x182.png 680w, https:\/\/lafilledecorinthe.com\/wordpress\/wp-content\/uploads\/2025\/04\/objets-sonores-1280x342.png 1280w, https:\/\/lafilledecorinthe.com\/wordpress\/wp-content\/uploads\/2025\/04\/objets-sonores-500x134.png 500w\" sizes=\"auto, (max-width: 1586px) 100vw, 1586px\" \/><\/a><figcaption class=\"wp-element-caption\">couvercle de pot de confiture, coquille Saint Jacques, g\u00fciro<\/figcaption><\/figure>\n<\/div>\n\n<div class=\"wp-block-image\">\n<figure class=\"aligncenter\"><a href=\"https:\/\/lafilledecorinthe.com\/wordpress\/wp-content\/uploads\/2025\/04\/Ines3.png\"><img loading=\"lazy\" decoding=\"async\" width=\"1110\" height=\"494\" src=\"https:\/\/lafilledecorinthe.com\/wordpress\/wp-content\/uploads\/2025\/04\/Ines3.png\" alt=\"Ines3\" class=\"wp-image-13836\" srcset=\"https:\/\/lafilledecorinthe.com\/wordpress\/wp-content\/uploads\/2025\/04\/Ines3.png 1110w, https:\/\/lafilledecorinthe.com\/wordpress\/wp-content\/uploads\/2025\/04\/Ines3-680x303.png 680w, https:\/\/lafilledecorinthe.com\/wordpress\/wp-content\/uploads\/2025\/04\/Ines3-500x223.png 500w\" sizes=\"auto, (max-width: 1110px) 100vw, 1110px\" \/><\/a><figcaption class=\"wp-element-caption\">La classe de PS d&rsquo;In\u00e8s<\/figcaption><\/figure>\n<\/div>\n\n<div class=\"wp-block-image\">\n<figure class=\"aligncenter\"><a href=\"https:\/\/lafilledecorinthe.com\/wordpress\/wp-content\/uploads\/2025\/04\/Barbara-et-Sandrine.png\"><img loading=\"lazy\" decoding=\"async\" width=\"1200\" height=\"450\" src=\"https:\/\/lafilledecorinthe.com\/wordpress\/wp-content\/uploads\/2025\/04\/Barbara-et-Sandrine.png\" alt=\"Barbara et Sandrine\" class=\"wp-image-13832\" srcset=\"https:\/\/lafilledecorinthe.com\/wordpress\/wp-content\/uploads\/2025\/04\/Barbara-et-Sandrine.png 1200w, https:\/\/lafilledecorinthe.com\/wordpress\/wp-content\/uploads\/2025\/04\/Barbara-et-Sandrine-680x255.png 680w, https:\/\/lafilledecorinthe.com\/wordpress\/wp-content\/uploads\/2025\/04\/Barbara-et-Sandrine-500x188.png 500w\" sizes=\"auto, (max-width: 1200px) 100vw, 1200px\" \/><\/a><figcaption class=\"wp-element-caption\">La classe de PS de Barbara et la classe de PS-MS-GS de Sandrine<\/figcaption><\/figure>\n<\/div>\n\n\n<p>La bande son r\u00e9alis\u00e9e par la classe de PS de Virginie.<\/p>\n\n\n\n<p><iframe loading=\"lazy\" title=\"YouTube video player\" src=\"https:\/\/www.youtube.com\/embed\/gR3HHgeOvLU?si=oVfhNw-suBPEbHx4\" width=\"560\" height=\"315\" frameborder=\"0\" allowfullscreen=\"allowfullscreen\"><\/iframe><\/p>\n","protected":false},"excerpt":{"rendered":"<p>Si le cin\u00e9ma est tr\u00e8s souvent associ\u00e9 en priorit\u00e9 aux arts du visuel, l&rsquo;importance de la bande son est de plus en plus reconnue et explor\u00e9e d\u00e8s l&rsquo;\u00e9cole maternelle. Les 5 films du programme Tous en f\u00eate ! d\u00e9couvert&nbsp;dans le cadre du dispositif Mon&nbsp;1er Cin\u00e9ma&nbsp;par les classes maternelles parisiennes offrent un terrain de jeux&nbsp;sonores fertile&#8230;.<\/p>\n","protected":false},"author":2,"featured_media":13810,"comment_status":"open","ping_status":"open","sticky":false,"template":"","format":"standard","meta":{"_kad_post_transparent":"","_kad_post_title":"","_kad_post_layout":"","_kad_post_sidebar_id":"","_kad_post_content_style":"","_kad_post_vertical_padding":"","_kad_post_feature":"","_kad_post_feature_position":"","_kad_post_header":false,"_kad_post_footer":false,"_kad_post_classname":"","footnotes":""},"categories":[7],"tags":[2481,9,2483,353,2482,2484,354,2486,2449,2485],"class_list":["post-13806","post","type-post","status-publish","format-standard","has-post-thumbnail","hentry","category-ateliers-enfants","tag-monte-le-son","tag-atelier","tag-classes-maternelles","tag-enfances-au-cinema","tag-jeux-sonores","tag-la-danse-des-grenouilles","tag-mon-premier-cinema","tag-poupi","tag-tous-en-fete","tag-zdenek-miler"],"_links":{"self":[{"href":"https:\/\/lafilledecorinthe.com\/wordpress\/wp-json\/wp\/v2\/posts\/13806","targetHints":{"allow":["GET"]}}],"collection":[{"href":"https:\/\/lafilledecorinthe.com\/wordpress\/wp-json\/wp\/v2\/posts"}],"about":[{"href":"https:\/\/lafilledecorinthe.com\/wordpress\/wp-json\/wp\/v2\/types\/post"}],"author":[{"embeddable":true,"href":"https:\/\/lafilledecorinthe.com\/wordpress\/wp-json\/wp\/v2\/users\/2"}],"replies":[{"embeddable":true,"href":"https:\/\/lafilledecorinthe.com\/wordpress\/wp-json\/wp\/v2\/comments?post=13806"}],"version-history":[{"count":26,"href":"https:\/\/lafilledecorinthe.com\/wordpress\/wp-json\/wp\/v2\/posts\/13806\/revisions"}],"predecessor-version":[{"id":14248,"href":"https:\/\/lafilledecorinthe.com\/wordpress\/wp-json\/wp\/v2\/posts\/13806\/revisions\/14248"}],"wp:featuredmedia":[{"embeddable":true,"href":"https:\/\/lafilledecorinthe.com\/wordpress\/wp-json\/wp\/v2\/media\/13810"}],"wp:attachment":[{"href":"https:\/\/lafilledecorinthe.com\/wordpress\/wp-json\/wp\/v2\/media?parent=13806"}],"wp:term":[{"taxonomy":"category","embeddable":true,"href":"https:\/\/lafilledecorinthe.com\/wordpress\/wp-json\/wp\/v2\/categories?post=13806"},{"taxonomy":"post_tag","embeddable":true,"href":"https:\/\/lafilledecorinthe.com\/wordpress\/wp-json\/wp\/v2\/tags?post=13806"}],"curies":[{"name":"wp","href":"https:\/\/api.w.org\/{rel}","templated":true}]}}