{"id":13772,"date":"2025-04-02T15:10:53","date_gmt":"2025-04-02T14:10:53","guid":{"rendered":"http:\/\/lafilledecorinthe.com\/wordpress\/?p=13772"},"modified":"2025-11-28T21:01:48","modified_gmt":"2025-11-28T20:01:48","slug":"nos-peurs-au-cinema-au-cinema-le-palais-a-creteil","status":"publish","type":"post","link":"https:\/\/lafilledecorinthe.com\/wordpress\/2025\/04\/nos-peurs-au-cinema-au-cinema-le-palais-a-creteil\/","title":{"rendered":"\u00ab\u00a0Nos peurs au Cin\u00e9ma\u00a0\u00bb au Cin\u00e9ma Le Palais \u00e0 Cr\u00e9teil"},"content":{"rendered":"\n<blockquote class=\"wp-block-quote is-layout-flow wp-block-quote-is-layout-flow\">\n<p class=\"p1\"><em>\u00ab&nbsp;On les (ses peurs) approche, en revanche, avec infiniment plus de douceur, quand on peut les rencontrer dans un r\u00e9cit qui, tout en nous racontant des histoires lointaines, nous parle aussi de nous\u2026 Les r\u00e9cits sont de v\u00e9ritables cadeaux, les plus beaux cadeaux qu\u2019on puisse offrir aux enfants : ils leur parlent d\u2019eux sans les violer dans leur intimit\u00e9. Il les relient, \u00e0 travers les \u00e2ges et au-del\u00e0 des histoires singuli\u00e8res de chacune et de chacun, \u00e0 la communaut\u00e9 des humains dans ce qu\u2019elle a de plus universel.\u00bb<\/em><br><em>M\u00eame pas peur de la peur !<\/em>,&nbsp;Philippe M\u00e9rieu dans<em>&nbsp;M\u00eame pas peur !<\/em>, ouvrage collectif, Gallimard Jeunesse, 2012<\/p>\n<\/blockquote>\n\n\n\n<blockquote class=\"wp-block-quote is-layout-flow wp-block-quote-is-layout-flow\">\n<p>Max et les Maximonstres est \u00a0\u00bb <em>Le premier album pour enfants am\u00e9ricain \u00e0 prendre en compte le fait que les enfants sont travers\u00e9s par des \u00e9motions puissantes &#8211; la col\u00e8re, la peur -, mais aussi par le besoin, comme Max apr\u00e8s que sa rage s&rsquo;est apais\u00e9e, \u00ab\u00a0d&rsquo;\u00eatre aim\u00e9, d&rsquo;\u00eatre aim\u00e9 terriblement\u00a0\u00bb.<\/em><br>Ursula Nordstrom, 1964, citation extraite de <em>Le maxilivre hommage \u00e0 Maurice Sendak,&nbsp;<\/em>2016<\/p>\n<\/blockquote>\n\n\n\n<p>Formation m\u00e9diation Jeune Public<br>Mercredi 2 avril 2025<br>Cin\u00e9ma Le Palais \u00e0 Cr\u00e9teil<br>Avec la complicit\u00e9 de L\u00e9a Guyonneau<\/p>\n\n\n\n<p><strong>Documents \u00e0 t\u00e9l\u00e9charger :&nbsp;<\/strong><a href=\"https:\/\/lafilledecorinthe.com\/wordpress\/wp-content\/uploads\/2025\/04\/Pour-aller-plus-loin-\u2026-.pdf\">Pour aller plus loin \u2026<\/a><\/p>\n\n\n\n<p>\u00c0 travers un court m\u00e9trage et des extraits de films nous nous sommes interrog\u00e9s sur &#8230; Comment accompagner les enfants \u00e0 vivre pleinement et en s\u00e9curit\u00e9 cette \u00e9motion fictionnelle qu&rsquo;est la peur au cin\u00e9ma ?<br>Comment les aider \u00e0 d\u00e9velopper une \u00ab\u00a0r\u00e9gulation \u00e9motionnelle\u00a0\u00bb afin de ne pas \u00eatre submerg\u00e9 par un trop plein d&rsquo;\u00e9motions ?<\/p>\n\n\n\n<figure class=\"wp-block-image alignnone\"><a href=\"https:\/\/lafilledecorinthe.com\/wordpress\/wp-content\/uploads\/2025\/04\/photo-cine\u0301ma.jpg\"><img loading=\"lazy\" decoding=\"async\" width=\"680\" height=\"382\" src=\"https:\/\/lafilledecorinthe.com\/wordpress\/wp-content\/uploads\/2025\/04\/photo-cine\u0301ma-680x382.jpg\" alt=\"photo cine\u0301ma\" class=\"wp-image-13787\" srcset=\"https:\/\/lafilledecorinthe.com\/wordpress\/wp-content\/uploads\/2025\/04\/photo-cine\u0301ma-680x382.jpg 680w, https:\/\/lafilledecorinthe.com\/wordpress\/wp-content\/uploads\/2025\/04\/photo-cine\u0301ma-500x281.jpg 500w, https:\/\/lafilledecorinthe.com\/wordpress\/wp-content\/uploads\/2025\/04\/photo-cine\u0301ma.jpg 976w\" sizes=\"auto, (max-width: 680px) 100vw, 680px\" \/><\/a><figcaption class=\"wp-element-caption\">Les droits du spectateur&#8230;<\/figcaption><\/figure>\n\n\n\n<figure class=\"wp-block-image alignnone\"><a href=\"https:\/\/lafilledecorinthe.com\/wordpress\/wp-content\/uploads\/2025\/04\/Capture-d\u2019e\u0301cran-2025-04-02-a\u0300-15.35.10.png\"><img loading=\"lazy\" decoding=\"async\" width=\"680\" height=\"384\" src=\"https:\/\/lafilledecorinthe.com\/wordpress\/wp-content\/uploads\/2025\/04\/Capture-d\u2019e\u0301cran-2025-04-02-a\u0300-15.35.10-680x384.png\" alt=\"Capture d\u2019e\u0301cran 2025-04-02 a\u0300 15.35.10\" class=\"wp-image-13789\" srcset=\"https:\/\/lafilledecorinthe.com\/wordpress\/wp-content\/uploads\/2025\/04\/Capture-d\u2019e\u0301cran-2025-04-02-a\u0300-15.35.10-680x384.png 680w, https:\/\/lafilledecorinthe.com\/wordpress\/wp-content\/uploads\/2025\/04\/Capture-d\u2019e\u0301cran-2025-04-02-a\u0300-15.35.10-1280x723.png 1280w, https:\/\/lafilledecorinthe.com\/wordpress\/wp-content\/uploads\/2025\/04\/Capture-d\u2019e\u0301cran-2025-04-02-a\u0300-15.35.10-500x282.png 500w, https:\/\/lafilledecorinthe.com\/wordpress\/wp-content\/uploads\/2025\/04\/Capture-d\u2019e\u0301cran-2025-04-02-a\u0300-15.35.10.png 1916w\" sizes=\"auto, (max-width: 680px) 100vw, 680px\" \/><\/a><figcaption class=\"wp-element-caption\">Les secrets de fabrication&#8230;<\/figcaption><\/figure>\n\n\n\n<p>Un atelier pratique a cl\u00f4tur\u00e9 cette matin\u00e9e. \u00c0 partir de photogrammes extraits du dernier court m\u00e9trage de Pierre-Luc Granjon<em><a href=\"https:\/\/www.cnc.fr\/cinema\/actualites\/les-bottes-de-la-nuit-un-film-jeune-public-fabrique-avec-lecran-depingles_2339587\" target=\"_blank\" rel=\"noopener\"> Les bottes de la nuit<\/a>, <\/em>quatre<i>&nbsp;<\/i>groupes ont travaill\u00e9 sur un montage d&rsquo;images fixes et de sons afin de&nbsp;donner \u00e0 voir et \u00e0 entendre&nbsp;un ensemble d&rsquo;\u00e9motions. Les propositions r\u00e9alis\u00e9es en un temps contraint sont riches d&rsquo;enseignements.<\/p>\n\n\n\n<figure class=\"wp-block-image alignnone\"><a href=\"https:\/\/lafilledecorinthe.com\/wordpress\/wp-content\/uploads\/2025\/04\/montage.png\"><img loading=\"lazy\" decoding=\"async\" width=\"680\" height=\"279\" src=\"https:\/\/lafilledecorinthe.com\/wordpress\/wp-content\/uploads\/2025\/04\/montage-680x279.png\" alt=\"montage\" class=\"wp-image-13793\" srcset=\"https:\/\/lafilledecorinthe.com\/wordpress\/wp-content\/uploads\/2025\/04\/montage-680x279.png 680w, https:\/\/lafilledecorinthe.com\/wordpress\/wp-content\/uploads\/2025\/04\/montage-1280x525.png 1280w, https:\/\/lafilledecorinthe.com\/wordpress\/wp-content\/uploads\/2025\/04\/montage-500x205.png 500w, https:\/\/lafilledecorinthe.com\/wordpress\/wp-content\/uploads\/2025\/04\/montage.png 1464w\" sizes=\"auto, (max-width: 680px) 100vw, 680px\" \/><\/a><figcaption class=\"wp-element-caption\">Deux groupes en plein travail de montage<\/figcaption><\/figure>\n\n\n\n<p><a href=\"https:\/\/lafilledecorinthe.com\/wordpress\/wp-content\/uploads\/2025\/04\/Capture-d\u2019e\u0301cran-2025-04-02-a\u0300-15.16.06.png\"><img loading=\"lazy\" decoding=\"async\" class=\"alignnone size-medium wp-image-13792\" src=\"https:\/\/lafilledecorinthe.com\/wordpress\/wp-content\/uploads\/2025\/04\/Capture-d\u2019e\u0301cran-2025-04-02-a\u0300-15.16.06-680x384.png\" alt=\"Capture d\u2019e\u0301cran 2025-04-02 a\u0300 15.16.06\" width=\"680\" height=\"384\" srcset=\"https:\/\/lafilledecorinthe.com\/wordpress\/wp-content\/uploads\/2025\/04\/Capture-d\u2019e\u0301cran-2025-04-02-a\u0300-15.16.06-680x384.png 680w, https:\/\/lafilledecorinthe.com\/wordpress\/wp-content\/uploads\/2025\/04\/Capture-d\u2019e\u0301cran-2025-04-02-a\u0300-15.16.06-1280x723.png 1280w, https:\/\/lafilledecorinthe.com\/wordpress\/wp-content\/uploads\/2025\/04\/Capture-d\u2019e\u0301cran-2025-04-02-a\u0300-15.16.06-500x282.png 500w, https:\/\/lafilledecorinthe.com\/wordpress\/wp-content\/uploads\/2025\/04\/Capture-d\u2019e\u0301cran-2025-04-02-a\u0300-15.16.06.png 1916w\" sizes=\"auto, (max-width: 680px) 100vw, 680px\" \/><\/a>Merci \u00e0 Pierre-Luc Granjon, Yves Bouveret et Little KMBO pour leur confiance.<\/p>\n","protected":false},"excerpt":{"rendered":"<p>\u00ab&nbsp;On les (ses peurs) approche, en revanche, avec infiniment plus de douceur, quand on peut les rencontrer dans un r\u00e9cit qui, tout en nous racontant des histoires lointaines, nous parle aussi de nous\u2026 Les r\u00e9cits sont de v\u00e9ritables cadeaux, les plus beaux cadeaux qu\u2019on puisse offrir aux enfants : ils leur parlent d\u2019eux sans les&#8230;<\/p>\n","protected":false},"author":2,"featured_media":13777,"comment_status":"open","ping_status":"open","sticky":false,"template":"","format":"standard","meta":{"_kad_post_transparent":"","_kad_post_title":"","_kad_post_layout":"","_kad_post_sidebar_id":"","_kad_post_content_style":"","_kad_post_vertical_padding":"","_kad_post_feature":"","_kad_post_feature_position":"","_kad_post_header":false,"_kad_post_footer":false,"_kad_post_classname":"","footnotes":""},"categories":[8],"tags":[2479,2478,2401,962,1588,1468,2480],"class_list":["post-13772","post","type-post","status-publish","format-standard","has-post-thumbnail","hentry","category-formations-adultes","tag-10-minutes-de-vie","tag-nos-peurs-au-cinema","tag-cinema-le-palais","tag-creteil","tag-herz-frank","tag-king-kong","tag-les-bottes-de-la-nuit"],"_links":{"self":[{"href":"https:\/\/lafilledecorinthe.com\/wordpress\/wp-json\/wp\/v2\/posts\/13772","targetHints":{"allow":["GET"]}}],"collection":[{"href":"https:\/\/lafilledecorinthe.com\/wordpress\/wp-json\/wp\/v2\/posts"}],"about":[{"href":"https:\/\/lafilledecorinthe.com\/wordpress\/wp-json\/wp\/v2\/types\/post"}],"author":[{"embeddable":true,"href":"https:\/\/lafilledecorinthe.com\/wordpress\/wp-json\/wp\/v2\/users\/2"}],"replies":[{"embeddable":true,"href":"https:\/\/lafilledecorinthe.com\/wordpress\/wp-json\/wp\/v2\/comments?post=13772"}],"version-history":[{"count":20,"href":"https:\/\/lafilledecorinthe.com\/wordpress\/wp-json\/wp\/v2\/posts\/13772\/revisions"}],"predecessor-version":[{"id":14267,"href":"https:\/\/lafilledecorinthe.com\/wordpress\/wp-json\/wp\/v2\/posts\/13772\/revisions\/14267"}],"wp:featuredmedia":[{"embeddable":true,"href":"https:\/\/lafilledecorinthe.com\/wordpress\/wp-json\/wp\/v2\/media\/13777"}],"wp:attachment":[{"href":"https:\/\/lafilledecorinthe.com\/wordpress\/wp-json\/wp\/v2\/media?parent=13772"}],"wp:term":[{"taxonomy":"category","embeddable":true,"href":"https:\/\/lafilledecorinthe.com\/wordpress\/wp-json\/wp\/v2\/categories?post=13772"},{"taxonomy":"post_tag","embeddable":true,"href":"https:\/\/lafilledecorinthe.com\/wordpress\/wp-json\/wp\/v2\/tags?post=13772"}],"curies":[{"name":"wp","href":"https:\/\/api.w.org\/{rel}","templated":true}]}}