{"id":1374,"date":"2012-11-07T14:53:41","date_gmt":"2012-11-07T13:53:41","guid":{"rendered":"http:\/\/lafilledecorinthe.com\/wordpress\/?p=1374"},"modified":"2025-12-10T18:59:45","modified_gmt":"2025-12-10T17:59:45","slug":"le-fomu-a-anvers","status":"publish","type":"post","link":"https:\/\/lafilledecorinthe.com\/wordpress\/2012\/11\/le-fomu-a-anvers\/","title":{"rendered":"Le FOMU \u00e0 Anvers"},"content":{"rendered":"\n<p>Un voyage \u00e0 Amsterdam me donne l&rsquo;occasion de poursuivre ma d\u00e9couverte des lieux consacr\u00e9s \u00e0 la photographie. Un v\u00e9ritable coup de coeur pour le <a href=\"http:\/\/www.fotomuseum.be\/fr\/expositions\/\" target=\"_blank\" rel=\"noopener\">FOMU<\/a>&nbsp;d&rsquo;Anvers ! Un ancien immeuble de briques est enti\u00e8rement consacr\u00e9 \u00e0 l&rsquo;image, la photographie mais aussi le cin\u00e9ma sont \u00e0 l&rsquo;honneur. Un grand espace est d\u00e9di\u00e9 \u00e0 la collection permanente du mus\u00e9e. L&rsquo;histoire de la technique photographique avec une riche exposition d&rsquo;appareils est compl\u00e9t\u00e9e par la pr\u00e9sentation de photographies d&rsquo;une vari\u00e9t\u00e9 incroyable. Un seul regret, il n&rsquo;existe, \u00e0 l&rsquo;heure actuelle, aucun catalogue de cette collection, dommage !<\/p>\n\n\n<div class=\"wp-block-image\">\n<figure class=\"aligncenter size-medium\"><a href=\"https:\/\/lafilledecorinthe.com\/wordpress\/wp-content\/uploads\/2012\/11\/P1060586.jpg\"><img loading=\"lazy\" decoding=\"async\" width=\"680\" height=\"510\" src=\"https:\/\/lafilledecorinthe.com\/wordpress\/wp-content\/uploads\/2012\/11\/P1060586-680x510.jpg\" alt=\"\" class=\"wp-image-1377\" srcset=\"https:\/\/lafilledecorinthe.com\/wordpress\/wp-content\/uploads\/2012\/11\/P1060586-680x510.jpg 680w, https:\/\/lafilledecorinthe.com\/wordpress\/wp-content\/uploads\/2012\/11\/P1060586-400x300.jpg 400w, https:\/\/lafilledecorinthe.com\/wordpress\/wp-content\/uploads\/2012\/11\/P1060586.jpg 800w\" sizes=\"auto, (max-width: 680px) 100vw, 680px\" \/><\/a><figcaption class=\"wp-element-caption\">L&rsquo;entr\u00e9e de la collection permanente du FOMU, 1 novembre 2012<\/figcaption><\/figure>\n<\/div>\n\n\n<p>La premi\u00e8re exposition temporaire est consacr\u00e9e \u00e0 un couple d&rsquo;artistes franco-allemand, Lucie et Simon. Je suis fascin\u00e9e, hypnotis\u00e9e par leur film \u00ab\u00a0Silent world\u00a0\u00bb. Nous nous promenons gr\u00e2ce \u00e0 des mouvements de cam\u00e9ra dans une succession d&rsquo;images fixes repr\u00e9sentant pour l&rsquo;essentiel des lieux connus de grandes m\u00e9tropoles (Paris, Londres, P\u00e9kin, New York&#8230; ).<\/p>\n\n\n<div class=\"wp-block-image\">\n<figure class=\"aligncenter size-medium\"><a href=\"https:\/\/lafilledecorinthe.com\/wordpress\/wp-content\/uploads\/2012\/11\/032_lucie_simon_silentworld.jpg\"><img loading=\"lazy\" decoding=\"async\" width=\"680\" height=\"510\" src=\"https:\/\/lafilledecorinthe.com\/wordpress\/wp-content\/uploads\/2012\/11\/032_lucie_simon_silentworld-680x510.jpg\" alt=\"\" class=\"wp-image-1380\" srcset=\"https:\/\/lafilledecorinthe.com\/wordpress\/wp-content\/uploads\/2012\/11\/032_lucie_simon_silentworld-680x510.jpg 680w, https:\/\/lafilledecorinthe.com\/wordpress\/wp-content\/uploads\/2012\/11\/032_lucie_simon_silentworld-400x300.jpg 400w, https:\/\/lafilledecorinthe.com\/wordpress\/wp-content\/uploads\/2012\/11\/032_lucie_simon_silentworld.jpg 800w\" sizes=\"auto, (max-width: 680px) 100vw, 680px\" \/><\/a><figcaption class=\"wp-element-caption\">Silent World, Lucie et Simon, Place de la concorde (d\u00e9tail), 2008<\/figcaption><\/figure>\n<\/div>\n\n\n<p>Ces photographies prises en plein jour sont \u00e9tonnamment vides, la vie semble \u00eatre suspendue, seules quelques silhouettes se glissent dans ce d\u00e9cor devenu \u00e9trange. Notre imagination est sollicit\u00e9e. Que s&rsquo;est-il pass\u00e9 ? Quelle calamit\u00e9 s&rsquo;est abattue sur les hommes ne laissant que quelques survivants \u00e0 la surface de la terre ? &nbsp; &nbsp; &nbsp; &nbsp; &nbsp; &nbsp; &nbsp; &nbsp; &nbsp; &nbsp; &nbsp; &nbsp; &nbsp; &nbsp; &nbsp; &nbsp; &nbsp; L&rsquo;histoire de la photographie nous aide \u00e0 comprendre le proc\u00e9d\u00e9 utilis\u00e9 par les deux artistes dans leur mise en sc\u00e8ne. La contrainte d&rsquo;un temps de pose extr\u00eamement long avait vid\u00e9 la photographie de Daguerre des fiacres et des pi\u00e9tons qui animaient le boulevard du Temple au d\u00e9but du XIXe si\u00e8cle, cette contrainte des d\u00e9buts de la photographie devient un choix pour les artistes contemporains.<\/p>\n\n\n<div class=\"wp-block-image\">\n<figure class=\"aligncenter size-medium\"><a href=\"https:\/\/lafilledecorinthe.com\/wordpress\/wp-content\/uploads\/2012\/11\/Daguerreotype1839.jpg\"><img loading=\"lazy\" decoding=\"async\" width=\"680\" height=\"487\" src=\"https:\/\/lafilledecorinthe.com\/wordpress\/wp-content\/uploads\/2012\/11\/Daguerreotype1839-680x487.jpg\" alt=\"\" class=\"wp-image-1386\" srcset=\"https:\/\/lafilledecorinthe.com\/wordpress\/wp-content\/uploads\/2012\/11\/Daguerreotype1839-680x487.jpg 680w, https:\/\/lafilledecorinthe.com\/wordpress\/wp-content\/uploads\/2012\/11\/Daguerreotype1839-418x300.jpg 418w, https:\/\/lafilledecorinthe.com\/wordpress\/wp-content\/uploads\/2012\/11\/Daguerreotype1839.jpg 800w\" sizes=\"auto, (max-width: 680px) 100vw, 680px\" \/><\/a><figcaption class=\"wp-element-caption\">La vue du Boulevard du Temple, Daguerre, 1839<\/figcaption><\/figure>\n<\/div>\n\n\n<p>Chaque photographie de la s\u00e9rie \u00a0\u00bb Silent world\u00a0\u00bb est l&rsquo;association de deux prises de vue. L&rsquo;une est r\u00e9alis\u00e9e avec un temps de pose de plusieurs heures en plein jour pour cr\u00e9er un d\u00e9cor surr\u00e9aliste vide de tout mouvement. Une autre photographie d&rsquo;un temps de pose classique permet d&rsquo;int\u00e9grer \u00e0 la pr\u00e9c\u00e9dente la trace d&rsquo;une pr\u00e9sence humaine. La musique de Philip Glass et de Daft Punk accompagne magnifiquement la succession des images et renforce l&rsquo;impact de cette contemplation d&rsquo;images vides de leur bruit d&rsquo;origine. Vous pouvez admirer le film et les photographies de cette s\u00e9rie sur le site de <a href=\"http:\/\/www.lucieandsimon.com\" target=\"_blank\" rel=\"noopener\">Lucie et Simon<\/a>. A voir absolument !<\/p>\n\n\n\n<p>Une deuxi\u00e8me exposition temporaire pr\u00e9sente le travail du photoreporter am\u00e9ricain Weegee.<\/p>\n\n\n<div class=\"wp-block-image\">\n<figure class=\"aligncenter size-medium\"><a href=\"https:\/\/lafilledecorinthe.com\/wordpress\/wp-content\/uploads\/2012\/11\/P1060583.jpg\"><img loading=\"lazy\" decoding=\"async\" width=\"680\" height=\"510\" src=\"https:\/\/lafilledecorinthe.com\/wordpress\/wp-content\/uploads\/2012\/11\/P1060583-680x510.jpg\" alt=\"\" class=\"wp-image-1393\" srcset=\"https:\/\/lafilledecorinthe.com\/wordpress\/wp-content\/uploads\/2012\/11\/P1060583-680x510.jpg 680w, https:\/\/lafilledecorinthe.com\/wordpress\/wp-content\/uploads\/2012\/11\/P1060583-400x300.jpg 400w, https:\/\/lafilledecorinthe.com\/wordpress\/wp-content\/uploads\/2012\/11\/P1060583.jpg 800w\" sizes=\"auto, (max-width: 680px) 100vw, 680px\" \/><\/a><figcaption class=\"wp-element-caption\">exposition Weegee au FOMU d&rsquo;Anvers, 1 novembre 2012<\/figcaption><\/figure>\n<\/div>\n\n\n<p>D\u00e9couvert lors de l&rsquo;exposition qui lui \u00e9tait consacr\u00e9e au mus\u00e9e Maillol en 2007, je suis ravie d&rsquo;avoir l&rsquo;occasion de revoir l&rsquo;oeuvre marquante de cet homme qui a arpent\u00e9 les rues de New-York la nuit, branch\u00e9 en permanence sur les fr\u00e9quences de la police. L&rsquo;exposition \u00ab\u00a0Murder is my business\u00a0\u00bb pr\u00e9sent\u00e9e en d\u00e9but d&rsquo;ann\u00e9e \u00e0 l&rsquo;International Center of Photography de New York souligne le contexte \u00e9ditorial de ces photographies en pr\u00e9sentant dans des vitrines de nombreux exemplaires de journaux et magazines les ayant publi\u00e9es. \u00a0 \u00a0 \u00a0 \u00a0 \u00a0 \u00a0 \u00a0 \u00a0 \u00a0 \u00a0 \u00a0 \u00a0 \u00a0 \u00a0 \u00a0 \u00a0 \u00a0 \u00a0 \u00a0 \u00a0 \u00a0 \u00a0 \u00a0 \u00a0 Je m&rsquo;arr\u00eate longuement devant cette photographie, au del\u00e0 de la sc\u00e8ne du crime, Weegee s&rsquo;int\u00e9resse aux effets provoqu\u00e9s sur les t\u00e9moins de la violence urbaine en jouant sur la force du hors-champs. Le complexe jeu des attitudes, des regards et des gestes provoque notre imaginaire&#8230; Un drame se joue dans le public !<\/p>\n\n\n<div class=\"wp-block-image\">\n<figure class=\"aligncenter size-medium\"><a href=\"https:\/\/lafilledecorinthe.com\/wordpress\/wp-content\/uploads\/2012\/11\/weegee01.jpg\"><img loading=\"lazy\" decoding=\"async\" width=\"680\" height=\"487\" src=\"https:\/\/lafilledecorinthe.com\/wordpress\/wp-content\/uploads\/2012\/11\/weegee01-680x487.jpg\" alt=\"\" class=\"wp-image-1397\" srcset=\"https:\/\/lafilledecorinthe.com\/wordpress\/wp-content\/uploads\/2012\/11\/weegee01-680x487.jpg 680w, https:\/\/lafilledecorinthe.com\/wordpress\/wp-content\/uploads\/2012\/11\/weegee01-418x300.jpg 418w, https:\/\/lafilledecorinthe.com\/wordpress\/wp-content\/uploads\/2012\/11\/weegee01.jpg 800w\" sizes=\"auto, (max-width: 680px) 100vw, 680px\" \/><\/a><figcaption class=\"wp-element-caption\">\u00ab\u00a0Leur premier meurtre\u00a0\u00bb, Weegee, 9 octobre 1941<\/figcaption><\/figure>\n<\/div>\n\n\n<p>Weegee r\u00e9dige lui m\u00eame les l\u00e9gendes de ses photos. Je retrouve la traduction du texte qui accompagnait \u00ab\u00a0leur premier meurtre\u00a0\u00bb dans le livre de Miles Barth consacr\u00e9 au photographe.<\/p>\n\n\n\n<p><em>\u00ab\u00a0Les \u00e9l\u00e8ves sortaient de l&rsquo;\u00e9cole communale 143 du secteur de Williamsburg de Brooklyn \u00e0 15h30 hier, lorsque Peter Mancuso, 22 ans, parieur insignifiant , selon la police, immobilisa sa Ford 1931 aux feux du carrefour suivant. Un tueur qui le guettait s&rsquo;approcha, tira \u00e0 deux reprises et se perdit dans la foule des enfants. Atteint \u00e0 la t\u00eate et au coeur, Mancuso s&rsquo;extirpa de son v\u00e9hicule et s&rsquo;effondra sur le trottoir. La femme la plus \u00e2g\u00e9e est la tante de Mancuso, une r\u00e9sidente du quartier, et le jeune gar\u00e7on agrippant les cheveux de la fille devant lui, son fils, qui cherche \u00e0 fuir.\u00a0\u00bb<\/em><\/p>\n\n\n\n<p>La nuit est aussi le temps du repos et la force de la programmation du FOMU est de provoquer un lien entre des artistes a priori tr\u00e8s \u00e9loign\u00e9s. Comment ne pas penser aux corps endormis vus en plong\u00e9e de Lucie et Simon face \u00e0 cette photo de Weegee ?<\/p>\n\n\n<div class=\"wp-block-image\">\n<figure class=\"aligncenter size-medium\"><a href=\"https:\/\/lafilledecorinthe.com\/wordpress\/wp-content\/uploads\/2012\/11\/046_003_LBW-1.jpg\"><img loading=\"lazy\" decoding=\"async\" width=\"680\" height=\"524\" src=\"https:\/\/lafilledecorinthe.com\/wordpress\/wp-content\/uploads\/2012\/11\/046_003_LBW-1-680x524.jpg\" alt=\"\" class=\"wp-image-1398\" srcset=\"https:\/\/lafilledecorinthe.com\/wordpress\/wp-content\/uploads\/2012\/11\/046_003_LBW-1-680x524.jpg 680w, https:\/\/lafilledecorinthe.com\/wordpress\/wp-content\/uploads\/2012\/11\/046_003_LBW-1-388x300.jpg 388w, https:\/\/lafilledecorinthe.com\/wordpress\/wp-content\/uploads\/2012\/11\/046_003_LBW-1.jpg 800w\" sizes=\"auto, (max-width: 680px) 100vw, 680px\" \/><\/a><figcaption class=\"wp-element-caption\">Enfants dans l&rsquo;escalier de secours, Weegee, 23 mai 1941<\/figcaption><\/figure>\n<\/div>\n\n<div class=\"wp-block-image\">\n<figure class=\"aligncenter size-medium\"><a href=\"https:\/\/lafilledecorinthe.com\/wordpress\/wp-content\/uploads\/2012\/11\/045_lucie_simon_scenesoflife.jpg\"><img loading=\"lazy\" decoding=\"async\" width=\"680\" height=\"452\" src=\"https:\/\/lafilledecorinthe.com\/wordpress\/wp-content\/uploads\/2012\/11\/045_lucie_simon_scenesoflife-680x452.jpg\" alt=\"\" class=\"wp-image-1401\" srcset=\"https:\/\/lafilledecorinthe.com\/wordpress\/wp-content\/uploads\/2012\/11\/045_lucie_simon_scenesoflife-680x452.jpg 680w, https:\/\/lafilledecorinthe.com\/wordpress\/wp-content\/uploads\/2012\/11\/045_lucie_simon_scenesoflife-451x300.jpg 451w, https:\/\/lafilledecorinthe.com\/wordpress\/wp-content\/uploads\/2012\/11\/045_lucie_simon_scenesoflife.jpg 800w\" sizes=\"auto, (max-width: 680px) 100vw, 680px\" \/><\/a><figcaption class=\"wp-element-caption\">Scenes of life, Alone together, Lucie et Simon, 2008<\/figcaption><\/figure>\n<\/div>\n\n\n<p>Je quitte les lieux non sans aller faire un petit tour \u00e0 la librairie o\u00f9 je d\u00e9couvre une maquette pour construire un st\u00e9nop\u00e9 \u00e0 pellicule. De nouvelles exp\u00e9riences \u00e0 venir !<\/p>\n\n\n<div class=\"wp-block-image\">\n<figure class=\"aligncenter size-medium\"><a href=\"https:\/\/lafilledecorinthe.com\/wordpress\/wp-content\/uploads\/2012\/11\/P1060671.jpg\"><img loading=\"lazy\" decoding=\"async\" width=\"680\" height=\"510\" src=\"https:\/\/lafilledecorinthe.com\/wordpress\/wp-content\/uploads\/2012\/11\/P1060671-680x510.jpg\" alt=\"\" class=\"wp-image-1403\" srcset=\"https:\/\/lafilledecorinthe.com\/wordpress\/wp-content\/uploads\/2012\/11\/P1060671-680x510.jpg 680w, https:\/\/lafilledecorinthe.com\/wordpress\/wp-content\/uploads\/2012\/11\/P1060671-1280x960.jpg 1280w, https:\/\/lafilledecorinthe.com\/wordpress\/wp-content\/uploads\/2012\/11\/P1060671-400x300.jpg 400w\" sizes=\"auto, (max-width: 680px) 100vw, 680px\" \/><\/a><figcaption class=\"wp-element-caption\">Camera st\u00e9noscope<\/figcaption><\/figure>\n<\/div>","protected":false},"excerpt":{"rendered":"<p>Un voyage \u00e0 Amsterdam me donne l&rsquo;occasion de poursuivre ma d\u00e9couverte des lieux consacr\u00e9s \u00e0 la photographie. Un v\u00e9ritable coup de coeur pour le FOMU&nbsp;d&rsquo;Anvers ! Un ancien immeuble de briques est enti\u00e8rement consacr\u00e9 \u00e0 l&rsquo;image, la photographie mais aussi le cin\u00e9ma sont \u00e0 l&rsquo;honneur. Un grand espace est d\u00e9di\u00e9 \u00e0 la collection permanente du&#8230;<\/p>\n","protected":false},"author":2,"featured_media":1376,"comment_status":"open","ping_status":"open","sticky":false,"template":"","format":"standard","meta":{"_kad_post_transparent":"","_kad_post_title":"","_kad_post_layout":"","_kad_post_sidebar_id":"","_kad_post_content_style":"","_kad_post_vertical_padding":"","_kad_post_feature":"","_kad_post_feature_position":"","_kad_post_header":false,"_kad_post_footer":false,"_kad_post_classname":"","footnotes":""},"categories":[6],"tags":[202,201,203,204,118,205],"class_list":["post-1374","post","type-post","status-publish","format-standard","has-post-thumbnail","hentry","category-blog","tag-anvers","tag-fomu","tag-lucie-et-simon","tag-silent-world","tag-stenope","tag-weegee"],"_links":{"self":[{"href":"https:\/\/lafilledecorinthe.com\/wordpress\/wp-json\/wp\/v2\/posts\/1374","targetHints":{"allow":["GET"]}}],"collection":[{"href":"https:\/\/lafilledecorinthe.com\/wordpress\/wp-json\/wp\/v2\/posts"}],"about":[{"href":"https:\/\/lafilledecorinthe.com\/wordpress\/wp-json\/wp\/v2\/types\/post"}],"author":[{"embeddable":true,"href":"https:\/\/lafilledecorinthe.com\/wordpress\/wp-json\/wp\/v2\/users\/2"}],"replies":[{"embeddable":true,"href":"https:\/\/lafilledecorinthe.com\/wordpress\/wp-json\/wp\/v2\/comments?post=1374"}],"version-history":[{"count":31,"href":"https:\/\/lafilledecorinthe.com\/wordpress\/wp-json\/wp\/v2\/posts\/1374\/revisions"}],"predecessor-version":[{"id":15563,"href":"https:\/\/lafilledecorinthe.com\/wordpress\/wp-json\/wp\/v2\/posts\/1374\/revisions\/15563"}],"wp:featuredmedia":[{"embeddable":true,"href":"https:\/\/lafilledecorinthe.com\/wordpress\/wp-json\/wp\/v2\/media\/1376"}],"wp:attachment":[{"href":"https:\/\/lafilledecorinthe.com\/wordpress\/wp-json\/wp\/v2\/media?parent=1374"}],"wp:term":[{"taxonomy":"category","embeddable":true,"href":"https:\/\/lafilledecorinthe.com\/wordpress\/wp-json\/wp\/v2\/categories?post=1374"},{"taxonomy":"post_tag","embeddable":true,"href":"https:\/\/lafilledecorinthe.com\/wordpress\/wp-json\/wp\/v2\/tags?post=1374"}],"curies":[{"name":"wp","href":"https:\/\/api.w.org\/{rel}","templated":true}]}}