{"id":13665,"date":"2025-01-22T19:55:15","date_gmt":"2025-01-22T18:55:15","guid":{"rendered":"http:\/\/lafilledecorinthe.com\/wordpress\/?p=13665"},"modified":"2025-11-28T21:09:44","modified_gmt":"2025-11-28T20:09:44","slug":"maternelle-au-cinema-92-2024-2025","status":"publish","type":"post","link":"https:\/\/lafilledecorinthe.com\/wordpress\/2025\/01\/maternelle-au-cinema-92-2024-2025\/","title":{"rendered":"\u00ab\u00a0Maternelle au Cin\u00e9ma\u00a0\u00bb 92  2024-2025"},"content":{"rendered":"\n<p><em>\u00ab\u00a0Et tout d\u2019un coup le souvenir m\u2019est apparu. Ce go\u00fbt, c\u2019\u00e9tait celui du petit morceau de madeleine que le dimanche matin \u00e0 Combray (parce que ce jour-l\u00e0 je ne sortais pas avant l\u2019heure de la messe), quand j\u2019allais lui dire bonjour dans sa chambre, ma tante L\u00e9onie m\u2019offrait apr\u00e8s l\u2019avoir tremp\u00e9 dans son infusion de th\u00e9 ou de tilleul&nbsp;<em>[&#8230;]&nbsp;<\/em>Et comme dans ce jeu o\u00f9 les Japonais s\u2019amusent \u00e0 tremper dans un bol de porcelaine rempli d\u2019eau de petits morceaux de papier jusque-l\u00e0 indistincts qui, \u00e0 peine y sont-ils plong\u00e9s s\u2019\u00e9tirent, se contournent, se colorent, se diff\u00e9rencient, deviennent des fleurs, des maisons, des personnages consistants et reconnaissables, de m\u00eame maintenant toutes les fleurs de notre jardin et celles du parc de M. Swann, et les nymph\u00e9as de la Vivonne, et les bonnes gens du village et leurs petits logis et l\u2019\u00e9glise et tout Combray et ses environs, tout cela qui prend forme et solidit\u00e9, est sorti, ville et jardins, de ma tasse de th\u00e9.&nbsp; &nbsp;<\/em> &nbsp;<em>\u00c0 la recherche du temps perdu<\/em>, Marcel Proust, 1913<\/p>\n\n\n\n<p><strong><em>\u00c0 table<\/em><\/strong>, programme de 5\u00a0courts m\u00e9trages<br><strong><em>Jardins Enchant\u00e9s<\/em><\/strong>, programme de 6 courts m\u00e9trages\u00a0 \u00a0 \u00a0 \u00a0 \u00a0 \u00a0 \u00a0 \u00a0 \u00a0 \u00a0 \u00a0 \u00a0 \u00a0 \u00a0 \u00a0 \u00a0 \u00a0 \u00a0 \u00a0 \u00a0 \u00a0 \u00a0 \u00a0 \u00a0 \u00a0 \u00a0 \u00a0 \u00a0 Mercredi\u00a022 janvier 2025<br>au cin\u00e9ma\u00a0<em>Le Rex<\/em>\u00a0de Ch\u00e2tenay-Malabry<br>Mercredi\u00a029\u00a0 janvier 2025<br>au coll\u00e8ge\u00a0<em>Mar\u00e9chal Leclerc<\/em>\u00a0de Puteaux<\/p>\n\n\n\n<p><strong>\u00c0 t\u00e9l\u00e9charger :&nbsp;<\/strong><a href=\"https:\/\/lafilledecorinthe.com\/wordpress\/wp-content\/uploads\/2025\/01\/Pour-aller-plus-loin1.pdf\">Pour aller plus loin<\/a>,&nbsp;<a href=\"https:\/\/lafilledecorinthe.com\/wordpress\/wp-content\/uploads\/2025\/01\/D\u2019une-image-a\u0300-l\u2019autre1-.pdf\">D\u2019une image a\u0300 l\u2019autre1<\/a>,&nbsp;<a href=\"https:\/\/lafilledecorinthe.com\/wordpress\/wp-content\/uploads\/2025\/01\/D\u2019une-image-a\u0300-l\u2019autre-2-.pdf\">D\u2019une image a\u0300 l\u2019autre 2<\/a>&nbsp;&nbsp;et <a title=\"\u00ab&nbsp;Maternelle au Cin\u00e9ma&nbsp;\u00bb \u00e0 Castres 81\" href=\"https:\/\/lafilledecorinthe.com\/wordpress\/2023\/12\/maternelle-au-cinema-a-castres-81\/\">ici<\/a>&nbsp;et <a title=\"\u00ab&nbsp;Ma Premi\u00e8re S\u00e9ance&nbsp;\u00bb 2024-2025\" href=\"https:\/\/lafilledecorinthe.com\/wordpress\/2024\/11\/ma-premiere-seance-2024-2025\/\">l\u00e0&nbsp;<\/a><a href=\"https:\/\/lafilledecorinthe.com\/wordpress\/wp-content\/uploads\/2025\/01\/A\u0300-table-.png\"><img loading=\"lazy\" decoding=\"async\" class=\"alignnone size-medium wp-image-13672\" src=\"https:\/\/lafilledecorinthe.com\/wordpress\/wp-content\/uploads\/2025\/01\/A\u0300-table--680x391.png\" alt=\"A\u0300 table\" width=\"680\" height=\"391\" srcset=\"https:\/\/lafilledecorinthe.com\/wordpress\/wp-content\/uploads\/2025\/01\/A\u0300-table--680x391.png 680w, https:\/\/lafilledecorinthe.com\/wordpress\/wp-content\/uploads\/2025\/01\/A\u0300-table--1280x736.png 1280w, https:\/\/lafilledecorinthe.com\/wordpress\/wp-content\/uploads\/2025\/01\/A\u0300-table--500x287.png 500w, https:\/\/lafilledecorinthe.com\/wordpress\/wp-content\/uploads\/2025\/01\/A\u0300-table-.png 1876w\" sizes=\"auto, (max-width: 680px) 100vw, 680px\" \/><\/a><\/p>\n\n\n\n<figure class=\"wp-block-image alignnone\"><a href=\"https:\/\/lafilledecorinthe.com\/wordpress\/wp-content\/uploads\/2025\/01\/Autochrome-Nature-morte-aux-le\u0301gumes-.jpg\"><img loading=\"lazy\" decoding=\"async\" width=\"675\" height=\"473\" src=\"https:\/\/lafilledecorinthe.com\/wordpress\/wp-content\/uploads\/2025\/01\/Autochrome-Nature-morte-aux-le\u0301gumes-.jpg\" alt=\"Autochrome, Nature morte aux le\u0301gumes,\" class=\"wp-image-13673\" srcset=\"https:\/\/lafilledecorinthe.com\/wordpress\/wp-content\/uploads\/2025\/01\/Autochrome-Nature-morte-aux-le\u0301gumes-.jpg 675w, https:\/\/lafilledecorinthe.com\/wordpress\/wp-content\/uploads\/2025\/01\/Autochrome-Nature-morte-aux-le\u0301gumes--428x300.jpg 428w\" sizes=\"auto, (max-width: 675px) 100vw, 675px\" \/><\/a><figcaption class=\"wp-element-caption\">Nature morte aux l\u00e9gumes, Auguste Lumi\u00e8re, 1907<\/figcaption><\/figure>\n\n\n\n<figure class=\"wp-block-image alignnone\"><a href=\"https:\/\/lafilledecorinthe.com\/wordpress\/wp-content\/uploads\/2025\/01\/Nature_Morte_Vivante_de_Le\u0301gumes_-_Ste\u0301phane_Soulie\u0301_01-1024x576.jpg\"><img loading=\"lazy\" decoding=\"async\" width=\"680\" height=\"383\" src=\"https:\/\/lafilledecorinthe.com\/wordpress\/wp-content\/uploads\/2025\/01\/Nature_Morte_Vivante_de_Le\u0301gumes_-_Ste\u0301phane_Soulie\u0301_01-1024x576-680x383.jpg\" alt=\"Nature_Morte_Vivante_de_Le\u0301gumes_-_Ste\u0301phane_Soulie\u0301_01-1024x576\" class=\"wp-image-13674\" srcset=\"https:\/\/lafilledecorinthe.com\/wordpress\/wp-content\/uploads\/2025\/01\/Nature_Morte_Vivante_de_Le\u0301gumes_-_Ste\u0301phane_Soulie\u0301_01-1024x576-680x383.jpg 680w, https:\/\/lafilledecorinthe.com\/wordpress\/wp-content\/uploads\/2025\/01\/Nature_Morte_Vivante_de_Le\u0301gumes_-_Ste\u0301phane_Soulie\u0301_01-1024x576-500x281.jpg 500w, https:\/\/lafilledecorinthe.com\/wordpress\/wp-content\/uploads\/2025\/01\/Nature_Morte_Vivante_de_Le\u0301gumes_-_Ste\u0301phane_Soulie\u0301_01-1024x576.jpg 1024w\" sizes=\"auto, (max-width: 680px) 100vw, 680px\" \/><\/a><figcaption class=\"wp-element-caption\">Nature morte vivante aux l\u00e9gumes avec chrysalide, St\u00e9phane Souli\u00e9, 2011 Time Lapse aux 3765 photos visible <a href=\"https:\/\/www.naturemortevivante.com\/nature_morte_vivante_aux_legumes_avec_chrysalide.html\">ici<\/a><\/figcaption><\/figure>\n\n\n\n<p>L&rsquo;autrice et illustratrice cor\u00e9enne&nbsp;Gee-eun Lee nous offre un tr\u00e8s bel album avec un gros monstre poilu qui a bien du mal \u00e0 se faire comprendre des&nbsp;Chamalloux.<\/p>\n\n\n\n<figure class=\"wp-block-image\"><a href=\"https:\/\/lafilledecorinthe.com\/wordpress\/wp-content\/uploads\/2025\/01\/Chamalloux.png\"><img loading=\"lazy\" decoding=\"async\" width=\"680\" height=\"381\" src=\"https:\/\/lafilledecorinthe.com\/wordpress\/wp-content\/uploads\/2025\/01\/Chamalloux-680x381.png\" alt=\"Chamalloux\" class=\"wp-image-13732\" srcset=\"https:\/\/lafilledecorinthe.com\/wordpress\/wp-content\/uploads\/2025\/01\/Chamalloux-680x381.png 680w, https:\/\/lafilledecorinthe.com\/wordpress\/wp-content\/uploads\/2025\/01\/Chamalloux-1280x717.png 1280w, https:\/\/lafilledecorinthe.com\/wordpress\/wp-content\/uploads\/2025\/01\/Chamalloux-500x280.png 500w, https:\/\/lafilledecorinthe.com\/wordpress\/wp-content\/uploads\/2025\/01\/Chamalloux.png 1918w\" sizes=\"auto, (max-width: 680px) 100vw, 680px\" \/><\/a><\/figure>\n\n\n\n<p><\/p>\n\n\n\n<p><strong>\u00c0 t\u00e9l\u00e9charger :&nbsp;<\/strong><a href=\"https:\/\/lafilledecorinthe.com\/wordpress\/wp-content\/uploads\/2025\/01\/Pour-aller-plus-loin.pdf\">Pour aller plus loin<\/a>,&nbsp;<a href=\"https:\/\/lafilledecorinthe.com\/wordpress\/wp-content\/uploads\/2025\/01\/D\u2019une-image-a\u0300-l\u2019autre-\u2026-Tulip-.pdf\">D\u2019une image a\u0300 l\u2019autre \u2026 Tulip<\/a>&nbsp;et aussi <a title=\"\u00ab&nbsp;Ma premi\u00e8re s\u00e9ance&nbsp;\u00bb 2021-2022\" href=\"https:\/\/lafilledecorinthe.com\/wordpress\/2021\/10\/ma-premiere-seance-2021-2022\/\">ici<\/a><\/p>\n\n\n\n<p><a href=\"https:\/\/lafilledecorinthe.com\/wordpress\/wp-content\/uploads\/2025\/01\/Jardins-enchante\u0301s1.png\"><img loading=\"lazy\" decoding=\"async\" class=\"alignnone size-medium wp-image-13691\" src=\"https:\/\/lafilledecorinthe.com\/wordpress\/wp-content\/uploads\/2025\/01\/Jardins-enchante\u0301s1-680x383.png\" alt=\"Jardins enchante\u0301s\" width=\"680\" height=\"383\" srcset=\"https:\/\/lafilledecorinthe.com\/wordpress\/wp-content\/uploads\/2025\/01\/Jardins-enchante\u0301s1-680x383.png 680w, https:\/\/lafilledecorinthe.com\/wordpress\/wp-content\/uploads\/2025\/01\/Jardins-enchante\u0301s1-1280x722.png 1280w, https:\/\/lafilledecorinthe.com\/wordpress\/wp-content\/uploads\/2025\/01\/Jardins-enchante\u0301s1-500x282.png 500w, https:\/\/lafilledecorinthe.com\/wordpress\/wp-content\/uploads\/2025\/01\/Jardins-enchante\u0301s1.png 1898w\" sizes=\"auto, (max-width: 680px) 100vw, 680px\" \/><\/a>\u00ab\u00a0Depuis 1992, le festival International des Jardins est un laboratoire de la cr\u00e9ation contemporaine&#8230;\u00a0\u00bb Retrouvez les 21 \u00e9ditions sur leur <a href=\"https:\/\/domaine-chaumont.fr\/fr\/festival-international-des-jardins\" target=\"_blank\" rel=\"noopener\">site<\/a><\/p>\n\n\n\n<figure class=\"wp-block-image\"><a href=\"https:\/\/lafilledecorinthe.com\/wordpress\/wp-content\/uploads\/2025\/01\/Jardin-Chaumont.png\"><img loading=\"lazy\" decoding=\"async\" width=\"680\" height=\"383\" src=\"https:\/\/lafilledecorinthe.com\/wordpress\/wp-content\/uploads\/2025\/01\/Jardin-Chaumont-680x383.png\" alt=\"Jardin Chaumont\" class=\"wp-image-13693\" srcset=\"https:\/\/lafilledecorinthe.com\/wordpress\/wp-content\/uploads\/2025\/01\/Jardin-Chaumont-680x383.png 680w, https:\/\/lafilledecorinthe.com\/wordpress\/wp-content\/uploads\/2025\/01\/Jardin-Chaumont-1280x722.png 1280w, https:\/\/lafilledecorinthe.com\/wordpress\/wp-content\/uploads\/2025\/01\/Jardin-Chaumont-500x282.png 500w, https:\/\/lafilledecorinthe.com\/wordpress\/wp-content\/uploads\/2025\/01\/Jardin-Chaumont.png 1898w\" sizes=\"auto, (max-width: 680px) 100vw, 680px\" \/><\/a><\/figure>\n\n\n\n<p><\/p>\n","protected":false},"excerpt":{"rendered":"<p>\u00ab\u00a0Et tout d\u2019un coup le souvenir m\u2019est apparu. Ce go\u00fbt, c\u2019\u00e9tait celui du petit morceau de madeleine que le dimanche matin \u00e0 Combray (parce que ce jour-l\u00e0 je ne sortais pas avant l\u2019heure de la messe), quand j\u2019allais lui dire bonjour dans sa chambre, ma tante L\u00e9onie m\u2019offrait apr\u00e8s l\u2019avoir tremp\u00e9 dans son infusion de&#8230;<\/p>\n","protected":false},"author":2,"featured_media":14275,"comment_status":"open","ping_status":"open","sticky":false,"template":"","format":"standard","meta":{"_kad_post_transparent":"","_kad_post_title":"","_kad_post_layout":"","_kad_post_sidebar_id":"","_kad_post_content_style":"","_kad_post_vertical_padding":"","_kad_post_feature":"","_kad_post_feature_position":"","_kad_post_header":false,"_kad_post_footer":false,"_kad_post_classname":"","footnotes":""},"categories":[8],"tags":[2459,2460,2461,1158,2367,2145,2376,2462],"class_list":["post-13665","post","type-post","status-publish","format-standard","has-post-thumbnail","hentry","category-formations-adultes","tag-2459","tag-a-table","tag-auguste-lumiere","tag-cinema-le-rex-de-chatenay-malabry","tag-college-marechal-leclerc-de-puteaux","tag-jardins-enchantes","tag-maternelle-au-cinema","tag-stephane-soulie"],"_links":{"self":[{"href":"https:\/\/lafilledecorinthe.com\/wordpress\/wp-json\/wp\/v2\/posts\/13665","targetHints":{"allow":["GET"]}}],"collection":[{"href":"https:\/\/lafilledecorinthe.com\/wordpress\/wp-json\/wp\/v2\/posts"}],"about":[{"href":"https:\/\/lafilledecorinthe.com\/wordpress\/wp-json\/wp\/v2\/types\/post"}],"author":[{"embeddable":true,"href":"https:\/\/lafilledecorinthe.com\/wordpress\/wp-json\/wp\/v2\/users\/2"}],"replies":[{"embeddable":true,"href":"https:\/\/lafilledecorinthe.com\/wordpress\/wp-json\/wp\/v2\/comments?post=13665"}],"version-history":[{"count":24,"href":"https:\/\/lafilledecorinthe.com\/wordpress\/wp-json\/wp\/v2\/posts\/13665\/revisions"}],"predecessor-version":[{"id":14276,"href":"https:\/\/lafilledecorinthe.com\/wordpress\/wp-json\/wp\/v2\/posts\/13665\/revisions\/14276"}],"wp:featuredmedia":[{"embeddable":true,"href":"https:\/\/lafilledecorinthe.com\/wordpress\/wp-json\/wp\/v2\/media\/14275"}],"wp:attachment":[{"href":"https:\/\/lafilledecorinthe.com\/wordpress\/wp-json\/wp\/v2\/media?parent=13665"}],"wp:term":[{"taxonomy":"category","embeddable":true,"href":"https:\/\/lafilledecorinthe.com\/wordpress\/wp-json\/wp\/v2\/categories?post=13665"},{"taxonomy":"post_tag","embeddable":true,"href":"https:\/\/lafilledecorinthe.com\/wordpress\/wp-json\/wp\/v2\/tags?post=13665"}],"curies":[{"name":"wp","href":"https:\/\/api.w.org\/{rel}","templated":true}]}}