{"id":13613,"date":"2024-12-16T10:13:07","date_gmt":"2024-12-16T09:13:07","guid":{"rendered":"http:\/\/lafilledecorinthe.com\/wordpress\/?p=13613"},"modified":"2025-11-29T15:33:24","modified_gmt":"2025-11-29T14:33:24","slug":"maternelle-au-cinema-94","status":"publish","type":"post","link":"https:\/\/lafilledecorinthe.com\/wordpress\/2024\/12\/maternelle-au-cinema-94\/","title":{"rendered":"\u00ab\u00a0Maternelle au Cin\u00e9ma\u00a0\u00bb 94"},"content":{"rendered":"\n<p><strong>Projection-conf\u00e9rence :<\/strong><br>Aux <a href=\"https:\/\/3cines.vitry94.fr\/\" target=\"_blank\" rel=\"noopener\">3 cin\u00e9s Robespierre <\/a>de Vitry-sur-Seine<br>Mercredi\u00a018 d\u00e9cembre 2024<br>Avec la complicit\u00e9 de <a href=\"https:\/\/www.cinemapublic.org\/\" target=\"_blank\" rel=\"noopener\">Cin\u00e9ma Public<\/a><\/p>\n\n\n\n<p>\u00c0 t\u00e9l\u00e9charger :&nbsp;<a href=\"https:\/\/lafilledecorinthe.com\/wordpress\/wp-content\/uploads\/2024\/12\/Pour-aller-plus-loin-.pdf\">Pour aller plus loin<\/a><\/p>\n\n\n\n<p><a href=\"https:\/\/lafilledecorinthe.com\/wordpress\/wp-content\/uploads\/2024\/12\/couv2.png\"><img loading=\"lazy\" decoding=\"async\" class=\"alignnone size-medium wp-image-13619\" src=\"https:\/\/lafilledecorinthe.com\/wordpress\/wp-content\/uploads\/2024\/12\/couv2-680x381.png\" alt=\"couv2\" width=\"680\" height=\"381\" srcset=\"https:\/\/lafilledecorinthe.com\/wordpress\/wp-content\/uploads\/2024\/12\/couv2-680x381.png 680w, https:\/\/lafilledecorinthe.com\/wordpress\/wp-content\/uploads\/2024\/12\/couv2-1280x717.png 1280w, https:\/\/lafilledecorinthe.com\/wordpress\/wp-content\/uploads\/2024\/12\/couv2-500x280.png 500w\" sizes=\"auto, (max-width: 680px) 100vw, 680px\" \/><\/a><strong>\u00c0 t\u00e9l\u00e9charger :&nbsp;<\/strong><a href=\"https:\/\/lafilledecorinthe.com\/wordpress\/wp-content\/uploads\/2024\/12\/Les-animaux-nocturnes-1.pdf\">Les animaux nocturnes<\/a>,&nbsp;<a href=\"https:\/\/lafilledecorinthe.com\/wordpress\/wp-content\/uploads\/2024\/12\/L\u2019inconnu-.pdf\">L\u2019inconnu<\/a>,&nbsp;<a href=\"https:\/\/lafilledecorinthe.com\/wordpress\/wp-content\/uploads\/2024\/12\/Les-angles-de-prises-de-vue-.pdf\">Les angles de prises de vue<\/a>,&nbsp;<a href=\"https:\/\/lafilledecorinthe.com\/wordpress\/wp-content\/uploads\/2024\/12\/Images-se\u0301quentielles-.pdf\">Images se\u0301quentielles<\/a>,&nbsp;<a href=\"https:\/\/lafilledecorinthe.com\/wordpress\/wp-content\/uploads\/2024\/12\/Du-plan-objectif-au-plan-subjectif-.pdf\">Du plan objectif au plan subjectif<\/a>,&nbsp;<a href=\"https:\/\/lafilledecorinthe.com\/wordpress\/wp-content\/uploads\/2024\/12\/La-me\u0301tamorphose-du-dragon-.pdf\">La me\u0301tamorphose du dragon<\/a>,&nbsp;<a href=\"https:\/\/lafilledecorinthe.com\/wordpress\/wp-content\/uploads\/2024\/12\/D\u2019un-monde-a\u0300-l\u2019autre-.pdf\">D\u2019un monde a\u0300 l\u2019autre<\/a>,&nbsp;<a href=\"https:\/\/lafilledecorinthe.com\/wordpress\/wp-content\/uploads\/2024\/12\/Echelle-des-plans-.pdf\">Echelle des plans<\/a>,&nbsp;<a href=\"https:\/\/lafilledecorinthe.com\/wordpress\/wp-content\/uploads\/2024\/12\/Les-angles-de-vue-.pdf\">Les angles de vue<\/a>,&nbsp;<a href=\"https:\/\/lafilledecorinthe.com\/wordpress\/wp-content\/uploads\/2024\/12\/Qui-parle-.pdf\">Qui parle ?<\/a><\/p>\n\n\n\n<p>Tout savoir sur <a href=\"https:\/\/lanaturedepres.fr\/comment-chantent-les-grillons\/\" target=\"_blank\" rel=\"noopener\">le chant du grillon<\/a>&nbsp;:<\/p>\n\n\n\n<p><iframe loading=\"lazy\" title=\"YouTube video player\" src=\"https:\/\/www.youtube.com\/embed\/ZTJuJiU7VmA?si=uNduVjApnBzWxnd-\" width=\"560\" height=\"315\" frameborder=\"0\" allowfullscreen=\"allowfullscreen\"><\/iframe><\/p>\n\n\n\n<p><a href=\"https:\/\/lafilledecorinthe.com\/wordpress\/wp-content\/uploads\/2024\/12\/Couv3.png\"><img loading=\"lazy\" decoding=\"async\" class=\"alignnone size-medium wp-image-13630\" src=\"https:\/\/lafilledecorinthe.com\/wordpress\/wp-content\/uploads\/2024\/12\/Couv3-680x381.png\" alt=\"Couv3\" width=\"680\" height=\"381\" srcset=\"https:\/\/lafilledecorinthe.com\/wordpress\/wp-content\/uploads\/2024\/12\/Couv3-680x381.png 680w, https:\/\/lafilledecorinthe.com\/wordpress\/wp-content\/uploads\/2024\/12\/Couv3-1280x717.png 1280w, https:\/\/lafilledecorinthe.com\/wordpress\/wp-content\/uploads\/2024\/12\/Couv3-500x280.png 500w\" sizes=\"auto, (max-width: 680px) 100vw, 680px\" \/><\/a><strong>\u00c0 t\u00e9l\u00e9charger :<\/strong>&nbsp;<a href=\"https:\/\/lafilledecorinthe.com\/wordpress\/wp-content\/uploads\/2024\/12\/Fabriquer-des-he\u0301licopte\u0300res.pdf\">Fabriquer des he\u0301licopte\u0300res<\/a>,<strong>&nbsp;<\/strong><a href=\"https:\/\/lafilledecorinthe.com\/wordpress\/wp-content\/uploads\/2024\/12\/La-musique-n\u2019adoucit-pas-tous-les-m\u0153urs-.pdf\">La musique n\u2019adoucit pas tous les m\u0153urs<\/a>,&nbsp;<a href=\"https:\/\/lafilledecorinthe.com\/wordpress\/wp-content\/uploads\/2024\/12\/Des-grenouilles-me\u0301lomanes-.pdf\">Des grenouilles me\u0301lomanes<\/a>,&nbsp;<a href=\"https:\/\/lafilledecorinthe.com\/wordpress\/wp-content\/uploads\/2024\/12\/Le-castor-ba\u0302tisseur-.pdf\">Le castor ba\u0302tisseur<\/a>,&nbsp;<a href=\"https:\/\/lafilledecorinthe.com\/wordpress\/wp-content\/uploads\/2024\/12\/Tomber-de-sommeil-.pdf\">Tomber de sommeil<\/a>,&nbsp;<a href=\"https:\/\/lafilledecorinthe.com\/wordpress\/wp-content\/uploads\/2024\/12\/Les-diffe\u0301rentes-tentatives-.pdf\">Les diffe\u0301rentes tentatives<\/a>,&nbsp;<a href=\"https:\/\/lafilledecorinthe.com\/wordpress\/wp-content\/uploads\/2024\/12\/Les-paysages-traverse\u0301s-.pdf\">Les paysages traverse\u0301s<\/a>,&nbsp;<a href=\"https:\/\/lafilledecorinthe.com\/wordpress\/wp-content\/uploads\/2024\/12\/Le-fondu-enchai\u0302ne\u0301-.pdf\">Le fondu enchai\u0302ne\u0301<\/a><\/p>\n\n\n\n<p><a href=\"https:\/\/lafilledecorinthe.com\/wordpress\/wp-content\/uploads\/2024\/12\/couv5.png\"><img loading=\"lazy\" decoding=\"async\" class=\"alignnone size-medium wp-image-13637\" src=\"https:\/\/lafilledecorinthe.com\/wordpress\/wp-content\/uploads\/2024\/12\/couv5-680x392.png\" alt=\"couv5\" width=\"680\" height=\"392\" srcset=\"https:\/\/lafilledecorinthe.com\/wordpress\/wp-content\/uploads\/2024\/12\/couv5-680x392.png 680w, https:\/\/lafilledecorinthe.com\/wordpress\/wp-content\/uploads\/2024\/12\/couv5-1280x739.png 1280w, https:\/\/lafilledecorinthe.com\/wordpress\/wp-content\/uploads\/2024\/12\/couv5-500x289.png 500w, https:\/\/lafilledecorinthe.com\/wordpress\/wp-content\/uploads\/2024\/12\/couv5.png 1764w\" sizes=\"auto, (max-width: 680px) 100vw, 680px\" \/><strong>\u00c0 t\u00e9l\u00e9charger :<\/strong><\/a>&nbsp;<a href=\"https:\/\/lafilledecorinthe.com\/wordpress\/wp-content\/uploads\/2024\/12\/Me\u0301tamorphose-d\u2019un-signe-graphique-.pdf\">Me\u0301tamorphose d\u2019un signe graphique<\/a>,&nbsp;<a href=\"https:\/\/lafilledecorinthe.com\/wordpress\/wp-content\/uploads\/2024\/12\/formes-simples-.pdf\">formes simples<\/a>,&nbsp;<a href=\"https:\/\/lafilledecorinthe.com\/wordpress\/wp-content\/uploads\/2024\/12\/formes-complexes-.pdf\">formes complexes<\/a>,&nbsp;<a href=\"https:\/\/lafilledecorinthe.com\/wordpress\/wp-content\/uploads\/2024\/12\/dessins-figuratifs-.pdf\">dessins figuratifs<\/a>&nbsp;et aussi d&rsquo;autres \u00e9l\u00e9ments \u00e0 d\u00e9couvrir <a title=\"\u00ab&nbsp;Jeux d\u2019images&nbsp;\u00bb  \u00c9cole et Cin\u00e9ma 17\" href=\"https:\/\/lafilledecorinthe.com\/wordpress\/2023\/02\/jeux-dimages-ecole-et-cinema-17\/\">ici&nbsp;<\/a>.<\/p>\n\n\n\n<figure class=\"wp-block-image alignnone\"><a href=\"https:\/\/lafilledecorinthe.com\/wordpress\/wp-content\/uploads\/2024\/12\/The-Victory-Rene\u0301-Magritte-1939.jpg\"><img loading=\"lazy\" decoding=\"async\" width=\"491\" height=\"680\" src=\"https:\/\/lafilledecorinthe.com\/wordpress\/wp-content\/uploads\/2024\/12\/The-Victory-Rene\u0301-Magritte-1939-491x680.jpg\" alt=\"The Victory Rene\u0301 Magritte, 1939\" class=\"wp-image-13650\" srcset=\"https:\/\/lafilledecorinthe.com\/wordpress\/wp-content\/uploads\/2024\/12\/The-Victory-Rene\u0301-Magritte-1939-491x680.jpg 491w, https:\/\/lafilledecorinthe.com\/wordpress\/wp-content\/uploads\/2024\/12\/The-Victory-Rene\u0301-Magritte-1939-217x300.jpg 217w, https:\/\/lafilledecorinthe.com\/wordpress\/wp-content\/uploads\/2024\/12\/The-Victory-Rene\u0301-Magritte-1939.jpg 520w\" sizes=\"auto, (max-width: 491px) 100vw, 491px\" \/><\/a><figcaption class=\"wp-element-caption\">The victory, Ren\u00e9 Magritte, 1939<\/figcaption><\/figure>\n","protected":false},"excerpt":{"rendered":"<p>Projection-conf\u00e9rence :Aux 3 cin\u00e9s Robespierre de Vitry-sur-SeineMercredi\u00a018 d\u00e9cembre 2024Avec la complicit\u00e9 de Cin\u00e9ma Public \u00c0 t\u00e9l\u00e9charger :&nbsp;Pour aller plus loin \u00c0 t\u00e9l\u00e9charger :&nbsp;Les animaux nocturnes,&nbsp;L\u2019inconnu,&nbsp;Les angles de prises de vue,&nbsp;Images se\u0301quentielles,&nbsp;Du plan objectif au plan subjectif,&nbsp;La me\u0301tamorphose du dragon,&nbsp;D\u2019un monde a\u0300 l\u2019autre,&nbsp;Echelle des plans,&nbsp;Les angles de vue,&nbsp;Qui parle ? Tout savoir sur le chant du&#8230;<\/p>\n","protected":false},"author":2,"featured_media":13616,"comment_status":"open","ping_status":"open","sticky":false,"template":"","format":"standard","meta":{"_kad_post_transparent":"","_kad_post_title":"","_kad_post_layout":"","_kad_post_sidebar_id":"","_kad_post_content_style":"","_kad_post_vertical_padding":"","_kad_post_feature":"","_kad_post_feature_position":"","_kad_post_header":false,"_kad_post_footer":false,"_kad_post_classname":"","footnotes":""},"categories":[8],"tags":[1979,679,2450,2453,2452,2456,974,2451,2455,1109,2347,1981,2376,2454,960],"class_list":["post-13613","post","type-post","status-publish","format-standard","has-post-thumbnail","hentry","category-formations-adultes","tag-les-petits-contes-de-la-nuit","tag-3-cines-robespierre","tag-2450","tag-au-dela-du-barrage","tag-ca-plane-pour-moi","tag-caprices-en-couleurs","tag-cinema-public","tag-conte-dune-graine","tag-hen-hop","tag-jeux-dimages","tag-le-moine-et-le-poisson","tag-le-raton-laveur-et-la-lampe-de-poche","tag-maternelle-au-cinema","tag-somni","tag-val-de-marne"],"_links":{"self":[{"href":"https:\/\/lafilledecorinthe.com\/wordpress\/wp-json\/wp\/v2\/posts\/13613","targetHints":{"allow":["GET"]}}],"collection":[{"href":"https:\/\/lafilledecorinthe.com\/wordpress\/wp-json\/wp\/v2\/posts"}],"about":[{"href":"https:\/\/lafilledecorinthe.com\/wordpress\/wp-json\/wp\/v2\/types\/post"}],"author":[{"embeddable":true,"href":"https:\/\/lafilledecorinthe.com\/wordpress\/wp-json\/wp\/v2\/users\/2"}],"replies":[{"embeddable":true,"href":"https:\/\/lafilledecorinthe.com\/wordpress\/wp-json\/wp\/v2\/comments?post=13613"}],"version-history":[{"count":16,"href":"https:\/\/lafilledecorinthe.com\/wordpress\/wp-json\/wp\/v2\/posts\/13613\/revisions"}],"predecessor-version":[{"id":14320,"href":"https:\/\/lafilledecorinthe.com\/wordpress\/wp-json\/wp\/v2\/posts\/13613\/revisions\/14320"}],"wp:featuredmedia":[{"embeddable":true,"href":"https:\/\/lafilledecorinthe.com\/wordpress\/wp-json\/wp\/v2\/media\/13616"}],"wp:attachment":[{"href":"https:\/\/lafilledecorinthe.com\/wordpress\/wp-json\/wp\/v2\/media?parent=13613"}],"wp:term":[{"taxonomy":"category","embeddable":true,"href":"https:\/\/lafilledecorinthe.com\/wordpress\/wp-json\/wp\/v2\/categories?post=13613"},{"taxonomy":"post_tag","embeddable":true,"href":"https:\/\/lafilledecorinthe.com\/wordpress\/wp-json\/wp\/v2\/tags?post=13613"}],"curies":[{"name":"wp","href":"https:\/\/api.w.org\/{rel}","templated":true}]}}