{"id":13553,"date":"2024-11-29T18:46:06","date_gmt":"2024-11-29T17:46:06","guid":{"rendered":"http:\/\/lafilledecorinthe.com\/wordpress\/?p=13553"},"modified":"2025-11-29T15:34:06","modified_gmt":"2025-11-29T14:34:06","slug":"mon-premier-cinema-2024-2025","status":"publish","type":"post","link":"https:\/\/lafilledecorinthe.com\/wordpress\/2024\/11\/mon-premier-cinema-2024-2025\/","title":{"rendered":"\u00ab\u00a0Mon premier Cin\u00e9ma\u00a0\u00bb 2024-2025"},"content":{"rendered":"\n<p><a href=\"https:\/\/www.studiodesursulines.com\/\" target=\"_blank\" rel=\"noopener\">Studio des ursulines<\/a><br>Mardi\u00a03 d\u00e9cembre 2024<br>Avec l\u2019\u00e9quipe d\u2019\u00a0<a href=\"https:\/\/www.enfancesaucinema.net\/\" target=\"_blank\" rel=\"noopener\"><em>Enfances au Cin\u00e9ma<\/em><\/a><\/p>\n\n\n\n<p>\u00c0 t\u00e9l\u00e9charger :&nbsp;<a href=\"https:\/\/lafilledecorinthe.com\/wordpress\/wp-content\/uploads\/2024\/11\/Pour-aller-plus-loin-1.pdf\">Pour aller plus loin<\/a><\/p>\n\n\n<div class=\"wp-block-image\">\n<figure class=\"aligncenter\"><img loading=\"lazy\" decoding=\"async\" width=\"1916\" height=\"1074\" src=\"https:\/\/lafilledecorinthe.com\/wordpress\/wp-content\/uploads\/2024\/11\/Capture-d\u2019e\u0301cran-2024-11-29-a\u0300-14.34.43.png\" alt=\"Capture d\u2019e\u0301cran 2024-11-29 a\u0300 14.34.43\" class=\"wp-image-13565\" srcset=\"https:\/\/lafilledecorinthe.com\/wordpress\/wp-content\/uploads\/2024\/11\/Capture-d\u2019e\u0301cran-2024-11-29-a\u0300-14.34.43.png 1916w, https:\/\/lafilledecorinthe.com\/wordpress\/wp-content\/uploads\/2024\/11\/Capture-d\u2019e\u0301cran-2024-11-29-a\u0300-14.34.43-680x381.png 680w, https:\/\/lafilledecorinthe.com\/wordpress\/wp-content\/uploads\/2024\/11\/Capture-d\u2019e\u0301cran-2024-11-29-a\u0300-14.34.43-1280x717.png 1280w, https:\/\/lafilledecorinthe.com\/wordpress\/wp-content\/uploads\/2024\/11\/Capture-d\u2019e\u0301cran-2024-11-29-a\u0300-14.34.43-500x280.png 500w\" sizes=\"auto, (max-width: 1916px) 100vw, 1916px\" \/><\/figure>\n<\/div>\n\n\n<p>\u00c0 t\u00e9l\u00e9charger :&nbsp;<a href=\"https:\/\/lafilledecorinthe.com\/wordpress\/wp-content\/uploads\/2024\/11\/Quels-dro\u0302les-de-petits-oeufs-.pdf\">Quels dro\u0302les de petits oeufs !<\/a>,&nbsp;<a href=\"https:\/\/lafilledecorinthe.com\/wordpress\/wp-content\/uploads\/2024\/11\/D\u2019une-fe\u0302te-a\u0300-l\u2019autre\u2026-.pdf\">D\u2019une fe\u0302te a\u0300 l\u2019autre\u2026<\/a>,&nbsp;<a href=\"https:\/\/lafilledecorinthe.com\/wordpress\/wp-content\/uploads\/2024\/11\/Pour-une-fe\u0302te-re\u0301ussie-\u2026-.pdf\">Pour une fe\u0302te re\u0301ussie \u2026<\/a>,&nbsp;<a href=\"https:\/\/lafilledecorinthe.com\/wordpress\/wp-content\/uploads\/2024\/11\/Monte-le-son-.pdf\">Monte le son !<\/a>,&nbsp;<a href=\"https:\/\/lafilledecorinthe.com\/wordpress\/wp-content\/uploads\/2024\/11\/Un-petit-chien-tre\u0300s-expressif.pdf\">Un petit chien tre\u0300s expressif<\/a>,&nbsp;<a href=\"https:\/\/lafilledecorinthe.com\/wordpress\/wp-content\/uploads\/2024\/11\/Qu\u2019est-ce-qui-a-change\u0301-.pdf\">Qu\u2019est-ce qui a change\u0301 ?<\/a>,&nbsp;<a href=\"https:\/\/lafilledecorinthe.com\/wordpress\/wp-content\/uploads\/2024\/11\/Seras-tu-reconnai\u0302tre-...-.pdf\">Seras-tu reconnai\u0302tre &#8230; ?<\/a>,&nbsp;<a href=\"https:\/\/lafilledecorinthe.com\/wordpress\/wp-content\/uploads\/2024\/11\/Les-oiseaux-unicolores-.pdf\">Les oiseaux unicolores<\/a>,&nbsp;<a href=\"https:\/\/lafilledecorinthe.com\/wordpress\/wp-content\/uploads\/2024\/11\/Images-se\u0301quentielles-.pdf\">Images se\u0301quentielles<\/a>,&nbsp;<a href=\"https:\/\/lafilledecorinthe.com\/wordpress\/wp-content\/uploads\/2024\/11\/L\u2019histoire-du-personnage-orange-.pdf\">L\u2019histoire du personnage orange<\/a>,&nbsp;<a href=\"https:\/\/lafilledecorinthe.com\/wordpress\/wp-content\/uploads\/2024\/11\/3-2-1-\u2026-Sauter-.pdf\">3, 2, 1 \u2026 Sauter<\/a>,&nbsp;&nbsp;<a href=\"https:\/\/lafilledecorinthe.com\/wordpress\/wp-content\/uploads\/2024\/11\/La-cerise-sur-le-ga\u0302teau\u2026-.pdf\">La cerise sur le ga\u0302teau\u2026<\/a>,&nbsp;<a href=\"https:\/\/lafilledecorinthe.com\/wordpress\/wp-content\/uploads\/2024\/11\/Le-petit-chiot-qui-voulait-e\u0302tre-papa.pdf\">Le petit chiot qui voulait e\u0302tre papa<\/a><\/p>\n\n\n<div class=\"wp-block-image\">\n<figure class=\"aligncenter\"><a href=\"https:\/\/lafilledecorinthe.com\/wordpress\/wp-content\/uploads\/2024\/11\/Capture-d\u2019e\u0301cran-2024-11-29-a\u0300-14.56.25.png\"><img loading=\"lazy\" decoding=\"async\" width=\"1916\" height=\"1074\" src=\"https:\/\/lafilledecorinthe.com\/wordpress\/wp-content\/uploads\/2024\/11\/Capture-d\u2019e\u0301cran-2024-11-29-a\u0300-14.56.25.png\" alt=\"Capture d\u2019e\u0301cran 2024-11-29 a\u0300 14.56.25\" class=\"wp-image-13580\" srcset=\"https:\/\/lafilledecorinthe.com\/wordpress\/wp-content\/uploads\/2024\/11\/Capture-d\u2019e\u0301cran-2024-11-29-a\u0300-14.56.25.png 1916w, https:\/\/lafilledecorinthe.com\/wordpress\/wp-content\/uploads\/2024\/11\/Capture-d\u2019e\u0301cran-2024-11-29-a\u0300-14.56.25-680x381.png 680w, https:\/\/lafilledecorinthe.com\/wordpress\/wp-content\/uploads\/2024\/11\/Capture-d\u2019e\u0301cran-2024-11-29-a\u0300-14.56.25-1280x717.png 1280w, https:\/\/lafilledecorinthe.com\/wordpress\/wp-content\/uploads\/2024\/11\/Capture-d\u2019e\u0301cran-2024-11-29-a\u0300-14.56.25-500x280.png 500w\" sizes=\"auto, (max-width: 1916px) 100vw, 1916px\" \/><\/a><\/figure>\n<\/div>\n\n\n<p><\/p>\n\n\n\n<p>\u00c0 t\u00e9l\u00e9charger :&nbsp;<a href=\"https:\/\/lafilledecorinthe.com\/wordpress\/wp-content\/uploads\/2024\/11\/Une-rencontre-impre\u0301vue-.pdf\">Une rencontre impre\u0301vue<\/a>,&nbsp;<a href=\"https:\/\/lafilledecorinthe.com\/wordpress\/wp-content\/uploads\/2024\/11\/Face-a\u0300-la-tempe\u0302te-.pdf\">Face a\u0300 la tempe\u0302te<\/a>,&nbsp;<a href=\"https:\/\/lafilledecorinthe.com\/wordpress\/wp-content\/uploads\/2024\/11\/Regards-partage\u0301s.pdf\">Regards partage\u0301s<\/a>,&nbsp;<a href=\"https:\/\/lafilledecorinthe.com\/wordpress\/wp-content\/uploads\/2024\/11\/A\u0300-table-1-.pdf\">A\u0300 table 1<\/a>,&nbsp;<a href=\"https:\/\/lafilledecorinthe.com\/wordpress\/wp-content\/uploads\/2024\/11\/A\u0300-table-2.pages\">A\u0300 table 2<\/a>. D&rsquo;autres fiches et ressources sont&nbsp;<a title=\"\u00ab&nbsp;Maternelle au Cin\u00e9ma&nbsp;\u00bb Val-de-Marne\" href=\"https:\/\/lafilledecorinthe.com\/wordpress\/2023\/12\/maternelle-au-cinema-val-de-marne\/\">ici<\/a> et<a title=\"\u00ab&nbsp;Choum et Komaneko&nbsp;\u00bb avec Maternelle au Cin\u00e9ma 92\" href=\"https:\/\/lafilledecorinthe.com\/wordpress\/2024\/01\/choum-et-komaneko-avec-maternelle-au-cinema-92\/\"> l\u00e0<\/a>.<\/p>\n\n\n\n<p>Nous attendons avec impatience la sortie du premier&nbsp;long m\u00e9trage de Claire Paoletti et <a href=\"https:\/\/www.julienbisaro.com\/lapetitecavale\" target=\"_blank\" rel=\"noopener\">Julien Bisaro<\/a>.<\/p>\n\n\n<div class=\"wp-block-image\">\n<figure class=\"aligncenter\"><img loading=\"lazy\" decoding=\"async\" width=\"1716\" height=\"1074\" src=\"https:\/\/lafilledecorinthe.com\/wordpress\/wp-content\/uploads\/2024\/11\/Capture-d\u2019e\u0301cran-2024-11-29-a\u0300-18.40.37.png\" alt=\"Capture d\u2019e\u0301cran 2024-11-29 a\u0300 18.40.37\" class=\"wp-image-13587\" srcset=\"https:\/\/lafilledecorinthe.com\/wordpress\/wp-content\/uploads\/2024\/11\/Capture-d\u2019e\u0301cran-2024-11-29-a\u0300-18.40.37.png 1716w, https:\/\/lafilledecorinthe.com\/wordpress\/wp-content\/uploads\/2024\/11\/Capture-d\u2019e\u0301cran-2024-11-29-a\u0300-18.40.37-680x426.png 680w, https:\/\/lafilledecorinthe.com\/wordpress\/wp-content\/uploads\/2024\/11\/Capture-d\u2019e\u0301cran-2024-11-29-a\u0300-18.40.37-1280x801.png 1280w, https:\/\/lafilledecorinthe.com\/wordpress\/wp-content\/uploads\/2024\/11\/Capture-d\u2019e\u0301cran-2024-11-29-a\u0300-18.40.37-479x300.png 479w\" sizes=\"auto, (max-width: 1716px) 100vw, 1716px\" \/><\/figure>\n<\/div>\n\n\n<p><\/p>\n","protected":false},"excerpt":{"rendered":"<p>Studio des ursulinesMardi\u00a03 d\u00e9cembre 2024Avec l\u2019\u00e9quipe d\u2019\u00a0Enfances au Cin\u00e9ma \u00c0 t\u00e9l\u00e9charger :&nbsp;Pour aller plus loin \u00c0 t\u00e9l\u00e9charger :&nbsp;Quels dro\u0302les de petits oeufs !,&nbsp;D\u2019une fe\u0302te a\u0300 l\u2019autre\u2026,&nbsp;Pour une fe\u0302te re\u0301ussie \u2026,&nbsp;Monte le son !,&nbsp;Un petit chien tre\u0300s expressif,&nbsp;Qu\u2019est-ce qui a change\u0301 ?,&nbsp;Seras-tu reconnai\u0302tre &#8230; ?,&nbsp;Les oiseaux unicolores,&nbsp;Images se\u0301quentielles,&nbsp;L\u2019histoire du personnage orange,&nbsp;3, 2, 1 \u2026 Sauter,&nbsp;&nbsp;La cerise&#8230;<\/p>\n","protected":false},"author":2,"featured_media":13562,"comment_status":"open","ping_status":"open","sticky":false,"template":"","format":"standard","meta":{"_kad_post_transparent":"","_kad_post_title":"","_kad_post_layout":"","_kad_post_sidebar_id":"","_kad_post_content_style":"","_kad_post_vertical_padding":"","_kad_post_feature":"","_kad_post_feature_position":"","_kad_post_header":false,"_kad_post_footer":false,"_kad_post_classname":"","footnotes":""},"categories":[8],"tags":[2448,2393,353,1500,1965,354,2449],"class_list":["post-13553","post","type-post","status-publish","format-standard","has-post-thumbnail","hentry","category-formations-adultes","tag-mon-premier-cinema-2024-2025","tag-claire-paoletti","tag-enfances-au-cinema","tag-julien-bisaro","tag-lodyssee-de-choum","tag-mon-premier-cinema","tag-tous-en-fete"],"_links":{"self":[{"href":"https:\/\/lafilledecorinthe.com\/wordpress\/wp-json\/wp\/v2\/posts\/13553","targetHints":{"allow":["GET"]}}],"collection":[{"href":"https:\/\/lafilledecorinthe.com\/wordpress\/wp-json\/wp\/v2\/posts"}],"about":[{"href":"https:\/\/lafilledecorinthe.com\/wordpress\/wp-json\/wp\/v2\/types\/post"}],"author":[{"embeddable":true,"href":"https:\/\/lafilledecorinthe.com\/wordpress\/wp-json\/wp\/v2\/users\/2"}],"replies":[{"embeddable":true,"href":"https:\/\/lafilledecorinthe.com\/wordpress\/wp-json\/wp\/v2\/comments?post=13553"}],"version-history":[{"count":8,"href":"https:\/\/lafilledecorinthe.com\/wordpress\/wp-json\/wp\/v2\/posts\/13553\/revisions"}],"predecessor-version":[{"id":14321,"href":"https:\/\/lafilledecorinthe.com\/wordpress\/wp-json\/wp\/v2\/posts\/13553\/revisions\/14321"}],"wp:featuredmedia":[{"embeddable":true,"href":"https:\/\/lafilledecorinthe.com\/wordpress\/wp-json\/wp\/v2\/media\/13562"}],"wp:attachment":[{"href":"https:\/\/lafilledecorinthe.com\/wordpress\/wp-json\/wp\/v2\/media?parent=13553"}],"wp:term":[{"taxonomy":"category","embeddable":true,"href":"https:\/\/lafilledecorinthe.com\/wordpress\/wp-json\/wp\/v2\/categories?post=13553"},{"taxonomy":"post_tag","embeddable":true,"href":"https:\/\/lafilledecorinthe.com\/wordpress\/wp-json\/wp\/v2\/tags?post=13553"}],"curies":[{"name":"wp","href":"https:\/\/api.w.org\/{rel}","templated":true}]}}