{"id":13468,"date":"2024-11-17T17:31:02","date_gmt":"2024-11-17T16:31:02","guid":{"rendered":"http:\/\/lafilledecorinthe.com\/wordpress\/?p=13468"},"modified":"2025-11-29T15:35:55","modified_gmt":"2025-11-29T14:35:55","slug":"neige-et-les-arbres-magiques-maternelle-au-cinema-92","status":"publish","type":"post","link":"https:\/\/lafilledecorinthe.com\/wordpress\/2024\/11\/neige-et-les-arbres-magiques-maternelle-au-cinema-92\/","title":{"rendered":"\u00ab\u00a0Neige et les arbres magiques\u00a0\u00bb, Maternelle au Cin\u00e9ma 92"},"content":{"rendered":"\n<blockquote class=\"wp-block-quote is-layout-flow wp-block-quote-is-layout-flow\">\n<p><em>\u00ab\u00a0La po\u00e9sie est cette d\u00e9marche qui, par le mot, l&rsquo;image, le mythe, l&rsquo;amour et l&rsquo;humour, m&rsquo;installe au coeur vivant de moi-m\u00eame et du monde. Le po\u00e8te est cet \u00eatre tr\u00e8s vieux et tr\u00e8s jeune, tr\u00e8s complexe et tr\u00e8s simple, qui, aux confins v\u00e9cus du r\u00eave et du r\u00e9el, du jour et de la nuit, entre absence et pr\u00e9sence, cherche et re\u00e7oit dans le d\u00e9clenchement soudain des cataclysmes int\u00e9rieurs le mot de passe de la connivence et de la puissance.\u00a0\u00bb<\/em><br>Aim\u00e9 C\u00e9saire, congr\u00e8s de philosophie, Port-Au-Prince,1944<\/p>\n<\/blockquote>\n\n\n\n<p><em>Neige et les arbres magiques<\/em>, 4 courts m\u00e9trages<br>Mercredi\u00a020 novembre 2024<br>au cin\u00e9ma <em>Le Rex<\/em> de Ch\u00e2tenay-Malabry<br>Mercredi\u00a027 novembre 2024<br>au coll\u00e8ge <em>Mar\u00e9chal Leclerc<\/em> de Puteaux<\/p>\n\n\n\n<p><strong>\u00c0 t\u00e9l\u00e9charger :&nbsp;<\/strong><a href=\"https:\/\/lafilledecorinthe.com\/wordpress\/wp-content\/uploads\/2024\/11\/Pour-aller-plus-loin...-.pdf\">Pour aller plus loin&#8230;<\/a><\/p>\n\n\n\n<figure class=\"wp-block-image\"><a href=\"https:\/\/lafilledecorinthe.com\/wordpress\/wp-content\/uploads\/2024\/11\/Capture-d\u2019e\u0301cran-2024-11-17-a\u0300-16.04.42.png\"><img loading=\"lazy\" decoding=\"async\" width=\"680\" height=\"398\" src=\"https:\/\/lafilledecorinthe.com\/wordpress\/wp-content\/uploads\/2024\/11\/Capture-d\u2019e\u0301cran-2024-11-17-a\u0300-16.04.42-680x398.png\" alt=\"Capture d\u2019e\u0301cran 2024-11-17 a\u0300 16.04.42\" class=\"wp-image-13520\" srcset=\"https:\/\/lafilledecorinthe.com\/wordpress\/wp-content\/uploads\/2024\/11\/Capture-d\u2019e\u0301cran-2024-11-17-a\u0300-16.04.42-680x398.png 680w, https:\/\/lafilledecorinthe.com\/wordpress\/wp-content\/uploads\/2024\/11\/Capture-d\u2019e\u0301cran-2024-11-17-a\u0300-16.04.42-1280x749.png 1280w, https:\/\/lafilledecorinthe.com\/wordpress\/wp-content\/uploads\/2024\/11\/Capture-d\u2019e\u0301cran-2024-11-17-a\u0300-16.04.42-500x293.png 500w, https:\/\/lafilledecorinthe.com\/wordpress\/wp-content\/uploads\/2024\/11\/Capture-d\u2019e\u0301cran-2024-11-17-a\u0300-16.04.42.png 1838w\" sizes=\"auto, (max-width: 680px) 100vw, 680px\" \/><\/a><\/figure>\n\n\n\n<p><\/p>\n\n\n\n<p><strong><em>Neige<\/em> :<\/strong>&nbsp;<a href=\"https:\/\/lafilledecorinthe.com\/wordpress\/wp-content\/uploads\/2024\/11\/D\u2019une-famille-a\u0300-l\u2019autre\u2026-.pdf\">D\u2019une famille a\u0300 l\u2019autre\u2026<\/a>,&nbsp;<a href=\"https:\/\/lafilledecorinthe.com\/wordpress\/wp-content\/uploads\/2024\/11\/D\u2019une-e\u0301motion-a\u0300-l\u2019autre.pdf\">D\u2019une e\u0301motion a\u0300 l\u2019autre<\/a>,&nbsp;<a href=\"https:\/\/lafilledecorinthe.com\/wordpress\/wp-content\/uploads\/2024\/11\/Bouleversement-climatique.pdf\">Bouleversement climatique<\/a>,&nbsp;<a href=\"https:\/\/lafilledecorinthe.com\/wordpress\/wp-content\/uploads\/2024\/11\/Quatre-plans-pour-un-dialogue-.pdf\">Quatre plans pour un dialogue<\/a>,&nbsp;<a href=\"https:\/\/lafilledecorinthe.com\/wordpress\/wp-content\/uploads\/2024\/11\/Les-animaux-et-les-humains-.pdf\">Les animaux et les humains<\/a>,&nbsp;<a href=\"https:\/\/lafilledecorinthe.com\/wordpress\/wp-content\/uploads\/2024\/11\/La-grand-me\u0300re-chamane-.pdf\">La grand-me\u0300re chamane<\/a>,&nbsp;<a href=\"https:\/\/lafilledecorinthe.com\/wordpress\/wp-content\/uploads\/2024\/11\/Les-animaux-des-re\u0301gions-du-Po\u0302le-nord.pdf\">Les animaux des re\u0301gions du Po\u0302le nord<\/a>,&nbsp;<a href=\"https:\/\/lafilledecorinthe.com\/wordpress\/wp-content\/uploads\/2024\/11\/Ope\u0301ration-retrouver-Prune-.pdf\">Ope\u0301ration &#8211; retrouver Prune<\/a>,&nbsp;<a href=\"https:\/\/lafilledecorinthe.com\/wordpress\/wp-content\/uploads\/2024\/11\/D\u2019ou\u0300-voit-on-l\u2019ours-.pdf\">D\u2019ou\u0300 voit-on l\u2019ours ?<\/a>,&nbsp;<a href=\"https:\/\/lafilledecorinthe.com\/wordpress\/wp-content\/uploads\/2024\/11\/Jeu-de-regards-.pdf\">Jeu de regards<\/a>,&nbsp;<a href=\"https:\/\/lafilledecorinthe.com\/wordpress\/wp-content\/uploads\/2024\/11\/Champ-contrechamp-.pdf\">Champ-contrechamp<\/a><\/p>\n\n\n\n<p>Dessins de&nbsp;Luke Anguhadluk (1895-1982), <a href=\"https:\/\/katilvik.com\/\" target=\"_blank\" rel=\"noopener\">artiste inuit<\/a>. Ils repr\u00e9sentent des danses \u00e0 tambour (qilaat) et des chants de gorge ( katajjaq ).<\/p>\n\n\n\n<figure class=\"wp-block-image\"><a href=\"https:\/\/lafilledecorinthe.com\/wordpress\/wp-content\/uploads\/2024\/11\/Capture-d\u2019e\u0301cran-2024-11-15-a\u0300-13.55.12.png\"><img loading=\"lazy\" decoding=\"async\" width=\"680\" height=\"232\" src=\"https:\/\/lafilledecorinthe.com\/wordpress\/wp-content\/uploads\/2024\/11\/Capture-d\u2019e\u0301cran-2024-11-15-a\u0300-13.55.12-680x232.png\" alt=\"Capture d\u2019e\u0301cran 2024-11-15 a\u0300 13.55.12\" class=\"wp-image-13507\" srcset=\"https:\/\/lafilledecorinthe.com\/wordpress\/wp-content\/uploads\/2024\/11\/Capture-d\u2019e\u0301cran-2024-11-15-a\u0300-13.55.12-680x232.png 680w, https:\/\/lafilledecorinthe.com\/wordpress\/wp-content\/uploads\/2024\/11\/Capture-d\u2019e\u0301cran-2024-11-15-a\u0300-13.55.12-1280x437.png 1280w, https:\/\/lafilledecorinthe.com\/wordpress\/wp-content\/uploads\/2024\/11\/Capture-d\u2019e\u0301cran-2024-11-15-a\u0300-13.55.12-500x171.png 500w\" sizes=\"auto, (max-width: 680px) 100vw, 680px\" \/><\/a><\/figure>\n\n\n\n<p><\/p>\n\n\n\n<p>Dessin pr\u00e9sent dans l&rsquo;exposition <a href=\"https:\/\/www.rom.on.ca\/fr\/expositions-et-galeries\/expositions\/tusarnitut-tusarnitut-la-musique-qui-vient-du-froid#:~:text=L'exposition%20TUSARNITUT%20!,et%20le%20chant%20de%20gorge.\" target=\"_blank\" rel=\"noopener\"><em>Tusarnitut ! La musique qui vient du froid<\/em><\/a>.<\/p>\n\n\n\n<figure class=\"wp-block-image\"><a href=\"https:\/\/lafilledecorinthe.com\/wordpress\/wp-content\/uploads\/2024\/11\/dessin-pre\u0301sent-dans-lexposition-Tusarnitut-La-musique-qui-vient-du-froid.jpg\"><img loading=\"lazy\" decoding=\"async\" width=\"680\" height=\"382\" src=\"https:\/\/lafilledecorinthe.com\/wordpress\/wp-content\/uploads\/2024\/11\/dessin-pre\u0301sent-dans-lexposition-Tusarnitut-La-musique-qui-vient-du-froid-680x382.jpg\" alt=\"dessin pre\u0301sent dans l'exposition Tusarnitut ! La musique qui vient du froid\" class=\"wp-image-13509\" srcset=\"https:\/\/lafilledecorinthe.com\/wordpress\/wp-content\/uploads\/2024\/11\/dessin-pre\u0301sent-dans-lexposition-Tusarnitut-La-musique-qui-vient-du-froid-680x382.jpg 680w, https:\/\/lafilledecorinthe.com\/wordpress\/wp-content\/uploads\/2024\/11\/dessin-pre\u0301sent-dans-lexposition-Tusarnitut-La-musique-qui-vient-du-froid-500x281.jpg 500w, https:\/\/lafilledecorinthe.com\/wordpress\/wp-content\/uploads\/2024\/11\/dessin-pre\u0301sent-dans-lexposition-Tusarnitut-La-musique-qui-vient-du-froid.jpg 774w\" sizes=\"auto, (max-width: 680px) 100vw, 680px\" \/><\/a><\/figure>\n\n\n\n<p><\/p>\n\n\n\n<p>Il vient de sortir, c&rsquo;est une petite merveille !<\/p>\n\n\n\n<figure class=\"wp-block-image alignnone\"><a href=\"https:\/\/lafilledecorinthe.com\/wordpress\/wp-content\/uploads\/2024\/11\/album.png\"><img loading=\"lazy\" decoding=\"async\" width=\"680\" height=\"265\" src=\"https:\/\/lafilledecorinthe.com\/wordpress\/wp-content\/uploads\/2024\/11\/album-680x265.png\" alt=\"album\" class=\"wp-image-13513\" srcset=\"https:\/\/lafilledecorinthe.com\/wordpress\/wp-content\/uploads\/2024\/11\/album-680x265.png 680w, https:\/\/lafilledecorinthe.com\/wordpress\/wp-content\/uploads\/2024\/11\/album-1280x499.png 1280w, https:\/\/lafilledecorinthe.com\/wordpress\/wp-content\/uploads\/2024\/11\/album-500x195.png 500w, https:\/\/lafilledecorinthe.com\/wordpress\/wp-content\/uploads\/2024\/11\/album.png 1922w\" sizes=\"auto, (max-width: 680px) 100vw, 680px\" \/><\/a><figcaption class=\"wp-element-caption\">Origine, Nat Cardozo, Rue du monde, 8 novembre 2024<\/figcaption><\/figure>\n\n\n\n<p><a href=\"https:\/\/lafilledecorinthe.com\/wordpress\/wp-content\/uploads\/2024\/11\/Famille-inuite.pages\">Famille inuite<\/a>,&nbsp;<a href=\"https:\/\/lafilledecorinthe.com\/wordpress\/wp-content\/uploads\/2024\/11\/Nanouk-l\u2019Esquimau.pages\">Nanouk l\u2019Esquimau<\/a>,&nbsp;<a href=\"https:\/\/lafilledecorinthe.com\/wordpress\/wp-content\/uploads\/2024\/11\/Logement-inuit.pages\">Logement inuit<\/a><\/p>\n\n\n\n<p><strong><em>Tigres \u00e0 la queue leu leu<\/em> :\u00a0<\/strong><a href=\"https:\/\/lafilledecorinthe.com\/wordpress\/wp-content\/uploads\/2024\/11\/Chanson-.pdf\">Chanson<\/a>,<strong>\u00a0<\/strong><a href=\"https:\/\/lafilledecorinthe.com\/wordpress\/wp-content\/uploads\/2024\/11\/L\u2019e\u0301chelle-des-plans.pdf\">L\u2019e\u0301chelle des plans<\/a><\/p>\n\n\n\n<p><strong><em>La Petite Pousse<\/em> :&nbsp;<\/strong><a href=\"https:\/\/lafilledecorinthe.com\/wordpress\/wp-content\/uploads\/2024\/11\/Sable-anime\u0301-et-peinture-anime\u0301e-au-banc-titre.pdf\">Sable anime\u0301 et peinture anime\u0301e au banc-titre<\/a>,<a href=\"https:\/\/lafilledecorinthe.com\/wordpress\/wp-content\/uploads\/2024\/11\/Des-choses-qui-se-re\u0301pe\u0300tent-.pdf\">Des choses qui se re\u0301pe\u0300tent<\/a>,&nbsp;<a href=\"https:\/\/lafilledecorinthe.com\/wordpress\/wp-content\/uploads\/2024\/11\/Du-plan-objectif-au-plan-subjectif-1.pdf\">Du plan objectif au plan subjectif<\/a>,&nbsp;<a href=\"https:\/\/lafilledecorinthe.com\/wordpress\/wp-content\/uploads\/2024\/11\/Les-angles-de-prise-de-vue-.pdf\">Les angles de prise de vue<\/a>,<a href=\"https:\/\/lafilledecorinthe.com\/wordpress\/wp-content\/uploads\/2024\/11\/Qui-aide-la-petite-fille-a\u0300-replanter-les-pre\u0301s-.pdf\">Qui aide la petite fille a\u0300 replanter les pre\u0301s ?<\/a>,&nbsp;<a href=\"https:\/\/lafilledecorinthe.com\/wordpress\/wp-content\/uploads\/2024\/11\/Imagine-des-motifs-pour-cette-robe.-.pdf\">Imagine des motifs pour cette robe<\/a><\/p>\n\n\n\n<p><em>Jacadi<\/em>&nbsp;r\u00e9alis\u00e9 par&nbsp;Cha\u00eftane Conversat lors de ses \u00e9tudes \u00e0 la Poudri\u00e8re en 2001<\/p>\n\n\n\n<p><iframe loading=\"lazy\" title=\"YouTube video player\" src=\"https:\/\/www.youtube.com\/embed\/3VjnEOigMHg?si=1qNlhogOkvWWl1Sa\" width=\"560\" height=\"315\" frameborder=\"0\" allowfullscreen=\"allowfullscreen\"><\/iframe><\/p>\n\n\n\n<p><strong><em>One, two, tree<\/em> :<\/strong>&nbsp;<a href=\"https:\/\/lafilledecorinthe.com\/wordpress\/wp-content\/uploads\/2024\/11\/123456-\u2026.-.pdf\">1,2,3,4,5,6 \u2026.<\/a>,&nbsp;<a href=\"https:\/\/lafilledecorinthe.com\/wordpress\/wp-content\/uploads\/2024\/11\/Que-ressent-il-.pdf\">Que ressent-il ?<\/a>,&nbsp;<a href=\"https:\/\/lafilledecorinthe.com\/wordpress\/wp-content\/uploads\/2024\/11\/Ei-si-la-fin-du-film-e\u0301tait-le-de\u0301but-d\u2019une-autre-histoire-.pdf\">Ei si la fin du film e\u0301tait le de\u0301but d\u2019une autre histoire ?<\/a><\/p>\n\n\n\n<p>Mon premier coup de coeur du travail de <a title=\"Yulia Aronova, artiste et r\u00e9alisatrice\" href=\"https:\/\/lafilledecorinthe.com\/wordpress\/2017\/02\/yulia-aronova-artiste-et-realisatrice\/\">Yulia Aronova<\/a> !<\/p>\n\n\n\n<figure class=\"wp-block-embed is-type-video is-provider-vimeo wp-block-embed-vimeo wp-embed-aspect-16-9 wp-has-aspect-ratio\"><div class=\"wp-block-embed__wrapper\">\n<iframe loading=\"lazy\" title=\"[Bande Annonce] Festival Image par Image - 17\u00e8me Edition\" src=\"https:\/\/player.vimeo.com\/video\/198696360?dnt=1&amp;app_id=122963\" width=\"720\" height=\"405\" frameborder=\"0\" allow=\"autoplay; fullscreen; picture-in-picture; clipboard-write; encrypted-media; web-share\" referrerpolicy=\"strict-origin-when-cross-origin\"><\/iframe>\n<\/div><\/figure>\n","protected":false},"excerpt":{"rendered":"<p>\u00ab\u00a0La po\u00e9sie est cette d\u00e9marche qui, par le mot, l&rsquo;image, le mythe, l&rsquo;amour et l&rsquo;humour, m&rsquo;installe au coeur vivant de moi-m\u00eame et du monde. Le po\u00e8te est cet \u00eatre tr\u00e8s vieux et tr\u00e8s jeune, tr\u00e8s complexe et tr\u00e8s simple, qui, aux confins v\u00e9cus du r\u00eave et du r\u00e9el, du jour et de la nuit, entre&#8230;<\/p>\n","protected":false},"author":2,"featured_media":13503,"comment_status":"open","ping_status":"open","sticky":false,"template":"","format":"standard","meta":{"_kad_post_transparent":"","_kad_post_title":"","_kad_post_layout":"","_kad_post_sidebar_id":"","_kad_post_content_style":"","_kad_post_vertical_padding":"","_kad_post_feature":"","_kad_post_feature_position":"","_kad_post_header":false,"_kad_post_footer":false,"_kad_post_classname":"","footnotes":""},"categories":[8],"tags":[2231,2446,2445,991,1453,1436,2447,1438,1437,1434],"class_list":["post-13468","post","type-post","status-publish","format-standard","has-post-thumbnail","hentry","category-formations-adultes","tag-maternelle-au-cinema-92","tag-la-petite-pousse","tag-luke-anguhadluk","tag-neige","tag-neige-et-les-arbres-magiques","tag-one","tag-tigres-a-la-queue-leu-leu","tag-tree","tag-two","tag-yulia-aronova"],"_links":{"self":[{"href":"https:\/\/lafilledecorinthe.com\/wordpress\/wp-json\/wp\/v2\/posts\/13468","targetHints":{"allow":["GET"]}}],"collection":[{"href":"https:\/\/lafilledecorinthe.com\/wordpress\/wp-json\/wp\/v2\/posts"}],"about":[{"href":"https:\/\/lafilledecorinthe.com\/wordpress\/wp-json\/wp\/v2\/types\/post"}],"author":[{"embeddable":true,"href":"https:\/\/lafilledecorinthe.com\/wordpress\/wp-json\/wp\/v2\/users\/2"}],"replies":[{"embeddable":true,"href":"https:\/\/lafilledecorinthe.com\/wordpress\/wp-json\/wp\/v2\/comments?post=13468"}],"version-history":[{"count":19,"href":"https:\/\/lafilledecorinthe.com\/wordpress\/wp-json\/wp\/v2\/posts\/13468\/revisions"}],"predecessor-version":[{"id":14322,"href":"https:\/\/lafilledecorinthe.com\/wordpress\/wp-json\/wp\/v2\/posts\/13468\/revisions\/14322"}],"wp:featuredmedia":[{"embeddable":true,"href":"https:\/\/lafilledecorinthe.com\/wordpress\/wp-json\/wp\/v2\/media\/13503"}],"wp:attachment":[{"href":"https:\/\/lafilledecorinthe.com\/wordpress\/wp-json\/wp\/v2\/media?parent=13468"}],"wp:term":[{"taxonomy":"category","embeddable":true,"href":"https:\/\/lafilledecorinthe.com\/wordpress\/wp-json\/wp\/v2\/categories?post=13468"},{"taxonomy":"post_tag","embeddable":true,"href":"https:\/\/lafilledecorinthe.com\/wordpress\/wp-json\/wp\/v2\/tags?post=13468"}],"curies":[{"name":"wp","href":"https:\/\/api.w.org\/{rel}","templated":true}]}}