{"id":13465,"date":"2024-11-12T15:43:14","date_gmt":"2024-11-12T14:43:14","guid":{"rendered":"http:\/\/lafilledecorinthe.com\/wordpress\/?p=13465"},"modified":"2025-11-29T21:43:50","modified_gmt":"2025-11-29T20:43:50","slug":"calamity-ecole-et-cinema-93-et-92","status":"publish","type":"post","link":"https:\/\/lafilledecorinthe.com\/wordpress\/2024\/11\/calamity-ecole-et-cinema-93-et-92\/","title":{"rendered":"\u00ab\u00a0Calamity\u00a0\u00bb, \u00c9cole et Cin\u00e9ma 93 et 92"},"content":{"rendered":"\n<blockquote class=\"wp-block-quote is-layout-flow wp-block-quote-is-layout-flow\">\n<p><em>\u00ab\u00a0Le but \u00e9tait de partir du personnage de la vraie Calamity qui a invent\u00e9 sa propre vie et fait l&rsquo;objet de tout un tas de mensonges &#8211; tant de la part de sa soeur que de journalistes qui ont fait d&rsquo;elle de son vivant un personnage de roman &#8211; et de s&rsquo;inscrire dans cette<\/em> tradition.\u00a0\u00bb<br><em>Je ne voulais pas faire un western<\/em>, entretien avec R\u00e9mi Chay\u00e9, Blink Blank, n\u00b0 2, 2020<\/p>\n<\/blockquote>\n\n\n\n<blockquote class=\"wp-block-quote is-layout-flow wp-block-quote-is-layout-flow\">\n<p>\u00ab\u00a0<em>Je suis ce que je suis, je serais ce que je veux.<\/em>\u00ab\u00a0<br>Buffalo Belle, Olivier Douzou, Rouergue, 2016<\/p>\n<\/blockquote>\n\n\n\n<p><strong>Projection-conf\u00e9rence :<\/strong><br><em>Calamity, une enfance de Martha Jane Cannary, <\/em>R\u00e9mi Chay\u00e9, 2020<br><em>L&rsquo;espace des arts<\/em> aux Pavillons-sous-bois<br>Mercredi 13 novembre 2024<br><em>L&rsquo;\u00e9cran<\/em>&nbsp;de Saint-Denis<br>Mercredi&nbsp;4 d\u00e9cembre 2024<br><em>Le Bijou<\/em>&nbsp;de Noisy-le-Grand<br>Mercredi 11 d\u00e9cembre 2024<br><em>Le&nbsp;Jacques Tati&nbsp;de<\/em>&nbsp;Tremblay-en-France<br>Mercredi 8 janvier 2025<\/p>\n\n\n\n<p>Cin\u00e9ma <em>Le Rex<\/em> de Ch\u00e2tenay-Malabry<br>Samedi 7 d\u00e9cembre 2024<br>Cin\u00e9ma&nbsp;<em>Jean Vigo<\/em> de Gennevilliers<br> Samedi 14 d\u00e9cembre 2024<br>Co-animation avec Marc Laugenie (conseiller p\u00e9dagogique en musique)<\/p>\n\n\n\n<p><strong>Documents \u00e0 t\u00e9l\u00e9charger&nbsp; :&nbsp;<\/strong><a href=\"https:\/\/lafilledecorinthe.com\/wordpress\/wp-content\/uploads\/2024\/11\/Pour-aller-plus-loin-.pdf\">Pour aller plus loin<\/a>,&nbsp;<a href=\"https:\/\/lafilledecorinthe.com\/wordpress\/wp-content\/uploads\/2024\/11\/Notice-d\u2019accompagnement-pour-utiliser-en-classe-les-extraits.pdf\">Notice d\u2019accompagnement pour utiliser en classe les extraits<\/a>,&nbsp;<a href=\"https:\/\/lafilledecorinthe.com\/wordpress\/wp-content\/uploads\/2024\/11\/Fiche-ressource-musique1.pdf\">Fiche ressource musique<\/a>,&nbsp;<a href=\"https:\/\/lafilledecorinthe.com\/wordpress\/wp-content\/uploads\/2024\/11\/Du-re\u0301el-a\u0300-la-fiction-les-convois-de-pionniers-.pdf\">Du re\u0301el a\u0300 la fiction, les convois de pionniers<\/a>,&nbsp;<a href=\"https:\/\/lafilledecorinthe.com\/wordpress\/wp-content\/uploads\/2024\/11\/Du-re\u0301el-a\u0300-la-fiction-la-rue\u0301e-vers-l\u2019or-les-camps-militaires-.pdf\">Du re\u0301el a\u0300 la fiction, la rue\u0301e vers l\u2019or, les camps militaires<\/a>,&nbsp;<a href=\"https:\/\/lafilledecorinthe.com\/wordpress\/wp-content\/uploads\/2024\/11\/Du-re\u0301el-a\u0300-la-fiction-Martha-Jane-Cannary-2.pdf\">Du re\u0301el a\u0300 la fiction, Martha Jane Cannary<\/a>,&nbsp;<a href=\"https:\/\/lafilledecorinthe.com\/wordpress\/wp-content\/uploads\/2024\/11\/Du-plan-objectif-au-plan-subjectif-.pdf\">Du plan objectif au plan subjectif<\/a>,<a href=\"https:\/\/lafilledecorinthe.com\/wordpress\/wp-content\/uploads\/2024\/11\/Lextrait-du-roman-.pdf\">L&rsquo;extrait du roman<\/a>,&nbsp;<a href=\"https:\/\/lafilledecorinthe.com\/wordpress\/wp-content\/uploads\/2024\/11\/L\u2019art-du-baratin-.pdf\">L\u2019art du baratin<\/a>,&nbsp;<a href=\"https:\/\/lafilledecorinthe.com\/wordpress\/wp-content\/uploads\/2024\/11\/L\u2019art-du-de\u0301guisement-.pdf\">L\u2019art du de\u0301guisement<\/a>,&nbsp;<a href=\"https:\/\/lafilledecorinthe.com\/wordpress\/wp-content\/uploads\/2024\/11\/Lexique-du-montage-Cafe\u0301-des-images.pdf\">Lexique du montage, Cafe\u0301 des images<\/a>,&nbsp;<a href=\"https:\/\/lafilledecorinthe.com\/wordpress\/wp-content\/uploads\/2024\/11\/CALAMITY-exposition-numerique.pdf\">CALAMITY-exposition-numerique<\/a>,&nbsp;<a href=\"https:\/\/lafilledecorinthe.com\/wordpress\/wp-content\/uploads\/2024\/11\/Calamity-sce\u0301nario.pdf\">Calamity sce\u0301nario<\/a><\/p>\n\n\n\n<p>Mieux conna\u00eetre le r\u00e9alisateur du film, R\u00e9mi Chay\u00e9. Son t\u00e9moignage est une ode au travail collectif.<\/p>\n\n\n\n<p><iframe loading=\"lazy\" title=\"YouTube video player\" src=\"https:\/\/www.youtube.com\/embed\/Yv89uwzAG4A?si=Dml-2TAAXF0VCMBb\" width=\"560\" height=\"315\" frameborder=\"0\" allowfullscreen=\"allowfullscreen\"><\/iframe><\/p>\n\n\n\n<p>Un entretien passionnant avec le bruiteur du film, Gr\u00e9gory Vincent.<\/p>\n\n\n\n<p><iframe loading=\"lazy\" title=\"YouTube video player\" src=\"https:\/\/www.youtube.com\/embed\/-HXWcYR_928?si=ijbhfWYB4A5KNk-d\" width=\"560\" height=\"315\" frameborder=\"0\" allowfullscreen=\"allowfullscreen\"><\/iframe><\/p>\n\n\n\n<figure class=\"wp-block-image alignnone\"><a href=\"https:\/\/lafilledecorinthe.com\/wordpress\/wp-content\/uploads\/2024\/11\/Capture-d\u2019e\u0301cran-2024-11-10-a\u0300-18.23.08.png\"><img loading=\"lazy\" decoding=\"async\" width=\"1280\" height=\"502\" src=\"https:\/\/lafilledecorinthe.com\/wordpress\/wp-content\/uploads\/2024\/11\/Capture-d\u2019e\u0301cran-2024-11-10-a\u0300-18.23.08-1280x502.png\" alt=\"Capture d\u2019e\u0301cran 2024-11-10 a\u0300 18.23.08\" class=\"wp-image-13487\" srcset=\"https:\/\/lafilledecorinthe.com\/wordpress\/wp-content\/uploads\/2024\/11\/Capture-d\u2019e\u0301cran-2024-11-10-a\u0300-18.23.08-1280x502.png 1280w, https:\/\/lafilledecorinthe.com\/wordpress\/wp-content\/uploads\/2024\/11\/Capture-d\u2019e\u0301cran-2024-11-10-a\u0300-18.23.08-680x267.png 680w, https:\/\/lafilledecorinthe.com\/wordpress\/wp-content\/uploads\/2024\/11\/Capture-d\u2019e\u0301cran-2024-11-10-a\u0300-18.23.08-500x196.png 500w, https:\/\/lafilledecorinthe.com\/wordpress\/wp-content\/uploads\/2024\/11\/Capture-d\u2019e\u0301cran-2024-11-10-a\u0300-18.23.08.png 1912w\" sizes=\"auto, (max-width: 1280px) 100vw, 1280px\" \/><\/a><figcaption class=\"wp-element-caption\">Deux peintures d&rsquo;Edgar Payne (1883-1947)<\/figcaption><\/figure>\n\n\n\n<figure class=\"wp-block-image alignnone\"><a href=\"https:\/\/lafilledecorinthe.com\/wordpress\/wp-content\/uploads\/2024\/11\/Capture-d\u2019e\u0301cran-2024-11-10-a\u0300-18.26.17.png\"><img loading=\"lazy\" decoding=\"async\" width=\"1280\" height=\"504\" src=\"https:\/\/lafilledecorinthe.com\/wordpress\/wp-content\/uploads\/2024\/11\/Capture-d\u2019e\u0301cran-2024-11-10-a\u0300-18.26.17-1280x504.png\" alt=\"Capture d\u2019e\u0301cran 2024-11-10 a\u0300 18.26.17\" class=\"wp-image-13488\" srcset=\"https:\/\/lafilledecorinthe.com\/wordpress\/wp-content\/uploads\/2024\/11\/Capture-d\u2019e\u0301cran-2024-11-10-a\u0300-18.26.17-1280x504.png 1280w, https:\/\/lafilledecorinthe.com\/wordpress\/wp-content\/uploads\/2024\/11\/Capture-d\u2019e\u0301cran-2024-11-10-a\u0300-18.26.17-680x268.png 680w, https:\/\/lafilledecorinthe.com\/wordpress\/wp-content\/uploads\/2024\/11\/Capture-d\u2019e\u0301cran-2024-11-10-a\u0300-18.26.17-500x197.png 500w, https:\/\/lafilledecorinthe.com\/wordpress\/wp-content\/uploads\/2024\/11\/Capture-d\u2019e\u0301cran-2024-11-10-a\u0300-18.26.17.png 1904w\" sizes=\"auto, (max-width: 1280px) 100vw, 1280px\" \/><\/a><figcaption class=\"wp-element-caption\">Deux peintures de Frank Tenney Johnson (1874-1939)<\/figcaption><\/figure>\n\n\n\n<p>Ecoutez le podcast de France Inter, <a href=\"https:\/\/www.radiofrance.fr\/franceinter\/podcasts\/l-amerique-pour-les-kids\/la-conquete-de-l-ouest-ou-les-premiers-pas-d-un-grand-pays-4960014\" target=\"_blank\" rel=\"noopener\"><em>La conqu\u00eate de l&rsquo;Ouest ou les premiers pas d&rsquo;un grand pays<\/em><\/a>,&nbsp;<em>L&rsquo;Am\u00e9rique pour les Kids<\/em>.<\/p>\n\n\n\n<figure class=\"wp-block-image alignnone\"><a href=\"https:\/\/lafilledecorinthe.com\/wordpress\/wp-content\/uploads\/2024\/11\/capture-de\u0301cran.png\"><img loading=\"lazy\" decoding=\"async\" width=\"1096\" height=\"606\" src=\"https:\/\/lafilledecorinthe.com\/wordpress\/wp-content\/uploads\/2024\/11\/capture-de\u0301cran.png\" alt=\"capture d'e\u0301cran\" class=\"wp-image-13492\" srcset=\"https:\/\/lafilledecorinthe.com\/wordpress\/wp-content\/uploads\/2024\/11\/capture-de\u0301cran.png 1096w, https:\/\/lafilledecorinthe.com\/wordpress\/wp-content\/uploads\/2024\/11\/capture-de\u0301cran-680x376.png 680w, https:\/\/lafilledecorinthe.com\/wordpress\/wp-content\/uploads\/2024\/11\/capture-de\u0301cran-500x276.png 500w\" sizes=\"auto, (max-width: 1096px) 100vw, 1096px\" \/><\/a><figcaption class=\"wp-element-caption\">Val\u00e9rie Canti\u00e9, France Inter, 2020<\/figcaption><\/figure>\n\n\n\n<p><em>Pour moi, un vrai mec, une vraie nana, c&rsquo;est &#8230;&nbsp;<\/em>Le podcast du magazine Okapi qui donne la parole aux adolescents.<\/p>\n\n\n\n<p><iframe loading=\"lazy\" title=\"YouTube video player\" src=\"https:\/\/www.youtube.com\/embed\/AAnCNTA50VM?si=FPq75YGcdbGWcbsa\" width=\"560\" height=\"315\" frameborder=\"0\" allowfullscreen=\"allowfullscreen\"><\/iframe><\/p>\n\n\n\n<p>Merci \u00e0 la coll\u00e8gue du 93 qui nous a signal\u00e9 cette publicit\u00e9. Quand est-ce que faire les choses \u00ab comme une fille \u00bb est devenu une insulte ?<\/p>\n\n\n\n<figure class=\"wp-block-embed is-type-video is-provider-youtube wp-block-embed-youtube wp-embed-aspect-16-9 wp-has-aspect-ratio\"><div class=\"wp-block-embed__wrapper\">\n<iframe loading=\"lazy\" title=\"Always-Comme Une Fille (2014) \/\/ Publicit\u00e9 (VOSTF)\" width=\"720\" height=\"405\" src=\"https:\/\/www.youtube.com\/embed\/n-tCG09eoT8?feature=oembed\" frameborder=\"0\" allow=\"accelerometer; autoplay; clipboard-write; encrypted-media; gyroscope; picture-in-picture; web-share\" referrerpolicy=\"strict-origin-when-cross-origin\" allowfullscreen><\/iframe>\n<\/div><\/figure>\n\n\n\n<p>Et cerise sur le g\u00e2teau ! Laurent Pierronnet du Cin\u00e9ma Jacques Tati de Tremblay-en France partage sur le site youtube du cin\u00e9ma\u00a0des entretiens passionnants avec le r\u00e9alisateur <a href=\"https:\/\/www.youtube.com\/watch?v=XVqnUOQmQY8&amp;list=PL7_IQQig5U9BWCP-KVnnuj1GGv7cey9Ei&amp;index=1&amp;t=7s\" target=\"_blank\" rel=\"noopener\">R\u00e9mi Chay\u00e9 <\/a>et la compositrice <a href=\"https:\/\/www.youtube.com\/watch?v=6isGxk_3Hro&amp;t=7s\" target=\"_blank\" rel=\"noopener\">Florencia di Concilio<\/a>.<\/p>\n\n\n\n<figure class=\"wp-block-image\"><a href=\"https:\/\/lafilledecorinthe.com\/wordpress\/wp-content\/uploads\/2024\/11\/Laurent.png\"><img loading=\"lazy\" decoding=\"async\" width=\"680\" height=\"386\" src=\"https:\/\/lafilledecorinthe.com\/wordpress\/wp-content\/uploads\/2024\/11\/Laurent-680x386.png\" alt=\"Laurent\" class=\"wp-image-13660\" srcset=\"https:\/\/lafilledecorinthe.com\/wordpress\/wp-content\/uploads\/2024\/11\/Laurent-680x386.png 680w, https:\/\/lafilledecorinthe.com\/wordpress\/wp-content\/uploads\/2024\/11\/Laurent-500x284.png 500w, https:\/\/lafilledecorinthe.com\/wordpress\/wp-content\/uploads\/2024\/11\/Laurent.png 804w\" sizes=\"auto, (max-width: 680px) 100vw, 680px\" \/><\/a><\/figure>\n\n\n\n<p><\/p>\n","protected":false},"excerpt":{"rendered":"<p>\u00ab\u00a0Le but \u00e9tait de partir du personnage de la vraie Calamity qui a invent\u00e9 sa propre vie et fait l&rsquo;objet de tout un tas de mensonges &#8211; tant de la part de sa soeur que de journalistes qui ont fait d&rsquo;elle de son vivant un personnage de roman &#8211; et de s&rsquo;inscrire dans cette tradition.\u00a0\u00bbJe&#8230;<\/p>\n","protected":false},"author":2,"featured_media":13469,"comment_status":"open","ping_status":"open","sticky":false,"template":"","format":"standard","meta":{"_kad_post_transparent":"","_kad_post_title":"","_kad_post_layout":"","_kad_post_sidebar_id":"","_kad_post_content_style":"","_kad_post_vertical_padding":"","_kad_post_feature":"","_kad_post_feature_position":"","_kad_post_header":false,"_kad_post_footer":false,"_kad_post_classname":"","footnotes":""},"categories":[8],"tags":[2440,1554,2443,2457,2444,2442,2458,658,1531,2441],"class_list":["post-13465","post","type-post","status-publish","format-standard","has-post-thumbnail","hentry","category-formations-adultes","tag-calamity","tag-cinemas93","tag-edgar-payne","tag-florencia-di-concilio","tag-frank-tenney-johnson","tag-gregory-vincent","tag-laurent-pierronnet","tag-marc-laugenie","tag-remi-chaye","tag-une-enfance-de-martha-jane-cannary"],"_links":{"self":[{"href":"https:\/\/lafilledecorinthe.com\/wordpress\/wp-json\/wp\/v2\/posts\/13465","targetHints":{"allow":["GET"]}}],"collection":[{"href":"https:\/\/lafilledecorinthe.com\/wordpress\/wp-json\/wp\/v2\/posts"}],"about":[{"href":"https:\/\/lafilledecorinthe.com\/wordpress\/wp-json\/wp\/v2\/types\/post"}],"author":[{"embeddable":true,"href":"https:\/\/lafilledecorinthe.com\/wordpress\/wp-json\/wp\/v2\/users\/2"}],"replies":[{"embeddable":true,"href":"https:\/\/lafilledecorinthe.com\/wordpress\/wp-json\/wp\/v2\/comments?post=13465"}],"version-history":[{"count":32,"href":"https:\/\/lafilledecorinthe.com\/wordpress\/wp-json\/wp\/v2\/posts\/13465\/revisions"}],"predecessor-version":[{"id":14327,"href":"https:\/\/lafilledecorinthe.com\/wordpress\/wp-json\/wp\/v2\/posts\/13465\/revisions\/14327"}],"wp:featuredmedia":[{"embeddable":true,"href":"https:\/\/lafilledecorinthe.com\/wordpress\/wp-json\/wp\/v2\/media\/13469"}],"wp:attachment":[{"href":"https:\/\/lafilledecorinthe.com\/wordpress\/wp-json\/wp\/v2\/media?parent=13465"}],"wp:term":[{"taxonomy":"category","embeddable":true,"href":"https:\/\/lafilledecorinthe.com\/wordpress\/wp-json\/wp\/v2\/categories?post=13465"},{"taxonomy":"post_tag","embeddable":true,"href":"https:\/\/lafilledecorinthe.com\/wordpress\/wp-json\/wp\/v2\/tags?post=13465"}],"curies":[{"name":"wp","href":"https:\/\/api.w.org\/{rel}","templated":true}]}}