{"id":13424,"date":"2024-11-05T21:01:03","date_gmt":"2024-11-05T20:01:03","guid":{"rendered":"http:\/\/lafilledecorinthe.com\/wordpress\/?p=13424"},"modified":"2025-11-29T21:45:51","modified_gmt":"2025-11-29T20:45:51","slug":"ma-premiere-seance-2024-2025","status":"publish","type":"post","link":"https:\/\/lafilledecorinthe.com\/wordpress\/2024\/11\/ma-premiere-seance-2024-2025\/","title":{"rendered":"\u00ab\u00a0Ma Premi\u00e8re S\u00e9ance\u00a0\u00bb 2024-2025"},"content":{"rendered":"\n<p><strong>Projection-conf\u00e9rence :<\/strong><br>Cin\u00e9ma\u00a0<em>Le M\u00e9li\u00e8s<\/em>\u00a0\u00e0 Montreuil<br>Avec la complicit\u00e9 de\u00a0<a href=\"https:\/\/www.cinemas93.org\/page\/ma-premiere-seance-programme-20232024\" target=\"_blank\" rel=\"noopener\"><em>Cin\u00e9mas 93<\/em><\/a><br>Mercredi\u00a06 novembre 2024<\/p>\n\n\n\n<p><strong>Documents \u00e0 t\u00e9l\u00e9charger :&nbsp;<\/strong><a href=\"https:\/\/lafilledecorinthe.com\/wordpress\/wp-content\/uploads\/2024\/11\/Bibliosito-%22Un-voyage-en-bonne-compagnie%22-2.pdf\">Biblio:sito Un voyage en bonne compagnie<\/a>,&nbsp;<a href=\"https:\/\/lafilledecorinthe.com\/wordpress\/wp-content\/uploads\/2024\/11\/Le-de\u0301roulement-du-re\u0301cit-.pdf\">Le de\u0301roulement du re\u0301cit<\/a>,&nbsp;<a href=\"https:\/\/lafilledecorinthe.com\/wordpress\/wp-content\/uploads\/2024\/11\/L\u2019e\u0301chelle-des-plans-d\u2019Anna-.pdf\">L\u2019e\u0301chelle des plans d\u2019Anna<\/a>,<a title=\"\u00ab&nbsp;Maternelle au Cin\u00e9ma&nbsp;\u00bb \u00e0 Castres 81\" href=\"https:\/\/lafilledecorinthe.com\/wordpress\/2023\/12\/maternelle-au-cinema-a-castres-81\/\"> ici<\/a>,&nbsp;<a title=\"\u00ab&nbsp;Mon Premier Cin\u00e9ma&nbsp;\u00bb 2020-2021\" href=\"https:\/\/lafilledecorinthe.com\/wordpress\/2020\/12\/mon-premier-cinema-2020-2021\/\">l\u00e0<\/a>,&nbsp;<a title=\"Stage \u00ab&nbsp;Ecole et Cin\u00e9ma Maternelle 92\u2033\" href=\"https:\/\/lafilledecorinthe.com\/wordpress\/2020\/01\/la-petite-fabrique-du-monde-ecole-et-cinema-maternelle-92\/\">l\u00e0<\/a>&nbsp;et encore <a title=\"\u00ab&nbsp;La Petite Fabrique du Monde&nbsp;\u00bb Maternelle au Cin\u00e9ma 76\" href=\"https:\/\/lafilledecorinthe.com\/wordpress\/2024\/02\/la-petite-fabrique-du-monde-maternelle-au-cinema-76\/\">l\u00e0<\/a> !<\/p>\n\n\n<div class=\"wp-block-image\">\n<figure class=\"aligncenter\"><img loading=\"lazy\" decoding=\"async\" width=\"1914\" height=\"1072\" src=\"https:\/\/lafilledecorinthe.com\/wordpress\/wp-content\/uploads\/2024\/11\/un-voyage.png\" alt=\"un voyage\" class=\"wp-image-13432\" srcset=\"https:\/\/lafilledecorinthe.com\/wordpress\/wp-content\/uploads\/2024\/11\/un-voyage.png 1914w, https:\/\/lafilledecorinthe.com\/wordpress\/wp-content\/uploads\/2024\/11\/un-voyage-680x381.png 680w, https:\/\/lafilledecorinthe.com\/wordpress\/wp-content\/uploads\/2024\/11\/un-voyage-1280x717.png 1280w, https:\/\/lafilledecorinthe.com\/wordpress\/wp-content\/uploads\/2024\/11\/un-voyage-500x280.png 500w\" sizes=\"auto, (max-width: 1914px) 100vw, 1914px\" \/><\/figure>\n<\/div>\n\n\n<p>Le court-m\u00e9trage <a href=\"https:\/\/www.france.tv\/enfants\/trois-cinq-ans\/1271701-coeur-fondant.html\" target=\"_blank\" rel=\"noopener\"><em>Coeur Fondant <\/em><\/a>de Beno\u00eet Chieux a inspir\u00e9 l&rsquo;id\u00e9e d&rsquo;une s\u00e9rie t\u00e9l\u00e9vis\u00e9e&nbsp;r\u00e9alis\u00e9e par&nbsp;Christophe Gautry. Le stop-motion du court m\u00e9trage initial laisse la place \u00e0 l&rsquo;animation 2D.<\/p>\n\n\n<div class=\"wp-block-image\">\n<figure class=\"aligncenter\"><a href=\"https:\/\/lafilledecorinthe.com\/wordpress\/wp-content\/uploads\/2024\/11\/Les-mondes-dAnnie.png\"><img loading=\"lazy\" decoding=\"async\" width=\"1866\" height=\"842\" src=\"https:\/\/lafilledecorinthe.com\/wordpress\/wp-content\/uploads\/2024\/11\/Les-mondes-dAnnie.png\" alt=\"Les mondes d'Annie\" class=\"wp-image-13435\" srcset=\"https:\/\/lafilledecorinthe.com\/wordpress\/wp-content\/uploads\/2024\/11\/Les-mondes-dAnnie.png 1866w, https:\/\/lafilledecorinthe.com\/wordpress\/wp-content\/uploads\/2024\/11\/Les-mondes-dAnnie-680x307.png 680w, https:\/\/lafilledecorinthe.com\/wordpress\/wp-content\/uploads\/2024\/11\/Les-mondes-dAnnie-1280x578.png 1280w, https:\/\/lafilledecorinthe.com\/wordpress\/wp-content\/uploads\/2024\/11\/Les-mondes-dAnnie-500x226.png 500w\" sizes=\"auto, (max-width: 1866px) 100vw, 1866px\" \/><\/a><\/figure>\n<\/div>\n\n\n<p><\/p>\n\n\n\n<p><strong>Documents \u00e0 t\u00e9l\u00e9charger :&nbsp;<\/strong><a href=\"https:\/\/lafilledecorinthe.com\/wordpress\/wp-content\/uploads\/2024\/11\/Bibliosito-%22Au-hasard-des-rencontres%22-.pdf\">Biblio-sito \u00ab\u00a0Au hasard des rencontres<\/a>\u00ab\u00a0,&nbsp;<a href=\"https:\/\/lafilledecorinthe.com\/wordpress\/wp-content\/uploads\/2024\/11\/Me\u0301tamorphoses-.pdf\">Me\u0301tamorphoses<\/a>,&nbsp; &nbsp; &nbsp; &nbsp; &nbsp;<a href=\"https:\/\/lafilledecorinthe.com\/wordpress\/wp-content\/uploads\/2024\/11\/Graphisme-.pdf\">Graphisme<\/a>,&nbsp;<a href=\"https:\/\/lafilledecorinthe.com\/wordpress\/wp-content\/uploads\/2024\/11\/Ombre-lumineuse-.pdf\">Ombre lumineuse<\/a>,&nbsp;<a href=\"https:\/\/lafilledecorinthe.com\/wordpress\/wp-content\/uploads\/2024\/11\/Nuit-et-jour-.pdf\">Nuit et jour<\/a>,&nbsp;<a href=\"https:\/\/lafilledecorinthe.com\/wordpress\/wp-content\/uploads\/2024\/11\/Bestiaire-.pdf\">Bestiaire<\/a>,&nbsp;<a href=\"https:\/\/lafilledecorinthe.com\/wordpress\/wp-content\/uploads\/2024\/11\/La-taille-des-personnages-.pdf\">La taille des personnages<\/a>,&nbsp;<a href=\"https:\/\/lafilledecorinthe.com\/wordpress\/wp-content\/uploads\/2024\/11\/Quelle-dro\u0302le-d\u2019architecture-.pdf\">Quelle dro\u0302le d\u2019architecture !<\/a>,&nbsp;<a href=\"https:\/\/lafilledecorinthe.com\/wordpress\/wp-content\/uploads\/2024\/11\/Les-personnages-.pdf\">Les personnages<\/a>,&nbsp;<a href=\"https:\/\/lafilledecorinthe.com\/wordpress\/wp-content\/uploads\/2024\/11\/Des-personnages-\u00ab-pe\u0302le-me\u0302le-\u00bb-.pdf\">Des personnages \u00ab&nbsp;pe\u0302le-me\u0302le&nbsp;\u00bb<\/a>,<a title=\"\u00ab&nbsp;Ma premi\u00e8re s\u00e9ance&nbsp;\u00bb 2018-2019\" href=\"https:\/\/lafilledecorinthe.com\/wordpress\/2018\/10\/ma-premiere-seance-2018-2019\/\">&nbsp;ici<\/a>&nbsp;et&nbsp;<a title=\"\u00ab&nbsp;Maternelle au Cin\u00e9ma&nbsp;\u00bb 92 -2022-2023\" href=\"https:\/\/lafilledecorinthe.com\/wordpress\/2022\/10\/maternelle-au-cinema-92-2022-2023\/\">l\u00e0<\/a>.<\/p>\n\n\n<div class=\"wp-block-image\">\n<figure class=\"aligncenter\"><img loading=\"lazy\" decoding=\"async\" width=\"1922\" height=\"1076\" src=\"https:\/\/lafilledecorinthe.com\/wordpress\/wp-content\/uploads\/2024\/11\/Hasard.png\" alt=\"Hasard\" class=\"wp-image-13448\" srcset=\"https:\/\/lafilledecorinthe.com\/wordpress\/wp-content\/uploads\/2024\/11\/Hasard.png 1922w, https:\/\/lafilledecorinthe.com\/wordpress\/wp-content\/uploads\/2024\/11\/Hasard-680x381.png 680w, https:\/\/lafilledecorinthe.com\/wordpress\/wp-content\/uploads\/2024\/11\/Hasard-1280x717.png 1280w, https:\/\/lafilledecorinthe.com\/wordpress\/wp-content\/uploads\/2024\/11\/Hasard-500x280.png 500w\" sizes=\"auto, (max-width: 1922px) 100vw, 1922px\" \/><\/figure>\n<\/div>\n\n\n<p>N&rsquo;y aurait-il pas un petit air de connivence entre&nbsp;<em>Claquettes <\/em>de Quita Felix et <em>Mon Oncle<\/em> de Jacques Tati ?<\/p>\n\n\n<div class=\"wp-block-image\">\n<figure class=\"aligncenter\"><img loading=\"lazy\" decoding=\"async\" width=\"1910\" height=\"630\" src=\"https:\/\/lafilledecorinthe.com\/wordpress\/wp-content\/uploads\/2024\/11\/fac\u0327ade.png\" alt=\"fac\u0327ade\" class=\"wp-image-13451\" srcset=\"https:\/\/lafilledecorinthe.com\/wordpress\/wp-content\/uploads\/2024\/11\/fac\u0327ade.png 1910w, https:\/\/lafilledecorinthe.com\/wordpress\/wp-content\/uploads\/2024\/11\/fac\u0327ade-680x224.png 680w, https:\/\/lafilledecorinthe.com\/wordpress\/wp-content\/uploads\/2024\/11\/fac\u0327ade-1280x422.png 1280w, https:\/\/lafilledecorinthe.com\/wordpress\/wp-content\/uploads\/2024\/11\/fac\u0327ade-500x165.png 500w\" sizes=\"auto, (max-width: 1910px) 100vw, 1910px\" \/><\/figure>\n<\/div>\n\n\n<p><\/p>\n\n\n\n<p>Un tr\u00e8s bel album par une passionn\u00e9e des r\u00e9gions polaires vient de sortir !<\/p>\n\n\n<div class=\"wp-block-image\">\n<figure class=\"aligncenter\"><a href=\"https:\/\/lafilledecorinthe.com\/wordpress\/wp-content\/uploads\/2024\/11\/Rana.png\"><img loading=\"lazy\" decoding=\"async\" width=\"1994\" height=\"802\" src=\"https:\/\/lafilledecorinthe.com\/wordpress\/wp-content\/uploads\/2024\/11\/Rana.png\" alt=\"Rana\" class=\"wp-image-13461\" srcset=\"https:\/\/lafilledecorinthe.com\/wordpress\/wp-content\/uploads\/2024\/11\/Rana.png 1994w, https:\/\/lafilledecorinthe.com\/wordpress\/wp-content\/uploads\/2024\/11\/Rana-680x274.png 680w, https:\/\/lafilledecorinthe.com\/wordpress\/wp-content\/uploads\/2024\/11\/Rana-1280x515.png 1280w, https:\/\/lafilledecorinthe.com\/wordpress\/wp-content\/uploads\/2024\/11\/Rana-500x201.png 500w\" sizes=\"auto, (max-width: 1994px) 100vw, 1994px\" \/><\/a><figcaption class=\"wp-element-caption\"><a href=\"https:\/\/www.ruedumonde.fr\/livres\/rana\" target=\"_blank\" rel=\"noopener\">Rana ou la l\u00e9gende des aurores bor\u00e9ales<\/a>, <a href=\"https:\/\/marieketenberge.nl\/\" target=\"_blank\" rel=\"noopener\">Marieke ten Berge<\/a>, Rue du Monde, 4\/10\/24<\/figcaption><\/figure>\n<\/div>","protected":false},"excerpt":{"rendered":"<p>Projection-conf\u00e9rence :Cin\u00e9ma\u00a0Le M\u00e9li\u00e8s\u00a0\u00e0 MontreuilAvec la complicit\u00e9 de\u00a0Cin\u00e9mas 93Mercredi\u00a06 novembre 2024 Documents \u00e0 t\u00e9l\u00e9charger :&nbsp;Biblio:sito Un voyage en bonne compagnie,&nbsp;Le de\u0301roulement du re\u0301cit,&nbsp;L\u2019e\u0301chelle des plans d\u2019Anna, ici,&nbsp;l\u00e0,&nbsp;l\u00e0&nbsp;et encore l\u00e0 ! Le court-m\u00e9trage Coeur Fondant de Beno\u00eet Chieux a inspir\u00e9 l&rsquo;id\u00e9e d&rsquo;une s\u00e9rie t\u00e9l\u00e9vis\u00e9e&nbsp;r\u00e9alis\u00e9e par&nbsp;Christophe Gautry. Le stop-motion du court m\u00e9trage initial laisse la place \u00e0 l&rsquo;animation&#8230;<\/p>\n","protected":false},"author":2,"featured_media":13427,"comment_status":"open","ping_status":"open","sticky":false,"template":"","format":"standard","meta":{"_kad_post_transparent":"","_kad_post_title":"","_kad_post_layout":"","_kad_post_sidebar_id":"","_kad_post_content_style":"","_kad_post_vertical_padding":"","_kad_post_feature":"","_kad_post_feature_position":"","_kad_post_header":false,"_kad_post_footer":false,"_kad_post_classname":"","footnotes":""},"categories":[8],"tags":[2432,2439,2435,2436,2434,2433,600,2437,2438],"class_list":["post-13424","post","type-post","status-publish","format-standard","has-post-thumbnail","hentry","category-formations-adultes","tag-2024-2025","tag-aux-hazards-des-rencontres","tag-benoit-chieux","tag-claquettes","tag-coeur-fondant","tag-le-melies-a-montreuil","tag-ma-premiere-seance","tag-quita-felix","tag-un-voyage-en-bonne-compagnie"],"_links":{"self":[{"href":"https:\/\/lafilledecorinthe.com\/wordpress\/wp-json\/wp\/v2\/posts\/13424","targetHints":{"allow":["GET"]}}],"collection":[{"href":"https:\/\/lafilledecorinthe.com\/wordpress\/wp-json\/wp\/v2\/posts"}],"about":[{"href":"https:\/\/lafilledecorinthe.com\/wordpress\/wp-json\/wp\/v2\/types\/post"}],"author":[{"embeddable":true,"href":"https:\/\/lafilledecorinthe.com\/wordpress\/wp-json\/wp\/v2\/users\/2"}],"replies":[{"embeddable":true,"href":"https:\/\/lafilledecorinthe.com\/wordpress\/wp-json\/wp\/v2\/comments?post=13424"}],"version-history":[{"count":21,"href":"https:\/\/lafilledecorinthe.com\/wordpress\/wp-json\/wp\/v2\/posts\/13424\/revisions"}],"predecessor-version":[{"id":14328,"href":"https:\/\/lafilledecorinthe.com\/wordpress\/wp-json\/wp\/v2\/posts\/13424\/revisions\/14328"}],"wp:featuredmedia":[{"embeddable":true,"href":"https:\/\/lafilledecorinthe.com\/wordpress\/wp-json\/wp\/v2\/media\/13427"}],"wp:attachment":[{"href":"https:\/\/lafilledecorinthe.com\/wordpress\/wp-json\/wp\/v2\/media?parent=13424"}],"wp:term":[{"taxonomy":"category","embeddable":true,"href":"https:\/\/lafilledecorinthe.com\/wordpress\/wp-json\/wp\/v2\/categories?post=13424"},{"taxonomy":"post_tag","embeddable":true,"href":"https:\/\/lafilledecorinthe.com\/wordpress\/wp-json\/wp\/v2\/tags?post=13424"}],"curies":[{"name":"wp","href":"https:\/\/api.w.org\/{rel}","templated":true}]}}