{"id":13411,"date":"2025-06-25T14:55:46","date_gmt":"2025-06-25T13:55:46","guid":{"rendered":"http:\/\/lafilledecorinthe.com\/wordpress\/?p=13411"},"modified":"2025-11-29T15:27:07","modified_gmt":"2025-11-29T14:27:07","slug":"un-peu-de-lumiere-avec-la-petite-ecole-de-cinema-76","status":"publish","type":"post","link":"https:\/\/lafilledecorinthe.com\/wordpress\/2025\/06\/un-peu-de-lumiere-avec-la-petite-ecole-de-cinema-76\/","title":{"rendered":"\u00ab\u00a0Un peu de lumi\u00e8re ! \u00a0\u00bb avec la Petite \u00c9cole de Cin\u00e9ma (76)"},"content":{"rendered":"\n<blockquote class=\"wp-block-quote is-layout-flow wp-block-quote-is-layout-flow\">\n<p class=\"p1\"><em>\u00ab\u00a0Le Cin\u00e9ma<\/em>, vestibule d\u2019ombre que le public traverse et qu\u2019il regarde distraitement, deviendrait alors et peu \u00e0 peu&nbsp;<em>le cin\u00e9matographe<\/em>, c\u2019est-\u00e0-dire l\u2019\u00e9criture moderne, l\u2019encre de lumi\u00e8re, \u00e9criture dont le style d\u00e9passe la parole et dont la syntaxe est visuelle.\u00a0\u00bb<br>Jean Cocteau, <em>Cin\u00e9ma et cin\u00e9matographe<\/em>,&nbsp;<em>Paris-presse-l\u2019intransigeant<\/em>, 2&nbsp;septembre 1949<\/p>\n<\/blockquote>\n\n\n\n<p><strong><em>Un peu de lumi\u00e8re !<\/em><\/strong><br>S\u00e9ance introductive au dispositif <a href=\"https:\/\/www.havredecine.fr\/petite-%C3%A9cole-de-cin%C3%A9ma\" target=\"_blank\" rel=\"noopener\"><em>La Petite \u00c9cole de Cin\u00e9ma<\/em><\/a><br>Treize&nbsp;classes de la communaut\u00e9 Seine M\u00e9tropole<br>Du&nbsp;jeudi 17 octobre au vendredi 8 novembre 2024<\/p>\n\n\n\n<p>Cette th\u00e9matique tr\u00e8s ouverte dans son interpr\u00e9tation est une merveilleuse occasion de r\u00e9fl\u00e9chir avec les \u00e9l\u00e8ves sur la mati\u00e8re premi\u00e8re du cin\u00e9ma. En effet la lumi\u00e8re est&nbsp;indispensable pour cr\u00e9er une image photographique et&nbsp;il en faut aussi pour qu\u2019elle&nbsp;puisse \u00eatre projet\u00e9e.&nbsp;Il \u00e9tait int\u00e9ressant de recueillir les repr\u00e9sentations des enfants sur la signification du mot cin\u00e9ma d\u00e8s le lancement du projet. Voici un petit floril\u00e8ge de leurs r\u00e9ponses.&nbsp;<em>&nbsp; <\/em><\/p>\n\n\n\n<p><em>&nbsp; &nbsp;Un lieu un peu impressionnant &#8211; Un lieu de plaisir et de tristesse &#8211; Une grande t\u00e9l\u00e9 dans une salle &#8211; Un endroit avec des t\u00e9l\u00e9s partout &#8211; Une projection sur grand \u00e9cran &#8211; Des images qui d\u00e9filent sur un grand \u00e9cran &#8211; On a l&rsquo;impression d&rsquo;\u00eatre dans le film &#8211; On peut voir un appareil quand on se retourne &#8211; Des popcorn &#8211; Des si\u00e8ges rouges &#8211; Des si\u00e8ges doubles &#8211; Un rideau &#8211; De la lumi\u00e8re &#8211;&nbsp;Des ombres &#8211; Des personnes qui ont des m\u00e9tiers : r\u00e9alisateur, acteur, metteur en sc\u00e8ne &#8211; Des effets sp\u00e9ciaux &#8211; Des choses pas forc\u00e9ment vraies &#8211; Des dessins anim\u00e9s &#8211; On entend de la musique &#8211; Une histoire &#8211; \u00c7a sert \u00e0 s&rsquo;amuser &#8211; \u00c0 voir des films professionnels &#8211; \u00c0 regarder&nbsp;des films que tu ne peux pas voir chez toi &#8211; \u00c0 apprendre des choses &#8211; \u00c0 avoir plus d&rsquo;imagination &#8211;&nbsp;Des films qui viennent de sortir &#8211; Des films en 3D &#8211; Des si\u00e8ges qui bougent &#8211; Beaucoup de temps de travail &#8211; Un truc qui peut nous occuper pendant deux heures &#8211; Du divertissement &#8211; Pour faire passer des messages&#8230;&nbsp; &nbsp; <\/em><\/p>\n\n\n\n<p><em>&nbsp;<\/em>Pour mieux comprendre<em>&nbsp;<\/em>le r\u00f4le<em>&nbsp;<\/em>de la lumi\u00e8re dans la captation et la projection d&rsquo;images,&nbsp;les&nbsp; premiers objets optiques&nbsp;sont des outils pr\u00e9cieux.<br>Une vraie d\u00e9couverte pour les enfants &#8230;<\/p>\n\n\n<div class=\"wp-block-image\">\n<figure class=\"aligncenter\"><a href=\"https:\/\/lafilledecorinthe.com\/wordpress\/wp-content\/uploads\/2025\/06\/1.png\"><img loading=\"lazy\" decoding=\"async\" width=\"1284\" height=\"554\" src=\"https:\/\/lafilledecorinthe.com\/wordpress\/wp-content\/uploads\/2025\/06\/1.png\" alt=\"1\" class=\"wp-image-13844\" srcset=\"https:\/\/lafilledecorinthe.com\/wordpress\/wp-content\/uploads\/2025\/06\/1.png 1284w, https:\/\/lafilledecorinthe.com\/wordpress\/wp-content\/uploads\/2025\/06\/1-680x293.png 680w, https:\/\/lafilledecorinthe.com\/wordpress\/wp-content\/uploads\/2025\/06\/1-1280x552.png 1280w, https:\/\/lafilledecorinthe.com\/wordpress\/wp-content\/uploads\/2025\/06\/1-500x216.png 500w\" sizes=\"auto, (max-width: 1284px) 100vw, 1284px\" \/><\/a><figcaption class=\"wp-element-caption\">&#8230; de la chambre noire<\/figcaption><\/figure>\n<\/div>\n\n<div class=\"wp-block-image\">\n<figure class=\"aligncenter\"><a href=\"https:\/\/lafilledecorinthe.com\/wordpress\/wp-content\/uploads\/2025\/06\/2.png\"><img loading=\"lazy\" decoding=\"async\" width=\"1394\" height=\"550\" src=\"https:\/\/lafilledecorinthe.com\/wordpress\/wp-content\/uploads\/2025\/06\/2.png\" alt=\"2\" class=\"wp-image-13845\" srcset=\"https:\/\/lafilledecorinthe.com\/wordpress\/wp-content\/uploads\/2025\/06\/2.png 1394w, https:\/\/lafilledecorinthe.com\/wordpress\/wp-content\/uploads\/2025\/06\/2-680x268.png 680w, https:\/\/lafilledecorinthe.com\/wordpress\/wp-content\/uploads\/2025\/06\/2-1280x505.png 1280w, https:\/\/lafilledecorinthe.com\/wordpress\/wp-content\/uploads\/2025\/06\/2-500x197.png 500w\" sizes=\"auto, (max-width: 1394px) 100vw, 1394px\" \/><\/a><figcaption class=\"wp-element-caption\">&#8230; de la chambre noire<\/figcaption><\/figure>\n<\/div>\n\n<div class=\"wp-block-image\">\n<figure class=\"aligncenter\"><a href=\"https:\/\/lafilledecorinthe.com\/wordpress\/wp-content\/uploads\/2025\/06\/3.png\"><img loading=\"lazy\" decoding=\"async\" width=\"1242\" height=\"550\" src=\"https:\/\/lafilledecorinthe.com\/wordpress\/wp-content\/uploads\/2025\/06\/3.png\" alt=\"3\" class=\"wp-image-13850\" srcset=\"https:\/\/lafilledecorinthe.com\/wordpress\/wp-content\/uploads\/2025\/06\/3.png 1242w, https:\/\/lafilledecorinthe.com\/wordpress\/wp-content\/uploads\/2025\/06\/3-680x301.png 680w, https:\/\/lafilledecorinthe.com\/wordpress\/wp-content\/uploads\/2025\/06\/3-500x221.png 500w\" sizes=\"auto, (max-width: 1242px) 100vw, 1242px\" \/><\/a><figcaption class=\"wp-element-caption\">&#8230; des plaques photographiques de la famille Lumi\u00e8re<\/figcaption><\/figure>\n<\/div>\n\n<div class=\"wp-block-image\">\n<figure class=\"aligncenter\"><a href=\"https:\/\/lafilledecorinthe.com\/wordpress\/wp-content\/uploads\/2025\/06\/4.png\"><img loading=\"lazy\" decoding=\"async\" width=\"1542\" height=\"546\" src=\"https:\/\/lafilledecorinthe.com\/wordpress\/wp-content\/uploads\/2025\/06\/4.png\" alt=\"4\" class=\"wp-image-13851\" srcset=\"https:\/\/lafilledecorinthe.com\/wordpress\/wp-content\/uploads\/2025\/06\/4.png 1542w, https:\/\/lafilledecorinthe.com\/wordpress\/wp-content\/uploads\/2025\/06\/4-680x241.png 680w, https:\/\/lafilledecorinthe.com\/wordpress\/wp-content\/uploads\/2025\/06\/4-1280x453.png 1280w, https:\/\/lafilledecorinthe.com\/wordpress\/wp-content\/uploads\/2025\/06\/4-500x177.png 500w\" sizes=\"auto, (max-width: 1542px) 100vw, 1542px\" \/><\/a><figcaption class=\"wp-element-caption\">&#8230; des plaques photographiques de la famille Lumi\u00e8re<\/figcaption><\/figure>\n<\/div>\n\n<div class=\"wp-block-image\">\n<figure class=\"aligncenter\"><a href=\"https:\/\/lafilledecorinthe.com\/wordpress\/wp-content\/uploads\/2025\/06\/5.png\"><img loading=\"lazy\" decoding=\"async\" width=\"1474\" height=\"550\" src=\"https:\/\/lafilledecorinthe.com\/wordpress\/wp-content\/uploads\/2025\/06\/5.png\" alt=\"5\" class=\"wp-image-13853\" srcset=\"https:\/\/lafilledecorinthe.com\/wordpress\/wp-content\/uploads\/2025\/06\/5.png 1474w, https:\/\/lafilledecorinthe.com\/wordpress\/wp-content\/uploads\/2025\/06\/5-680x254.png 680w, https:\/\/lafilledecorinthe.com\/wordpress\/wp-content\/uploads\/2025\/06\/5-1280x478.png 1280w, https:\/\/lafilledecorinthe.com\/wordpress\/wp-content\/uploads\/2025\/06\/5-500x187.png 500w\" sizes=\"auto, (max-width: 1474px) 100vw, 1474px\" \/><\/a><figcaption class=\"wp-element-caption\">&#8230; de la lanterne magique.<\/figcaption><\/figure>\n<\/div>\n\n<div class=\"wp-block-image\">\n<figure class=\"aligncenter\"><a href=\"https:\/\/lafilledecorinthe.com\/wordpress\/wp-content\/uploads\/2025\/06\/6.png\"><img loading=\"lazy\" decoding=\"async\" width=\"1468\" height=\"550\" src=\"https:\/\/lafilledecorinthe.com\/wordpress\/wp-content\/uploads\/2025\/06\/6.png\" alt=\"6\" class=\"wp-image-13854\" srcset=\"https:\/\/lafilledecorinthe.com\/wordpress\/wp-content\/uploads\/2025\/06\/6.png 1468w, https:\/\/lafilledecorinthe.com\/wordpress\/wp-content\/uploads\/2025\/06\/6-680x255.png 680w, https:\/\/lafilledecorinthe.com\/wordpress\/wp-content\/uploads\/2025\/06\/6-1280x480.png 1280w, https:\/\/lafilledecorinthe.com\/wordpress\/wp-content\/uploads\/2025\/06\/6-500x187.png 500w\" sizes=\"auto, (max-width: 1468px) 100vw, 1468px\" \/><\/a><figcaption class=\"wp-element-caption\">&#8230; de&nbsp; la lanterne magique.<\/figcaption><\/figure>\n<\/div>\n\n<div class=\"wp-block-image\">\n<figure class=\"aligncenter\"><a href=\"https:\/\/lafilledecorinthe.com\/wordpress\/wp-content\/uploads\/2025\/06\/7.png\"><img loading=\"lazy\" decoding=\"async\" width=\"1450\" height=\"550\" src=\"https:\/\/lafilledecorinthe.com\/wordpress\/wp-content\/uploads\/2025\/06\/7.png\" alt=\"7\" class=\"wp-image-13856\" srcset=\"https:\/\/lafilledecorinthe.com\/wordpress\/wp-content\/uploads\/2025\/06\/7.png 1450w, https:\/\/lafilledecorinthe.com\/wordpress\/wp-content\/uploads\/2025\/06\/7-680x258.png 680w, https:\/\/lafilledecorinthe.com\/wordpress\/wp-content\/uploads\/2025\/06\/7-1280x486.png 1280w, https:\/\/lafilledecorinthe.com\/wordpress\/wp-content\/uploads\/2025\/06\/7-500x190.png 500w\" sizes=\"auto, (max-width: 1450px) 100vw, 1450px\" \/><\/a><figcaption class=\"wp-element-caption\">&#8230; du projecteur Path\u00e9 Baby.<\/figcaption><\/figure>\n<\/div>\n\n<div class=\"wp-block-image\">\n<figure class=\"aligncenter\"><a href=\"https:\/\/lafilledecorinthe.com\/wordpress\/wp-content\/uploads\/2025\/06\/8.png\"><img loading=\"lazy\" decoding=\"async\" width=\"1076\" height=\"552\" src=\"https:\/\/lafilledecorinthe.com\/wordpress\/wp-content\/uploads\/2025\/06\/8.png\" alt=\"8\" class=\"wp-image-13855\" srcset=\"https:\/\/lafilledecorinthe.com\/wordpress\/wp-content\/uploads\/2025\/06\/8.png 1076w, https:\/\/lafilledecorinthe.com\/wordpress\/wp-content\/uploads\/2025\/06\/8-680x349.png 680w, https:\/\/lafilledecorinthe.com\/wordpress\/wp-content\/uploads\/2025\/06\/8-500x257.png 500w\" sizes=\"auto, (max-width: 1076px) 100vw, 1076px\" \/><\/a><figcaption class=\"wp-element-caption\">&#8230; du projecteur Path\u00e9 Baby.<\/figcaption><\/figure>\n<\/div>\n\n\n<p>Cette d\u00e9couverte mat\u00e9rielle des objets optiques a \u00e9t\u00e9 compl\u00e9t\u00e9e par&nbsp;la projection d&rsquo;extraits de films dans lesquels ils jouent un r\u00f4le&nbsp;cl\u00e9 dans le sc\u00e9nario.<\/p>\n\n\n<div class=\"wp-block-image\">\n<figure class=\"aligncenter\"><a href=\"https:\/\/lafilledecorinthe.com\/wordpress\/wp-content\/uploads\/2025\/06\/9.png\"><img loading=\"lazy\" decoding=\"async\" width=\"1842\" height=\"846\" src=\"https:\/\/lafilledecorinthe.com\/wordpress\/wp-content\/uploads\/2025\/06\/9.png\" alt=\"9\" class=\"wp-image-13859\" srcset=\"https:\/\/lafilledecorinthe.com\/wordpress\/wp-content\/uploads\/2025\/06\/9.png 1842w, https:\/\/lafilledecorinthe.com\/wordpress\/wp-content\/uploads\/2025\/06\/9-680x312.png 680w, https:\/\/lafilledecorinthe.com\/wordpress\/wp-content\/uploads\/2025\/06\/9-1280x588.png 1280w, https:\/\/lafilledecorinthe.com\/wordpress\/wp-content\/uploads\/2025\/06\/9-500x230.png 500w\" sizes=\"auto, (max-width: 1842px) 100vw, 1842px\" \/><\/a><\/figure>\n<\/div>\n\n\n<p><\/p>\n\n\n\n<p>Pour la classe de CP de B\u00e9nouville l&rsquo;atelier a \u00e9t\u00e9 adapt\u00e9 au jeune \u00e2ge des enfants. L&rsquo;accent a \u00e9t\u00e9 mis sur les&nbsp;sp\u00e9cificit\u00e9s des images projet\u00e9es afin de comprendre pourquoi nous sommes plong\u00e9s dans le noir au cin\u00e9ma&nbsp;\u00e0 l&rsquo;oppos\u00e9 de l&rsquo;usage des \u00e9crans domestiques. Chaque enfant a dessin\u00e9 une plaque qui a ensuite \u00e9t\u00e9 projet\u00e9e&nbsp;gr\u00e2ce \u00e0&nbsp;la lanterne magique. Pour la projection, le soleil brillait un peu trop fort ce jour l\u00e0 sur B\u00e9nouville !<\/p>\n\n\n<div class=\"wp-block-image\">\n<figure class=\"aligncenter\"><a href=\"https:\/\/lafilledecorinthe.com\/wordpress\/wp-content\/uploads\/2025\/06\/10.png\"><img loading=\"lazy\" decoding=\"async\" width=\"1472\" height=\"548\" src=\"https:\/\/lafilledecorinthe.com\/wordpress\/wp-content\/uploads\/2025\/06\/10.png\" alt=\"10\" class=\"wp-image-13861\" srcset=\"https:\/\/lafilledecorinthe.com\/wordpress\/wp-content\/uploads\/2025\/06\/10.png 1472w, https:\/\/lafilledecorinthe.com\/wordpress\/wp-content\/uploads\/2025\/06\/10-680x253.png 680w, https:\/\/lafilledecorinthe.com\/wordpress\/wp-content\/uploads\/2025\/06\/10-1280x477.png 1280w, https:\/\/lafilledecorinthe.com\/wordpress\/wp-content\/uploads\/2025\/06\/10-500x186.png 500w\" sizes=\"auto, (max-width: 1472px) 100vw, 1472px\" \/><\/a><\/figure>\n<\/div>\n\n\n<p><\/p>\n\n\n<div class=\"wp-block-image\">\n<figure class=\"aligncenter\"><a href=\"https:\/\/lafilledecorinthe.com\/wordpress\/wp-content\/uploads\/2025\/06\/11.png\"><img loading=\"lazy\" decoding=\"async\" width=\"1472\" height=\"548\" src=\"https:\/\/lafilledecorinthe.com\/wordpress\/wp-content\/uploads\/2025\/06\/11.png\" alt=\"11\" class=\"wp-image-13860\" srcset=\"https:\/\/lafilledecorinthe.com\/wordpress\/wp-content\/uploads\/2025\/06\/11.png 1472w, https:\/\/lafilledecorinthe.com\/wordpress\/wp-content\/uploads\/2025\/06\/11-680x253.png 680w, https:\/\/lafilledecorinthe.com\/wordpress\/wp-content\/uploads\/2025\/06\/11-1280x477.png 1280w, https:\/\/lafilledecorinthe.com\/wordpress\/wp-content\/uploads\/2025\/06\/11-500x186.png 500w\" sizes=\"auto, (max-width: 1472px) 100vw, 1472px\" \/><\/a><\/figure>\n<\/div>\n\n\n<p><\/p>\n\n\n\n<p>Festival <em><a href=\"https:\/\/www.havredecine.fr\/festival-les-yeux-ouverts\" target=\"_blank\" rel=\"noopener\">Les yeux ouverts<\/a><\/em><br>Six&nbsp;classes de<em>&nbsp;La Petite \u00c9cole de Cin\u00e9ma<\/em><br>Du mardi 10 juin au vendredi 13 juin 2025<\/p>\n\n\n\n<p>Quel plaisir de revenir au Havre quelques mois plus tard ! L&rsquo;ann\u00e9e scolaire touche \u00e0 sa fin, chaque classe a men\u00e9 avec succ\u00e8s son projet avec les r\u00e9alisatrices et les r\u00e9alisateurs&nbsp; associ\u00e9s. Le&nbsp;festival <em>Les Yeux ouverts <\/em>est&nbsp;un bel \u00e9crin pour mettre en valeur l&rsquo;investissement de toute une ann\u00e9e.<\/p>\n\n\n\n<p><iframe loading=\"lazy\" title=\"YouTube video player\" src=\"https:\/\/www.youtube.com\/embed\/5abzRHLA6CI?si=y2UEja-2cObZ1GBO\" width=\"560\" height=\"315\" frameborder=\"0\" allowfullscreen=\"allowfullscreen\"><\/iframe><\/p>\n\n\n\n<p>La premi\u00e8re semaine du festival, deux duos de classe avaient rendez-vous dans la salle du Studio.&nbsp;Apr\u00e8s la projection de leur film, les enfants ont jou\u00e9, \u00e0 tour de r\u00f4le, aux journalistes en posant des questions&nbsp;sur le film de l&rsquo;autre classe. Beaucoup de fiert\u00e9 sur son propre travail et beaucoup d&rsquo;int\u00e9r\u00eat sur celui des autres. Un moment inestimable, riche en \u00e9motions !<\/p>\n\n\n<div class=\"wp-block-image\">\n<figure class=\"aligncenter\"><img loading=\"lazy\" decoding=\"async\" width=\"1570\" height=\"1096\" src=\"https:\/\/lafilledecorinthe.com\/wordpress\/wp-content\/uploads\/2025\/06\/12.png\" alt=\"12\" class=\"wp-image-13874\" srcset=\"https:\/\/lafilledecorinthe.com\/wordpress\/wp-content\/uploads\/2025\/06\/12.png 1570w, https:\/\/lafilledecorinthe.com\/wordpress\/wp-content\/uploads\/2025\/06\/12-680x475.png 680w, https:\/\/lafilledecorinthe.com\/wordpress\/wp-content\/uploads\/2025\/06\/12-1280x894.png 1280w, https:\/\/lafilledecorinthe.com\/wordpress\/wp-content\/uploads\/2025\/06\/12-430x300.png 430w\" sizes=\"auto, (max-width: 1570px) 100vw, 1570px\" \/><\/figure>\n<\/div>\n\n\n<p><\/p>\n\n\n<div class=\"wp-block-image\">\n<figure class=\"aligncenter\"><a href=\"https:\/\/lafilledecorinthe.com\/wordpress\/wp-content\/uploads\/2025\/06\/13.png\"><img loading=\"lazy\" decoding=\"async\" width=\"1472\" height=\"704\" src=\"https:\/\/lafilledecorinthe.com\/wordpress\/wp-content\/uploads\/2025\/06\/13.png\" alt=\"13\" class=\"wp-image-13875\" srcset=\"https:\/\/lafilledecorinthe.com\/wordpress\/wp-content\/uploads\/2025\/06\/13.png 1472w, https:\/\/lafilledecorinthe.com\/wordpress\/wp-content\/uploads\/2025\/06\/13-680x325.png 680w, https:\/\/lafilledecorinthe.com\/wordpress\/wp-content\/uploads\/2025\/06\/13-1280x612.png 1280w, https:\/\/lafilledecorinthe.com\/wordpress\/wp-content\/uploads\/2025\/06\/13-500x239.png 500w\" sizes=\"auto, (max-width: 1472px) 100vw, 1472px\" \/><\/a><\/figure>\n<\/div>\n\n\n<p><\/p>\n\n\n<div class=\"wp-block-image\">\n<figure class=\"aligncenter\"><a href=\"https:\/\/lafilledecorinthe.com\/wordpress\/wp-content\/uploads\/2025\/06\/14.png\"><img loading=\"lazy\" decoding=\"async\" width=\"1472\" height=\"548\" src=\"https:\/\/lafilledecorinthe.com\/wordpress\/wp-content\/uploads\/2025\/06\/14.png\" alt=\"14\" class=\"wp-image-13876\" srcset=\"https:\/\/lafilledecorinthe.com\/wordpress\/wp-content\/uploads\/2025\/06\/14.png 1472w, https:\/\/lafilledecorinthe.com\/wordpress\/wp-content\/uploads\/2025\/06\/14-680x253.png 680w, https:\/\/lafilledecorinthe.com\/wordpress\/wp-content\/uploads\/2025\/06\/14-1280x477.png 1280w, https:\/\/lafilledecorinthe.com\/wordpress\/wp-content\/uploads\/2025\/06\/14-500x186.png 500w\" sizes=\"auto, (max-width: 1472px) 100vw, 1472px\" \/><\/a><\/figure>\n<\/div>\n\n\n<p><\/p>\n\n\n\n<p>\u00ab\u00a0&#8211; Lorsque j&rsquo;ai \u00e9t\u00e9 choisi pour \u00eatre le personnage du film, \u00e7a m&rsquo;a surpris, \u00e7a m&rsquo;a plu. J&rsquo;ai failli pleurer.\u00a0\u00bb Un \u00e9l\u00e8ve de la classe de Tancarville<br>\u00ab\u00a0&#8211; Quand j&rsquo;ai trouv\u00e9 de quoi le film pouvait bien parler. La moiti\u00e9 au moins de la classe a vot\u00e9 pour mon id\u00e9e sur les amis imaginaires.<br>&#8211; Et toi, tu as un ami imaginaire ?<br>&#8211; Oui, j&rsquo;en ai un. Il n&rsquo;est pas venu au studio car il a d\u00e9j\u00e0 vu le film sur ordinateur&#8230; C&rsquo;est un renard.\u00a0\u00bb Echange avec une \u00e9l\u00e8ve de Saint Vigor d&rsquo;Ymonville<\/p>\n\n\n\n<p>Les enfants ont aussi d\u00e9couvert deux courts m\u00e9trages professionnels sur la th\u00e9matique de l&rsquo;ann\u00e9e.<\/p>\n\n\n<div class=\"wp-block-image\">\n<figure class=\"aligncenter\"><a href=\"https:\/\/lafilledecorinthe.com\/wordpress\/wp-content\/uploads\/2025\/06\/15.png\"><img loading=\"lazy\" decoding=\"async\" width=\"1198\" height=\"848\" src=\"https:\/\/lafilledecorinthe.com\/wordpress\/wp-content\/uploads\/2025\/06\/15.png\" alt=\"15\" class=\"wp-image-13877\" srcset=\"https:\/\/lafilledecorinthe.com\/wordpress\/wp-content\/uploads\/2025\/06\/15.png 1198w, https:\/\/lafilledecorinthe.com\/wordpress\/wp-content\/uploads\/2025\/06\/15-680x481.png 680w, https:\/\/lafilledecorinthe.com\/wordpress\/wp-content\/uploads\/2025\/06\/15-424x300.png 424w\" sizes=\"auto, (max-width: 1198px) 100vw, 1198px\" \/><\/a><\/figure>\n<\/div>\n\n\n<p><\/p>\n\n\n\n<p>Le mercredi 11 juin, place aux projections et aux ateliers&nbsp;en famille au cin\u00e9ma <em>Le Studio<\/em> !<\/p>\n\n\n<div class=\"wp-block-image\">\n<figure class=\"aligncenter\"><a href=\"https:\/\/lafilledecorinthe.com\/wordpress\/wp-content\/uploads\/2025\/06\/16.png\"><img loading=\"lazy\" decoding=\"async\" width=\"1280\" height=\"660\" src=\"https:\/\/lafilledecorinthe.com\/wordpress\/wp-content\/uploads\/2025\/06\/16.png\" alt=\"16\" class=\"wp-image-13880\" srcset=\"https:\/\/lafilledecorinthe.com\/wordpress\/wp-content\/uploads\/2025\/06\/16.png 1280w, https:\/\/lafilledecorinthe.com\/wordpress\/wp-content\/uploads\/2025\/06\/16-680x351.png 680w, https:\/\/lafilledecorinthe.com\/wordpress\/wp-content\/uploads\/2025\/06\/16-500x258.png 500w\" sizes=\"auto, (max-width: 1280px) 100vw, 1280px\" \/><\/a><\/figure>\n<\/div>\n\n\n<p><\/p>\n\n\n<div class=\"wp-block-image\">\n<figure class=\"aligncenter\"><a href=\"https:\/\/lafilledecorinthe.com\/wordpress\/wp-content\/uploads\/2025\/06\/17.png\"><img loading=\"lazy\" decoding=\"async\" width=\"1810\" height=\"664\" src=\"https:\/\/lafilledecorinthe.com\/wordpress\/wp-content\/uploads\/2025\/06\/17.png\" alt=\"17\" class=\"wp-image-13881\" srcset=\"https:\/\/lafilledecorinthe.com\/wordpress\/wp-content\/uploads\/2025\/06\/17.png 1810w, https:\/\/lafilledecorinthe.com\/wordpress\/wp-content\/uploads\/2025\/06\/17-680x249.png 680w, https:\/\/lafilledecorinthe.com\/wordpress\/wp-content\/uploads\/2025\/06\/17-1280x470.png 1280w, https:\/\/lafilledecorinthe.com\/wordpress\/wp-content\/uploads\/2025\/06\/17-500x183.png 500w\" sizes=\"auto, (max-width: 1810px) 100vw, 1810px\" \/><\/a><\/figure>\n<\/div>\n\n\n<p><\/p>\n\n\n<div class=\"wp-block-image\">\n<figure class=\"aligncenter\"><img loading=\"lazy\" decoding=\"async\" width=\"1766\" height=\"660\" src=\"https:\/\/lafilledecorinthe.com\/wordpress\/wp-content\/uploads\/2025\/06\/18.png\" alt=\"18\" class=\"wp-image-13882\" srcset=\"https:\/\/lafilledecorinthe.com\/wordpress\/wp-content\/uploads\/2025\/06\/18.png 1766w, https:\/\/lafilledecorinthe.com\/wordpress\/wp-content\/uploads\/2025\/06\/18-680x254.png 680w, https:\/\/lafilledecorinthe.com\/wordpress\/wp-content\/uploads\/2025\/06\/18-1280x478.png 1280w, https:\/\/lafilledecorinthe.com\/wordpress\/wp-content\/uploads\/2025\/06\/18-500x187.png 500w\" sizes=\"auto, (max-width: 1766px) 100vw, 1766px\" \/><\/figure>\n<\/div>\n\n<div class=\"wp-block-image\">\n<figure class=\"aligncenter\"><a href=\"https:\/\/lafilledecorinthe.com\/wordpress\/wp-content\/uploads\/2025\/06\/19.png\"><img loading=\"lazy\" decoding=\"async\" width=\"1632\" height=\"660\" src=\"https:\/\/lafilledecorinthe.com\/wordpress\/wp-content\/uploads\/2025\/06\/19.png\" alt=\"19\" class=\"wp-image-13886\" srcset=\"https:\/\/lafilledecorinthe.com\/wordpress\/wp-content\/uploads\/2025\/06\/19.png 1632w, https:\/\/lafilledecorinthe.com\/wordpress\/wp-content\/uploads\/2025\/06\/19-680x275.png 680w, https:\/\/lafilledecorinthe.com\/wordpress\/wp-content\/uploads\/2025\/06\/19-1280x518.png 1280w, https:\/\/lafilledecorinthe.com\/wordpress\/wp-content\/uploads\/2025\/06\/19-500x202.png 500w\" sizes=\"auto, (max-width: 1632px) 100vw, 1632px\" \/><\/a><\/figure>\n<\/div>\n\n<div class=\"wp-block-image\">\n<figure class=\"aligncenter\"><img loading=\"lazy\" decoding=\"async\" width=\"1632\" height=\"660\" src=\"https:\/\/lafilledecorinthe.com\/wordpress\/wp-content\/uploads\/2025\/06\/20.png\" alt=\"20\" class=\"wp-image-13887\" srcset=\"https:\/\/lafilledecorinthe.com\/wordpress\/wp-content\/uploads\/2025\/06\/20.png 1632w, https:\/\/lafilledecorinthe.com\/wordpress\/wp-content\/uploads\/2025\/06\/20-680x275.png 680w, https:\/\/lafilledecorinthe.com\/wordpress\/wp-content\/uploads\/2025\/06\/20-1280x518.png 1280w, https:\/\/lafilledecorinthe.com\/wordpress\/wp-content\/uploads\/2025\/06\/20-500x202.png 500w\" sizes=\"auto, (max-width: 1632px) 100vw, 1632px\" \/><\/figure>\n<\/div>\n\n\n<p>Les deux classes de l&rsquo;\u00e9cole Saint-L\u00e9onard ont pu \u00e0 leur tour b\u00e9n\u00e9ficier d&rsquo;un atelier sur l&rsquo;histoire du relief au cin\u00e9ma.<\/p>\n","protected":false},"excerpt":{"rendered":"<p>\u00ab\u00a0Le Cin\u00e9ma, vestibule d\u2019ombre que le public traverse et qu\u2019il regarde distraitement, deviendrait alors et peu \u00e0 peu&nbsp;le cin\u00e9matographe, c\u2019est-\u00e0-dire l\u2019\u00e9criture moderne, l\u2019encre de lumi\u00e8re, \u00e9criture dont le style d\u00e9passe la parole et dont la syntaxe est visuelle.\u00a0\u00bbJean Cocteau, Cin\u00e9ma et cin\u00e9matographe,&nbsp;Paris-presse-l\u2019intransigeant, 2&nbsp;septembre 1949 Un peu de lumi\u00e8re !S\u00e9ance introductive au dispositif La Petite \u00c9cole&#8230;<\/p>\n","protected":false},"author":2,"featured_media":13418,"comment_status":"open","ping_status":"open","sticky":false,"template":"","format":"standard","meta":{"_kad_post_transparent":"","_kad_post_title":"","_kad_post_layout":"","_kad_post_sidebar_id":"","_kad_post_content_style":"","_kad_post_vertical_padding":"","_kad_post_feature":"","_kad_post_feature_position":"","_kad_post_header":false,"_kad_post_footer":false,"_kad_post_classname":"","footnotes":""},"categories":[7],"tags":[1676,2488,2163,2208,2487],"class_list":["post-13411","post","type-post","status-publish","format-standard","has-post-thumbnail","hentry","category-ateliers-enfants","tag-havre-de-cinema","tag-la-communaute-seine-metropole","tag-la-petite-ecole-de-cinema","tag-le-studio","tag-un-peu-de-lumiere"],"_links":{"self":[{"href":"https:\/\/lafilledecorinthe.com\/wordpress\/wp-json\/wp\/v2\/posts\/13411","targetHints":{"allow":["GET"]}}],"collection":[{"href":"https:\/\/lafilledecorinthe.com\/wordpress\/wp-json\/wp\/v2\/posts"}],"about":[{"href":"https:\/\/lafilledecorinthe.com\/wordpress\/wp-json\/wp\/v2\/types\/post"}],"author":[{"embeddable":true,"href":"https:\/\/lafilledecorinthe.com\/wordpress\/wp-json\/wp\/v2\/users\/2"}],"replies":[{"embeddable":true,"href":"https:\/\/lafilledecorinthe.com\/wordpress\/wp-json\/wp\/v2\/comments?post=13411"}],"version-history":[{"count":54,"href":"https:\/\/lafilledecorinthe.com\/wordpress\/wp-json\/wp\/v2\/posts\/13411\/revisions"}],"predecessor-version":[{"id":14311,"href":"https:\/\/lafilledecorinthe.com\/wordpress\/wp-json\/wp\/v2\/posts\/13411\/revisions\/14311"}],"wp:featuredmedia":[{"embeddable":true,"href":"https:\/\/lafilledecorinthe.com\/wordpress\/wp-json\/wp\/v2\/media\/13418"}],"wp:attachment":[{"href":"https:\/\/lafilledecorinthe.com\/wordpress\/wp-json\/wp\/v2\/media?parent=13411"}],"wp:term":[{"taxonomy":"category","embeddable":true,"href":"https:\/\/lafilledecorinthe.com\/wordpress\/wp-json\/wp\/v2\/categories?post=13411"},{"taxonomy":"post_tag","embeddable":true,"href":"https:\/\/lafilledecorinthe.com\/wordpress\/wp-json\/wp\/v2\/tags?post=13411"}],"curies":[{"name":"wp","href":"https:\/\/api.w.org\/{rel}","templated":true}]}}